{"id":197699,"date":"2026-02-04T15:18:00","date_gmt":"2026-02-04T18:18:00","guid":{"rendered":"https:\/\/portaltela.pt\/noticias\/2026\/02\/04\/enteado-do-principe-herdeiro-da-noruega-chora-em-tribunal-por-violacao\/"},"modified":"2026-02-04T15:18:00","modified_gmt":"2026-02-04T18:18:00","slug":"enteado-do-principe-herdeiro-da-noruega-chora-em-tribunal-por-violacao","status":"publish","type":"post","link":"https:\/\/portaltela.pt\/noticias\/2026\/02\/04\/enteado-do-principe-herdeiro-da-noruega-chora-em-tribunal-por-violacao\/","title":{"rendered":"Enteado do pr\u00edncipe herdeiro da Noruega chora em tribunal por viola\u00e7\u00e3o"},"content":{"rendered":"<p>Marius Borg H\u00f8iby, enteado do pr\u00edncipe herdeiro da Noruega, est\u00e1 a testemunhar no julgamento por viola\u00e7\u00e3o e viol\u00eancia dom\u00e9stica em Oslo. O jovem de 29 anos negou que os v\u00eddeos no telem\u00f3vel mostrem actos de viola\u00e7\u00e3o, durante o segundo dia de audi\u00eancia.<\/p>\n<p>H\u00f8iby emociona-se v\u00e1rias vezes no tribunal, alegando ter crescido sob os holofotes. A defesa afirma que a imprensa o acompanha desde pequeno e que ele era influenciado por medica\u00e7\u00e3o forte, assegurando que tentar\u00e1 apresentar-se da melhor forma.<\/p>\n<p>O tribunal ouviu que o r\u00e9u afirma ter sido alvo de ass\u00e9dio medi\u00e1tico desde a inf\u00e2ncia. O arguido descreveu-se como algu\u00e9m sujeito a press\u00e3o p\u00fablica constante, e pediu compreens\u00e3o durante o processo.<\/p>\n<p>Entre as acusa\u00e7\u00f5es, est\u00e3o uma viola\u00e7\u00e3o com penetra\u00e7\u00e3o e tr\u00eas viola\u00e7\u00f5es sem penetra\u00e7\u00e3o, alegadamente filmadas pelo pr\u00f3prio telem\u00f3vel. O r\u00e9u sustenta que n\u00e3o partilhou os v\u00eddeos e que n\u00e3o houve consentimento de que mostrassem agress\u00e3o.<\/p>\n<p>Crimes teriam ocorrido numa festa na cave da resid\u00eancia do pr\u00edncipe herdeiro, em 2018, nos arredores de Oslo. Segundo os procuradores, o v\u00eddeo demonstra que houve rela\u00e7\u00e3o com uma mulher inconsciente. A pol\u00edcia mostrou o material \u00e0 justi\u00e7a \u00e0 porta fechada.<\/p>\n<p>O r\u00e9u admitiu rela\u00e7\u00f5es sexuais com a mulher, mas negou que tenha ocorrido outro acto sexual enquanto ela estaria inconsciente, afirmando ter ajudado a pessoa a partir do local. A mulher, cuja identidade n\u00e3o pode ser revelada, informou \u00e0 pol\u00edcia que n\u00e3o consentiu com o acto.<\/p>\n<p>No in\u00edcio do julgamento, o Minist\u00e9rio P\u00fablico manteve que as provas sustentam as acusa\u00e7\u00f5es mais graves. H\u00f8iby declarou ainda que n\u00e3o participou em quaisquer actos com consentimento nulo ou perigoso. O caso j\u00e1 gerou grande reverbera\u00e7\u00e3o na sociedade norueguesa.<\/p>\n<p>A pena prevista para crimes graves pode atingir v\u00e1rios anos de pris\u00e3o, dependendo da avalia\u00e7\u00e3o judicial. O julgamento decorre at\u00e9 19 de Mar\u00e7o, numa altura em que a fam\u00edlia tem enfrentado escrut\u00ednio p\u00fablico e pol\u00e9micas associadas a liga\u00e7\u00f5es da princesa Mette-Marit a outras figuras controversas.<\/p>\n<h3>Contexto familiar e impactos<\/h3>\n<p>O processo coincide com o escrut\u00ednio p\u00fablico sobre a princesa Mette-Marit, relacionado com mensagens trocadas entre ela e Jeffrey Epstein. O casal n\u00e3o tem presen\u00e7a marcada no tribunal nas pr\u00f3ximas semanas, enquanto a popularidade da fam\u00edlia real continua a sofrer abalos.<\/p>\n","protected":false},"excerpt":{"rendered":"<ul>\n<li>Marius Borg H\u00f8iby, enteado do pr\u00edncipe herdeiro da Noruega, testemunha no julgamento por viola\u00e7\u00e3o e viol\u00eancia dom\u00e9stica em Oslo, emocionando-se durante o depoimento.<\/li>\n<li>O jovem, de 29 anos, enfrenta trinta e oito acusa\u00e7\u00f5es, incluindo viola\u00e7\u00e3o com penetra\u00e7\u00e3o e viola\u00e7\u00e3o sem penetra\u00e7\u00e3o filmadas com o telem\u00f3vel; nega que os v\u00eddeos mostrem atos sem consentimento.<\/li>\n<li>O caso concentra-se numa festa de 2018 na cave da resid\u00eancia do pr\u00edncipe, onde a pol\u00edcia diz que ele filmou um ato sexual com uma mulher inconsciente; o r\u00e9u sustenta que a rela\u00e7\u00e3o foi consentida e que pediu \u00e0 mulher para se ir embora.<\/li>\n<li>A suposta v\u00edtima afirma n\u00e3o ter consentido e que n\u00e3o estava em condi\u00e7\u00f5es de consentir; os procuradores argumentam que n\u00e3o estava em condi\u00e7\u00f5es de consentir.<\/li>\n<li>O julgamento deve prolongar-se at\u00e9 19 de mar\u00e7o; a fam\u00edlia real enfrenta impactos na reputa\u00e7\u00e3o, com a princesa Mette-Marit sob escrut\u00ednio por liga\u00e7\u00f5es com Jeffrey Epstein, e n\u00e3o planeiam aparecer no tribunal nas pr\u00f3ximas semanas.<\/li>\n<\/ul>\n","protected":false},"author":2,"featured_media":197702,"comment_status":"closed","ping_status":"closed","sticky":false,"template":"","format":"standard","meta":{"footnotes":""},"categories":[1],"tags":[2125,52,1825,1103,214],"class_list":["post-197699","post","type-post","status-publish","format-standard","has-post-thumbnail","hentry","category-noticias","tag-noruega","tag-tribunal","tag-violacao","tag-violacao-de-menor-dependente-ou-em-situacao-vulneravel","tag-violencia-domestica"],"yoast_head":"<!-- This site is optimized with the Yoast SEO plugin v27.2 - https:\/\/yoast.com\/product\/yoast-seo-wordpress\/ -->\n<title>Enteado do pr\u00edncipe herdeiro da Noruega chora em tribunal por viola\u00e7\u00e3o - Portal Tela Portugal<\/title>\n<meta name=\"robots\" content=\"index, follow, max-snippet:-1, max-image-preview:large, max-video-preview:-1\" \/>\n<meta property=\"og:locale\" content=\"pt_PT\" \/>\n<meta property=\"og:type\" content=\"article\" \/>\n<meta property=\"og:title\" content=\"Enteado do pr\u00edncipe herdeiro da Noruega chora em tribunal por viola\u00e7\u00e3o - Portal Tela Portugal\" \/>\n<meta property=\"og:description\" content=\"Marius Borg H\u00f8iby, enteado do pr\u00edncipe herdeiro da Noruega, testemunha no julgamento por viola\u00e7\u00e3o e viol\u00eancia dom\u00e9stica em Oslo, emocionando-se durante o depoimento. O jovem, de 29 anos, enfrenta trinta e oito acusa\u00e7\u00f5es, incluindo viola\u00e7\u00e3o com penetra\u00e7\u00e3o e viola\u00e7\u00e3o sem penetra\u00e7\u00e3o filmadas com o telem\u00f3vel; nega que os v\u00eddeos mostrem atos sem consentimento. O caso concentra-se numa festa de 2018 na cave da resid\u00eancia do pr\u00edncipe, onde a pol\u00edcia diz que ele filmou um ato sexual com uma mulher inconsciente; o r\u00e9u sustenta que a rela\u00e7\u00e3o foi consentida e que pediu \u00e0 mulher para se ir embora. A suposta v\u00edtima afirma n\u00e3o ter consentido e que n\u00e3o estava em condi\u00e7\u00f5es de consentir; os procuradores argumentam que n\u00e3o estava em condi\u00e7\u00f5es de consentir. O julgamento deve prolongar-se at\u00e9 19 de mar\u00e7o; a fam\u00edlia real enfrenta impactos na reputa\u00e7\u00e3o, com a princesa Mette-Marit sob escrut\u00ednio por liga\u00e7\u00f5es com Jeffrey Epstein, e n\u00e3o planeiam aparecer no tribunal nas pr\u00f3ximas semanas.\" \/>\n<meta property=\"og:url\" content=\"https:\/\/portaltela.pt\/noticias\/2026\/02\/04\/enteado-do-principe-herdeiro-da-noruega-chora-em-tribunal-por-violacao\/\" \/>\n<meta property=\"og:site_name\" content=\"Portal Tela Portugal\" \/>\n<meta property=\"article:published_time\" content=\"2026-02-04T18:18:00+00:00\" \/>\n<meta name=\"author\" content=\"Telinha\" \/>\n<meta name=\"twitter:card\" content=\"summary_large_image\" \/>\n<meta name=\"twitter:label1\" content=\"Escrito por\" \/>\n\t<meta name=\"twitter:data1\" content=\"Telinha\" \/>\n\t<meta name=\"twitter:label2\" content=\"Tempo estimado de leitura\" \/>\n\t<meta name=\"twitter:data2\" content=\"2 minutos\" \/>\n<script type=\"application\/ld+json\" class=\"yoast-schema-graph\">{\"@context\":\"https:\/\/schema.org\",\"@graph\":[{\"@type\":\"Article\",\"@id\":\"https:\/\/portaltela.pt\/noticias\/2026\/02\/04\/enteado-do-principe-herdeiro-da-noruega-chora-em-tribunal-por-violacao\/#article\",\"isPartOf\":{\"@id\":\"https:\/\/portaltela.pt\/noticias\/2026\/02\/04\/enteado-do-principe-herdeiro-da-noruega-chora-em-tribunal-por-violacao\/\"},\"author\":{\"name\":\"Telinha\",\"@id\":\"https:\/\/portaltela.pt\/#\/schema\/person\/c4278d4a6028830caff9ee44b42d32ed\"},\"headline\":\"Enteado do pr\u00edncipe herdeiro da Noruega chora em tribunal por viola\u00e7\u00e3o\",\"datePublished\":\"2026-02-04T18:18:00+00:00\",\"mainEntityOfPage\":{\"@id\":\"https:\/\/portaltela.pt\/noticias\/2026\/02\/04\/enteado-do-principe-herdeiro-da-noruega-chora-em-tribunal-por-violacao\/\"},\"wordCount\":436,\"image\":{\"@id\":\"https:\/\/portaltela.pt\/noticias\/2026\/02\/04\/enteado-do-principe-herdeiro-da-noruega-chora-em-tribunal-por-violacao\/#primaryimage\"},\"thumbnailUrl\":\"https:\/\/portaltela.pt\/s.01k8rhncp4jt1\/2026\/02\/2064528.jpg\",\"keywords\":[\"Noruega\",\"tribunal\",\"viola\u00e7\u00e3o\",\"viola\u00e7\u00e3o de menor dependente ou em situa\u00e7\u00e3o vulner\u00e1vel\",\"viol\u00eancia dom\u00e9stica\"],\"articleSection\":[\"Not\u00edcias\"],\"inLanguage\":\"pt-PT\"},{\"@type\":\"WebPage\",\"@id\":\"https:\/\/portaltela.pt\/noticias\/2026\/02\/04\/enteado-do-principe-herdeiro-da-noruega-chora-em-tribunal-por-violacao\/\",\"url\":\"https:\/\/portaltela.pt\/noticias\/2026\/02\/04\/enteado-do-principe-herdeiro-da-noruega-chora-em-tribunal-por-violacao\/\",\"name\":\"Enteado do pr\u00edncipe herdeiro da Noruega chora em tribunal por viola\u00e7\u00e3o - Portal Tela Portugal\",\"isPartOf\":{\"@id\":\"https:\/\/portaltela.pt\/#website\"},\"primaryImageOfPage\":{\"@id\":\"https:\/\/portaltela.pt\/noticias\/2026\/02\/04\/enteado-do-principe-herdeiro-da-noruega-chora-em-tribunal-por-violacao\/#primaryimage\"},\"image\":{\"@id\":\"https:\/\/portaltela.pt\/noticias\/2026\/02\/04\/enteado-do-principe-herdeiro-da-noruega-chora-em-tribunal-por-violacao\/#primaryimage\"},\"thumbnailUrl\":\"https:\/\/portaltela.pt\/s.01k8rhncp4jt1\/2026\/02\/2064528.jpg\",\"datePublished\":\"2026-02-04T18:18:00+00:00\",\"author\":{\"@id\":\"https:\/\/portaltela.pt\/#\/schema\/person\/c4278d4a6028830caff9ee44b42d32ed\"},\"breadcrumb\":{\"@id\":\"https:\/\/portaltela.pt\/noticias\/2026\/02\/04\/enteado-do-principe-herdeiro-da-noruega-chora-em-tribunal-por-violacao\/#breadcrumb\"},\"inLanguage\":\"pt-PT\",\"potentialAction\":[{\"@type\":\"ReadAction\",\"target\":[\"https:\/\/portaltela.pt\/noticias\/2026\/02\/04\/enteado-do-principe-herdeiro-da-noruega-chora-em-tribunal-por-violacao\/\"]}]},{\"@type\":\"ImageObject\",\"inLanguage\":\"pt-PT\",\"@id\":\"https:\/\/portaltela.pt\/noticias\/2026\/02\/04\/enteado-do-principe-herdeiro-da-noruega-chora-em-tribunal-por-violacao\/#primaryimage\",\"url\":\"https:\/\/portaltela.pt\/s.01k8rhncp4jt1\/2026\/02\/2064528.jpg\",\"contentUrl\":\"https:\/\/portaltela.pt\/s.01k8rhncp4jt1\/2026\/02\/2064528.jpg\",\"width\":796,\"height\":448,\"caption\":\"Marius Borg H\u00f8iby testemunhou no segundo dia de julgamento em Oslo\"},{\"@type\":\"BreadcrumbList\",\"@id\":\"https:\/\/portaltela.pt\/noticias\/2026\/02\/04\/enteado-do-principe-herdeiro-da-noruega-chora-em-tribunal-por-violacao\/#breadcrumb\",\"itemListElement\":[{\"@type\":\"ListItem\",\"position\":1,\"name\":\"In\u00edcio\",\"item\":\"https:\/\/portaltela.pt\/\"},{\"@type\":\"ListItem\",\"position\":2,\"name\":\"Enteado do pr\u00edncipe herdeiro da Noruega chora em tribunal por viola\u00e7\u00e3o\"}]},{\"@type\":\"WebSite\",\"@id\":\"https:\/\/portaltela.pt\/#website\",\"url\":\"https:\/\/portaltela.pt\/\",\"name\":\"Portal Tela Portugal\",\"description\":\"\",\"potentialAction\":[{\"@type\":\"SearchAction\",\"target\":{\"@type\":\"EntryPoint\",\"urlTemplate\":\"https:\/\/portaltela.pt\/?s={search_term_string}\"},\"query-input\":{\"@type\":\"PropertyValueSpecification\",\"valueRequired\":true,\"valueName\":\"search_term_string\"}}],\"inLanguage\":\"pt-PT\"},{\"@type\":\"Person\",\"@id\":\"https:\/\/portaltela.pt\/#\/schema\/person\/c4278d4a6028830caff9ee44b42d32ed\",\"name\":\"Telinha\",\"image\":{\"@type\":\"ImageObject\",\"inLanguage\":\"pt-PT\",\"@id\":\"https:\/\/portaltela.pt\/s.01k8rhncp4jt1\/2025\/11\/talking-bot-125x125.png\",\"url\":\"https:\/\/portaltela.pt\/s.01k8rhncp4jt1\/2025\/11\/talking-bot-125x125.png\",\"contentUrl\":\"https:\/\/portaltela.pt\/s.01k8rhncp4jt1\/2025\/11\/talking-bot-125x125.png\",\"caption\":\"Telinha\"},\"sameAs\":[\"https:\/\/portaltela.pt\/\"],\"url\":\"https:\/\/portaltela.pt\/por\/367410592786\/\"}]}<\/script>\n<!-- \/ Yoast SEO plugin. -->","yoast_head_json":{"title":"Enteado do pr\u00edncipe herdeiro da Noruega chora em tribunal por viola\u00e7\u00e3o - Portal Tela Portugal","robots":{"index":"index","follow":"follow","max-snippet":"max-snippet:-1","max-image-preview":"max-image-preview:large","max-video-preview":"max-video-preview:-1"},"og_locale":"pt_PT","og_type":"article","og_title":"Enteado do pr\u00edncipe herdeiro da Noruega chora em tribunal por viola\u00e7\u00e3o - Portal Tela Portugal","og_description":"Marius Borg H\u00f8iby, enteado do pr\u00edncipe herdeiro da Noruega, testemunha no julgamento por viola\u00e7\u00e3o e viol\u00eancia dom\u00e9stica em Oslo, emocionando-se durante o depoimento. O jovem, de 29 anos, enfrenta trinta e oito acusa\u00e7\u00f5es, incluindo viola\u00e7\u00e3o com penetra\u00e7\u00e3o e viola\u00e7\u00e3o sem penetra\u00e7\u00e3o filmadas com o telem\u00f3vel; nega que os v\u00eddeos mostrem atos sem consentimento. O caso concentra-se numa festa de 2018 na cave da resid\u00eancia do pr\u00edncipe, onde a pol\u00edcia diz que ele filmou um ato sexual com uma mulher inconsciente; o r\u00e9u sustenta que a rela\u00e7\u00e3o foi consentida e que pediu \u00e0 mulher para se ir embora. A suposta v\u00edtima afirma n\u00e3o ter consentido e que n\u00e3o estava em condi\u00e7\u00f5es de consentir; os procuradores argumentam que n\u00e3o estava em condi\u00e7\u00f5es de consentir. O julgamento deve prolongar-se at\u00e9 19 de mar\u00e7o; a fam\u00edlia real enfrenta impactos na reputa\u00e7\u00e3o, com a princesa Mette-Marit sob escrut\u00ednio por liga\u00e7\u00f5es com Jeffrey Epstein, e n\u00e3o planeiam aparecer no tribunal nas pr\u00f3ximas semanas.","og_url":"https:\/\/portaltela.pt\/noticias\/2026\/02\/04\/enteado-do-principe-herdeiro-da-noruega-chora-em-tribunal-por-violacao\/","og_site_name":"Portal Tela Portugal","article_published_time":"2026-02-04T18:18:00+00:00","author":"Telinha","twitter_card":"summary_large_image","twitter_misc":{"Escrito por":"Telinha","Tempo estimado de leitura":"2 minutos"},"schema":{"@context":"https:\/\/schema.org","@graph":[{"@type":"Article","@id":"https:\/\/portaltela.pt\/noticias\/2026\/02\/04\/enteado-do-principe-herdeiro-da-noruega-chora-em-tribunal-por-violacao\/#article","isPartOf":{"@id":"https:\/\/portaltela.pt\/noticias\/2026\/02\/04\/enteado-do-principe-herdeiro-da-noruega-chora-em-tribunal-por-violacao\/"},"author":{"name":"Telinha","@id":"https:\/\/portaltela.pt\/#\/schema\/person\/c4278d4a6028830caff9ee44b42d32ed"},"headline":"Enteado do pr\u00edncipe herdeiro da Noruega chora em tribunal por viola\u00e7\u00e3o","datePublished":"2026-02-04T18:18:00+00:00","mainEntityOfPage":{"@id":"https:\/\/portaltela.pt\/noticias\/2026\/02\/04\/enteado-do-principe-herdeiro-da-noruega-chora-em-tribunal-por-violacao\/"},"wordCount":436,"image":{"@id":"https:\/\/portaltela.pt\/noticias\/2026\/02\/04\/enteado-do-principe-herdeiro-da-noruega-chora-em-tribunal-por-violacao\/#primaryimage"},"thumbnailUrl":"https:\/\/portaltela.pt\/s.01k8rhncp4jt1\/2026\/02\/2064528.jpg","keywords":["Noruega","tribunal","viola\u00e7\u00e3o","viola\u00e7\u00e3o de menor dependente ou em situa\u00e7\u00e3o vulner\u00e1vel","viol\u00eancia dom\u00e9stica"],"articleSection":["Not\u00edcias"],"inLanguage":"pt-PT"},{"@type":"WebPage","@id":"https:\/\/portaltela.pt\/noticias\/2026\/02\/04\/enteado-do-principe-herdeiro-da-noruega-chora-em-tribunal-por-violacao\/","url":"https:\/\/portaltela.pt\/noticias\/2026\/02\/04\/enteado-do-principe-herdeiro-da-noruega-chora-em-tribunal-por-violacao\/","name":"Enteado do pr\u00edncipe herdeiro da Noruega chora em tribunal por viola\u00e7\u00e3o - Portal Tela Portugal","isPartOf":{"@id":"https:\/\/portaltela.pt\/#website"},"primaryImageOfPage":{"@id":"https:\/\/portaltela.pt\/noticias\/2026\/02\/04\/enteado-do-principe-herdeiro-da-noruega-chora-em-tribunal-por-violacao\/#primaryimage"},"image":{"@id":"https:\/\/portaltela.pt\/noticias\/2026\/02\/04\/enteado-do-principe-herdeiro-da-noruega-chora-em-tribunal-por-violacao\/#primaryimage"},"thumbnailUrl":"https:\/\/portaltela.pt\/s.01k8rhncp4jt1\/2026\/02\/2064528.jpg","datePublished":"2026-02-04T18:18:00+00:00","author":{"@id":"https:\/\/portaltela.pt\/#\/schema\/person\/c4278d4a6028830caff9ee44b42d32ed"},"breadcrumb":{"@id":"https:\/\/portaltela.pt\/noticias\/2026\/02\/04\/enteado-do-principe-herdeiro-da-noruega-chora-em-tribunal-por-violacao\/#breadcrumb"},"inLanguage":"pt-PT","potentialAction":[{"@type":"ReadAction","target":["https:\/\/portaltela.pt\/noticias\/2026\/02\/04\/enteado-do-principe-herdeiro-da-noruega-chora-em-tribunal-por-violacao\/"]}]},{"@type":"ImageObject","inLanguage":"pt-PT","@id":"https:\/\/portaltela.pt\/noticias\/2026\/02\/04\/enteado-do-principe-herdeiro-da-noruega-chora-em-tribunal-por-violacao\/#primaryimage","url":"https:\/\/portaltela.pt\/s.01k8rhncp4jt1\/2026\/02\/2064528.jpg","contentUrl":"https:\/\/portaltela.pt\/s.01k8rhncp4jt1\/2026\/02\/2064528.jpg","width":796,"height":448,"caption":"Marius Borg H\u00f8iby testemunhou no segundo dia de julgamento em Oslo"},{"@type":"BreadcrumbList","@id":"https:\/\/portaltela.pt\/noticias\/2026\/02\/04\/enteado-do-principe-herdeiro-da-noruega-chora-em-tribunal-por-violacao\/#breadcrumb","itemListElement":[{"@type":"ListItem","position":1,"name":"In\u00edcio","item":"https:\/\/portaltela.pt\/"},{"@type":"ListItem","position":2,"name":"Enteado do pr\u00edncipe herdeiro da Noruega chora em tribunal por viola\u00e7\u00e3o"}]},{"@type":"WebSite","@id":"https:\/\/portaltela.pt\/#website","url":"https:\/\/portaltela.pt\/","name":"Portal Tela Portugal","description":"","potentialAction":[{"@type":"SearchAction","target":{"@type":"EntryPoint","urlTemplate":"https:\/\/portaltela.pt\/?s={search_term_string}"},"query-input":{"@type":"PropertyValueSpecification","valueRequired":true,"valueName":"search_term_string"}}],"inLanguage":"pt-PT"},{"@type":"Person","@id":"https:\/\/portaltela.pt\/#\/schema\/person\/c4278d4a6028830caff9ee44b42d32ed","name":"Telinha","image":{"@type":"ImageObject","inLanguage":"pt-PT","@id":"https:\/\/portaltela.pt\/s.01k8rhncp4jt1\/2025\/11\/talking-bot-125x125.png","url":"https:\/\/portaltela.pt\/s.01k8rhncp4jt1\/2025\/11\/talking-bot-125x125.png","contentUrl":"https:\/\/portaltela.pt\/s.01k8rhncp4jt1\/2025\/11\/talking-bot-125x125.png","caption":"Telinha"},"sameAs":["https:\/\/portaltela.pt\/"],"url":"https:\/\/portaltela.pt\/por\/367410592786\/"}]}},"_links":{"self":[{"href":"https:\/\/portaltela.pt\/api\/wp\/v2\/posts\/197699","targetHints":{"allow":["GET"]}}],"collection":[{"href":"https:\/\/portaltela.pt\/api\/wp\/v2\/posts"}],"about":[{"href":"https:\/\/portaltela.pt\/api\/wp\/v2\/types\/post"}],"author":[{"embeddable":true,"href":"https:\/\/portaltela.pt\/api\/wp\/v2\/users\/2"}],"replies":[{"embeddable":true,"href":"https:\/\/portaltela.pt\/api\/wp\/v2\/comments?post=197699"}],"version-history":[{"count":0,"href":"https:\/\/portaltela.pt\/api\/wp\/v2\/posts\/197699\/revisions"}],"wp:featuredmedia":[{"embeddable":true,"href":"https:\/\/portaltela.pt\/api\/wp\/v2\/media\/197702"}],"wp:attachment":[{"href":"https:\/\/portaltela.pt\/api\/wp\/v2\/media?parent=197699"}],"wp:term":[{"taxonomy":"category","embeddable":true,"href":"https:\/\/portaltela.pt\/api\/wp\/v2\/categories?post=197699"},{"taxonomy":"post_tag","embeddable":true,"href":"https:\/\/portaltela.pt\/api\/wp\/v2\/tags?post=197699"}],"curies":[{"name":"wp","href":"https:\/\/api.w.org\/{rel}","templated":true}]}}