{"id":197697,"date":"2026-02-04T15:26:00","date_gmt":"2026-02-04T18:26:00","guid":{"rendered":"https:\/\/portaltela.pt\/noticias\/2026\/02\/04\/eua-ue-e-japao-firmam-parceria-estrategica-sobre-minerais-criticos\/"},"modified":"2026-02-04T15:26:00","modified_gmt":"2026-02-04T18:26:00","slug":"eua-ue-e-japao-firmam-parceria-estrategica-sobre-minerais-criticos","status":"publish","type":"post","link":"https:\/\/portaltela.pt\/noticias\/2026\/02\/04\/eua-ue-e-japao-firmam-parceria-estrategica-sobre-minerais-criticos\/","title":{"rendered":"EUA, UE e Jap\u00e3o firmam parceria estrat\u00e9gica sobre minerais cr\u00edticos"},"content":{"rendered":"<p>Estados Unidos, Uni\u00e3o Europeia e Jap\u00e3o anunciaram uma parceria estrat\u00e9gica para refor\u00e7ar o fornecimento de minerais cr\u00edticos usados no autom\u00f3vel, defesa e digital, reduzindo a depend\u00eancia da China. O an\u00fancio ocorreu numa reuni\u00e3o ministerial em Washington.<\/p>\n<p>O memorando de entendimento procura identificar \u00e1reas de coopera\u00e7\u00e3o para estimular a procura e diversificar o fornecimento entre os signat\u00e1rios. O objetivo \u00e9 refor\u00e7ar a seguran\u00e7a econ\u00f3mica e nacional e a resili\u00eancia das cadeias de abastecimento.<\/p>\n<p>Jamieson Greer, representante comercial da Casa Branca, afirmou que o plano de a\u00e7\u00e3o pretende estabelecer as bases para um acordo multilateral vinculativo com pa\u00edses ideologicamente pr\u00f3ximos. Washington j\u00e1 anunciou um mecanismo semelhante com o M\u00e9xico.<\/p>\n<h3>Coopera\u00e7\u00e3o e planos<\/h3>\n<p>O memorando aponta vias para apoiar novos projetos de minera\u00e7\u00e3o, refina\u00e7\u00e3o, produ\u00e7\u00e3o e reciclagem, incluindo a cria\u00e7\u00e3o de pre\u00e7os m\u00ednimos ou subs\u00eddios. Tamb\u00e9m prev\u00ea acelerar investiga\u00e7\u00e3o e desenvolvimento e trocar informa\u00e7\u00f5es sobre stocks dispon\u00edveis entre as partes.<\/p>\n","protected":false},"excerpt":{"rendered":"<ul>\n<li>Estados Unidos, Uni\u00e3o Europeia e Jap\u00e3o anunciaram uma parceria estrat\u00e9gica para melhorar o fornecimento de minerais cr\u00edticos e reduzir a depend\u00eancia da China.<\/li>\n<li>O memorando de entendimento visa identificar \u00e1reas de coopera\u00e7\u00e3o para estimular a procura e diversificar o fornecimento entre os signat\u00e1rios.<\/li>\n<li>O objetivo \u00e9 refor\u00e7ar a seguran\u00e7a econ\u00f3mica e nacional e a resili\u00eancia das cadeias de abastecimento de minerais cr\u00edticos.<\/li>\n<li>O plano prev\u00ea apoio a novos projetos de minera\u00e7\u00e3o, refina\u00e7\u00e3o, produ\u00e7\u00e3o e reciclagem, incluindo a possibilidade de pre\u00e7os m\u00ednimos ou subs\u00eddios, bem como acelerar I&amp;D e a partilha de informa\u00e7\u00f5es sobre stocks.<\/li>\n<li>Washington lan\u00e7ou tamb\u00e9m um plano de a\u00e7\u00e3o semelhante com o M\u00e9xico; a China continua a ter papel dominante na cadeia de valor dos minerais cr\u00edticos.<\/li>\n<\/ul>\n","protected":false},"author":2,"featured_media":197698,"comment_status":"closed","ping_status":"closed","sticky":false,"template":"","format":"standard","meta":{"footnotes":""},"categories":[1],"tags":[2026,256,3861,3090,3760,3908],"class_list":["post-197697","post","type-post","status-publish","format-standard","has-post-thumbnail","hentry","category-noticias","tag-cadeias-de-abastecimento","tag-cooperacao-internacional","tag-economia-internacional","tag-mineracao-sustentavel","tag-minerais-criticos","tag-seguranca-nacional"],"yoast_head":"<!-- This site is optimized with the Yoast SEO plugin v27.2 - https:\/\/yoast.com\/product\/yoast-seo-wordpress\/ -->\n<title>EUA, UE e Jap\u00e3o firmam parceria estrat\u00e9gica sobre minerais cr\u00edticos - Portal Tela Portugal<\/title>\n<meta name=\"robots\" content=\"index, follow, max-snippet:-1, max-image-preview:large, max-video-preview:-1\" \/>\n<meta property=\"og:locale\" content=\"pt_PT\" \/>\n<meta property=\"og:type\" content=\"article\" \/>\n<meta property=\"og:title\" content=\"EUA, UE e Jap\u00e3o firmam parceria estrat\u00e9gica sobre minerais cr\u00edticos - Portal Tela Portugal\" \/>\n<meta property=\"og:description\" content=\"Estados Unidos, Uni\u00e3o Europeia e Jap\u00e3o anunciaram uma parceria estrat\u00e9gica para melhorar o fornecimento de minerais cr\u00edticos e reduzir a depend\u00eancia da China. O memorando de entendimento visa identificar \u00e1reas de coopera\u00e7\u00e3o para estimular a procura e diversificar o fornecimento entre os signat\u00e1rios. O objetivo \u00e9 refor\u00e7ar a seguran\u00e7a econ\u00f3mica e nacional e a resili\u00eancia das cadeias de abastecimento de minerais cr\u00edticos. O plano prev\u00ea apoio a novos projetos de minera\u00e7\u00e3o, refina\u00e7\u00e3o, produ\u00e7\u00e3o e reciclagem, incluindo a possibilidade de pre\u00e7os m\u00ednimos ou subs\u00eddios, bem como acelerar I&amp;D e a partilha de informa\u00e7\u00f5es sobre stocks. Washington lan\u00e7ou tamb\u00e9m um plano de a\u00e7\u00e3o semelhante com o M\u00e9xico; a China continua a ter papel dominante na cadeia de valor dos minerais cr\u00edticos.\" \/>\n<meta property=\"og:url\" content=\"https:\/\/portaltela.pt\/noticias\/2026\/02\/04\/eua-ue-e-japao-firmam-parceria-estrategica-sobre-minerais-criticos\/\" \/>\n<meta property=\"og:site_name\" content=\"Portal Tela Portugal\" \/>\n<meta property=\"article:published_time\" content=\"2026-02-04T18:26:00+00:00\" \/>\n<meta name=\"author\" content=\"Telinha\" \/>\n<meta name=\"twitter:card\" content=\"summary_large_image\" \/>\n<meta name=\"twitter:label1\" content=\"Escrito por\" \/>\n\t<meta name=\"twitter:data1\" content=\"Telinha\" \/>\n\t<meta name=\"twitter:label2\" content=\"Tempo estimado de leitura\" \/>\n\t<meta name=\"twitter:data2\" content=\"1 minuto\" \/>\n<script type=\"application\/ld+json\" class=\"yoast-schema-graph\">{\"@context\":\"https:\/\/schema.org\",\"@graph\":[{\"@type\":\"Article\",\"@id\":\"https:\/\/portaltela.pt\/noticias\/2026\/02\/04\/eua-ue-e-japao-firmam-parceria-estrategica-sobre-minerais-criticos\/#article\",\"isPartOf\":{\"@id\":\"https:\/\/portaltela.pt\/noticias\/2026\/02\/04\/eua-ue-e-japao-firmam-parceria-estrategica-sobre-minerais-criticos\/\"},\"author\":{\"name\":\"Telinha\",\"@id\":\"https:\/\/portaltela.pt\/#\/schema\/person\/c4278d4a6028830caff9ee44b42d32ed\"},\"headline\":\"EUA, UE e Jap\u00e3o firmam parceria estrat\u00e9gica sobre minerais cr\u00edticos\",\"datePublished\":\"2026-02-04T18:26:00+00:00\",\"mainEntityOfPage\":{\"@id\":\"https:\/\/portaltela.pt\/noticias\/2026\/02\/04\/eua-ue-e-japao-firmam-parceria-estrategica-sobre-minerais-criticos\/\"},\"wordCount\":190,\"image\":{\"@id\":\"https:\/\/portaltela.pt\/noticias\/2026\/02\/04\/eua-ue-e-japao-firmam-parceria-estrategica-sobre-minerais-criticos\/#primaryimage\"},\"thumbnailUrl\":\"https:\/\/portaltela.pt\/s.01k8rhncp4jt1\/2026\/02\/img_1500x1000uu2015-02-10-17-52-00-434904.jpg\",\"keywords\":[\"cadeias de abastecimento\",\"coopera\u00e7\u00e3o internacional\",\"economia internacional\",\"minera\u00e7\u00e3o sustent\u00e1vel\",\"minerais cr\u00edticos\",\"Seguran\u00e7a Nacional\"],\"articleSection\":[\"Not\u00edcias\"],\"inLanguage\":\"pt-PT\"},{\"@type\":\"WebPage\",\"@id\":\"https:\/\/portaltela.pt\/noticias\/2026\/02\/04\/eua-ue-e-japao-firmam-parceria-estrategica-sobre-minerais-criticos\/\",\"url\":\"https:\/\/portaltela.pt\/noticias\/2026\/02\/04\/eua-ue-e-japao-firmam-parceria-estrategica-sobre-minerais-criticos\/\",\"name\":\"EUA, UE e Jap\u00e3o firmam parceria estrat\u00e9gica sobre minerais cr\u00edticos - Portal Tela Portugal\",\"isPartOf\":{\"@id\":\"https:\/\/portaltela.pt\/#website\"},\"primaryImageOfPage\":{\"@id\":\"https:\/\/portaltela.pt\/noticias\/2026\/02\/04\/eua-ue-e-japao-firmam-parceria-estrategica-sobre-minerais-criticos\/#primaryimage\"},\"image\":{\"@id\":\"https:\/\/portaltela.pt\/noticias\/2026\/02\/04\/eua-ue-e-japao-firmam-parceria-estrategica-sobre-minerais-criticos\/#primaryimage\"},\"thumbnailUrl\":\"https:\/\/portaltela.pt\/s.01k8rhncp4jt1\/2026\/02\/img_1500x1000uu2015-02-10-17-52-00-434904.jpg\",\"datePublished\":\"2026-02-04T18:26:00+00:00\",\"author\":{\"@id\":\"https:\/\/portaltela.pt\/#\/schema\/person\/c4278d4a6028830caff9ee44b42d32ed\"},\"breadcrumb\":{\"@id\":\"https:\/\/portaltela.pt\/noticias\/2026\/02\/04\/eua-ue-e-japao-firmam-parceria-estrategica-sobre-minerais-criticos\/#breadcrumb\"},\"inLanguage\":\"pt-PT\",\"potentialAction\":[{\"@type\":\"ReadAction\",\"target\":[\"https:\/\/portaltela.pt\/noticias\/2026\/02\/04\/eua-ue-e-japao-firmam-parceria-estrategica-sobre-minerais-criticos\/\"]}]},{\"@type\":\"ImageObject\",\"inLanguage\":\"pt-PT\",\"@id\":\"https:\/\/portaltela.pt\/noticias\/2026\/02\/04\/eua-ue-e-japao-firmam-parceria-estrategica-sobre-minerais-criticos\/#primaryimage\",\"url\":\"https:\/\/portaltela.pt\/s.01k8rhncp4jt1\/2026\/02\/img_1500x1000uu2015-02-10-17-52-00-434904.jpg\",\"contentUrl\":\"https:\/\/portaltela.pt\/s.01k8rhncp4jt1\/2026\/02\/img_1500x1000uu2015-02-10-17-52-00-434904.jpg\",\"width\":796,\"height\":448,\"caption\":\"bandeira, UE,\"},{\"@type\":\"BreadcrumbList\",\"@id\":\"https:\/\/portaltela.pt\/noticias\/2026\/02\/04\/eua-ue-e-japao-firmam-parceria-estrategica-sobre-minerais-criticos\/#breadcrumb\",\"itemListElement\":[{\"@type\":\"ListItem\",\"position\":1,\"name\":\"In\u00edcio\",\"item\":\"https:\/\/portaltela.pt\/\"},{\"@type\":\"ListItem\",\"position\":2,\"name\":\"EUA, UE e Jap\u00e3o firmam parceria estrat\u00e9gica sobre minerais cr\u00edticos\"}]},{\"@type\":\"WebSite\",\"@id\":\"https:\/\/portaltela.pt\/#website\",\"url\":\"https:\/\/portaltela.pt\/\",\"name\":\"Portal Tela Portugal\",\"description\":\"\",\"potentialAction\":[{\"@type\":\"SearchAction\",\"target\":{\"@type\":\"EntryPoint\",\"urlTemplate\":\"https:\/\/portaltela.pt\/?s={search_term_string}\"},\"query-input\":{\"@type\":\"PropertyValueSpecification\",\"valueRequired\":true,\"valueName\":\"search_term_string\"}}],\"inLanguage\":\"pt-PT\"},{\"@type\":\"Person\",\"@id\":\"https:\/\/portaltela.pt\/#\/schema\/person\/c4278d4a6028830caff9ee44b42d32ed\",\"name\":\"Telinha\",\"image\":{\"@type\":\"ImageObject\",\"inLanguage\":\"pt-PT\",\"@id\":\"https:\/\/portaltela.pt\/s.01k8rhncp4jt1\/2025\/11\/talking-bot-125x125.png\",\"url\":\"https:\/\/portaltela.pt\/s.01k8rhncp4jt1\/2025\/11\/talking-bot-125x125.png\",\"contentUrl\":\"https:\/\/portaltela.pt\/s.01k8rhncp4jt1\/2025\/11\/talking-bot-125x125.png\",\"caption\":\"Telinha\"},\"sameAs\":[\"https:\/\/portaltela.pt\/\"],\"url\":\"https:\/\/portaltela.pt\/por\/367410592786\/\"}]}<\/script>\n<!-- \/ Yoast SEO plugin. -->","yoast_head_json":{"title":"EUA, UE e Jap\u00e3o firmam parceria estrat\u00e9gica sobre minerais cr\u00edticos - Portal Tela Portugal","robots":{"index":"index","follow":"follow","max-snippet":"max-snippet:-1","max-image-preview":"max-image-preview:large","max-video-preview":"max-video-preview:-1"},"og_locale":"pt_PT","og_type":"article","og_title":"EUA, UE e Jap\u00e3o firmam parceria estrat\u00e9gica sobre minerais cr\u00edticos - Portal Tela Portugal","og_description":"Estados Unidos, Uni\u00e3o Europeia e Jap\u00e3o anunciaram uma parceria estrat\u00e9gica para melhorar o fornecimento de minerais cr\u00edticos e reduzir a depend\u00eancia da China. O memorando de entendimento visa identificar \u00e1reas de coopera\u00e7\u00e3o para estimular a procura e diversificar o fornecimento entre os signat\u00e1rios. O objetivo \u00e9 refor\u00e7ar a seguran\u00e7a econ\u00f3mica e nacional e a resili\u00eancia das cadeias de abastecimento de minerais cr\u00edticos. O plano prev\u00ea apoio a novos projetos de minera\u00e7\u00e3o, refina\u00e7\u00e3o, produ\u00e7\u00e3o e reciclagem, incluindo a possibilidade de pre\u00e7os m\u00ednimos ou subs\u00eddios, bem como acelerar I&amp;D e a partilha de informa\u00e7\u00f5es sobre stocks. Washington lan\u00e7ou tamb\u00e9m um plano de a\u00e7\u00e3o semelhante com o M\u00e9xico; a China continua a ter papel dominante na cadeia de valor dos minerais cr\u00edticos.","og_url":"https:\/\/portaltela.pt\/noticias\/2026\/02\/04\/eua-ue-e-japao-firmam-parceria-estrategica-sobre-minerais-criticos\/","og_site_name":"Portal Tela Portugal","article_published_time":"2026-02-04T18:26:00+00:00","author":"Telinha","twitter_card":"summary_large_image","twitter_misc":{"Escrito por":"Telinha","Tempo estimado de leitura":"1 minuto"},"schema":{"@context":"https:\/\/schema.org","@graph":[{"@type":"Article","@id":"https:\/\/portaltela.pt\/noticias\/2026\/02\/04\/eua-ue-e-japao-firmam-parceria-estrategica-sobre-minerais-criticos\/#article","isPartOf":{"@id":"https:\/\/portaltela.pt\/noticias\/2026\/02\/04\/eua-ue-e-japao-firmam-parceria-estrategica-sobre-minerais-criticos\/"},"author":{"name":"Telinha","@id":"https:\/\/portaltela.pt\/#\/schema\/person\/c4278d4a6028830caff9ee44b42d32ed"},"headline":"EUA, UE e Jap\u00e3o firmam parceria estrat\u00e9gica sobre minerais cr\u00edticos","datePublished":"2026-02-04T18:26:00+00:00","mainEntityOfPage":{"@id":"https:\/\/portaltela.pt\/noticias\/2026\/02\/04\/eua-ue-e-japao-firmam-parceria-estrategica-sobre-minerais-criticos\/"},"wordCount":190,"image":{"@id":"https:\/\/portaltela.pt\/noticias\/2026\/02\/04\/eua-ue-e-japao-firmam-parceria-estrategica-sobre-minerais-criticos\/#primaryimage"},"thumbnailUrl":"https:\/\/portaltela.pt\/s.01k8rhncp4jt1\/2026\/02\/img_1500x1000uu2015-02-10-17-52-00-434904.jpg","keywords":["cadeias de abastecimento","coopera\u00e7\u00e3o internacional","economia internacional","minera\u00e7\u00e3o sustent\u00e1vel","minerais cr\u00edticos","Seguran\u00e7a Nacional"],"articleSection":["Not\u00edcias"],"inLanguage":"pt-PT"},{"@type":"WebPage","@id":"https:\/\/portaltela.pt\/noticias\/2026\/02\/04\/eua-ue-e-japao-firmam-parceria-estrategica-sobre-minerais-criticos\/","url":"https:\/\/portaltela.pt\/noticias\/2026\/02\/04\/eua-ue-e-japao-firmam-parceria-estrategica-sobre-minerais-criticos\/","name":"EUA, UE e Jap\u00e3o firmam parceria estrat\u00e9gica sobre minerais cr\u00edticos - Portal Tela Portugal","isPartOf":{"@id":"https:\/\/portaltela.pt\/#website"},"primaryImageOfPage":{"@id":"https:\/\/portaltela.pt\/noticias\/2026\/02\/04\/eua-ue-e-japao-firmam-parceria-estrategica-sobre-minerais-criticos\/#primaryimage"},"image":{"@id":"https:\/\/portaltela.pt\/noticias\/2026\/02\/04\/eua-ue-e-japao-firmam-parceria-estrategica-sobre-minerais-criticos\/#primaryimage"},"thumbnailUrl":"https:\/\/portaltela.pt\/s.01k8rhncp4jt1\/2026\/02\/img_1500x1000uu2015-02-10-17-52-00-434904.jpg","datePublished":"2026-02-04T18:26:00+00:00","author":{"@id":"https:\/\/portaltela.pt\/#\/schema\/person\/c4278d4a6028830caff9ee44b42d32ed"},"breadcrumb":{"@id":"https:\/\/portaltela.pt\/noticias\/2026\/02\/04\/eua-ue-e-japao-firmam-parceria-estrategica-sobre-minerais-criticos\/#breadcrumb"},"inLanguage":"pt-PT","potentialAction":[{"@type":"ReadAction","target":["https:\/\/portaltela.pt\/noticias\/2026\/02\/04\/eua-ue-e-japao-firmam-parceria-estrategica-sobre-minerais-criticos\/"]}]},{"@type":"ImageObject","inLanguage":"pt-PT","@id":"https:\/\/portaltela.pt\/noticias\/2026\/02\/04\/eua-ue-e-japao-firmam-parceria-estrategica-sobre-minerais-criticos\/#primaryimage","url":"https:\/\/portaltela.pt\/s.01k8rhncp4jt1\/2026\/02\/img_1500x1000uu2015-02-10-17-52-00-434904.jpg","contentUrl":"https:\/\/portaltela.pt\/s.01k8rhncp4jt1\/2026\/02\/img_1500x1000uu2015-02-10-17-52-00-434904.jpg","width":796,"height":448,"caption":"bandeira, UE,"},{"@type":"BreadcrumbList","@id":"https:\/\/portaltela.pt\/noticias\/2026\/02\/04\/eua-ue-e-japao-firmam-parceria-estrategica-sobre-minerais-criticos\/#breadcrumb","itemListElement":[{"@type":"ListItem","position":1,"name":"In\u00edcio","item":"https:\/\/portaltela.pt\/"},{"@type":"ListItem","position":2,"name":"EUA, UE e Jap\u00e3o firmam parceria estrat\u00e9gica sobre minerais cr\u00edticos"}]},{"@type":"WebSite","@id":"https:\/\/portaltela.pt\/#website","url":"https:\/\/portaltela.pt\/","name":"Portal Tela Portugal","description":"","potentialAction":[{"@type":"SearchAction","target":{"@type":"EntryPoint","urlTemplate":"https:\/\/portaltela.pt\/?s={search_term_string}"},"query-input":{"@type":"PropertyValueSpecification","valueRequired":true,"valueName":"search_term_string"}}],"inLanguage":"pt-PT"},{"@type":"Person","@id":"https:\/\/portaltela.pt\/#\/schema\/person\/c4278d4a6028830caff9ee44b42d32ed","name":"Telinha","image":{"@type":"ImageObject","inLanguage":"pt-PT","@id":"https:\/\/portaltela.pt\/s.01k8rhncp4jt1\/2025\/11\/talking-bot-125x125.png","url":"https:\/\/portaltela.pt\/s.01k8rhncp4jt1\/2025\/11\/talking-bot-125x125.png","contentUrl":"https:\/\/portaltela.pt\/s.01k8rhncp4jt1\/2025\/11\/talking-bot-125x125.png","caption":"Telinha"},"sameAs":["https:\/\/portaltela.pt\/"],"url":"https:\/\/portaltela.pt\/por\/367410592786\/"}]}},"_links":{"self":[{"href":"https:\/\/portaltela.pt\/api\/wp\/v2\/posts\/197697","targetHints":{"allow":["GET"]}}],"collection":[{"href":"https:\/\/portaltela.pt\/api\/wp\/v2\/posts"}],"about":[{"href":"https:\/\/portaltela.pt\/api\/wp\/v2\/types\/post"}],"author":[{"embeddable":true,"href":"https:\/\/portaltela.pt\/api\/wp\/v2\/users\/2"}],"replies":[{"embeddable":true,"href":"https:\/\/portaltela.pt\/api\/wp\/v2\/comments?post=197697"}],"version-history":[{"count":0,"href":"https:\/\/portaltela.pt\/api\/wp\/v2\/posts\/197697\/revisions"}],"wp:featuredmedia":[{"embeddable":true,"href":"https:\/\/portaltela.pt\/api\/wp\/v2\/media\/197698"}],"wp:attachment":[{"href":"https:\/\/portaltela.pt\/api\/wp\/v2\/media?parent=197697"}],"wp:term":[{"taxonomy":"category","embeddable":true,"href":"https:\/\/portaltela.pt\/api\/wp\/v2\/categories?post=197697"},{"taxonomy":"post_tag","embeddable":true,"href":"https:\/\/portaltela.pt\/api\/wp\/v2\/tags?post=197697"}],"curies":[{"name":"wp","href":"https:\/\/api.w.org\/{rel}","templated":true}]}}