{"id":197691,"date":"2026-02-04T15:23:34","date_gmt":"2026-02-04T18:23:34","guid":{"rendered":"https:\/\/portaltela.pt\/noticias\/2026\/02\/04\/trump-reage-a-perguntas-sobre-epstein-durante-coletiva-de-imprensa\/"},"modified":"2026-02-04T15:23:34","modified_gmt":"2026-02-04T18:23:34","slug":"trump-reage-a-perguntas-sobre-epstein-durante-coletiva-de-imprensa","status":"publish","type":"post","link":"https:\/\/portaltela.pt\/noticias\/internacional\/2026\/02\/04\/trump-reage-a-perguntas-sobre-epstein-durante-coletiva-de-imprensa\/","title":{"rendered":"Trump reage a perguntas sobre Epstein durante coletiva de imprensa"},"content":{"rendered":"<p>Donald Trump atacou uma jornalista da CNN durante uma sess\u00e3o na Sala Oval da Casa Branca, ap\u00f3s perguntas sobre o caso Epstein. O epis\u00f3dio ocorreu no cerne de uma entrevista que abordava documentos divulgados sobre o ped\u00f3filo.<\/p>\n<p>A jornalista Kaitlan Collins questionou Trump sobre men\u00e7\u00f5es a Elon Musk e ao Secret\u00e1rio do Com\u00e9rcio Howard Lutnick em e-mails com Epstein, bem como se tinha lido a nova tranche de documentos publicada na sexta-feira.<\/p>\n<p>Trump respondeu dizendo que n\u00e3o tinha tempo, sugerindo que as perguntas n\u00e3o eram priorit\u00e1rias e que os nomes eram apenas rumores. Mencionou que os nomes aparecem em reportagens e que a sua leitura seria irrelevante para o p\u00fablico.<\/p>\n<p>Collins insistiu sobre omiss\u00f5es nos documentos e sobre relatos de testemunhas censuradas, mas o presidente manteve o tom, alegando que o pa\u00eds devia avan\u00e7ar para outros assuntos. Alega que houve uma conspira\u00e7\u00e3o contra si.<\/p>\n<p>O ataque verbal continuou quando Trump criticou a jornalista na presen\u00e7a de outros rep\u00f3rteres, chamando-a de pior rep\u00f3rter e sugerindo que a CNN tem m\u00e1s audi\u00eancias. A jovem jornalista foi alvo de cr\u00edticas durante o evento.<\/p>\n<p>Ao final, no corredor da Sala Oval, Trump voltou a reclamar ao conversar com um congressista republicano, repetindo que Collins nunca sorri. N\u00e3o houve confirma\u00e7\u00e3o de aus\u00eancias de sorrisos por parte da jornalista.<\/p>\n","protected":false},"excerpt":{"rendered":"<ul>\n<li>O presidente dos EUA, Donald Trump, atacou a jornalista da CNN Kaitlan Collins por n\u00e3o sorrir enquanto lhe fazia perguntas sobre o caso Jeffrey Epstein.<\/li>\n<li>Trump desvalorizou as novas revela\u00e7\u00f5es dos documentos do Epstein, sugerindo que o tema n\u00e3o interessa ao povo dos EUA e que a \u00fanica parte relevante seria a conspira\u00e7\u00e3o contra ele.<\/li>\n<li>O ataque ocorreu durante um evento na Sala Oval, quando Collins perguntou sobre men\u00e7\u00f5es a Elon Musk e ao Secret\u00e1rio do Com\u00e9rcio Howard Lutnick em e-mails com Epstein e se tinha lido a nova tranche de documentos.<\/li>\n<li>Trump disse: \u201cN\u00e3o\u201d, afirmou que tinha muitas coisas para fazer e questionou se as men\u00e7\u00f5es eram relevantes, sugerindo que estavam bem e que, caso contr\u00e1rio, haveria manchetes.<\/li>\n<li>Ao tentar abordar os sobreviventes de abuso sexual, Trump chamou Collins de \u201ca pior rep\u00f3rter\u201d e disse que a jornalista da CNN nunca sorri, repetindo o desagrado \u00e0 imprensa durante o encerramento do evento.<\/li>\n<\/ul>\n","protected":false},"author":2,"featured_media":197696,"comment_status":"closed","ping_status":"closed","sticky":false,"template":"","format":"standard","meta":{"footnotes":""},"categories":[4,1],"tags":[2560,2605,506,195,2832,30],"class_list":["post-197691","post","type-post","status-publish","format-standard","has-post-thumbnail","hentry","category-internacional","category-noticias","tag-conspiracao-internacional","tag-documentos","tag-imprensa","tag-informacao","tag-politica","tag-presidente"],"yoast_head":"<!-- This site is optimized with the Yoast SEO plugin v27.2 - https:\/\/yoast.com\/product\/yoast-seo-wordpress\/ -->\n<title>Trump reage a perguntas sobre Epstein durante coletiva de imprensa - Portal Tela Portugal<\/title>\n<meta name=\"robots\" content=\"index, follow, max-snippet:-1, max-image-preview:large, max-video-preview:-1\" \/>\n<meta property=\"og:locale\" content=\"pt_PT\" \/>\n<meta property=\"og:type\" content=\"article\" \/>\n<meta property=\"og:title\" content=\"Trump reage a perguntas sobre Epstein durante coletiva de imprensa - Portal Tela Portugal\" \/>\n<meta property=\"og:description\" content=\"O presidente dos EUA, Donald Trump, atacou a jornalista da CNN Kaitlan Collins por n\u00e3o sorrir enquanto lhe fazia perguntas sobre o caso Jeffrey Epstein. Trump desvalorizou as novas revela\u00e7\u00f5es dos documentos do Epstein, sugerindo que o tema n\u00e3o interessa ao povo dos EUA e que a \u00fanica parte relevante seria a conspira\u00e7\u00e3o contra ele. O ataque ocorreu durante um evento na Sala Oval, quando Collins perguntou sobre men\u00e7\u00f5es a Elon Musk e ao Secret\u00e1rio do Com\u00e9rcio Howard Lutnick em e-mails com Epstein e se tinha lido a nova tranche de documentos. Trump disse: \u201cN\u00e3o\u201d, afirmou que tinha muitas coisas para fazer e questionou se as men\u00e7\u00f5es eram relevantes, sugerindo que estavam bem e que, caso contr\u00e1rio, haveria manchetes. Ao tentar abordar os sobreviventes de abuso sexual, Trump chamou Collins de \u201ca pior rep\u00f3rter\u201d e disse que a jornalista da CNN nunca sorri, repetindo o desagrado \u00e0 imprensa durante o encerramento do evento.\" \/>\n<meta property=\"og:url\" content=\"https:\/\/portaltela.pt\/noticias\/2026\/02\/04\/trump-reage-a-perguntas-sobre-epstein-durante-coletiva-de-imprensa\/\" \/>\n<meta property=\"og:site_name\" content=\"Portal Tela Portugal\" \/>\n<meta property=\"article:published_time\" content=\"2026-02-04T18:23:34+00:00\" \/>\n<meta name=\"author\" content=\"Telinha\" \/>\n<meta name=\"twitter:card\" content=\"summary_large_image\" \/>\n<meta name=\"twitter:label1\" content=\"Escrito por\" \/>\n\t<meta name=\"twitter:data1\" content=\"Telinha\" \/>\n\t<meta name=\"twitter:label2\" content=\"Tempo estimado de leitura\" \/>\n\t<meta name=\"twitter:data2\" content=\"1 minuto\" \/>\n<script type=\"application\/ld+json\" class=\"yoast-schema-graph\">{\"@context\":\"https:\/\/schema.org\",\"@graph\":[{\"@type\":\"Article\",\"@id\":\"https:\/\/portaltela.pt\/noticias\/2026\/02\/04\/trump-reage-a-perguntas-sobre-epstein-durante-coletiva-de-imprensa\/#article\",\"isPartOf\":{\"@id\":\"https:\/\/portaltela.pt\/noticias\/2026\/02\/04\/trump-reage-a-perguntas-sobre-epstein-durante-coletiva-de-imprensa\/\"},\"author\":{\"name\":\"Telinha\",\"@id\":\"https:\/\/portaltela.pt\/#\/schema\/person\/c4278d4a6028830caff9ee44b42d32ed\"},\"headline\":\"Trump reage a perguntas sobre Epstein durante coletiva de imprensa\",\"datePublished\":\"2026-02-04T18:23:34+00:00\",\"mainEntityOfPage\":{\"@id\":\"https:\/\/portaltela.pt\/noticias\/2026\/02\/04\/trump-reage-a-perguntas-sobre-epstein-durante-coletiva-de-imprensa\/\"},\"wordCount\":247,\"image\":{\"@id\":\"https:\/\/portaltela.pt\/noticias\/2026\/02\/04\/trump-reage-a-perguntas-sobre-epstein-durante-coletiva-de-imprensa\/#primaryimage\"},\"thumbnailUrl\":\"https:\/\/portaltela.pt\/s.01k8rhncp4jt1\/2026\/02\/img_1280x721uu2026-02-04-14-25-35-2264694.jpg\",\"keywords\":[\"conspira\u00e7\u00e3o internacional\",\"documentos\",\"imprensa\",\"informa\u00e7\u00e3o\",\"pol\u00edtica\",\"presidente\"],\"articleSection\":[\"Internacional\",\"Not\u00edcias\"],\"inLanguage\":\"pt-PT\"},{\"@type\":\"WebPage\",\"@id\":\"https:\/\/portaltela.pt\/noticias\/2026\/02\/04\/trump-reage-a-perguntas-sobre-epstein-durante-coletiva-de-imprensa\/\",\"url\":\"https:\/\/portaltela.pt\/noticias\/2026\/02\/04\/trump-reage-a-perguntas-sobre-epstein-durante-coletiva-de-imprensa\/\",\"name\":\"Trump reage a perguntas sobre Epstein durante coletiva de imprensa - Portal Tela Portugal\",\"isPartOf\":{\"@id\":\"https:\/\/portaltela.pt\/#website\"},\"primaryImageOfPage\":{\"@id\":\"https:\/\/portaltela.pt\/noticias\/2026\/02\/04\/trump-reage-a-perguntas-sobre-epstein-durante-coletiva-de-imprensa\/#primaryimage\"},\"image\":{\"@id\":\"https:\/\/portaltela.pt\/noticias\/2026\/02\/04\/trump-reage-a-perguntas-sobre-epstein-durante-coletiva-de-imprensa\/#primaryimage\"},\"thumbnailUrl\":\"https:\/\/portaltela.pt\/s.01k8rhncp4jt1\/2026\/02\/img_1280x721uu2026-02-04-14-25-35-2264694.jpg\",\"datePublished\":\"2026-02-04T18:23:34+00:00\",\"author\":{\"@id\":\"https:\/\/portaltela.pt\/#\/schema\/person\/c4278d4a6028830caff9ee44b42d32ed\"},\"breadcrumb\":{\"@id\":\"https:\/\/portaltela.pt\/noticias\/2026\/02\/04\/trump-reage-a-perguntas-sobre-epstein-durante-coletiva-de-imprensa\/#breadcrumb\"},\"inLanguage\":\"pt-PT\",\"potentialAction\":[{\"@type\":\"ReadAction\",\"target\":[\"https:\/\/portaltela.pt\/noticias\/2026\/02\/04\/trump-reage-a-perguntas-sobre-epstein-durante-coletiva-de-imprensa\/\"]}]},{\"@type\":\"ImageObject\",\"inLanguage\":\"pt-PT\",\"@id\":\"https:\/\/portaltela.pt\/noticias\/2026\/02\/04\/trump-reage-a-perguntas-sobre-epstein-durante-coletiva-de-imprensa\/#primaryimage\",\"url\":\"https:\/\/portaltela.pt\/s.01k8rhncp4jt1\/2026\/02\/img_1280x721uu2026-02-04-14-25-35-2264694.jpg\",\"contentUrl\":\"https:\/\/portaltela.pt\/s.01k8rhncp4jt1\/2026\/02\/img_1280x721uu2026-02-04-14-25-35-2264694.jpg\",\"width\":796,\"height\":448,\"caption\":\"Photo\"},{\"@type\":\"BreadcrumbList\",\"@id\":\"https:\/\/portaltela.pt\/noticias\/2026\/02\/04\/trump-reage-a-perguntas-sobre-epstein-durante-coletiva-de-imprensa\/#breadcrumb\",\"itemListElement\":[{\"@type\":\"ListItem\",\"position\":1,\"name\":\"In\u00edcio\",\"item\":\"https:\/\/portaltela.pt\/\"},{\"@type\":\"ListItem\",\"position\":2,\"name\":\"Trump reage a perguntas sobre Epstein durante coletiva de imprensa\"}]},{\"@type\":\"WebSite\",\"@id\":\"https:\/\/portaltela.pt\/#website\",\"url\":\"https:\/\/portaltela.pt\/\",\"name\":\"Portal Tela Portugal\",\"description\":\"\",\"potentialAction\":[{\"@type\":\"SearchAction\",\"target\":{\"@type\":\"EntryPoint\",\"urlTemplate\":\"https:\/\/portaltela.pt\/?s={search_term_string}\"},\"query-input\":{\"@type\":\"PropertyValueSpecification\",\"valueRequired\":true,\"valueName\":\"search_term_string\"}}],\"inLanguage\":\"pt-PT\"},{\"@type\":\"Person\",\"@id\":\"https:\/\/portaltela.pt\/#\/schema\/person\/c4278d4a6028830caff9ee44b42d32ed\",\"name\":\"Telinha\",\"image\":{\"@type\":\"ImageObject\",\"inLanguage\":\"pt-PT\",\"@id\":\"https:\/\/portaltela.pt\/s.01k8rhncp4jt1\/2025\/11\/talking-bot-125x125.png\",\"url\":\"https:\/\/portaltela.pt\/s.01k8rhncp4jt1\/2025\/11\/talking-bot-125x125.png\",\"contentUrl\":\"https:\/\/portaltela.pt\/s.01k8rhncp4jt1\/2025\/11\/talking-bot-125x125.png\",\"caption\":\"Telinha\"},\"sameAs\":[\"https:\/\/portaltela.pt\/\"],\"url\":\"https:\/\/portaltela.pt\/por\/367410592786\/\"}]}<\/script>\n<!-- \/ Yoast SEO plugin. -->","yoast_head_json":{"title":"Trump reage a perguntas sobre Epstein durante coletiva de imprensa - Portal Tela Portugal","robots":{"index":"index","follow":"follow","max-snippet":"max-snippet:-1","max-image-preview":"max-image-preview:large","max-video-preview":"max-video-preview:-1"},"og_locale":"pt_PT","og_type":"article","og_title":"Trump reage a perguntas sobre Epstein durante coletiva de imprensa - Portal Tela Portugal","og_description":"O presidente dos EUA, Donald Trump, atacou a jornalista da CNN Kaitlan Collins por n\u00e3o sorrir enquanto lhe fazia perguntas sobre o caso Jeffrey Epstein. Trump desvalorizou as novas revela\u00e7\u00f5es dos documentos do Epstein, sugerindo que o tema n\u00e3o interessa ao povo dos EUA e que a \u00fanica parte relevante seria a conspira\u00e7\u00e3o contra ele. O ataque ocorreu durante um evento na Sala Oval, quando Collins perguntou sobre men\u00e7\u00f5es a Elon Musk e ao Secret\u00e1rio do Com\u00e9rcio Howard Lutnick em e-mails com Epstein e se tinha lido a nova tranche de documentos. Trump disse: \u201cN\u00e3o\u201d, afirmou que tinha muitas coisas para fazer e questionou se as men\u00e7\u00f5es eram relevantes, sugerindo que estavam bem e que, caso contr\u00e1rio, haveria manchetes. Ao tentar abordar os sobreviventes de abuso sexual, Trump chamou Collins de \u201ca pior rep\u00f3rter\u201d e disse que a jornalista da CNN nunca sorri, repetindo o desagrado \u00e0 imprensa durante o encerramento do evento.","og_url":"https:\/\/portaltela.pt\/noticias\/2026\/02\/04\/trump-reage-a-perguntas-sobre-epstein-durante-coletiva-de-imprensa\/","og_site_name":"Portal Tela Portugal","article_published_time":"2026-02-04T18:23:34+00:00","author":"Telinha","twitter_card":"summary_large_image","twitter_misc":{"Escrito por":"Telinha","Tempo estimado de leitura":"1 minuto"},"schema":{"@context":"https:\/\/schema.org","@graph":[{"@type":"Article","@id":"https:\/\/portaltela.pt\/noticias\/2026\/02\/04\/trump-reage-a-perguntas-sobre-epstein-durante-coletiva-de-imprensa\/#article","isPartOf":{"@id":"https:\/\/portaltela.pt\/noticias\/2026\/02\/04\/trump-reage-a-perguntas-sobre-epstein-durante-coletiva-de-imprensa\/"},"author":{"name":"Telinha","@id":"https:\/\/portaltela.pt\/#\/schema\/person\/c4278d4a6028830caff9ee44b42d32ed"},"headline":"Trump reage a perguntas sobre Epstein durante coletiva de imprensa","datePublished":"2026-02-04T18:23:34+00:00","mainEntityOfPage":{"@id":"https:\/\/portaltela.pt\/noticias\/2026\/02\/04\/trump-reage-a-perguntas-sobre-epstein-durante-coletiva-de-imprensa\/"},"wordCount":247,"image":{"@id":"https:\/\/portaltela.pt\/noticias\/2026\/02\/04\/trump-reage-a-perguntas-sobre-epstein-durante-coletiva-de-imprensa\/#primaryimage"},"thumbnailUrl":"https:\/\/portaltela.pt\/s.01k8rhncp4jt1\/2026\/02\/img_1280x721uu2026-02-04-14-25-35-2264694.jpg","keywords":["conspira\u00e7\u00e3o internacional","documentos","imprensa","informa\u00e7\u00e3o","pol\u00edtica","presidente"],"articleSection":["Internacional","Not\u00edcias"],"inLanguage":"pt-PT"},{"@type":"WebPage","@id":"https:\/\/portaltela.pt\/noticias\/2026\/02\/04\/trump-reage-a-perguntas-sobre-epstein-durante-coletiva-de-imprensa\/","url":"https:\/\/portaltela.pt\/noticias\/2026\/02\/04\/trump-reage-a-perguntas-sobre-epstein-durante-coletiva-de-imprensa\/","name":"Trump reage a perguntas sobre Epstein durante coletiva de imprensa - Portal Tela Portugal","isPartOf":{"@id":"https:\/\/portaltela.pt\/#website"},"primaryImageOfPage":{"@id":"https:\/\/portaltela.pt\/noticias\/2026\/02\/04\/trump-reage-a-perguntas-sobre-epstein-durante-coletiva-de-imprensa\/#primaryimage"},"image":{"@id":"https:\/\/portaltela.pt\/noticias\/2026\/02\/04\/trump-reage-a-perguntas-sobre-epstein-durante-coletiva-de-imprensa\/#primaryimage"},"thumbnailUrl":"https:\/\/portaltela.pt\/s.01k8rhncp4jt1\/2026\/02\/img_1280x721uu2026-02-04-14-25-35-2264694.jpg","datePublished":"2026-02-04T18:23:34+00:00","author":{"@id":"https:\/\/portaltela.pt\/#\/schema\/person\/c4278d4a6028830caff9ee44b42d32ed"},"breadcrumb":{"@id":"https:\/\/portaltela.pt\/noticias\/2026\/02\/04\/trump-reage-a-perguntas-sobre-epstein-durante-coletiva-de-imprensa\/#breadcrumb"},"inLanguage":"pt-PT","potentialAction":[{"@type":"ReadAction","target":["https:\/\/portaltela.pt\/noticias\/2026\/02\/04\/trump-reage-a-perguntas-sobre-epstein-durante-coletiva-de-imprensa\/"]}]},{"@type":"ImageObject","inLanguage":"pt-PT","@id":"https:\/\/portaltela.pt\/noticias\/2026\/02\/04\/trump-reage-a-perguntas-sobre-epstein-durante-coletiva-de-imprensa\/#primaryimage","url":"https:\/\/portaltela.pt\/s.01k8rhncp4jt1\/2026\/02\/img_1280x721uu2026-02-04-14-25-35-2264694.jpg","contentUrl":"https:\/\/portaltela.pt\/s.01k8rhncp4jt1\/2026\/02\/img_1280x721uu2026-02-04-14-25-35-2264694.jpg","width":796,"height":448,"caption":"Photo"},{"@type":"BreadcrumbList","@id":"https:\/\/portaltela.pt\/noticias\/2026\/02\/04\/trump-reage-a-perguntas-sobre-epstein-durante-coletiva-de-imprensa\/#breadcrumb","itemListElement":[{"@type":"ListItem","position":1,"name":"In\u00edcio","item":"https:\/\/portaltela.pt\/"},{"@type":"ListItem","position":2,"name":"Trump reage a perguntas sobre Epstein durante coletiva de imprensa"}]},{"@type":"WebSite","@id":"https:\/\/portaltela.pt\/#website","url":"https:\/\/portaltela.pt\/","name":"Portal Tela Portugal","description":"","potentialAction":[{"@type":"SearchAction","target":{"@type":"EntryPoint","urlTemplate":"https:\/\/portaltela.pt\/?s={search_term_string}"},"query-input":{"@type":"PropertyValueSpecification","valueRequired":true,"valueName":"search_term_string"}}],"inLanguage":"pt-PT"},{"@type":"Person","@id":"https:\/\/portaltela.pt\/#\/schema\/person\/c4278d4a6028830caff9ee44b42d32ed","name":"Telinha","image":{"@type":"ImageObject","inLanguage":"pt-PT","@id":"https:\/\/portaltela.pt\/s.01k8rhncp4jt1\/2025\/11\/talking-bot-125x125.png","url":"https:\/\/portaltela.pt\/s.01k8rhncp4jt1\/2025\/11\/talking-bot-125x125.png","contentUrl":"https:\/\/portaltela.pt\/s.01k8rhncp4jt1\/2025\/11\/talking-bot-125x125.png","caption":"Telinha"},"sameAs":["https:\/\/portaltela.pt\/"],"url":"https:\/\/portaltela.pt\/por\/367410592786\/"}]}},"_links":{"self":[{"href":"https:\/\/portaltela.pt\/api\/wp\/v2\/posts\/197691","targetHints":{"allow":["GET"]}}],"collection":[{"href":"https:\/\/portaltela.pt\/api\/wp\/v2\/posts"}],"about":[{"href":"https:\/\/portaltela.pt\/api\/wp\/v2\/types\/post"}],"author":[{"embeddable":true,"href":"https:\/\/portaltela.pt\/api\/wp\/v2\/users\/2"}],"replies":[{"embeddable":true,"href":"https:\/\/portaltela.pt\/api\/wp\/v2\/comments?post=197691"}],"version-history":[{"count":0,"href":"https:\/\/portaltela.pt\/api\/wp\/v2\/posts\/197691\/revisions"}],"wp:featuredmedia":[{"embeddable":true,"href":"https:\/\/portaltela.pt\/api\/wp\/v2\/media\/197696"}],"wp:attachment":[{"href":"https:\/\/portaltela.pt\/api\/wp\/v2\/media?parent=197691"}],"wp:term":[{"taxonomy":"category","embeddable":true,"href":"https:\/\/portaltela.pt\/api\/wp\/v2\/categories?post=197691"},{"taxonomy":"post_tag","embeddable":true,"href":"https:\/\/portaltela.pt\/api\/wp\/v2\/tags?post=197691"}],"curies":[{"name":"wp","href":"https:\/\/api.w.org\/{rel}","templated":true}]}}