{"id":197686,"date":"2026-02-04T15:10:00","date_gmt":"2026-02-04T18:10:00","guid":{"rendered":"https:\/\/portaltela.pt\/noticias\/2026\/02\/04\/ps-ainda-sem-replica-a-propostas-e-confronta-montenegro-no-debate-quinzenal\/"},"modified":"2026-02-04T15:10:00","modified_gmt":"2026-02-04T18:10:00","slug":"ps-ainda-sem-replica-a-propostas-e-confronta-montenegro-no-debate-quinzenal","status":"publish","type":"post","link":"https:\/\/portaltela.pt\/noticias\/politica\/2026\/02\/04\/ps-ainda-sem-replica-a-propostas-e-confronta-montenegro-no-debate-quinzenal\/","title":{"rendered":"PS ainda sem r\u00e9plica a propostas e confronta Montenegro no debate quinzenal"},"content":{"rendered":"<p>O PS entregou ao primeiro-ministro um pacote com cerca de 70 propostas para responder \u00e0 crise provocada pela tempestade Kristin. A iniciativa surge no \u00e2mbito da rea\u00e7\u00e3o pol\u00edtica \u00e0 situa\u00e7\u00e3o vivida no pa\u00eds.<\/p>\n<p>O secret\u00e1rio-geral do PS, ainda sem r\u00e9plica do Governo, informou que vai pedir responsabilidades pol\u00edticas e confrontar Lu\u00eds Montenegro com a atua\u00e7\u00e3o governamental no pr\u00f3ximo debate quinzenal. A cr\u00edtica centra-se na gest\u00e3o da crise.<\/p>\n<h3>Propostas apresentadas<\/h3>\n<p>Entre as medidas propostas est\u00e3o mecanismos de resposta r\u00e1pida e instrumentos de apoio \u00e0s regi\u00f5es mais afetadas, com foco em coordena\u00e7\u00e3o entre entidades centrais e locais. A forma\u00e7\u00e3o das propostas visa aumentar a efici\u00eancia na resposta \u00e0 tempestade.<\/p>\n<h3>Debate quinzenal e pr\u00f3ximos passos<\/h3>\n<p>O confronto entre o PS e Montenegro est\u00e1 planeado para o debate quinzenal, que se realiza na pr\u00f3xima semana. O objetivo \u00e9 esclarecer posi\u00e7\u00f5es sobre a mem\u00f3ria de gest\u00e3o da tempestade e o planeamento da reconstru\u00e7\u00e3o.<\/p>\n","protected":false},"excerpt":{"rendered":"<ul>\n<li>O Partido Socialista entregou ao primeiro-ministro um programa com cerca de setenta propostas para responder \u00e0 crise causada pela tempestade Kristin.<\/li>\n<li>Ainda sem r\u00e9plica, o secret\u00e1rio-geral do PS avan\u00e7ou que vai pedir responsabilidades pol\u00edticas e confrontar Lu\u00eds Montenegro no pr\u00f3ximo debate quinzenal.<\/li>\n<li>O objetivo \u00e9 demonstrar a debilidade da actua\u00e7\u00e3o do Governo na gest\u00e3o da tempestade.<\/li>\n<li>O l\u00edder socialista, Jos\u00e9 Lu\u00eds Carneiro, disse que quer colaborar com o Governo na resposta \u00e0 tempestade por ora.<\/li>\n<li>Na pr\u00f3xima semana, pretende refor\u00e7ar as cr\u00edticas e apresentar quest\u00f5es durante o debate quinzenal.<\/li>\n<\/ul>\n","protected":false},"author":2,"featured_media":197692,"comment_status":"closed","ping_status":"closed","sticky":false,"template":"","format":"standard","meta":{"footnotes":""},"categories":[1,5],"tags":[168,2415,34,2832,2107,2144],"class_list":["post-197686","post","type-post","status-publish","format-standard","has-post-thumbnail","hentry","category-noticias","category-politica","tag-administracao-publica","tag-gestao","tag-governo","tag-politica","tag-propostas","tag-ps"],"yoast_head":"<!-- This site is optimized with the Yoast SEO plugin v27.2 - https:\/\/yoast.com\/product\/yoast-seo-wordpress\/ -->\n<title>PS ainda sem r\u00e9plica a propostas e confronta Montenegro no debate quinzenal - Portal Tela Portugal<\/title>\n<meta name=\"robots\" content=\"index, follow, max-snippet:-1, max-image-preview:large, max-video-preview:-1\" \/>\n<meta property=\"og:locale\" content=\"pt_PT\" \/>\n<meta property=\"og:type\" content=\"article\" \/>\n<meta property=\"og:title\" content=\"PS ainda sem r\u00e9plica a propostas e confronta Montenegro no debate quinzenal - Portal Tela Portugal\" \/>\n<meta property=\"og:description\" content=\"O Partido Socialista entregou ao primeiro-ministro um programa com cerca de setenta propostas para responder \u00e0 crise causada pela tempestade Kristin. Ainda sem r\u00e9plica, o secret\u00e1rio-geral do PS avan\u00e7ou que vai pedir responsabilidades pol\u00edticas e confrontar Lu\u00eds Montenegro no pr\u00f3ximo debate quinzenal. O objetivo \u00e9 demonstrar a debilidade da actua\u00e7\u00e3o do Governo na gest\u00e3o da tempestade. O l\u00edder socialista, Jos\u00e9 Lu\u00eds Carneiro, disse que quer colaborar com o Governo na resposta \u00e0 tempestade por ora. Na pr\u00f3xima semana, pretende refor\u00e7ar as cr\u00edticas e apresentar quest\u00f5es durante o debate quinzenal.\" \/>\n<meta property=\"og:url\" content=\"https:\/\/portaltela.pt\/noticias\/2026\/02\/04\/ps-ainda-sem-replica-a-propostas-e-confronta-montenegro-no-debate-quinzenal\/\" \/>\n<meta property=\"og:site_name\" content=\"Portal Tela Portugal\" \/>\n<meta property=\"article:published_time\" content=\"2026-02-04T18:10:00+00:00\" \/>\n<meta name=\"author\" content=\"Telinha\" \/>\n<meta name=\"twitter:card\" content=\"summary_large_image\" \/>\n<meta name=\"twitter:label1\" content=\"Escrito por\" \/>\n\t<meta name=\"twitter:data1\" content=\"Telinha\" \/>\n\t<meta name=\"twitter:label2\" content=\"Tempo estimado de leitura\" \/>\n\t<meta name=\"twitter:data2\" content=\"1 minuto\" \/>\n<script type=\"application\/ld+json\" class=\"yoast-schema-graph\">{\"@context\":\"https:\/\/schema.org\",\"@graph\":[{\"@type\":\"Article\",\"@id\":\"https:\/\/portaltela.pt\/noticias\/2026\/02\/04\/ps-ainda-sem-replica-a-propostas-e-confronta-montenegro-no-debate-quinzenal\/#article\",\"isPartOf\":{\"@id\":\"https:\/\/portaltela.pt\/noticias\/2026\/02\/04\/ps-ainda-sem-replica-a-propostas-e-confronta-montenegro-no-debate-quinzenal\/\"},\"author\":{\"name\":\"Telinha\",\"@id\":\"https:\/\/portaltela.pt\/#\/schema\/person\/c4278d4a6028830caff9ee44b42d32ed\"},\"headline\":\"PS ainda sem r\u00e9plica a propostas e confronta Montenegro no debate quinzenal\",\"datePublished\":\"2026-02-04T18:10:00+00:00\",\"mainEntityOfPage\":{\"@id\":\"https:\/\/portaltela.pt\/noticias\/2026\/02\/04\/ps-ainda-sem-replica-a-propostas-e-confronta-montenegro-no-debate-quinzenal\/\"},\"wordCount\":180,\"image\":{\"@id\":\"https:\/\/portaltela.pt\/noticias\/2026\/02\/04\/ps-ainda-sem-replica-a-propostas-e-confronta-montenegro-no-debate-quinzenal\/#primaryimage\"},\"thumbnailUrl\":\"https:\/\/portaltela.pt\/s.01k8rhncp4jt1\/2026\/02\/2064526.jpg\",\"keywords\":[\"administra\u00e7\u00e3o p\u00fablica\",\"gest\u00e3o\",\"governo\",\"pol\u00edtica\",\"propostas\",\"PS\"],\"articleSection\":[\"Not\u00edcias\",\"Pol\u00edtica\"],\"inLanguage\":\"pt-PT\"},{\"@type\":\"WebPage\",\"@id\":\"https:\/\/portaltela.pt\/noticias\/2026\/02\/04\/ps-ainda-sem-replica-a-propostas-e-confronta-montenegro-no-debate-quinzenal\/\",\"url\":\"https:\/\/portaltela.pt\/noticias\/2026\/02\/04\/ps-ainda-sem-replica-a-propostas-e-confronta-montenegro-no-debate-quinzenal\/\",\"name\":\"PS ainda sem r\u00e9plica a propostas e confronta Montenegro no debate quinzenal - Portal Tela Portugal\",\"isPartOf\":{\"@id\":\"https:\/\/portaltela.pt\/#website\"},\"primaryImageOfPage\":{\"@id\":\"https:\/\/portaltela.pt\/noticias\/2026\/02\/04\/ps-ainda-sem-replica-a-propostas-e-confronta-montenegro-no-debate-quinzenal\/#primaryimage\"},\"image\":{\"@id\":\"https:\/\/portaltela.pt\/noticias\/2026\/02\/04\/ps-ainda-sem-replica-a-propostas-e-confronta-montenegro-no-debate-quinzenal\/#primaryimage\"},\"thumbnailUrl\":\"https:\/\/portaltela.pt\/s.01k8rhncp4jt1\/2026\/02\/2064526.jpg\",\"datePublished\":\"2026-02-04T18:10:00+00:00\",\"author\":{\"@id\":\"https:\/\/portaltela.pt\/#\/schema\/person\/c4278d4a6028830caff9ee44b42d32ed\"},\"breadcrumb\":{\"@id\":\"https:\/\/portaltela.pt\/noticias\/2026\/02\/04\/ps-ainda-sem-replica-a-propostas-e-confronta-montenegro-no-debate-quinzenal\/#breadcrumb\"},\"inLanguage\":\"pt-PT\",\"potentialAction\":[{\"@type\":\"ReadAction\",\"target\":[\"https:\/\/portaltela.pt\/noticias\/2026\/02\/04\/ps-ainda-sem-replica-a-propostas-e-confronta-montenegro-no-debate-quinzenal\/\"]}]},{\"@type\":\"ImageObject\",\"inLanguage\":\"pt-PT\",\"@id\":\"https:\/\/portaltela.pt\/noticias\/2026\/02\/04\/ps-ainda-sem-replica-a-propostas-e-confronta-montenegro-no-debate-quinzenal\/#primaryimage\",\"url\":\"https:\/\/portaltela.pt\/s.01k8rhncp4jt1\/2026\/02\/2064526.jpg\",\"contentUrl\":\"https:\/\/portaltela.pt\/s.01k8rhncp4jt1\/2026\/02\/2064526.jpg\",\"width\":796,\"height\":448,\"caption\":\"Jos\u00e9 Lu\u00eds Carneiro no debate quinzenal com o primeiro-ministro de 5 de Dezembro\"},{\"@type\":\"BreadcrumbList\",\"@id\":\"https:\/\/portaltela.pt\/noticias\/2026\/02\/04\/ps-ainda-sem-replica-a-propostas-e-confronta-montenegro-no-debate-quinzenal\/#breadcrumb\",\"itemListElement\":[{\"@type\":\"ListItem\",\"position\":1,\"name\":\"In\u00edcio\",\"item\":\"https:\/\/portaltela.pt\/\"},{\"@type\":\"ListItem\",\"position\":2,\"name\":\"PS ainda sem r\u00e9plica a propostas e confronta Montenegro no debate quinzenal\"}]},{\"@type\":\"WebSite\",\"@id\":\"https:\/\/portaltela.pt\/#website\",\"url\":\"https:\/\/portaltela.pt\/\",\"name\":\"Portal Tela Portugal\",\"description\":\"\",\"potentialAction\":[{\"@type\":\"SearchAction\",\"target\":{\"@type\":\"EntryPoint\",\"urlTemplate\":\"https:\/\/portaltela.pt\/?s={search_term_string}\"},\"query-input\":{\"@type\":\"PropertyValueSpecification\",\"valueRequired\":true,\"valueName\":\"search_term_string\"}}],\"inLanguage\":\"pt-PT\"},{\"@type\":\"Person\",\"@id\":\"https:\/\/portaltela.pt\/#\/schema\/person\/c4278d4a6028830caff9ee44b42d32ed\",\"name\":\"Telinha\",\"image\":{\"@type\":\"ImageObject\",\"inLanguage\":\"pt-PT\",\"@id\":\"https:\/\/portaltela.pt\/s.01k8rhncp4jt1\/2025\/11\/talking-bot-125x125.png\",\"url\":\"https:\/\/portaltela.pt\/s.01k8rhncp4jt1\/2025\/11\/talking-bot-125x125.png\",\"contentUrl\":\"https:\/\/portaltela.pt\/s.01k8rhncp4jt1\/2025\/11\/talking-bot-125x125.png\",\"caption\":\"Telinha\"},\"sameAs\":[\"https:\/\/portaltela.pt\/\"],\"url\":\"https:\/\/portaltela.pt\/por\/367410592786\/\"}]}<\/script>\n<!-- \/ Yoast SEO plugin. -->","yoast_head_json":{"title":"PS ainda sem r\u00e9plica a propostas e confronta Montenegro no debate quinzenal - Portal Tela Portugal","robots":{"index":"index","follow":"follow","max-snippet":"max-snippet:-1","max-image-preview":"max-image-preview:large","max-video-preview":"max-video-preview:-1"},"og_locale":"pt_PT","og_type":"article","og_title":"PS ainda sem r\u00e9plica a propostas e confronta Montenegro no debate quinzenal - Portal Tela Portugal","og_description":"O Partido Socialista entregou ao primeiro-ministro um programa com cerca de setenta propostas para responder \u00e0 crise causada pela tempestade Kristin. Ainda sem r\u00e9plica, o secret\u00e1rio-geral do PS avan\u00e7ou que vai pedir responsabilidades pol\u00edticas e confrontar Lu\u00eds Montenegro no pr\u00f3ximo debate quinzenal. O objetivo \u00e9 demonstrar a debilidade da actua\u00e7\u00e3o do Governo na gest\u00e3o da tempestade. O l\u00edder socialista, Jos\u00e9 Lu\u00eds Carneiro, disse que quer colaborar com o Governo na resposta \u00e0 tempestade por ora. Na pr\u00f3xima semana, pretende refor\u00e7ar as cr\u00edticas e apresentar quest\u00f5es durante o debate quinzenal.","og_url":"https:\/\/portaltela.pt\/noticias\/2026\/02\/04\/ps-ainda-sem-replica-a-propostas-e-confronta-montenegro-no-debate-quinzenal\/","og_site_name":"Portal Tela Portugal","article_published_time":"2026-02-04T18:10:00+00:00","author":"Telinha","twitter_card":"summary_large_image","twitter_misc":{"Escrito por":"Telinha","Tempo estimado de leitura":"1 minuto"},"schema":{"@context":"https:\/\/schema.org","@graph":[{"@type":"Article","@id":"https:\/\/portaltela.pt\/noticias\/2026\/02\/04\/ps-ainda-sem-replica-a-propostas-e-confronta-montenegro-no-debate-quinzenal\/#article","isPartOf":{"@id":"https:\/\/portaltela.pt\/noticias\/2026\/02\/04\/ps-ainda-sem-replica-a-propostas-e-confronta-montenegro-no-debate-quinzenal\/"},"author":{"name":"Telinha","@id":"https:\/\/portaltela.pt\/#\/schema\/person\/c4278d4a6028830caff9ee44b42d32ed"},"headline":"PS ainda sem r\u00e9plica a propostas e confronta Montenegro no debate quinzenal","datePublished":"2026-02-04T18:10:00+00:00","mainEntityOfPage":{"@id":"https:\/\/portaltela.pt\/noticias\/2026\/02\/04\/ps-ainda-sem-replica-a-propostas-e-confronta-montenegro-no-debate-quinzenal\/"},"wordCount":180,"image":{"@id":"https:\/\/portaltela.pt\/noticias\/2026\/02\/04\/ps-ainda-sem-replica-a-propostas-e-confronta-montenegro-no-debate-quinzenal\/#primaryimage"},"thumbnailUrl":"https:\/\/portaltela.pt\/s.01k8rhncp4jt1\/2026\/02\/2064526.jpg","keywords":["administra\u00e7\u00e3o p\u00fablica","gest\u00e3o","governo","pol\u00edtica","propostas","PS"],"articleSection":["Not\u00edcias","Pol\u00edtica"],"inLanguage":"pt-PT"},{"@type":"WebPage","@id":"https:\/\/portaltela.pt\/noticias\/2026\/02\/04\/ps-ainda-sem-replica-a-propostas-e-confronta-montenegro-no-debate-quinzenal\/","url":"https:\/\/portaltela.pt\/noticias\/2026\/02\/04\/ps-ainda-sem-replica-a-propostas-e-confronta-montenegro-no-debate-quinzenal\/","name":"PS ainda sem r\u00e9plica a propostas e confronta Montenegro no debate quinzenal - Portal Tela Portugal","isPartOf":{"@id":"https:\/\/portaltela.pt\/#website"},"primaryImageOfPage":{"@id":"https:\/\/portaltela.pt\/noticias\/2026\/02\/04\/ps-ainda-sem-replica-a-propostas-e-confronta-montenegro-no-debate-quinzenal\/#primaryimage"},"image":{"@id":"https:\/\/portaltela.pt\/noticias\/2026\/02\/04\/ps-ainda-sem-replica-a-propostas-e-confronta-montenegro-no-debate-quinzenal\/#primaryimage"},"thumbnailUrl":"https:\/\/portaltela.pt\/s.01k8rhncp4jt1\/2026\/02\/2064526.jpg","datePublished":"2026-02-04T18:10:00+00:00","author":{"@id":"https:\/\/portaltela.pt\/#\/schema\/person\/c4278d4a6028830caff9ee44b42d32ed"},"breadcrumb":{"@id":"https:\/\/portaltela.pt\/noticias\/2026\/02\/04\/ps-ainda-sem-replica-a-propostas-e-confronta-montenegro-no-debate-quinzenal\/#breadcrumb"},"inLanguage":"pt-PT","potentialAction":[{"@type":"ReadAction","target":["https:\/\/portaltela.pt\/noticias\/2026\/02\/04\/ps-ainda-sem-replica-a-propostas-e-confronta-montenegro-no-debate-quinzenal\/"]}]},{"@type":"ImageObject","inLanguage":"pt-PT","@id":"https:\/\/portaltela.pt\/noticias\/2026\/02\/04\/ps-ainda-sem-replica-a-propostas-e-confronta-montenegro-no-debate-quinzenal\/#primaryimage","url":"https:\/\/portaltela.pt\/s.01k8rhncp4jt1\/2026\/02\/2064526.jpg","contentUrl":"https:\/\/portaltela.pt\/s.01k8rhncp4jt1\/2026\/02\/2064526.jpg","width":796,"height":448,"caption":"Jos\u00e9 Lu\u00eds Carneiro no debate quinzenal com o primeiro-ministro de 5 de Dezembro"},{"@type":"BreadcrumbList","@id":"https:\/\/portaltela.pt\/noticias\/2026\/02\/04\/ps-ainda-sem-replica-a-propostas-e-confronta-montenegro-no-debate-quinzenal\/#breadcrumb","itemListElement":[{"@type":"ListItem","position":1,"name":"In\u00edcio","item":"https:\/\/portaltela.pt\/"},{"@type":"ListItem","position":2,"name":"PS ainda sem r\u00e9plica a propostas e confronta Montenegro no debate quinzenal"}]},{"@type":"WebSite","@id":"https:\/\/portaltela.pt\/#website","url":"https:\/\/portaltela.pt\/","name":"Portal Tela Portugal","description":"","potentialAction":[{"@type":"SearchAction","target":{"@type":"EntryPoint","urlTemplate":"https:\/\/portaltela.pt\/?s={search_term_string}"},"query-input":{"@type":"PropertyValueSpecification","valueRequired":true,"valueName":"search_term_string"}}],"inLanguage":"pt-PT"},{"@type":"Person","@id":"https:\/\/portaltela.pt\/#\/schema\/person\/c4278d4a6028830caff9ee44b42d32ed","name":"Telinha","image":{"@type":"ImageObject","inLanguage":"pt-PT","@id":"https:\/\/portaltela.pt\/s.01k8rhncp4jt1\/2025\/11\/talking-bot-125x125.png","url":"https:\/\/portaltela.pt\/s.01k8rhncp4jt1\/2025\/11\/talking-bot-125x125.png","contentUrl":"https:\/\/portaltela.pt\/s.01k8rhncp4jt1\/2025\/11\/talking-bot-125x125.png","caption":"Telinha"},"sameAs":["https:\/\/portaltela.pt\/"],"url":"https:\/\/portaltela.pt\/por\/367410592786\/"}]}},"_links":{"self":[{"href":"https:\/\/portaltela.pt\/api\/wp\/v2\/posts\/197686","targetHints":{"allow":["GET"]}}],"collection":[{"href":"https:\/\/portaltela.pt\/api\/wp\/v2\/posts"}],"about":[{"href":"https:\/\/portaltela.pt\/api\/wp\/v2\/types\/post"}],"author":[{"embeddable":true,"href":"https:\/\/portaltela.pt\/api\/wp\/v2\/users\/2"}],"replies":[{"embeddable":true,"href":"https:\/\/portaltela.pt\/api\/wp\/v2\/comments?post=197686"}],"version-history":[{"count":0,"href":"https:\/\/portaltela.pt\/api\/wp\/v2\/posts\/197686\/revisions"}],"wp:featuredmedia":[{"embeddable":true,"href":"https:\/\/portaltela.pt\/api\/wp\/v2\/media\/197692"}],"wp:attachment":[{"href":"https:\/\/portaltela.pt\/api\/wp\/v2\/media?parent=197686"}],"wp:term":[{"taxonomy":"category","embeddable":true,"href":"https:\/\/portaltela.pt\/api\/wp\/v2\/categories?post=197686"},{"taxonomy":"post_tag","embeddable":true,"href":"https:\/\/portaltela.pt\/api\/wp\/v2\/tags?post=197686"}],"curies":[{"name":"wp","href":"https:\/\/api.w.org\/{rel}","templated":true}]}}