{"id":197682,"date":"2026-02-04T15:04:00","date_gmt":"2026-02-04T18:04:00","guid":{"rendered":"https:\/\/portaltela.pt\/noticias\/2026\/02\/04\/o-estado-nao-pode-falhar-nas-tragedias\/"},"modified":"2026-02-04T15:04:00","modified_gmt":"2026-02-04T18:04:00","slug":"o-estado-nao-pode-falhar-nas-tragedias","status":"publish","type":"post","link":"https:\/\/portaltela.pt\/noticias\/politica\/2026\/02\/04\/o-estado-nao-pode-falhar-nas-tragedias\/","title":{"rendered":"O Estado n\u00e3o pode falhar nas trag\u00e9dias"},"content":{"rendered":"<p>O Estado foi criticado pela forma como lidou com a tempestade Kristin, ap\u00f3s ter emitido um Alerta Vermelho sem oferecer orienta\u00e7\u00f5es claras para proteger pessoas, bens e empresas. A acusa\u00e7\u00e3o central \u00e9 de falha na preven\u00e7\u00e3o e na resposta inicial.<\/p>\n<p>Segundo relatos, muitos cidad\u00e3os sentiram-se abandonados, sem \u00e1gua, comida ou energia, ap\u00f3s o fen\u00f3meno meteorol\u00f3gico. Observadores indicam que for\u00e7as de seguran\u00e7a, militares e administra\u00e7\u00e3o n\u00e3o estiveram no terreno de forma c\u00e9lere, deixando a popula\u00e7\u00e3o a enfrentar os impactos sozinha.<\/p>\n<p>As avalia\u00e7\u00f5es apontam falta de lideran\u00e7a e de comando por parte do Governo em fun\u00e7\u00f5es. Nomes de ministros foram citados por cr\u00edticas de desempenho, incluindo descri\u00e7\u00f5es de v\u00e1rias interven\u00e7\u00f5es como inadequadas para a gravidade da situa\u00e7\u00e3o.<\/p>\n<p>A cr\u00edtica tamb\u00e9m abrange a perce\u00e7\u00e3o de demora na mobiliza\u00e7\u00e3o de recursos humanos e materiais, bem como na disponibiliza\u00e7\u00e3o de apoios financeiros imediatos. A opini\u00e3o p\u00fablica tem sustentado a necessidade de respostas r\u00e1pidas para evitar custos adicionais para as pequenas e m\u00e9dias empresas.<\/p>\n<p>Em contrapartida, agrupamentos locais, bombeiros, autarcas e emigrantes teriam organizado esfor\u00e7os de apoio, contribuindo para a reconstru\u00e7\u00e3o e assist\u00eancia aos afetados. Integra-se neste retrato uma men\u00e7\u00e3o especial aos emigrantes que atuaram de forma relevante no terreno.<\/p>\n<p>A posi\u00e7\u00e3o de que a hist\u00f3ria se repete \u00e9 partilhada por quem aponta que, em epis\u00f3dios anteriores, o Governo n\u00e3o teria aprendido li\u00e7\u00f5es, impedindo uma rea\u00e7\u00e3o mais eficaz. O balan\u00e7o mant\u00e9m-se centrado na perce\u00e7\u00e3o de insufici\u00eancia de medidas preventivas e de prote\u00e7\u00e3o social.<\/p>\n","protected":false},"excerpt":{"rendered":"<ul>\n<li>O Governo falhou na preven\u00e7\u00e3o e na resposta \u00e0 tempestade Kristin, com atraso na atua\u00e7\u00e3o e insufici\u00eancia de apoios imediatos.<\/li>\n<li>Falhou ainda na orienta\u00e7\u00e3o a cidad\u00e3os, ind\u00fastrias e com\u00e9rcios para protegerem bens e vidas, o que poderia ter reduzido danos.<\/li>\n<li>O povo, autarquias, bombeiros e emigrantes organizaram-se e ajudaram, mesmo sem apoio r\u00e1pido do Governo.<\/li>\n<li>Cr\u00edtica a ministros citados: Leit\u00e3o Amaro, Maria L\u00facia Amaral, Nuno Melo e Castro Almeida; Montenegro \u00e9 apontado como incapaz de antever a dimens\u00e3o da cat\u00e1strofe.<\/li>\n<li>Emigrantes ficaram de fora dos apoios decretados, repetindo situa\u00e7\u00e3o vivida nos inc\u00eandios de ver\u00e3o, segundo a narrativa.<\/li>\n<\/ul>\n","protected":false},"author":2,"featured_media":197683,"comment_status":"closed","ping_status":"closed","sticky":false,"template":"","format":"standard","meta":{"footnotes":""},"categories":[1,5],"tags":[5365,5210,3057,5215,34,320],"class_list":["post-197682","post","type-post","status-publish","format-standard","has-post-thumbnail","hentry","category-noticias","category-politica","tag-acalamidade-publica","tag-alerta-vermelho","tag-autarcas","tag-catastrofes-naturais","tag-governo","tag-protecao-civil"],"yoast_head":"<!-- This site is optimized with the Yoast SEO plugin v27.2 - https:\/\/yoast.com\/product\/yoast-seo-wordpress\/ -->\n<title>O Estado n\u00e3o pode falhar nas trag\u00e9dias - Portal Tela Portugal<\/title>\n<meta name=\"robots\" content=\"index, follow, max-snippet:-1, max-image-preview:large, max-video-preview:-1\" \/>\n<meta property=\"og:locale\" content=\"pt_PT\" \/>\n<meta property=\"og:type\" content=\"article\" \/>\n<meta property=\"og:title\" content=\"O Estado n\u00e3o pode falhar nas trag\u00e9dias - Portal Tela Portugal\" \/>\n<meta property=\"og:description\" content=\"O Governo falhou na preven\u00e7\u00e3o e na resposta \u00e0 tempestade Kristin, com atraso na atua\u00e7\u00e3o e insufici\u00eancia de apoios imediatos. Falhou ainda na orienta\u00e7\u00e3o a cidad\u00e3os, ind\u00fastrias e com\u00e9rcios para protegerem bens e vidas, o que poderia ter reduzido danos. O povo, autarquias, bombeiros e emigrantes organizaram-se e ajudaram, mesmo sem apoio r\u00e1pido do Governo. Cr\u00edtica a ministros citados: Leit\u00e3o Amaro, Maria L\u00facia Amaral, Nuno Melo e Castro Almeida; Montenegro \u00e9 apontado como incapaz de antever a dimens\u00e3o da cat\u00e1strofe. Emigrantes ficaram de fora dos apoios decretados, repetindo situa\u00e7\u00e3o vivida nos inc\u00eandios de ver\u00e3o, segundo a narrativa.\" \/>\n<meta property=\"og:url\" content=\"https:\/\/portaltela.pt\/noticias\/2026\/02\/04\/o-estado-nao-pode-falhar-nas-tragedias\/\" \/>\n<meta property=\"og:site_name\" content=\"Portal Tela Portugal\" \/>\n<meta property=\"article:published_time\" content=\"2026-02-04T18:04:00+00:00\" \/>\n<meta name=\"author\" content=\"Telinha\" \/>\n<meta name=\"twitter:card\" content=\"summary_large_image\" \/>\n<meta name=\"twitter:label1\" content=\"Escrito por\" \/>\n\t<meta name=\"twitter:data1\" content=\"Telinha\" \/>\n\t<meta name=\"twitter:label2\" content=\"Tempo estimado de leitura\" \/>\n\t<meta name=\"twitter:data2\" content=\"1 minuto\" \/>\n<script type=\"application\/ld+json\" class=\"yoast-schema-graph\">{\"@context\":\"https:\/\/schema.org\",\"@graph\":[{\"@type\":\"Article\",\"@id\":\"https:\/\/portaltela.pt\/noticias\/2026\/02\/04\/o-estado-nao-pode-falhar-nas-tragedias\/#article\",\"isPartOf\":{\"@id\":\"https:\/\/portaltela.pt\/noticias\/2026\/02\/04\/o-estado-nao-pode-falhar-nas-tragedias\/\"},\"author\":{\"name\":\"Telinha\",\"@id\":\"https:\/\/portaltela.pt\/#\/schema\/person\/c4278d4a6028830caff9ee44b42d32ed\"},\"headline\":\"O Estado n\u00e3o pode falhar nas trag\u00e9dias\",\"datePublished\":\"2026-02-04T18:04:00+00:00\",\"mainEntityOfPage\":{\"@id\":\"https:\/\/portaltela.pt\/noticias\/2026\/02\/04\/o-estado-nao-pode-falhar-nas-tragedias\/\"},\"wordCount\":290,\"image\":{\"@id\":\"https:\/\/portaltela.pt\/noticias\/2026\/02\/04\/o-estado-nao-pode-falhar-nas-tragedias\/#primaryimage\"},\"thumbnailUrl\":\"https:\/\/portaltela.pt\/s.01k8rhncp4jt1\/2026\/02\/99df48f0-dcb1-48ed-b5cd-fc82d3d1b859_1200x675.jpg\",\"keywords\":[\"Acalamidade p\u00fablica\",\"alerta vermelho\",\"autarcas\",\"cat\u00e1strofes naturais\",\"governo\",\"prote\u00e7\u00e3o civil\"],\"articleSection\":[\"Not\u00edcias\",\"Pol\u00edtica\"],\"inLanguage\":\"pt-PT\"},{\"@type\":\"WebPage\",\"@id\":\"https:\/\/portaltela.pt\/noticias\/2026\/02\/04\/o-estado-nao-pode-falhar-nas-tragedias\/\",\"url\":\"https:\/\/portaltela.pt\/noticias\/2026\/02\/04\/o-estado-nao-pode-falhar-nas-tragedias\/\",\"name\":\"O Estado n\u00e3o pode falhar nas trag\u00e9dias - Portal Tela Portugal\",\"isPartOf\":{\"@id\":\"https:\/\/portaltela.pt\/#website\"},\"primaryImageOfPage\":{\"@id\":\"https:\/\/portaltela.pt\/noticias\/2026\/02\/04\/o-estado-nao-pode-falhar-nas-tragedias\/#primaryimage\"},\"image\":{\"@id\":\"https:\/\/portaltela.pt\/noticias\/2026\/02\/04\/o-estado-nao-pode-falhar-nas-tragedias\/#primaryimage\"},\"thumbnailUrl\":\"https:\/\/portaltela.pt\/s.01k8rhncp4jt1\/2026\/02\/99df48f0-dcb1-48ed-b5cd-fc82d3d1b859_1200x675.jpg\",\"datePublished\":\"2026-02-04T18:04:00+00:00\",\"author\":{\"@id\":\"https:\/\/portaltela.pt\/#\/schema\/person\/c4278d4a6028830caff9ee44b42d32ed\"},\"breadcrumb\":{\"@id\":\"https:\/\/portaltela.pt\/noticias\/2026\/02\/04\/o-estado-nao-pode-falhar-nas-tragedias\/#breadcrumb\"},\"inLanguage\":\"pt-PT\",\"potentialAction\":[{\"@type\":\"ReadAction\",\"target\":[\"https:\/\/portaltela.pt\/noticias\/2026\/02\/04\/o-estado-nao-pode-falhar-nas-tragedias\/\"]}]},{\"@type\":\"ImageObject\",\"inLanguage\":\"pt-PT\",\"@id\":\"https:\/\/portaltela.pt\/noticias\/2026\/02\/04\/o-estado-nao-pode-falhar-nas-tragedias\/#primaryimage\",\"url\":\"https:\/\/portaltela.pt\/s.01k8rhncp4jt1\/2026\/02\/99df48f0-dcb1-48ed-b5cd-fc82d3d1b859_1200x675.jpg\",\"contentUrl\":\"https:\/\/portaltela.pt\/s.01k8rhncp4jt1\/2026\/02\/99df48f0-dcb1-48ed-b5cd-fc82d3d1b859_1200x675.jpg\",\"width\":796,\"height\":448,\"caption\":\"Photo\"},{\"@type\":\"BreadcrumbList\",\"@id\":\"https:\/\/portaltela.pt\/noticias\/2026\/02\/04\/o-estado-nao-pode-falhar-nas-tragedias\/#breadcrumb\",\"itemListElement\":[{\"@type\":\"ListItem\",\"position\":1,\"name\":\"In\u00edcio\",\"item\":\"https:\/\/portaltela.pt\/\"},{\"@type\":\"ListItem\",\"position\":2,\"name\":\"O Estado n\u00e3o pode falhar nas trag\u00e9dias\"}]},{\"@type\":\"WebSite\",\"@id\":\"https:\/\/portaltela.pt\/#website\",\"url\":\"https:\/\/portaltela.pt\/\",\"name\":\"Portal Tela Portugal\",\"description\":\"\",\"potentialAction\":[{\"@type\":\"SearchAction\",\"target\":{\"@type\":\"EntryPoint\",\"urlTemplate\":\"https:\/\/portaltela.pt\/?s={search_term_string}\"},\"query-input\":{\"@type\":\"PropertyValueSpecification\",\"valueRequired\":true,\"valueName\":\"search_term_string\"}}],\"inLanguage\":\"pt-PT\"},{\"@type\":\"Person\",\"@id\":\"https:\/\/portaltela.pt\/#\/schema\/person\/c4278d4a6028830caff9ee44b42d32ed\",\"name\":\"Telinha\",\"image\":{\"@type\":\"ImageObject\",\"inLanguage\":\"pt-PT\",\"@id\":\"https:\/\/portaltela.pt\/s.01k8rhncp4jt1\/2025\/11\/talking-bot-125x125.png\",\"url\":\"https:\/\/portaltela.pt\/s.01k8rhncp4jt1\/2025\/11\/talking-bot-125x125.png\",\"contentUrl\":\"https:\/\/portaltela.pt\/s.01k8rhncp4jt1\/2025\/11\/talking-bot-125x125.png\",\"caption\":\"Telinha\"},\"sameAs\":[\"https:\/\/portaltela.pt\/\"],\"url\":\"https:\/\/portaltela.pt\/por\/367410592786\/\"}]}<\/script>\n<!-- \/ Yoast SEO plugin. -->","yoast_head_json":{"title":"O Estado n\u00e3o pode falhar nas trag\u00e9dias - Portal Tela Portugal","robots":{"index":"index","follow":"follow","max-snippet":"max-snippet:-1","max-image-preview":"max-image-preview:large","max-video-preview":"max-video-preview:-1"},"og_locale":"pt_PT","og_type":"article","og_title":"O Estado n\u00e3o pode falhar nas trag\u00e9dias - Portal Tela Portugal","og_description":"O Governo falhou na preven\u00e7\u00e3o e na resposta \u00e0 tempestade Kristin, com atraso na atua\u00e7\u00e3o e insufici\u00eancia de apoios imediatos. Falhou ainda na orienta\u00e7\u00e3o a cidad\u00e3os, ind\u00fastrias e com\u00e9rcios para protegerem bens e vidas, o que poderia ter reduzido danos. O povo, autarquias, bombeiros e emigrantes organizaram-se e ajudaram, mesmo sem apoio r\u00e1pido do Governo. Cr\u00edtica a ministros citados: Leit\u00e3o Amaro, Maria L\u00facia Amaral, Nuno Melo e Castro Almeida; Montenegro \u00e9 apontado como incapaz de antever a dimens\u00e3o da cat\u00e1strofe. Emigrantes ficaram de fora dos apoios decretados, repetindo situa\u00e7\u00e3o vivida nos inc\u00eandios de ver\u00e3o, segundo a narrativa.","og_url":"https:\/\/portaltela.pt\/noticias\/2026\/02\/04\/o-estado-nao-pode-falhar-nas-tragedias\/","og_site_name":"Portal Tela Portugal","article_published_time":"2026-02-04T18:04:00+00:00","author":"Telinha","twitter_card":"summary_large_image","twitter_misc":{"Escrito por":"Telinha","Tempo estimado de leitura":"1 minuto"},"schema":{"@context":"https:\/\/schema.org","@graph":[{"@type":"Article","@id":"https:\/\/portaltela.pt\/noticias\/2026\/02\/04\/o-estado-nao-pode-falhar-nas-tragedias\/#article","isPartOf":{"@id":"https:\/\/portaltela.pt\/noticias\/2026\/02\/04\/o-estado-nao-pode-falhar-nas-tragedias\/"},"author":{"name":"Telinha","@id":"https:\/\/portaltela.pt\/#\/schema\/person\/c4278d4a6028830caff9ee44b42d32ed"},"headline":"O Estado n\u00e3o pode falhar nas trag\u00e9dias","datePublished":"2026-02-04T18:04:00+00:00","mainEntityOfPage":{"@id":"https:\/\/portaltela.pt\/noticias\/2026\/02\/04\/o-estado-nao-pode-falhar-nas-tragedias\/"},"wordCount":290,"image":{"@id":"https:\/\/portaltela.pt\/noticias\/2026\/02\/04\/o-estado-nao-pode-falhar-nas-tragedias\/#primaryimage"},"thumbnailUrl":"https:\/\/portaltela.pt\/s.01k8rhncp4jt1\/2026\/02\/99df48f0-dcb1-48ed-b5cd-fc82d3d1b859_1200x675.jpg","keywords":["Acalamidade p\u00fablica","alerta vermelho","autarcas","cat\u00e1strofes naturais","governo","prote\u00e7\u00e3o civil"],"articleSection":["Not\u00edcias","Pol\u00edtica"],"inLanguage":"pt-PT"},{"@type":"WebPage","@id":"https:\/\/portaltela.pt\/noticias\/2026\/02\/04\/o-estado-nao-pode-falhar-nas-tragedias\/","url":"https:\/\/portaltela.pt\/noticias\/2026\/02\/04\/o-estado-nao-pode-falhar-nas-tragedias\/","name":"O Estado n\u00e3o pode falhar nas trag\u00e9dias - Portal Tela Portugal","isPartOf":{"@id":"https:\/\/portaltela.pt\/#website"},"primaryImageOfPage":{"@id":"https:\/\/portaltela.pt\/noticias\/2026\/02\/04\/o-estado-nao-pode-falhar-nas-tragedias\/#primaryimage"},"image":{"@id":"https:\/\/portaltela.pt\/noticias\/2026\/02\/04\/o-estado-nao-pode-falhar-nas-tragedias\/#primaryimage"},"thumbnailUrl":"https:\/\/portaltela.pt\/s.01k8rhncp4jt1\/2026\/02\/99df48f0-dcb1-48ed-b5cd-fc82d3d1b859_1200x675.jpg","datePublished":"2026-02-04T18:04:00+00:00","author":{"@id":"https:\/\/portaltela.pt\/#\/schema\/person\/c4278d4a6028830caff9ee44b42d32ed"},"breadcrumb":{"@id":"https:\/\/portaltela.pt\/noticias\/2026\/02\/04\/o-estado-nao-pode-falhar-nas-tragedias\/#breadcrumb"},"inLanguage":"pt-PT","potentialAction":[{"@type":"ReadAction","target":["https:\/\/portaltela.pt\/noticias\/2026\/02\/04\/o-estado-nao-pode-falhar-nas-tragedias\/"]}]},{"@type":"ImageObject","inLanguage":"pt-PT","@id":"https:\/\/portaltela.pt\/noticias\/2026\/02\/04\/o-estado-nao-pode-falhar-nas-tragedias\/#primaryimage","url":"https:\/\/portaltela.pt\/s.01k8rhncp4jt1\/2026\/02\/99df48f0-dcb1-48ed-b5cd-fc82d3d1b859_1200x675.jpg","contentUrl":"https:\/\/portaltela.pt\/s.01k8rhncp4jt1\/2026\/02\/99df48f0-dcb1-48ed-b5cd-fc82d3d1b859_1200x675.jpg","width":796,"height":448,"caption":"Photo"},{"@type":"BreadcrumbList","@id":"https:\/\/portaltela.pt\/noticias\/2026\/02\/04\/o-estado-nao-pode-falhar-nas-tragedias\/#breadcrumb","itemListElement":[{"@type":"ListItem","position":1,"name":"In\u00edcio","item":"https:\/\/portaltela.pt\/"},{"@type":"ListItem","position":2,"name":"O Estado n\u00e3o pode falhar nas trag\u00e9dias"}]},{"@type":"WebSite","@id":"https:\/\/portaltela.pt\/#website","url":"https:\/\/portaltela.pt\/","name":"Portal Tela Portugal","description":"","potentialAction":[{"@type":"SearchAction","target":{"@type":"EntryPoint","urlTemplate":"https:\/\/portaltela.pt\/?s={search_term_string}"},"query-input":{"@type":"PropertyValueSpecification","valueRequired":true,"valueName":"search_term_string"}}],"inLanguage":"pt-PT"},{"@type":"Person","@id":"https:\/\/portaltela.pt\/#\/schema\/person\/c4278d4a6028830caff9ee44b42d32ed","name":"Telinha","image":{"@type":"ImageObject","inLanguage":"pt-PT","@id":"https:\/\/portaltela.pt\/s.01k8rhncp4jt1\/2025\/11\/talking-bot-125x125.png","url":"https:\/\/portaltela.pt\/s.01k8rhncp4jt1\/2025\/11\/talking-bot-125x125.png","contentUrl":"https:\/\/portaltela.pt\/s.01k8rhncp4jt1\/2025\/11\/talking-bot-125x125.png","caption":"Telinha"},"sameAs":["https:\/\/portaltela.pt\/"],"url":"https:\/\/portaltela.pt\/por\/367410592786\/"}]}},"_links":{"self":[{"href":"https:\/\/portaltela.pt\/api\/wp\/v2\/posts\/197682","targetHints":{"allow":["GET"]}}],"collection":[{"href":"https:\/\/portaltela.pt\/api\/wp\/v2\/posts"}],"about":[{"href":"https:\/\/portaltela.pt\/api\/wp\/v2\/types\/post"}],"author":[{"embeddable":true,"href":"https:\/\/portaltela.pt\/api\/wp\/v2\/users\/2"}],"replies":[{"embeddable":true,"href":"https:\/\/portaltela.pt\/api\/wp\/v2\/comments?post=197682"}],"version-history":[{"count":0,"href":"https:\/\/portaltela.pt\/api\/wp\/v2\/posts\/197682\/revisions"}],"wp:featuredmedia":[{"embeddable":true,"href":"https:\/\/portaltela.pt\/api\/wp\/v2\/media\/197683"}],"wp:attachment":[{"href":"https:\/\/portaltela.pt\/api\/wp\/v2\/media?parent=197682"}],"wp:term":[{"taxonomy":"category","embeddable":true,"href":"https:\/\/portaltela.pt\/api\/wp\/v2\/categories?post=197682"},{"taxonomy":"post_tag","embeddable":true,"href":"https:\/\/portaltela.pt\/api\/wp\/v2\/tags?post=197682"}],"curies":[{"name":"wp","href":"https:\/\/api.w.org\/{rel}","templated":true}]}}