{"id":197615,"date":"2026-02-04T14:47:38","date_gmt":"2026-02-04T17:47:38","guid":{"rendered":"https:\/\/portaltela.pt\/noticias\/2026\/02\/04\/revista-girao-abre-rececao-de-artigos-para-nova-edicao\/"},"modified":"2026-02-04T14:47:38","modified_gmt":"2026-02-04T17:47:38","slug":"revista-girao-abre-rececao-de-artigos-para-nova-edicao","status":"publish","type":"post","link":"https:\/\/portaltela.pt\/noticias\/2026\/02\/04\/revista-girao-abre-rececao-de-artigos-para-nova-edicao\/","title":{"rendered":"Revista Gir\u00e3o abre rece\u00e7\u00e3o de artigos para nova edi\u00e7\u00e3o"},"content":{"rendered":"<p>A Revista Gir\u00e3o abriu o per\u00edodo de rece\u00e7\u00e3o de artigos para a pr\u00f3xima edi\u00e7\u00e3o, dedicada \u00e0 investiga\u00e7\u00e3o e divulga\u00e7\u00e3o do patrim\u00f3nio do concelho de C\u00e2mara de Lobos. As submiss\u00f5es decorrem entre Fevereiro e Julho, com a edi\u00e7\u00e3o prevista para Dezembro deste ano.<\/p>\n<p>O tema priorit\u00e1rio s\u00e3o artigos sobre cultura e hist\u00f3ria de C\u00e2mara de Lobos, mas tamb\u00e9m s\u00e3o bem-vindos contributos cient\u00edficos relacionados com a Ilha da Madeira em geral.<\/p>\n<p>As normas de reda\u00e7\u00e3o e format\u00e7\u00e3o podem ser consultadas no site oficial da C\u00e2mara Municipal de C\u00e2mara de Lobos. O envio de propostas e pedidos de informa\u00e7\u00e3o adicional devem ser dirigidos para revista.girao@gmail.com.<\/p>\n","protected":false},"excerpt":{"rendered":"<ul>\n<li>A Revista Gir\u00e3o abriu o per\u00edodo de recep\u00e7\u00e3o de artigos para a pr\u00f3xima edi\u00e7\u00e3o, dedicada ao patrim\u00f3nio de C\u00e2mara de Lobos.<\/li>\n<li>As submiss\u00f5es decorrem entre fevereiro e julho, com a edi\u00e7\u00e3o prevista para dezembro deste ano.<\/li>\n<li>O foco privilegia artigos sobre cultura e hist\u00f3ria de C\u00e2mara de Lobos, mas tamb\u00e9m aceitam contributos cient\u00edficos sobre a Ilha da Madeira em geral.<\/li>\n<li>As normas de reda\u00e7\u00e3o e formata\u00e7\u00e3o podem ser consultadas no site oficial da C\u00e2mara Municipal de C\u00e2mara de Lobos.<\/li>\n<li>Propostas e informa\u00e7\u00f5es adicionais devem ser enviadas para o email revista.girao@gmail.com.<\/li>\n<\/ul>\n","protected":false},"author":2,"featured_media":197623,"comment_status":"closed","ping_status":"closed","sticky":false,"template":"","format":"standard","meta":{"footnotes":""},"categories":[1],"tags":[1284,145,299,859,814,1175],"class_list":["post-197615","post","type-post","status-publish","format-standard","has-post-thumbnail","hentry","category-noticias","tag-camara-de-lobos","tag-cultura","tag-historia","tag-madeira","tag-patrimonio","tag-patrimonio-cultural"],"yoast_head":"<!-- This site is optimized with the Yoast SEO plugin v27.2 - https:\/\/yoast.com\/product\/yoast-seo-wordpress\/ -->\n<title>Revista Gir\u00e3o abre rece\u00e7\u00e3o de artigos para nova edi\u00e7\u00e3o - Portal Tela Portugal<\/title>\n<meta name=\"robots\" content=\"index, follow, max-snippet:-1, max-image-preview:large, max-video-preview:-1\" \/>\n<meta property=\"og:locale\" content=\"pt_PT\" \/>\n<meta property=\"og:type\" content=\"article\" \/>\n<meta property=\"og:title\" content=\"Revista Gir\u00e3o abre rece\u00e7\u00e3o de artigos para nova edi\u00e7\u00e3o - Portal Tela Portugal\" \/>\n<meta property=\"og:description\" content=\"A Revista Gir\u00e3o abriu o per\u00edodo de recep\u00e7\u00e3o de artigos para a pr\u00f3xima edi\u00e7\u00e3o, dedicada ao patrim\u00f3nio de C\u00e2mara de Lobos. As submiss\u00f5es decorrem entre fevereiro e julho, com a edi\u00e7\u00e3o prevista para dezembro deste ano. O foco privilegia artigos sobre cultura e hist\u00f3ria de C\u00e2mara de Lobos, mas tamb\u00e9m aceitam contributos cient\u00edficos sobre a Ilha da Madeira em geral. As normas de reda\u00e7\u00e3o e formata\u00e7\u00e3o podem ser consultadas no site oficial da C\u00e2mara Municipal de C\u00e2mara de Lobos. Propostas e informa\u00e7\u00f5es adicionais devem ser enviadas para o email revista.girao@gmail.com.\" \/>\n<meta property=\"og:url\" content=\"https:\/\/portaltela.pt\/noticias\/2026\/02\/04\/revista-girao-abre-rececao-de-artigos-para-nova-edicao\/\" \/>\n<meta property=\"og:site_name\" content=\"Portal Tela Portugal\" \/>\n<meta property=\"article:published_time\" content=\"2026-02-04T17:47:38+00:00\" \/>\n<meta name=\"author\" content=\"Telinha\" \/>\n<meta name=\"twitter:card\" content=\"summary_large_image\" \/>\n<meta name=\"twitter:label1\" content=\"Escrito por\" \/>\n\t<meta name=\"twitter:data1\" content=\"Telinha\" \/>\n\t<meta name=\"twitter:label2\" content=\"Tempo estimado de leitura\" \/>\n\t<meta name=\"twitter:data2\" content=\"1 minuto\" \/>\n<script type=\"application\/ld+json\" class=\"yoast-schema-graph\">{\"@context\":\"https:\/\/schema.org\",\"@graph\":[{\"@type\":\"Article\",\"@id\":\"https:\/\/portaltela.pt\/noticias\/2026\/02\/04\/revista-girao-abre-rececao-de-artigos-para-nova-edicao\/#article\",\"isPartOf\":{\"@id\":\"https:\/\/portaltela.pt\/noticias\/2026\/02\/04\/revista-girao-abre-rececao-de-artigos-para-nova-edicao\/\"},\"author\":{\"name\":\"Telinha\",\"@id\":\"https:\/\/portaltela.pt\/#\/schema\/person\/c4278d4a6028830caff9ee44b42d32ed\"},\"headline\":\"Revista Gir\u00e3o abre rece\u00e7\u00e3o de artigos para nova edi\u00e7\u00e3o\",\"datePublished\":\"2026-02-04T17:47:38+00:00\",\"mainEntityOfPage\":{\"@id\":\"https:\/\/portaltela.pt\/noticias\/2026\/02\/04\/revista-girao-abre-rececao-de-artigos-para-nova-edicao\/\"},\"wordCount\":139,\"image\":{\"@id\":\"https:\/\/portaltela.pt\/noticias\/2026\/02\/04\/revista-girao-abre-rececao-de-artigos-para-nova-edicao\/#primaryimage\"},\"thumbnailUrl\":\"https:\/\/portaltela.pt\/s.01k8rhncp4jt1\/2026\/02\/unnamed-file-1343.jpg\",\"keywords\":[\"C\u00e2mara de Lobos\",\"cultura\",\"hist\u00f3ria\",\"Madeira\",\"patrim\u00f3nio\",\"Patrim\u00f3nio Cultural\"],\"articleSection\":[\"Not\u00edcias\"],\"inLanguage\":\"pt-PT\"},{\"@type\":\"WebPage\",\"@id\":\"https:\/\/portaltela.pt\/noticias\/2026\/02\/04\/revista-girao-abre-rececao-de-artigos-para-nova-edicao\/\",\"url\":\"https:\/\/portaltela.pt\/noticias\/2026\/02\/04\/revista-girao-abre-rececao-de-artigos-para-nova-edicao\/\",\"name\":\"Revista Gir\u00e3o abre rece\u00e7\u00e3o de artigos para nova edi\u00e7\u00e3o - Portal Tela Portugal\",\"isPartOf\":{\"@id\":\"https:\/\/portaltela.pt\/#website\"},\"primaryImageOfPage\":{\"@id\":\"https:\/\/portaltela.pt\/noticias\/2026\/02\/04\/revista-girao-abre-rececao-de-artigos-para-nova-edicao\/#primaryimage\"},\"image\":{\"@id\":\"https:\/\/portaltela.pt\/noticias\/2026\/02\/04\/revista-girao-abre-rececao-de-artigos-para-nova-edicao\/#primaryimage\"},\"thumbnailUrl\":\"https:\/\/portaltela.pt\/s.01k8rhncp4jt1\/2026\/02\/unnamed-file-1343.jpg\",\"datePublished\":\"2026-02-04T17:47:38+00:00\",\"author\":{\"@id\":\"https:\/\/portaltela.pt\/#\/schema\/person\/c4278d4a6028830caff9ee44b42d32ed\"},\"breadcrumb\":{\"@id\":\"https:\/\/portaltela.pt\/noticias\/2026\/02\/04\/revista-girao-abre-rececao-de-artigos-para-nova-edicao\/#breadcrumb\"},\"inLanguage\":\"pt-PT\",\"potentialAction\":[{\"@type\":\"ReadAction\",\"target\":[\"https:\/\/portaltela.pt\/noticias\/2026\/02\/04\/revista-girao-abre-rececao-de-artigos-para-nova-edicao\/\"]}]},{\"@type\":\"ImageObject\",\"inLanguage\":\"pt-PT\",\"@id\":\"https:\/\/portaltela.pt\/noticias\/2026\/02\/04\/revista-girao-abre-rececao-de-artigos-para-nova-edicao\/#primaryimage\",\"url\":\"https:\/\/portaltela.pt\/s.01k8rhncp4jt1\/2026\/02\/unnamed-file-1343.jpg\",\"contentUrl\":\"https:\/\/portaltela.pt\/s.01k8rhncp4jt1\/2026\/02\/unnamed-file-1343.jpg\",\"width\":796,\"height\":448,\"caption\":\"Revista Gir\u00e3o abre recep\u00e7\u00e3o de artigos para nova edi\u00e7\u00e3o\"},{\"@type\":\"BreadcrumbList\",\"@id\":\"https:\/\/portaltela.pt\/noticias\/2026\/02\/04\/revista-girao-abre-rececao-de-artigos-para-nova-edicao\/#breadcrumb\",\"itemListElement\":[{\"@type\":\"ListItem\",\"position\":1,\"name\":\"In\u00edcio\",\"item\":\"https:\/\/portaltela.pt\/\"},{\"@type\":\"ListItem\",\"position\":2,\"name\":\"Revista Gir\u00e3o abre rece\u00e7\u00e3o de artigos para nova edi\u00e7\u00e3o\"}]},{\"@type\":\"WebSite\",\"@id\":\"https:\/\/portaltela.pt\/#website\",\"url\":\"https:\/\/portaltela.pt\/\",\"name\":\"Portal Tela Portugal\",\"description\":\"\",\"potentialAction\":[{\"@type\":\"SearchAction\",\"target\":{\"@type\":\"EntryPoint\",\"urlTemplate\":\"https:\/\/portaltela.pt\/?s={search_term_string}\"},\"query-input\":{\"@type\":\"PropertyValueSpecification\",\"valueRequired\":true,\"valueName\":\"search_term_string\"}}],\"inLanguage\":\"pt-PT\"},{\"@type\":\"Person\",\"@id\":\"https:\/\/portaltela.pt\/#\/schema\/person\/c4278d4a6028830caff9ee44b42d32ed\",\"name\":\"Telinha\",\"image\":{\"@type\":\"ImageObject\",\"inLanguage\":\"pt-PT\",\"@id\":\"https:\/\/portaltela.pt\/s.01k8rhncp4jt1\/2025\/11\/talking-bot-125x125.png\",\"url\":\"https:\/\/portaltela.pt\/s.01k8rhncp4jt1\/2025\/11\/talking-bot-125x125.png\",\"contentUrl\":\"https:\/\/portaltela.pt\/s.01k8rhncp4jt1\/2025\/11\/talking-bot-125x125.png\",\"caption\":\"Telinha\"},\"sameAs\":[\"https:\/\/portaltela.pt\/\"],\"url\":\"https:\/\/portaltela.pt\/por\/367410592786\/\"}]}<\/script>\n<!-- \/ Yoast SEO plugin. -->","yoast_head_json":{"title":"Revista Gir\u00e3o abre rece\u00e7\u00e3o de artigos para nova edi\u00e7\u00e3o - Portal Tela Portugal","robots":{"index":"index","follow":"follow","max-snippet":"max-snippet:-1","max-image-preview":"max-image-preview:large","max-video-preview":"max-video-preview:-1"},"og_locale":"pt_PT","og_type":"article","og_title":"Revista Gir\u00e3o abre rece\u00e7\u00e3o de artigos para nova edi\u00e7\u00e3o - Portal Tela Portugal","og_description":"A Revista Gir\u00e3o abriu o per\u00edodo de recep\u00e7\u00e3o de artigos para a pr\u00f3xima edi\u00e7\u00e3o, dedicada ao patrim\u00f3nio de C\u00e2mara de Lobos. As submiss\u00f5es decorrem entre fevereiro e julho, com a edi\u00e7\u00e3o prevista para dezembro deste ano. O foco privilegia artigos sobre cultura e hist\u00f3ria de C\u00e2mara de Lobos, mas tamb\u00e9m aceitam contributos cient\u00edficos sobre a Ilha da Madeira em geral. As normas de reda\u00e7\u00e3o e formata\u00e7\u00e3o podem ser consultadas no site oficial da C\u00e2mara Municipal de C\u00e2mara de Lobos. Propostas e informa\u00e7\u00f5es adicionais devem ser enviadas para o email revista.girao@gmail.com.","og_url":"https:\/\/portaltela.pt\/noticias\/2026\/02\/04\/revista-girao-abre-rececao-de-artigos-para-nova-edicao\/","og_site_name":"Portal Tela Portugal","article_published_time":"2026-02-04T17:47:38+00:00","author":"Telinha","twitter_card":"summary_large_image","twitter_misc":{"Escrito por":"Telinha","Tempo estimado de leitura":"1 minuto"},"schema":{"@context":"https:\/\/schema.org","@graph":[{"@type":"Article","@id":"https:\/\/portaltela.pt\/noticias\/2026\/02\/04\/revista-girao-abre-rececao-de-artigos-para-nova-edicao\/#article","isPartOf":{"@id":"https:\/\/portaltela.pt\/noticias\/2026\/02\/04\/revista-girao-abre-rececao-de-artigos-para-nova-edicao\/"},"author":{"name":"Telinha","@id":"https:\/\/portaltela.pt\/#\/schema\/person\/c4278d4a6028830caff9ee44b42d32ed"},"headline":"Revista Gir\u00e3o abre rece\u00e7\u00e3o de artigos para nova edi\u00e7\u00e3o","datePublished":"2026-02-04T17:47:38+00:00","mainEntityOfPage":{"@id":"https:\/\/portaltela.pt\/noticias\/2026\/02\/04\/revista-girao-abre-rececao-de-artigos-para-nova-edicao\/"},"wordCount":139,"image":{"@id":"https:\/\/portaltela.pt\/noticias\/2026\/02\/04\/revista-girao-abre-rececao-de-artigos-para-nova-edicao\/#primaryimage"},"thumbnailUrl":"https:\/\/portaltela.pt\/s.01k8rhncp4jt1\/2026\/02\/unnamed-file-1343.jpg","keywords":["C\u00e2mara de Lobos","cultura","hist\u00f3ria","Madeira","patrim\u00f3nio","Patrim\u00f3nio Cultural"],"articleSection":["Not\u00edcias"],"inLanguage":"pt-PT"},{"@type":"WebPage","@id":"https:\/\/portaltela.pt\/noticias\/2026\/02\/04\/revista-girao-abre-rececao-de-artigos-para-nova-edicao\/","url":"https:\/\/portaltela.pt\/noticias\/2026\/02\/04\/revista-girao-abre-rececao-de-artigos-para-nova-edicao\/","name":"Revista Gir\u00e3o abre rece\u00e7\u00e3o de artigos para nova edi\u00e7\u00e3o - Portal Tela Portugal","isPartOf":{"@id":"https:\/\/portaltela.pt\/#website"},"primaryImageOfPage":{"@id":"https:\/\/portaltela.pt\/noticias\/2026\/02\/04\/revista-girao-abre-rececao-de-artigos-para-nova-edicao\/#primaryimage"},"image":{"@id":"https:\/\/portaltela.pt\/noticias\/2026\/02\/04\/revista-girao-abre-rececao-de-artigos-para-nova-edicao\/#primaryimage"},"thumbnailUrl":"https:\/\/portaltela.pt\/s.01k8rhncp4jt1\/2026\/02\/unnamed-file-1343.jpg","datePublished":"2026-02-04T17:47:38+00:00","author":{"@id":"https:\/\/portaltela.pt\/#\/schema\/person\/c4278d4a6028830caff9ee44b42d32ed"},"breadcrumb":{"@id":"https:\/\/portaltela.pt\/noticias\/2026\/02\/04\/revista-girao-abre-rececao-de-artigos-para-nova-edicao\/#breadcrumb"},"inLanguage":"pt-PT","potentialAction":[{"@type":"ReadAction","target":["https:\/\/portaltela.pt\/noticias\/2026\/02\/04\/revista-girao-abre-rececao-de-artigos-para-nova-edicao\/"]}]},{"@type":"ImageObject","inLanguage":"pt-PT","@id":"https:\/\/portaltela.pt\/noticias\/2026\/02\/04\/revista-girao-abre-rececao-de-artigos-para-nova-edicao\/#primaryimage","url":"https:\/\/portaltela.pt\/s.01k8rhncp4jt1\/2026\/02\/unnamed-file-1343.jpg","contentUrl":"https:\/\/portaltela.pt\/s.01k8rhncp4jt1\/2026\/02\/unnamed-file-1343.jpg","width":796,"height":448,"caption":"Revista Gir\u00e3o abre recep\u00e7\u00e3o de artigos para nova edi\u00e7\u00e3o"},{"@type":"BreadcrumbList","@id":"https:\/\/portaltela.pt\/noticias\/2026\/02\/04\/revista-girao-abre-rececao-de-artigos-para-nova-edicao\/#breadcrumb","itemListElement":[{"@type":"ListItem","position":1,"name":"In\u00edcio","item":"https:\/\/portaltela.pt\/"},{"@type":"ListItem","position":2,"name":"Revista Gir\u00e3o abre rece\u00e7\u00e3o de artigos para nova edi\u00e7\u00e3o"}]},{"@type":"WebSite","@id":"https:\/\/portaltela.pt\/#website","url":"https:\/\/portaltela.pt\/","name":"Portal Tela Portugal","description":"","potentialAction":[{"@type":"SearchAction","target":{"@type":"EntryPoint","urlTemplate":"https:\/\/portaltela.pt\/?s={search_term_string}"},"query-input":{"@type":"PropertyValueSpecification","valueRequired":true,"valueName":"search_term_string"}}],"inLanguage":"pt-PT"},{"@type":"Person","@id":"https:\/\/portaltela.pt\/#\/schema\/person\/c4278d4a6028830caff9ee44b42d32ed","name":"Telinha","image":{"@type":"ImageObject","inLanguage":"pt-PT","@id":"https:\/\/portaltela.pt\/s.01k8rhncp4jt1\/2025\/11\/talking-bot-125x125.png","url":"https:\/\/portaltela.pt\/s.01k8rhncp4jt1\/2025\/11\/talking-bot-125x125.png","contentUrl":"https:\/\/portaltela.pt\/s.01k8rhncp4jt1\/2025\/11\/talking-bot-125x125.png","caption":"Telinha"},"sameAs":["https:\/\/portaltela.pt\/"],"url":"https:\/\/portaltela.pt\/por\/367410592786\/"}]}},"_links":{"self":[{"href":"https:\/\/portaltela.pt\/api\/wp\/v2\/posts\/197615","targetHints":{"allow":["GET"]}}],"collection":[{"href":"https:\/\/portaltela.pt\/api\/wp\/v2\/posts"}],"about":[{"href":"https:\/\/portaltela.pt\/api\/wp\/v2\/types\/post"}],"author":[{"embeddable":true,"href":"https:\/\/portaltela.pt\/api\/wp\/v2\/users\/2"}],"replies":[{"embeddable":true,"href":"https:\/\/portaltela.pt\/api\/wp\/v2\/comments?post=197615"}],"version-history":[{"count":0,"href":"https:\/\/portaltela.pt\/api\/wp\/v2\/posts\/197615\/revisions"}],"wp:featuredmedia":[{"embeddable":true,"href":"https:\/\/portaltela.pt\/api\/wp\/v2\/media\/197623"}],"wp:attachment":[{"href":"https:\/\/portaltela.pt\/api\/wp\/v2\/media?parent=197615"}],"wp:term":[{"taxonomy":"category","embeddable":true,"href":"https:\/\/portaltela.pt\/api\/wp\/v2\/categories?post=197615"},{"taxonomy":"post_tag","embeddable":true,"href":"https:\/\/portaltela.pt\/api\/wp\/v2\/tags?post=197615"}],"curies":[{"name":"wp","href":"https:\/\/api.w.org\/{rel}","templated":true}]}}