{"id":197613,"date":"2026-02-04T14:48:33","date_gmt":"2026-02-04T17:48:33","guid":{"rendered":"https:\/\/portaltela.pt\/noticias\/2026\/02\/04\/museu-municipal-de-coimbra-assinala-101o-aniversario-de-carlos-paredes\/"},"modified":"2026-02-04T14:48:33","modified_gmt":"2026-02-04T17:48:33","slug":"museu-municipal-de-coimbra-assinala-101o-aniversario-de-carlos-paredes","status":"publish","type":"post","link":"https:\/\/portaltela.pt\/noticias\/2026\/02\/04\/museu-municipal-de-coimbra-assinala-101o-aniversario-de-carlos-paredes\/","title":{"rendered":"Museu Municipal de Coimbra assinala 101\u00ba anivers\u00e1rio de Carlos Paredes"},"content":{"rendered":"<p>O Museu Municipal de Coimbra assinala o 101\u00ba anivers\u00e1rio de Carlos Paredes com um programa evocativo. A iniciativa celebra o mestre da guitarra portuguesa e do fado de Coimbra.<\/p>\n<p>No dia 13 de fevereiro, a Torre de Anto recebe uma visita orientada pelas 14h30, contextualizando a hist\u00f3ria do espa\u00e7o e apresentando o N\u00facleo da Guitarra e do Fado de Coimbra. A atividade requer inscri\u00e7\u00e3o pr\u00e9via.<\/p>\n<p>\u00c0s 15h30, ocorre um apontamento musical inspirado em Carlos Paredes, pelo grupo Fados D\u2019Anto. O concerto tem entrada livre e surge no \u00e2mbito das comemora\u00e7\u00f5es do centen\u00e1rio do guitarrista.<\/p>\n<h3>Programa\u00e7\u00e3o educativa<\/h3>\n<p>Entre 10 e 13 de fevereiro, a Torre de Anto acolhe a oficina Descobrir Carlos Paredes \u2013 Uma aventura musical! destinada a crian\u00e7as do pr\u00e9-escolar ao 2.\u00ba ciclo, em liga\u00e7\u00e3o com a evoca\u00e7\u00e3o do nascimento do m\u00fasico.<\/p>\n<p>Paralelamente, de ter\u00e7a a sexta, o N\u00facleo da Guitarra e do Fado de Coimbra recebe atividades para o p\u00fablico escolar, com a oficina dirigida a diferentes faixas et\u00e1rias. As atividades podem exigir inscri\u00e7\u00e3o.<\/p>\n<p>As a\u00e7\u00f5es que necessitam de inscri\u00e7\u00e3o devem ser feitas por telefone: 239 840 754, ou por e-mail: museu.municipal@cm-coimbra.pt. O objetivo \u00e9 promover a compreens\u00e3o da trajet\u00f3ria de Carlos Paredes.<\/p>\n<p>Carlos Paredes, figura central da m\u00fasica nacional e associada \u00e0 guitarra portuguesa, faria 101 anos a 16 de fevereiro. A programa\u00e7\u00e3o pretende refor\u00e7ar o legado do m\u00fasico junto da comunidade.<\/p>\n","protected":false},"excerpt":{"rendered":"<ul>\n<li>O Museu Municipal de Coimbra assinala o 101\u00ba anivers\u00e1rio de Carlos Paredes com um programa evocativo na Torre de Anto, no dia 13 de fevereiro.<\/li>\n<li>\u00c0s 14h30 h\u00e1 uma visita orientada \u00e0 torre, seguida de um apontamento musical pelo grupo Fados D\u2019Anto \u00e0s 15h30 (entrada livre).<\/li>\n<li>De ter\u00e7a a sexta-feira, o N\u00facleo da Guitarra e do Fado de Coimbra acolhe a oficina \u201cDescobrir Carlos Paredes \u2013 Uma aventura musical!\u201d para o p\u00fablico escolar, com inscri\u00e7\u00e3o.<\/li>\n<li>Entre 10 e 13 de fevereiro, a Torre de Anto recebe a oficina dirigida a crian\u00e7as do pr\u00e9-escolar ao 2.\u00ba ciclo.<\/li>\n<li>As inscri\u00e7\u00f5es devem ser feitas por telefone (239 840 754) ou e-mail (museu.municipal@cm-coimbra.pt). Carlos Paredes faz 101 anos a 16 de fevereiro.<\/li>\n<\/ul>\n","protected":false},"author":2,"featured_media":197624,"comment_status":"closed","ping_status":"closed","sticky":false,"template":"","format":"standard","meta":{"footnotes":""},"categories":[1],"tags":[5431,1070,2954,1192,122],"class_list":["post-197613","post","type-post","status-publish","format-standard","has-post-thumbnail","hentry","category-noticias","tag-carlos-paredes","tag-coimbra","tag-museus-e-monumentos-de-portugal","tag-museus-arquivos","tag-musica"],"yoast_head":"<!-- This site is optimized with the Yoast SEO plugin v27.2 - https:\/\/yoast.com\/product\/yoast-seo-wordpress\/ -->\n<title>Museu Municipal de Coimbra assinala 101\u00ba anivers\u00e1rio de Carlos Paredes - Portal Tela Portugal<\/title>\n<meta name=\"robots\" content=\"index, follow, max-snippet:-1, max-image-preview:large, max-video-preview:-1\" \/>\n<meta property=\"og:locale\" content=\"pt_PT\" \/>\n<meta property=\"og:type\" content=\"article\" \/>\n<meta property=\"og:title\" content=\"Museu Municipal de Coimbra assinala 101\u00ba anivers\u00e1rio de Carlos Paredes - Portal Tela Portugal\" \/>\n<meta property=\"og:description\" content=\"O Museu Municipal de Coimbra assinala o 101\u00ba anivers\u00e1rio de Carlos Paredes com um programa evocativo na Torre de Anto, no dia 13 de fevereiro. \u00c0s 14h30 h\u00e1 uma visita orientada \u00e0 torre, seguida de um apontamento musical pelo grupo Fados D\u2019Anto \u00e0s 15h30 (entrada livre). De ter\u00e7a a sexta-feira, o N\u00facleo da Guitarra e do Fado de Coimbra acolhe a oficina \u201cDescobrir Carlos Paredes \u2013 Uma aventura musical!\u201d para o p\u00fablico escolar, com inscri\u00e7\u00e3o. Entre 10 e 13 de fevereiro, a Torre de Anto recebe a oficina dirigida a crian\u00e7as do pr\u00e9-escolar ao 2.\u00ba ciclo. As inscri\u00e7\u00f5es devem ser feitas por telefone (239 840 754) ou e-mail (museu.municipal@cm-coimbra.pt). Carlos Paredes faz 101 anos a 16 de fevereiro.\" \/>\n<meta property=\"og:url\" content=\"https:\/\/portaltela.pt\/noticias\/2026\/02\/04\/museu-municipal-de-coimbra-assinala-101o-aniversario-de-carlos-paredes\/\" \/>\n<meta property=\"og:site_name\" content=\"Portal Tela Portugal\" \/>\n<meta property=\"article:published_time\" content=\"2026-02-04T17:48:33+00:00\" \/>\n<meta name=\"author\" content=\"Telinha\" \/>\n<meta name=\"twitter:card\" content=\"summary_large_image\" \/>\n<meta name=\"twitter:label1\" content=\"Escrito por\" \/>\n\t<meta name=\"twitter:data1\" content=\"Telinha\" \/>\n\t<meta name=\"twitter:label2\" content=\"Tempo estimado de leitura\" \/>\n\t<meta name=\"twitter:data2\" content=\"1 minuto\" \/>\n<script type=\"application\/ld+json\" class=\"yoast-schema-graph\">{\"@context\":\"https:\/\/schema.org\",\"@graph\":[{\"@type\":\"Article\",\"@id\":\"https:\/\/portaltela.pt\/noticias\/2026\/02\/04\/museu-municipal-de-coimbra-assinala-101o-aniversario-de-carlos-paredes\/#article\",\"isPartOf\":{\"@id\":\"https:\/\/portaltela.pt\/noticias\/2026\/02\/04\/museu-municipal-de-coimbra-assinala-101o-aniversario-de-carlos-paredes\/\"},\"author\":{\"name\":\"Telinha\",\"@id\":\"https:\/\/portaltela.pt\/#\/schema\/person\/c4278d4a6028830caff9ee44b42d32ed\"},\"headline\":\"Museu Municipal de Coimbra assinala 101\u00ba anivers\u00e1rio de Carlos Paredes\",\"datePublished\":\"2026-02-04T17:48:33+00:00\",\"mainEntityOfPage\":{\"@id\":\"https:\/\/portaltela.pt\/noticias\/2026\/02\/04\/museu-municipal-de-coimbra-assinala-101o-aniversario-de-carlos-paredes\/\"},\"wordCount\":253,\"image\":{\"@id\":\"https:\/\/portaltela.pt\/noticias\/2026\/02\/04\/museu-municipal-de-coimbra-assinala-101o-aniversario-de-carlos-paredes\/#primaryimage\"},\"thumbnailUrl\":\"https:\/\/portaltela.pt\/s.01k8rhncp4jt1\/2026\/02\/unnamed-file-1343.jpg\",\"keywords\":[\"Carlos Paredes\",\"Coimbra\",\"Museus e Monumentos de Portugal\",\"museus\/arquivos\",\"m\u00fasica\"],\"articleSection\":[\"Not\u00edcias\"],\"inLanguage\":\"pt-PT\"},{\"@type\":\"WebPage\",\"@id\":\"https:\/\/portaltela.pt\/noticias\/2026\/02\/04\/museu-municipal-de-coimbra-assinala-101o-aniversario-de-carlos-paredes\/\",\"url\":\"https:\/\/portaltela.pt\/noticias\/2026\/02\/04\/museu-municipal-de-coimbra-assinala-101o-aniversario-de-carlos-paredes\/\",\"name\":\"Museu Municipal de Coimbra assinala 101\u00ba anivers\u00e1rio de Carlos Paredes - Portal Tela Portugal\",\"isPartOf\":{\"@id\":\"https:\/\/portaltela.pt\/#website\"},\"primaryImageOfPage\":{\"@id\":\"https:\/\/portaltela.pt\/noticias\/2026\/02\/04\/museu-municipal-de-coimbra-assinala-101o-aniversario-de-carlos-paredes\/#primaryimage\"},\"image\":{\"@id\":\"https:\/\/portaltela.pt\/noticias\/2026\/02\/04\/museu-municipal-de-coimbra-assinala-101o-aniversario-de-carlos-paredes\/#primaryimage\"},\"thumbnailUrl\":\"https:\/\/portaltela.pt\/s.01k8rhncp4jt1\/2026\/02\/unnamed-file-1343.jpg\",\"datePublished\":\"2026-02-04T17:48:33+00:00\",\"author\":{\"@id\":\"https:\/\/portaltela.pt\/#\/schema\/person\/c4278d4a6028830caff9ee44b42d32ed\"},\"breadcrumb\":{\"@id\":\"https:\/\/portaltela.pt\/noticias\/2026\/02\/04\/museu-municipal-de-coimbra-assinala-101o-aniversario-de-carlos-paredes\/#breadcrumb\"},\"inLanguage\":\"pt-PT\",\"potentialAction\":[{\"@type\":\"ReadAction\",\"target\":[\"https:\/\/portaltela.pt\/noticias\/2026\/02\/04\/museu-municipal-de-coimbra-assinala-101o-aniversario-de-carlos-paredes\/\"]}]},{\"@type\":\"ImageObject\",\"inLanguage\":\"pt-PT\",\"@id\":\"https:\/\/portaltela.pt\/noticias\/2026\/02\/04\/museu-municipal-de-coimbra-assinala-101o-aniversario-de-carlos-paredes\/#primaryimage\",\"url\":\"https:\/\/portaltela.pt\/s.01k8rhncp4jt1\/2026\/02\/unnamed-file-1343.jpg\",\"contentUrl\":\"https:\/\/portaltela.pt\/s.01k8rhncp4jt1\/2026\/02\/unnamed-file-1343.jpg\",\"width\":796,\"height\":448,\"caption\":\"Museu Municipal de Coimbra assinala 101\u00ba anivers\u00e1rio de Carlos Paredes com programa evocativo\"},{\"@type\":\"BreadcrumbList\",\"@id\":\"https:\/\/portaltela.pt\/noticias\/2026\/02\/04\/museu-municipal-de-coimbra-assinala-101o-aniversario-de-carlos-paredes\/#breadcrumb\",\"itemListElement\":[{\"@type\":\"ListItem\",\"position\":1,\"name\":\"In\u00edcio\",\"item\":\"https:\/\/portaltela.pt\/\"},{\"@type\":\"ListItem\",\"position\":2,\"name\":\"Museu Municipal de Coimbra assinala 101\u00ba anivers\u00e1rio de Carlos Paredes\"}]},{\"@type\":\"WebSite\",\"@id\":\"https:\/\/portaltela.pt\/#website\",\"url\":\"https:\/\/portaltela.pt\/\",\"name\":\"Portal Tela Portugal\",\"description\":\"\",\"potentialAction\":[{\"@type\":\"SearchAction\",\"target\":{\"@type\":\"EntryPoint\",\"urlTemplate\":\"https:\/\/portaltela.pt\/?s={search_term_string}\"},\"query-input\":{\"@type\":\"PropertyValueSpecification\",\"valueRequired\":true,\"valueName\":\"search_term_string\"}}],\"inLanguage\":\"pt-PT\"},{\"@type\":\"Person\",\"@id\":\"https:\/\/portaltela.pt\/#\/schema\/person\/c4278d4a6028830caff9ee44b42d32ed\",\"name\":\"Telinha\",\"image\":{\"@type\":\"ImageObject\",\"inLanguage\":\"pt-PT\",\"@id\":\"https:\/\/portaltela.pt\/s.01k8rhncp4jt1\/2025\/11\/talking-bot-125x125.png\",\"url\":\"https:\/\/portaltela.pt\/s.01k8rhncp4jt1\/2025\/11\/talking-bot-125x125.png\",\"contentUrl\":\"https:\/\/portaltela.pt\/s.01k8rhncp4jt1\/2025\/11\/talking-bot-125x125.png\",\"caption\":\"Telinha\"},\"sameAs\":[\"https:\/\/portaltela.pt\/\"],\"url\":\"https:\/\/portaltela.pt\/por\/367410592786\/\"}]}<\/script>\n<!-- \/ Yoast SEO plugin. -->","yoast_head_json":{"title":"Museu Municipal de Coimbra assinala 101\u00ba anivers\u00e1rio de Carlos Paredes - Portal Tela Portugal","robots":{"index":"index","follow":"follow","max-snippet":"max-snippet:-1","max-image-preview":"max-image-preview:large","max-video-preview":"max-video-preview:-1"},"og_locale":"pt_PT","og_type":"article","og_title":"Museu Municipal de Coimbra assinala 101\u00ba anivers\u00e1rio de Carlos Paredes - Portal Tela Portugal","og_description":"O Museu Municipal de Coimbra assinala o 101\u00ba anivers\u00e1rio de Carlos Paredes com um programa evocativo na Torre de Anto, no dia 13 de fevereiro. \u00c0s 14h30 h\u00e1 uma visita orientada \u00e0 torre, seguida de um apontamento musical pelo grupo Fados D\u2019Anto \u00e0s 15h30 (entrada livre). De ter\u00e7a a sexta-feira, o N\u00facleo da Guitarra e do Fado de Coimbra acolhe a oficina \u201cDescobrir Carlos Paredes \u2013 Uma aventura musical!\u201d para o p\u00fablico escolar, com inscri\u00e7\u00e3o. Entre 10 e 13 de fevereiro, a Torre de Anto recebe a oficina dirigida a crian\u00e7as do pr\u00e9-escolar ao 2.\u00ba ciclo. As inscri\u00e7\u00f5es devem ser feitas por telefone (239 840 754) ou e-mail (museu.municipal@cm-coimbra.pt). Carlos Paredes faz 101 anos a 16 de fevereiro.","og_url":"https:\/\/portaltela.pt\/noticias\/2026\/02\/04\/museu-municipal-de-coimbra-assinala-101o-aniversario-de-carlos-paredes\/","og_site_name":"Portal Tela Portugal","article_published_time":"2026-02-04T17:48:33+00:00","author":"Telinha","twitter_card":"summary_large_image","twitter_misc":{"Escrito por":"Telinha","Tempo estimado de leitura":"1 minuto"},"schema":{"@context":"https:\/\/schema.org","@graph":[{"@type":"Article","@id":"https:\/\/portaltela.pt\/noticias\/2026\/02\/04\/museu-municipal-de-coimbra-assinala-101o-aniversario-de-carlos-paredes\/#article","isPartOf":{"@id":"https:\/\/portaltela.pt\/noticias\/2026\/02\/04\/museu-municipal-de-coimbra-assinala-101o-aniversario-de-carlos-paredes\/"},"author":{"name":"Telinha","@id":"https:\/\/portaltela.pt\/#\/schema\/person\/c4278d4a6028830caff9ee44b42d32ed"},"headline":"Museu Municipal de Coimbra assinala 101\u00ba anivers\u00e1rio de Carlos Paredes","datePublished":"2026-02-04T17:48:33+00:00","mainEntityOfPage":{"@id":"https:\/\/portaltela.pt\/noticias\/2026\/02\/04\/museu-municipal-de-coimbra-assinala-101o-aniversario-de-carlos-paredes\/"},"wordCount":253,"image":{"@id":"https:\/\/portaltela.pt\/noticias\/2026\/02\/04\/museu-municipal-de-coimbra-assinala-101o-aniversario-de-carlos-paredes\/#primaryimage"},"thumbnailUrl":"https:\/\/portaltela.pt\/s.01k8rhncp4jt1\/2026\/02\/unnamed-file-1343.jpg","keywords":["Carlos Paredes","Coimbra","Museus e Monumentos de Portugal","museus\/arquivos","m\u00fasica"],"articleSection":["Not\u00edcias"],"inLanguage":"pt-PT"},{"@type":"WebPage","@id":"https:\/\/portaltela.pt\/noticias\/2026\/02\/04\/museu-municipal-de-coimbra-assinala-101o-aniversario-de-carlos-paredes\/","url":"https:\/\/portaltela.pt\/noticias\/2026\/02\/04\/museu-municipal-de-coimbra-assinala-101o-aniversario-de-carlos-paredes\/","name":"Museu Municipal de Coimbra assinala 101\u00ba anivers\u00e1rio de Carlos Paredes - Portal Tela Portugal","isPartOf":{"@id":"https:\/\/portaltela.pt\/#website"},"primaryImageOfPage":{"@id":"https:\/\/portaltela.pt\/noticias\/2026\/02\/04\/museu-municipal-de-coimbra-assinala-101o-aniversario-de-carlos-paredes\/#primaryimage"},"image":{"@id":"https:\/\/portaltela.pt\/noticias\/2026\/02\/04\/museu-municipal-de-coimbra-assinala-101o-aniversario-de-carlos-paredes\/#primaryimage"},"thumbnailUrl":"https:\/\/portaltela.pt\/s.01k8rhncp4jt1\/2026\/02\/unnamed-file-1343.jpg","datePublished":"2026-02-04T17:48:33+00:00","author":{"@id":"https:\/\/portaltela.pt\/#\/schema\/person\/c4278d4a6028830caff9ee44b42d32ed"},"breadcrumb":{"@id":"https:\/\/portaltela.pt\/noticias\/2026\/02\/04\/museu-municipal-de-coimbra-assinala-101o-aniversario-de-carlos-paredes\/#breadcrumb"},"inLanguage":"pt-PT","potentialAction":[{"@type":"ReadAction","target":["https:\/\/portaltela.pt\/noticias\/2026\/02\/04\/museu-municipal-de-coimbra-assinala-101o-aniversario-de-carlos-paredes\/"]}]},{"@type":"ImageObject","inLanguage":"pt-PT","@id":"https:\/\/portaltela.pt\/noticias\/2026\/02\/04\/museu-municipal-de-coimbra-assinala-101o-aniversario-de-carlos-paredes\/#primaryimage","url":"https:\/\/portaltela.pt\/s.01k8rhncp4jt1\/2026\/02\/unnamed-file-1343.jpg","contentUrl":"https:\/\/portaltela.pt\/s.01k8rhncp4jt1\/2026\/02\/unnamed-file-1343.jpg","width":796,"height":448,"caption":"Museu Municipal de Coimbra assinala 101\u00ba anivers\u00e1rio de Carlos Paredes com programa evocativo"},{"@type":"BreadcrumbList","@id":"https:\/\/portaltela.pt\/noticias\/2026\/02\/04\/museu-municipal-de-coimbra-assinala-101o-aniversario-de-carlos-paredes\/#breadcrumb","itemListElement":[{"@type":"ListItem","position":1,"name":"In\u00edcio","item":"https:\/\/portaltela.pt\/"},{"@type":"ListItem","position":2,"name":"Museu Municipal de Coimbra assinala 101\u00ba anivers\u00e1rio de Carlos Paredes"}]},{"@type":"WebSite","@id":"https:\/\/portaltela.pt\/#website","url":"https:\/\/portaltela.pt\/","name":"Portal Tela Portugal","description":"","potentialAction":[{"@type":"SearchAction","target":{"@type":"EntryPoint","urlTemplate":"https:\/\/portaltela.pt\/?s={search_term_string}"},"query-input":{"@type":"PropertyValueSpecification","valueRequired":true,"valueName":"search_term_string"}}],"inLanguage":"pt-PT"},{"@type":"Person","@id":"https:\/\/portaltela.pt\/#\/schema\/person\/c4278d4a6028830caff9ee44b42d32ed","name":"Telinha","image":{"@type":"ImageObject","inLanguage":"pt-PT","@id":"https:\/\/portaltela.pt\/s.01k8rhncp4jt1\/2025\/11\/talking-bot-125x125.png","url":"https:\/\/portaltela.pt\/s.01k8rhncp4jt1\/2025\/11\/talking-bot-125x125.png","contentUrl":"https:\/\/portaltela.pt\/s.01k8rhncp4jt1\/2025\/11\/talking-bot-125x125.png","caption":"Telinha"},"sameAs":["https:\/\/portaltela.pt\/"],"url":"https:\/\/portaltela.pt\/por\/367410592786\/"}]}},"_links":{"self":[{"href":"https:\/\/portaltela.pt\/api\/wp\/v2\/posts\/197613","targetHints":{"allow":["GET"]}}],"collection":[{"href":"https:\/\/portaltela.pt\/api\/wp\/v2\/posts"}],"about":[{"href":"https:\/\/portaltela.pt\/api\/wp\/v2\/types\/post"}],"author":[{"embeddable":true,"href":"https:\/\/portaltela.pt\/api\/wp\/v2\/users\/2"}],"replies":[{"embeddable":true,"href":"https:\/\/portaltela.pt\/api\/wp\/v2\/comments?post=197613"}],"version-history":[{"count":0,"href":"https:\/\/portaltela.pt\/api\/wp\/v2\/posts\/197613\/revisions"}],"wp:featuredmedia":[{"embeddable":true,"href":"https:\/\/portaltela.pt\/api\/wp\/v2\/media\/197624"}],"wp:attachment":[{"href":"https:\/\/portaltela.pt\/api\/wp\/v2\/media?parent=197613"}],"wp:term":[{"taxonomy":"category","embeddable":true,"href":"https:\/\/portaltela.pt\/api\/wp\/v2\/categories?post=197613"},{"taxonomy":"post_tag","embeddable":true,"href":"https:\/\/portaltela.pt\/api\/wp\/v2\/tags?post=197613"}],"curies":[{"name":"wp","href":"https:\/\/api.w.org\/{rel}","templated":true}]}}