{"id":197600,"date":"2026-02-04T14:41:24","date_gmt":"2026-02-04T17:41:24","guid":{"rendered":"https:\/\/portaltela.pt\/noticias\/2026\/02\/04\/empresas-afetadas-pela-kristin-recebem-isencoes-e-apoios-ao-emprego\/"},"modified":"2026-02-04T14:41:24","modified_gmt":"2026-02-04T17:41:24","slug":"empresas-afetadas-pela-kristin-recebem-isencoes-e-apoios-ao-emprego","status":"publish","type":"post","link":"https:\/\/portaltela.pt\/noticias\/2026\/02\/04\/empresas-afetadas-pela-kristin-recebem-isencoes-e-apoios-ao-emprego\/","title":{"rendered":"Empresas afetadas pela Kristin recebem isen\u00e7\u00f5es e apoios ao emprego"},"content":{"rendered":"<p>O Governo aprovou um conjunto de medidas excecionais de apoio \u00e0s empresas afetadas pela tempestade Kristin. O objetivo \u00e9 garantir a sustentabilidade econ\u00f3mica, proteger o emprego e apoiar a retoma da atividade nas zonas atingidas.<\/p>\n<p>Entre as medidas est\u00e3o isen\u00e7\u00f5es no pagamento de contribui\u00e7\u00f5es para a Seguran\u00e7a Social, a aplica\u00e7\u00e3o de um regime simplificado de lay-off e um incentivo financeiro extraordin\u00e1rio \u00e0 manuten\u00e7\u00e3o dos postos de trabalho. As medidas visam empresas, cooperativas e trabalhadores independentes afectados.<\/p>\n<p>Apoios em detalhe<\/p>\n<p>A Seguran\u00e7a Social pode apoiar o pagamento de sal\u00e1rios em regimes de redu\u00e7\u00e3o de hor\u00e1rios ou suspens\u00e3o tempor\u00e1ria de contratos. O empregador fica respons\u00e1vel por 20% do sal\u00e1rio, enquanto a Seguran\u00e7a Social cobre 80%.<\/p>\n<p>Para trabalhadores, o regime prev\u00ea o pagamento do vencimento l\u00edquido at\u00e9 3 vezes o sal\u00e1rio m\u00ednimo nacional. A isen\u00e7\u00e3o de TSU \u00e9 total nos primeiros seis meses, com possibilidade de prorroga\u00e7\u00e3o at\u00e9 um ano.<\/p>\n<p>Quem pode beneficiar<\/p>\n<p>A isen\u00e7\u00e3o total aplica-se a entidades diretamente afetadas pela tempestade, que tenham reduzido capacidade produtiva devido a danos a instala\u00e7\u00f5es, terrenos, ve\u00edculos ou instrumentos de trabalho essenciais.<\/p>\n<p>H\u00e1 ainda uma isen\u00e7\u00e3o parcial de 50% da taxa contributiva para empregadores que contratem desempregados diretamente causados pela tempestade.<\/p>\n<p>Incentivo \u00e0 manuten\u00e7\u00e3o de postos<\/p>\n<p>O pacote inclui um incentivo financeiro extraordin\u00e1rio, gerido pelo IEFP, para a manuten\u00e7\u00e3o de postos de trabalho. O apoio tem dura\u00e7\u00e3o inicial de tr\u00eas meses, com possibilidade de prorroga\u00e7\u00e3o, e destina-se a empresas e cooperativas cuja viabilidade econ\u00f3mica tenha sido afetada pela tempestade Kristin.<\/p>\n","protected":false},"excerpt":{"rendered":"<ul>\n<li>O Governo aprovou medidas de apoio a empresas afetadas pela tempestade Kristin, incluindo isen\u00e7\u00f5es \u00e0 Seguran\u00e7a Social, regime simplificado de lay-off e um incentivo \u00e0 manuten\u00e7\u00e3o de postos de trabalho.<\/li>\n<li>Empresas em crise podem recorrer a redu\u00e7\u00e3o de hor\u00e1rios ou suspens\u00e3o de contratos; a Seguran\u00e7a Social paga sal\u00e1rios, enquanto o empregador fica com 20% do valor do sal\u00e1rio.<\/li>\n<li>Os trabalhadores recebem 100% do vencimento l\u00edquido at\u00e9 ao limite de tr\u00eas vezes o sal\u00e1rio m\u00ednimo nacional; a maior parte do custo \u00e9 suportada pela Seguran\u00e7a Social.<\/li>\n<li>A isen\u00e7\u00e3o total de contribui\u00e7\u00f5es para a Seguran\u00e7a Social vigora durante seis meses, com possibilidade de prorroga\u00e7\u00e3o at\u00e9 um ano; aplica-se a empresas, cooperativas e trabalhadores independentes afetados.<\/li>\n<li>H\u00e1 ainda uma isen\u00e7\u00e3o parcial de 50% da contribui\u00e7\u00e3o do empregador para contratar desempregados afetados pela tempestade; existe um incentivo financeiro extraordin\u00e1rio do IEFP para a manuten\u00e7\u00e3o de postos de trabalho por tr\u00eas meses, com possibilidade de extens\u00e3o.<\/li>\n<\/ul>\n","protected":false},"author":2,"featured_media":197606,"comment_status":"closed","ping_status":"closed","sticky":false,"template":"","format":"standard","meta":{"footnotes":""},"categories":[1],"tags":[4818,1180,1006,2697,4352,243],"class_list":["post-197600","post","type-post","status-publish","format-standard","has-post-thumbnail","hentry","category-noticias","tag-apoio-as-catastrofes-naturais","tag-cooperativas","tag-emprego","tag-empresas","tag-iefp","tag-seguranca-social"],"yoast_head":"<!-- This site is optimized with the Yoast SEO plugin v27.2 - https:\/\/yoast.com\/product\/yoast-seo-wordpress\/ -->\n<title>Empresas afetadas pela Kristin recebem isen\u00e7\u00f5es e apoios ao emprego - Portal Tela Portugal<\/title>\n<meta name=\"robots\" content=\"index, follow, max-snippet:-1, max-image-preview:large, max-video-preview:-1\" \/>\n<meta property=\"og:locale\" content=\"pt_PT\" \/>\n<meta property=\"og:type\" content=\"article\" \/>\n<meta property=\"og:title\" content=\"Empresas afetadas pela Kristin recebem isen\u00e7\u00f5es e apoios ao emprego - Portal Tela Portugal\" \/>\n<meta property=\"og:description\" content=\"O Governo aprovou medidas de apoio a empresas afetadas pela tempestade Kristin, incluindo isen\u00e7\u00f5es \u00e0 Seguran\u00e7a Social, regime simplificado de lay-off e um incentivo \u00e0 manuten\u00e7\u00e3o de postos de trabalho. Empresas em crise podem recorrer a redu\u00e7\u00e3o de hor\u00e1rios ou suspens\u00e3o de contratos; a Seguran\u00e7a Social paga sal\u00e1rios, enquanto o empregador fica com 20% do valor do sal\u00e1rio. Os trabalhadores recebem 100% do vencimento l\u00edquido at\u00e9 ao limite de tr\u00eas vezes o sal\u00e1rio m\u00ednimo nacional; a maior parte do custo \u00e9 suportada pela Seguran\u00e7a Social. A isen\u00e7\u00e3o total de contribui\u00e7\u00f5es para a Seguran\u00e7a Social vigora durante seis meses, com possibilidade de prorroga\u00e7\u00e3o at\u00e9 um ano; aplica-se a empresas, cooperativas e trabalhadores independentes afetados. H\u00e1 ainda uma isen\u00e7\u00e3o parcial de 50% da contribui\u00e7\u00e3o do empregador para contratar desempregados afetados pela tempestade; existe um incentivo financeiro extraordin\u00e1rio do IEFP para a manuten\u00e7\u00e3o de postos de trabalho por tr\u00eas meses, com possibilidade de extens\u00e3o.\" \/>\n<meta property=\"og:url\" content=\"https:\/\/portaltela.pt\/noticias\/2026\/02\/04\/empresas-afetadas-pela-kristin-recebem-isencoes-e-apoios-ao-emprego\/\" \/>\n<meta property=\"og:site_name\" content=\"Portal Tela Portugal\" \/>\n<meta property=\"article:published_time\" content=\"2026-02-04T17:41:24+00:00\" \/>\n<meta name=\"author\" content=\"Telinha\" \/>\n<meta name=\"twitter:card\" content=\"summary_large_image\" \/>\n<meta name=\"twitter:label1\" content=\"Escrito por\" \/>\n\t<meta name=\"twitter:data1\" content=\"Telinha\" \/>\n\t<meta name=\"twitter:label2\" content=\"Tempo estimado de leitura\" \/>\n\t<meta name=\"twitter:data2\" content=\"1 minuto\" \/>\n<script type=\"application\/ld+json\" class=\"yoast-schema-graph\">{\"@context\":\"https:\/\/schema.org\",\"@graph\":[{\"@type\":\"Article\",\"@id\":\"https:\/\/portaltela.pt\/noticias\/2026\/02\/04\/empresas-afetadas-pela-kristin-recebem-isencoes-e-apoios-ao-emprego\/#article\",\"isPartOf\":{\"@id\":\"https:\/\/portaltela.pt\/noticias\/2026\/02\/04\/empresas-afetadas-pela-kristin-recebem-isencoes-e-apoios-ao-emprego\/\"},\"author\":{\"name\":\"Telinha\",\"@id\":\"https:\/\/portaltela.pt\/#\/schema\/person\/c4278d4a6028830caff9ee44b42d32ed\"},\"headline\":\"Empresas afetadas pela Kristin recebem isen\u00e7\u00f5es e apoios ao emprego\",\"datePublished\":\"2026-02-04T17:41:24+00:00\",\"mainEntityOfPage\":{\"@id\":\"https:\/\/portaltela.pt\/noticias\/2026\/02\/04\/empresas-afetadas-pela-kristin-recebem-isencoes-e-apoios-ao-emprego\/\"},\"wordCount\":281,\"image\":{\"@id\":\"https:\/\/portaltela.pt\/noticias\/2026\/02\/04\/empresas-afetadas-pela-kristin-recebem-isencoes-e-apoios-ao-emprego\/#primaryimage\"},\"thumbnailUrl\":\"https:\/\/portaltela.pt\/s.01k8rhncp4jt1\/2026\/02\/unnamed-file-1341.jpg\",\"keywords\":[\"Apoio \u00e0s Cat\u00e1strofes Naturais\",\"cooperativas\",\"emprego\",\"empresas\",\"IEFP\",\"seguran\u00e7a social\"],\"articleSection\":[\"Not\u00edcias\"],\"inLanguage\":\"pt-PT\"},{\"@type\":\"WebPage\",\"@id\":\"https:\/\/portaltela.pt\/noticias\/2026\/02\/04\/empresas-afetadas-pela-kristin-recebem-isencoes-e-apoios-ao-emprego\/\",\"url\":\"https:\/\/portaltela.pt\/noticias\/2026\/02\/04\/empresas-afetadas-pela-kristin-recebem-isencoes-e-apoios-ao-emprego\/\",\"name\":\"Empresas afetadas pela Kristin recebem isen\u00e7\u00f5es e apoios ao emprego - Portal Tela Portugal\",\"isPartOf\":{\"@id\":\"https:\/\/portaltela.pt\/#website\"},\"primaryImageOfPage\":{\"@id\":\"https:\/\/portaltela.pt\/noticias\/2026\/02\/04\/empresas-afetadas-pela-kristin-recebem-isencoes-e-apoios-ao-emprego\/#primaryimage\"},\"image\":{\"@id\":\"https:\/\/portaltela.pt\/noticias\/2026\/02\/04\/empresas-afetadas-pela-kristin-recebem-isencoes-e-apoios-ao-emprego\/#primaryimage\"},\"thumbnailUrl\":\"https:\/\/portaltela.pt\/s.01k8rhncp4jt1\/2026\/02\/unnamed-file-1341.jpg\",\"datePublished\":\"2026-02-04T17:41:24+00:00\",\"author\":{\"@id\":\"https:\/\/portaltela.pt\/#\/schema\/person\/c4278d4a6028830caff9ee44b42d32ed\"},\"breadcrumb\":{\"@id\":\"https:\/\/portaltela.pt\/noticias\/2026\/02\/04\/empresas-afetadas-pela-kristin-recebem-isencoes-e-apoios-ao-emprego\/#breadcrumb\"},\"inLanguage\":\"pt-PT\",\"potentialAction\":[{\"@type\":\"ReadAction\",\"target\":[\"https:\/\/portaltela.pt\/noticias\/2026\/02\/04\/empresas-afetadas-pela-kristin-recebem-isencoes-e-apoios-ao-emprego\/\"]}]},{\"@type\":\"ImageObject\",\"inLanguage\":\"pt-PT\",\"@id\":\"https:\/\/portaltela.pt\/noticias\/2026\/02\/04\/empresas-afetadas-pela-kristin-recebem-isencoes-e-apoios-ao-emprego\/#primaryimage\",\"url\":\"https:\/\/portaltela.pt\/s.01k8rhncp4jt1\/2026\/02\/unnamed-file-1341.jpg\",\"contentUrl\":\"https:\/\/portaltela.pt\/s.01k8rhncp4jt1\/2026\/02\/unnamed-file-1341.jpg\",\"width\":796,\"height\":448,\"caption\":\"Empresas afetadas pela Kristin t\u00eam isen\u00e7\u00f5es e apoios ao emprego\"},{\"@type\":\"BreadcrumbList\",\"@id\":\"https:\/\/portaltela.pt\/noticias\/2026\/02\/04\/empresas-afetadas-pela-kristin-recebem-isencoes-e-apoios-ao-emprego\/#breadcrumb\",\"itemListElement\":[{\"@type\":\"ListItem\",\"position\":1,\"name\":\"In\u00edcio\",\"item\":\"https:\/\/portaltela.pt\/\"},{\"@type\":\"ListItem\",\"position\":2,\"name\":\"Empresas afetadas pela Kristin recebem isen\u00e7\u00f5es e apoios ao emprego\"}]},{\"@type\":\"WebSite\",\"@id\":\"https:\/\/portaltela.pt\/#website\",\"url\":\"https:\/\/portaltela.pt\/\",\"name\":\"Portal Tela Portugal\",\"description\":\"\",\"potentialAction\":[{\"@type\":\"SearchAction\",\"target\":{\"@type\":\"EntryPoint\",\"urlTemplate\":\"https:\/\/portaltela.pt\/?s={search_term_string}\"},\"query-input\":{\"@type\":\"PropertyValueSpecification\",\"valueRequired\":true,\"valueName\":\"search_term_string\"}}],\"inLanguage\":\"pt-PT\"},{\"@type\":\"Person\",\"@id\":\"https:\/\/portaltela.pt\/#\/schema\/person\/c4278d4a6028830caff9ee44b42d32ed\",\"name\":\"Telinha\",\"image\":{\"@type\":\"ImageObject\",\"inLanguage\":\"pt-PT\",\"@id\":\"https:\/\/portaltela.pt\/s.01k8rhncp4jt1\/2025\/11\/talking-bot-125x125.png\",\"url\":\"https:\/\/portaltela.pt\/s.01k8rhncp4jt1\/2025\/11\/talking-bot-125x125.png\",\"contentUrl\":\"https:\/\/portaltela.pt\/s.01k8rhncp4jt1\/2025\/11\/talking-bot-125x125.png\",\"caption\":\"Telinha\"},\"sameAs\":[\"https:\/\/portaltela.pt\/\"],\"url\":\"https:\/\/portaltela.pt\/por\/367410592786\/\"}]}<\/script>\n<!-- \/ Yoast SEO plugin. -->","yoast_head_json":{"title":"Empresas afetadas pela Kristin recebem isen\u00e7\u00f5es e apoios ao emprego - Portal Tela Portugal","robots":{"index":"index","follow":"follow","max-snippet":"max-snippet:-1","max-image-preview":"max-image-preview:large","max-video-preview":"max-video-preview:-1"},"og_locale":"pt_PT","og_type":"article","og_title":"Empresas afetadas pela Kristin recebem isen\u00e7\u00f5es e apoios ao emprego - Portal Tela Portugal","og_description":"O Governo aprovou medidas de apoio a empresas afetadas pela tempestade Kristin, incluindo isen\u00e7\u00f5es \u00e0 Seguran\u00e7a Social, regime simplificado de lay-off e um incentivo \u00e0 manuten\u00e7\u00e3o de postos de trabalho. Empresas em crise podem recorrer a redu\u00e7\u00e3o de hor\u00e1rios ou suspens\u00e3o de contratos; a Seguran\u00e7a Social paga sal\u00e1rios, enquanto o empregador fica com 20% do valor do sal\u00e1rio. Os trabalhadores recebem 100% do vencimento l\u00edquido at\u00e9 ao limite de tr\u00eas vezes o sal\u00e1rio m\u00ednimo nacional; a maior parte do custo \u00e9 suportada pela Seguran\u00e7a Social. A isen\u00e7\u00e3o total de contribui\u00e7\u00f5es para a Seguran\u00e7a Social vigora durante seis meses, com possibilidade de prorroga\u00e7\u00e3o at\u00e9 um ano; aplica-se a empresas, cooperativas e trabalhadores independentes afetados. H\u00e1 ainda uma isen\u00e7\u00e3o parcial de 50% da contribui\u00e7\u00e3o do empregador para contratar desempregados afetados pela tempestade; existe um incentivo financeiro extraordin\u00e1rio do IEFP para a manuten\u00e7\u00e3o de postos de trabalho por tr\u00eas meses, com possibilidade de extens\u00e3o.","og_url":"https:\/\/portaltela.pt\/noticias\/2026\/02\/04\/empresas-afetadas-pela-kristin-recebem-isencoes-e-apoios-ao-emprego\/","og_site_name":"Portal Tela Portugal","article_published_time":"2026-02-04T17:41:24+00:00","author":"Telinha","twitter_card":"summary_large_image","twitter_misc":{"Escrito por":"Telinha","Tempo estimado de leitura":"1 minuto"},"schema":{"@context":"https:\/\/schema.org","@graph":[{"@type":"Article","@id":"https:\/\/portaltela.pt\/noticias\/2026\/02\/04\/empresas-afetadas-pela-kristin-recebem-isencoes-e-apoios-ao-emprego\/#article","isPartOf":{"@id":"https:\/\/portaltela.pt\/noticias\/2026\/02\/04\/empresas-afetadas-pela-kristin-recebem-isencoes-e-apoios-ao-emprego\/"},"author":{"name":"Telinha","@id":"https:\/\/portaltela.pt\/#\/schema\/person\/c4278d4a6028830caff9ee44b42d32ed"},"headline":"Empresas afetadas pela Kristin recebem isen\u00e7\u00f5es e apoios ao emprego","datePublished":"2026-02-04T17:41:24+00:00","mainEntityOfPage":{"@id":"https:\/\/portaltela.pt\/noticias\/2026\/02\/04\/empresas-afetadas-pela-kristin-recebem-isencoes-e-apoios-ao-emprego\/"},"wordCount":281,"image":{"@id":"https:\/\/portaltela.pt\/noticias\/2026\/02\/04\/empresas-afetadas-pela-kristin-recebem-isencoes-e-apoios-ao-emprego\/#primaryimage"},"thumbnailUrl":"https:\/\/portaltela.pt\/s.01k8rhncp4jt1\/2026\/02\/unnamed-file-1341.jpg","keywords":["Apoio \u00e0s Cat\u00e1strofes Naturais","cooperativas","emprego","empresas","IEFP","seguran\u00e7a social"],"articleSection":["Not\u00edcias"],"inLanguage":"pt-PT"},{"@type":"WebPage","@id":"https:\/\/portaltela.pt\/noticias\/2026\/02\/04\/empresas-afetadas-pela-kristin-recebem-isencoes-e-apoios-ao-emprego\/","url":"https:\/\/portaltela.pt\/noticias\/2026\/02\/04\/empresas-afetadas-pela-kristin-recebem-isencoes-e-apoios-ao-emprego\/","name":"Empresas afetadas pela Kristin recebem isen\u00e7\u00f5es e apoios ao emprego - Portal Tela Portugal","isPartOf":{"@id":"https:\/\/portaltela.pt\/#website"},"primaryImageOfPage":{"@id":"https:\/\/portaltela.pt\/noticias\/2026\/02\/04\/empresas-afetadas-pela-kristin-recebem-isencoes-e-apoios-ao-emprego\/#primaryimage"},"image":{"@id":"https:\/\/portaltela.pt\/noticias\/2026\/02\/04\/empresas-afetadas-pela-kristin-recebem-isencoes-e-apoios-ao-emprego\/#primaryimage"},"thumbnailUrl":"https:\/\/portaltela.pt\/s.01k8rhncp4jt1\/2026\/02\/unnamed-file-1341.jpg","datePublished":"2026-02-04T17:41:24+00:00","author":{"@id":"https:\/\/portaltela.pt\/#\/schema\/person\/c4278d4a6028830caff9ee44b42d32ed"},"breadcrumb":{"@id":"https:\/\/portaltela.pt\/noticias\/2026\/02\/04\/empresas-afetadas-pela-kristin-recebem-isencoes-e-apoios-ao-emprego\/#breadcrumb"},"inLanguage":"pt-PT","potentialAction":[{"@type":"ReadAction","target":["https:\/\/portaltela.pt\/noticias\/2026\/02\/04\/empresas-afetadas-pela-kristin-recebem-isencoes-e-apoios-ao-emprego\/"]}]},{"@type":"ImageObject","inLanguage":"pt-PT","@id":"https:\/\/portaltela.pt\/noticias\/2026\/02\/04\/empresas-afetadas-pela-kristin-recebem-isencoes-e-apoios-ao-emprego\/#primaryimage","url":"https:\/\/portaltela.pt\/s.01k8rhncp4jt1\/2026\/02\/unnamed-file-1341.jpg","contentUrl":"https:\/\/portaltela.pt\/s.01k8rhncp4jt1\/2026\/02\/unnamed-file-1341.jpg","width":796,"height":448,"caption":"Empresas afetadas pela Kristin t\u00eam isen\u00e7\u00f5es e apoios ao emprego"},{"@type":"BreadcrumbList","@id":"https:\/\/portaltela.pt\/noticias\/2026\/02\/04\/empresas-afetadas-pela-kristin-recebem-isencoes-e-apoios-ao-emprego\/#breadcrumb","itemListElement":[{"@type":"ListItem","position":1,"name":"In\u00edcio","item":"https:\/\/portaltela.pt\/"},{"@type":"ListItem","position":2,"name":"Empresas afetadas pela Kristin recebem isen\u00e7\u00f5es e apoios ao emprego"}]},{"@type":"WebSite","@id":"https:\/\/portaltela.pt\/#website","url":"https:\/\/portaltela.pt\/","name":"Portal Tela Portugal","description":"","potentialAction":[{"@type":"SearchAction","target":{"@type":"EntryPoint","urlTemplate":"https:\/\/portaltela.pt\/?s={search_term_string}"},"query-input":{"@type":"PropertyValueSpecification","valueRequired":true,"valueName":"search_term_string"}}],"inLanguage":"pt-PT"},{"@type":"Person","@id":"https:\/\/portaltela.pt\/#\/schema\/person\/c4278d4a6028830caff9ee44b42d32ed","name":"Telinha","image":{"@type":"ImageObject","inLanguage":"pt-PT","@id":"https:\/\/portaltela.pt\/s.01k8rhncp4jt1\/2025\/11\/talking-bot-125x125.png","url":"https:\/\/portaltela.pt\/s.01k8rhncp4jt1\/2025\/11\/talking-bot-125x125.png","contentUrl":"https:\/\/portaltela.pt\/s.01k8rhncp4jt1\/2025\/11\/talking-bot-125x125.png","caption":"Telinha"},"sameAs":["https:\/\/portaltela.pt\/"],"url":"https:\/\/portaltela.pt\/por\/367410592786\/"}]}},"_links":{"self":[{"href":"https:\/\/portaltela.pt\/api\/wp\/v2\/posts\/197600","targetHints":{"allow":["GET"]}}],"collection":[{"href":"https:\/\/portaltela.pt\/api\/wp\/v2\/posts"}],"about":[{"href":"https:\/\/portaltela.pt\/api\/wp\/v2\/types\/post"}],"author":[{"embeddable":true,"href":"https:\/\/portaltela.pt\/api\/wp\/v2\/users\/2"}],"replies":[{"embeddable":true,"href":"https:\/\/portaltela.pt\/api\/wp\/v2\/comments?post=197600"}],"version-history":[{"count":0,"href":"https:\/\/portaltela.pt\/api\/wp\/v2\/posts\/197600\/revisions"}],"wp:featuredmedia":[{"embeddable":true,"href":"https:\/\/portaltela.pt\/api\/wp\/v2\/media\/197606"}],"wp:attachment":[{"href":"https:\/\/portaltela.pt\/api\/wp\/v2\/media?parent=197600"}],"wp:term":[{"taxonomy":"category","embeddable":true,"href":"https:\/\/portaltela.pt\/api\/wp\/v2\/categories?post=197600"},{"taxonomy":"post_tag","embeddable":true,"href":"https:\/\/portaltela.pt\/api\/wp\/v2\/tags?post=197600"}],"curies":[{"name":"wp","href":"https:\/\/api.w.org\/{rel}","templated":true}]}}