{"id":197576,"date":"2026-02-04T14:28:00","date_gmt":"2026-02-04T17:28:00","guid":{"rendered":"https:\/\/portaltela.pt\/noticias\/2026\/02\/04\/ps-exige-transportes-publicos-sem-transtornos-no-estreito-de-camara-de-lobos\/"},"modified":"2026-02-04T14:28:00","modified_gmt":"2026-02-04T17:28:00","slug":"ps-exige-transportes-publicos-sem-transtornos-no-estreito-de-camara-de-lobos","status":"publish","type":"post","link":"https:\/\/portaltela.pt\/noticias\/2026\/02\/04\/ps-exige-transportes-publicos-sem-transtornos-no-estreito-de-camara-de-lobos\/","title":{"rendered":"PS exige transportes p\u00fablicos sem transtornos no Estreito de C\u00e2mara de Lobos"},"content":{"rendered":"<p>O PS exige uma solu\u00e7\u00e3o r\u00e1pida para os transtornos no transporte p\u00fablico no Estreito de C\u00e2mara de Lobos. Os eleitos Carlos Gon\u00e7alves e Elizabeth Gomes, em nota, dizem que \u00e9 urgente resolver os problemas que afetam a circula\u00e7\u00e3o dos autocarros da empresa Siga-Rodoeste na Estrada Jo\u00e3o Gon\u00e7alves Zarco.<\/p>\n<p>Segundo a for\u00e7a pol\u00edtica, a via est\u00e1 encerrada desde Dezembro junto \u00e0 Padaria Panidoce, o que provoca grandes perturba\u00e7\u00f5es para quem depende do servi\u00e7o p\u00fablico de transportes. A situa\u00e7\u00e3o decorre de uma obra de constru\u00e7\u00e3o associada a uma obra de recupera\u00e7\u00e3o da muralha da Estrada Regional.<\/p>\n<p>Os socialistas reiteram cr\u00edticas \u00e0 C\u00e2mara Municipal pela alegada in\u00e9rcia, apontando que a transportadora j\u00e1 sugeriu uma paragem provis\u00f3ria na Estrada do Passal, junto ao estacionamento do Centro C\u00edvico, mas n\u00e3o houve resposta do Executivo.<\/p>\n<h3>Proposta de solu\u00e7\u00e3o<\/h3>\n<p>A solu\u00e7\u00e3o sugerida pelo PS passa pela transfer\u00eancia tempor\u00e1ria da pra\u00e7a de t\u00e1xis para a antiga localiza\u00e7\u00e3o junto \u00e0 Igreja, em frente \u00e0s Lojas Moleiro, e pela instala\u00e7\u00e3o de uma paragem provis\u00f3ria onde a pra\u00e7a est\u00e1 atualmente instalada. Esta solu\u00e7\u00e3o j\u00e1 foi testada com sucesso aquando de arraiais na regi\u00e3o.<\/p>\n<p>Questionam se \u00e9 realmente dif\u00edcil implementar uma solu\u00e7\u00e3o log\u00edstica j\u00e1 conhecida pelo Munic\u00edpio, que permitiria reduzir atrasos e melhorar o servi\u00e7o aos utilizadores.<\/p>\n","protected":false},"excerpt":{"rendered":"<ul>\n<li>O Partido Socialista exige \u00e0 C\u00e2mara de C\u00e2mara de Lobos a r\u00e1pida resolu\u00e7\u00e3o dos problemas que afetam a circula\u00e7\u00e3o dos autocarros da Siga-Rodoeste na Estrada Jo\u00e3o Gon\u00e7alves Zarco, Estreito de C\u00e2mara de Lobos.<\/li>\n<li>Os socialistas alertam para a demora na reabilita\u00e7\u00e3o e reabertura da via junto \u00e0 Padaria Panidoce, encerrada desde dezembro, causando grandes transtornos a quem usa o servi\u00e7o de transportes p\u00fablicos.<\/li>\n<li>Em dezembro \u00faltimo, a muralha da Estrada Regional Jo\u00e3o Gon\u00e7alves Zarco cedeu devido a movimenta\u00e7\u00f5es de terras para uma obra, levando ao encerramento do tro\u00e7o por motivos de seguran\u00e7a.<\/li>\n<li>Os autocarros est\u00e3o obrigados a seguir um percurso redundante entre o Centro C\u00edvico, o Calv\u00e1rio e novamente o Centro C\u00edvico para recolher passageiros, o que resulta em atrasos e desconforto.<\/li>\n<li>O PS prop\u00f5e uma solu\u00e7\u00e3o simples, j\u00e1 testada noutros eventos: transferir temporariamente a pra\u00e7a de t\u00e1xis para a antiga localiza\u00e7\u00e3o e instalar a paragem provis\u00f3ria onde est\u00e1 atualmente, questionando a C\u00e2mara sobre a dificuldade de executar a medida.<\/li>\n<\/ul>\n","protected":false},"author":2,"featured_media":197582,"comment_status":"closed","ping_status":"closed","sticky":false,"template":"","format":"standard","meta":{"footnotes":""},"categories":[1],"tags":[3769,1284,859,2144,4535,363],"class_list":["post-197576","post","type-post","status-publish","format-standard","has-post-thumbnail","hentry","category-noticias","tag-autocarros","tag-camara-de-lobos","tag-madeira","tag-ps","tag-transporte-publico","tag-transportes"],"yoast_head":"<!-- This site is optimized with the Yoast SEO plugin v27.2 - https:\/\/yoast.com\/product\/yoast-seo-wordpress\/ -->\n<title>PS exige transportes p\u00fablicos sem transtornos no Estreito de C\u00e2mara de Lobos - Portal Tela Portugal<\/title>\n<meta name=\"robots\" content=\"index, follow, max-snippet:-1, max-image-preview:large, max-video-preview:-1\" \/>\n<meta property=\"og:locale\" content=\"pt_PT\" \/>\n<meta property=\"og:type\" content=\"article\" \/>\n<meta property=\"og:title\" content=\"PS exige transportes p\u00fablicos sem transtornos no Estreito de C\u00e2mara de Lobos - Portal Tela Portugal\" \/>\n<meta property=\"og:description\" content=\"O Partido Socialista exige \u00e0 C\u00e2mara de C\u00e2mara de Lobos a r\u00e1pida resolu\u00e7\u00e3o dos problemas que afetam a circula\u00e7\u00e3o dos autocarros da Siga-Rodoeste na Estrada Jo\u00e3o Gon\u00e7alves Zarco, Estreito de C\u00e2mara de Lobos. Os socialistas alertam para a demora na reabilita\u00e7\u00e3o e reabertura da via junto \u00e0 Padaria Panidoce, encerrada desde dezembro, causando grandes transtornos a quem usa o servi\u00e7o de transportes p\u00fablicos. Em dezembro \u00faltimo, a muralha da Estrada Regional Jo\u00e3o Gon\u00e7alves Zarco cedeu devido a movimenta\u00e7\u00f5es de terras para uma obra, levando ao encerramento do tro\u00e7o por motivos de seguran\u00e7a. Os autocarros est\u00e3o obrigados a seguir um percurso redundante entre o Centro C\u00edvico, o Calv\u00e1rio e novamente o Centro C\u00edvico para recolher passageiros, o que resulta em atrasos e desconforto. O PS prop\u00f5e uma solu\u00e7\u00e3o simples, j\u00e1 testada noutros eventos: transferir temporariamente a pra\u00e7a de t\u00e1xis para a antiga localiza\u00e7\u00e3o e instalar a paragem provis\u00f3ria onde est\u00e1 atualmente, questionando a C\u00e2mara sobre a dificuldade de executar a medida.\" \/>\n<meta property=\"og:url\" content=\"https:\/\/portaltela.pt\/noticias\/2026\/02\/04\/ps-exige-transportes-publicos-sem-transtornos-no-estreito-de-camara-de-lobos\/\" \/>\n<meta property=\"og:site_name\" content=\"Portal Tela Portugal\" \/>\n<meta property=\"article:published_time\" content=\"2026-02-04T17:28:00+00:00\" \/>\n<meta name=\"author\" content=\"Telinha\" \/>\n<meta name=\"twitter:card\" content=\"summary_large_image\" \/>\n<meta name=\"twitter:label1\" content=\"Escrito por\" \/>\n\t<meta name=\"twitter:data1\" content=\"Telinha\" \/>\n\t<meta name=\"twitter:label2\" content=\"Tempo estimado de leitura\" \/>\n\t<meta name=\"twitter:data2\" content=\"1 minuto\" \/>\n<script type=\"application\/ld+json\" class=\"yoast-schema-graph\">{\"@context\":\"https:\/\/schema.org\",\"@graph\":[{\"@type\":\"Article\",\"@id\":\"https:\/\/portaltela.pt\/noticias\/2026\/02\/04\/ps-exige-transportes-publicos-sem-transtornos-no-estreito-de-camara-de-lobos\/#article\",\"isPartOf\":{\"@id\":\"https:\/\/portaltela.pt\/noticias\/2026\/02\/04\/ps-exige-transportes-publicos-sem-transtornos-no-estreito-de-camara-de-lobos\/\"},\"author\":{\"name\":\"Telinha\",\"@id\":\"https:\/\/portaltela.pt\/#\/schema\/person\/c4278d4a6028830caff9ee44b42d32ed\"},\"headline\":\"PS exige transportes p\u00fablicos sem transtornos no Estreito de C\u00e2mara de Lobos\",\"datePublished\":\"2026-02-04T17:28:00+00:00\",\"mainEntityOfPage\":{\"@id\":\"https:\/\/portaltela.pt\/noticias\/2026\/02\/04\/ps-exige-transportes-publicos-sem-transtornos-no-estreito-de-camara-de-lobos\/\"},\"wordCount\":253,\"image\":{\"@id\":\"https:\/\/portaltela.pt\/noticias\/2026\/02\/04\/ps-exige-transportes-publicos-sem-transtornos-no-estreito-de-camara-de-lobos\/#primaryimage\"},\"thumbnailUrl\":\"https:\/\/portaltela.pt\/s.01k8rhncp4jt1\/2026\/02\/unnamed-file-1337.jpg\",\"keywords\":[\"autocarros\",\"C\u00e2mara de Lobos\",\"Madeira\",\"PS\",\"transporte p\u00fablico\",\"transportes\"],\"articleSection\":[\"Not\u00edcias\"],\"inLanguage\":\"pt-PT\"},{\"@type\":\"WebPage\",\"@id\":\"https:\/\/portaltela.pt\/noticias\/2026\/02\/04\/ps-exige-transportes-publicos-sem-transtornos-no-estreito-de-camara-de-lobos\/\",\"url\":\"https:\/\/portaltela.pt\/noticias\/2026\/02\/04\/ps-exige-transportes-publicos-sem-transtornos-no-estreito-de-camara-de-lobos\/\",\"name\":\"PS exige transportes p\u00fablicos sem transtornos no Estreito de C\u00e2mara de Lobos - Portal Tela Portugal\",\"isPartOf\":{\"@id\":\"https:\/\/portaltela.pt\/#website\"},\"primaryImageOfPage\":{\"@id\":\"https:\/\/portaltela.pt\/noticias\/2026\/02\/04\/ps-exige-transportes-publicos-sem-transtornos-no-estreito-de-camara-de-lobos\/#primaryimage\"},\"image\":{\"@id\":\"https:\/\/portaltela.pt\/noticias\/2026\/02\/04\/ps-exige-transportes-publicos-sem-transtornos-no-estreito-de-camara-de-lobos\/#primaryimage\"},\"thumbnailUrl\":\"https:\/\/portaltela.pt\/s.01k8rhncp4jt1\/2026\/02\/unnamed-file-1337.jpg\",\"datePublished\":\"2026-02-04T17:28:00+00:00\",\"author\":{\"@id\":\"https:\/\/portaltela.pt\/#\/schema\/person\/c4278d4a6028830caff9ee44b42d32ed\"},\"breadcrumb\":{\"@id\":\"https:\/\/portaltela.pt\/noticias\/2026\/02\/04\/ps-exige-transportes-publicos-sem-transtornos-no-estreito-de-camara-de-lobos\/#breadcrumb\"},\"inLanguage\":\"pt-PT\",\"potentialAction\":[{\"@type\":\"ReadAction\",\"target\":[\"https:\/\/portaltela.pt\/noticias\/2026\/02\/04\/ps-exige-transportes-publicos-sem-transtornos-no-estreito-de-camara-de-lobos\/\"]}]},{\"@type\":\"ImageObject\",\"inLanguage\":\"pt-PT\",\"@id\":\"https:\/\/portaltela.pt\/noticias\/2026\/02\/04\/ps-exige-transportes-publicos-sem-transtornos-no-estreito-de-camara-de-lobos\/#primaryimage\",\"url\":\"https:\/\/portaltela.pt\/s.01k8rhncp4jt1\/2026\/02\/unnamed-file-1337.jpg\",\"contentUrl\":\"https:\/\/portaltela.pt\/s.01k8rhncp4jt1\/2026\/02\/unnamed-file-1337.jpg\",\"width\":796,\"height\":448,\"caption\":\"PS exige transportes p\u00fablicos sem transtornos no Estreito de C\u00e2mara de Lobos\"},{\"@type\":\"BreadcrumbList\",\"@id\":\"https:\/\/portaltela.pt\/noticias\/2026\/02\/04\/ps-exige-transportes-publicos-sem-transtornos-no-estreito-de-camara-de-lobos\/#breadcrumb\",\"itemListElement\":[{\"@type\":\"ListItem\",\"position\":1,\"name\":\"In\u00edcio\",\"item\":\"https:\/\/portaltela.pt\/\"},{\"@type\":\"ListItem\",\"position\":2,\"name\":\"PS exige transportes p\u00fablicos sem transtornos no Estreito de C\u00e2mara de Lobos\"}]},{\"@type\":\"WebSite\",\"@id\":\"https:\/\/portaltela.pt\/#website\",\"url\":\"https:\/\/portaltela.pt\/\",\"name\":\"Portal Tela Portugal\",\"description\":\"\",\"potentialAction\":[{\"@type\":\"SearchAction\",\"target\":{\"@type\":\"EntryPoint\",\"urlTemplate\":\"https:\/\/portaltela.pt\/?s={search_term_string}\"},\"query-input\":{\"@type\":\"PropertyValueSpecification\",\"valueRequired\":true,\"valueName\":\"search_term_string\"}}],\"inLanguage\":\"pt-PT\"},{\"@type\":\"Person\",\"@id\":\"https:\/\/portaltela.pt\/#\/schema\/person\/c4278d4a6028830caff9ee44b42d32ed\",\"name\":\"Telinha\",\"image\":{\"@type\":\"ImageObject\",\"inLanguage\":\"pt-PT\",\"@id\":\"https:\/\/portaltela.pt\/s.01k8rhncp4jt1\/2025\/11\/talking-bot-125x125.png\",\"url\":\"https:\/\/portaltela.pt\/s.01k8rhncp4jt1\/2025\/11\/talking-bot-125x125.png\",\"contentUrl\":\"https:\/\/portaltela.pt\/s.01k8rhncp4jt1\/2025\/11\/talking-bot-125x125.png\",\"caption\":\"Telinha\"},\"sameAs\":[\"https:\/\/portaltela.pt\/\"],\"url\":\"https:\/\/portaltela.pt\/por\/367410592786\/\"}]}<\/script>\n<!-- \/ Yoast SEO plugin. -->","yoast_head_json":{"title":"PS exige transportes p\u00fablicos sem transtornos no Estreito de C\u00e2mara de Lobos - Portal Tela Portugal","robots":{"index":"index","follow":"follow","max-snippet":"max-snippet:-1","max-image-preview":"max-image-preview:large","max-video-preview":"max-video-preview:-1"},"og_locale":"pt_PT","og_type":"article","og_title":"PS exige transportes p\u00fablicos sem transtornos no Estreito de C\u00e2mara de Lobos - Portal Tela Portugal","og_description":"O Partido Socialista exige \u00e0 C\u00e2mara de C\u00e2mara de Lobos a r\u00e1pida resolu\u00e7\u00e3o dos problemas que afetam a circula\u00e7\u00e3o dos autocarros da Siga-Rodoeste na Estrada Jo\u00e3o Gon\u00e7alves Zarco, Estreito de C\u00e2mara de Lobos. Os socialistas alertam para a demora na reabilita\u00e7\u00e3o e reabertura da via junto \u00e0 Padaria Panidoce, encerrada desde dezembro, causando grandes transtornos a quem usa o servi\u00e7o de transportes p\u00fablicos. Em dezembro \u00faltimo, a muralha da Estrada Regional Jo\u00e3o Gon\u00e7alves Zarco cedeu devido a movimenta\u00e7\u00f5es de terras para uma obra, levando ao encerramento do tro\u00e7o por motivos de seguran\u00e7a. Os autocarros est\u00e3o obrigados a seguir um percurso redundante entre o Centro C\u00edvico, o Calv\u00e1rio e novamente o Centro C\u00edvico para recolher passageiros, o que resulta em atrasos e desconforto. O PS prop\u00f5e uma solu\u00e7\u00e3o simples, j\u00e1 testada noutros eventos: transferir temporariamente a pra\u00e7a de t\u00e1xis para a antiga localiza\u00e7\u00e3o e instalar a paragem provis\u00f3ria onde est\u00e1 atualmente, questionando a C\u00e2mara sobre a dificuldade de executar a medida.","og_url":"https:\/\/portaltela.pt\/noticias\/2026\/02\/04\/ps-exige-transportes-publicos-sem-transtornos-no-estreito-de-camara-de-lobos\/","og_site_name":"Portal Tela Portugal","article_published_time":"2026-02-04T17:28:00+00:00","author":"Telinha","twitter_card":"summary_large_image","twitter_misc":{"Escrito por":"Telinha","Tempo estimado de leitura":"1 minuto"},"schema":{"@context":"https:\/\/schema.org","@graph":[{"@type":"Article","@id":"https:\/\/portaltela.pt\/noticias\/2026\/02\/04\/ps-exige-transportes-publicos-sem-transtornos-no-estreito-de-camara-de-lobos\/#article","isPartOf":{"@id":"https:\/\/portaltela.pt\/noticias\/2026\/02\/04\/ps-exige-transportes-publicos-sem-transtornos-no-estreito-de-camara-de-lobos\/"},"author":{"name":"Telinha","@id":"https:\/\/portaltela.pt\/#\/schema\/person\/c4278d4a6028830caff9ee44b42d32ed"},"headline":"PS exige transportes p\u00fablicos sem transtornos no Estreito de C\u00e2mara de Lobos","datePublished":"2026-02-04T17:28:00+00:00","mainEntityOfPage":{"@id":"https:\/\/portaltela.pt\/noticias\/2026\/02\/04\/ps-exige-transportes-publicos-sem-transtornos-no-estreito-de-camara-de-lobos\/"},"wordCount":253,"image":{"@id":"https:\/\/portaltela.pt\/noticias\/2026\/02\/04\/ps-exige-transportes-publicos-sem-transtornos-no-estreito-de-camara-de-lobos\/#primaryimage"},"thumbnailUrl":"https:\/\/portaltela.pt\/s.01k8rhncp4jt1\/2026\/02\/unnamed-file-1337.jpg","keywords":["autocarros","C\u00e2mara de Lobos","Madeira","PS","transporte p\u00fablico","transportes"],"articleSection":["Not\u00edcias"],"inLanguage":"pt-PT"},{"@type":"WebPage","@id":"https:\/\/portaltela.pt\/noticias\/2026\/02\/04\/ps-exige-transportes-publicos-sem-transtornos-no-estreito-de-camara-de-lobos\/","url":"https:\/\/portaltela.pt\/noticias\/2026\/02\/04\/ps-exige-transportes-publicos-sem-transtornos-no-estreito-de-camara-de-lobos\/","name":"PS exige transportes p\u00fablicos sem transtornos no Estreito de C\u00e2mara de Lobos - Portal Tela Portugal","isPartOf":{"@id":"https:\/\/portaltela.pt\/#website"},"primaryImageOfPage":{"@id":"https:\/\/portaltela.pt\/noticias\/2026\/02\/04\/ps-exige-transportes-publicos-sem-transtornos-no-estreito-de-camara-de-lobos\/#primaryimage"},"image":{"@id":"https:\/\/portaltela.pt\/noticias\/2026\/02\/04\/ps-exige-transportes-publicos-sem-transtornos-no-estreito-de-camara-de-lobos\/#primaryimage"},"thumbnailUrl":"https:\/\/portaltela.pt\/s.01k8rhncp4jt1\/2026\/02\/unnamed-file-1337.jpg","datePublished":"2026-02-04T17:28:00+00:00","author":{"@id":"https:\/\/portaltela.pt\/#\/schema\/person\/c4278d4a6028830caff9ee44b42d32ed"},"breadcrumb":{"@id":"https:\/\/portaltela.pt\/noticias\/2026\/02\/04\/ps-exige-transportes-publicos-sem-transtornos-no-estreito-de-camara-de-lobos\/#breadcrumb"},"inLanguage":"pt-PT","potentialAction":[{"@type":"ReadAction","target":["https:\/\/portaltela.pt\/noticias\/2026\/02\/04\/ps-exige-transportes-publicos-sem-transtornos-no-estreito-de-camara-de-lobos\/"]}]},{"@type":"ImageObject","inLanguage":"pt-PT","@id":"https:\/\/portaltela.pt\/noticias\/2026\/02\/04\/ps-exige-transportes-publicos-sem-transtornos-no-estreito-de-camara-de-lobos\/#primaryimage","url":"https:\/\/portaltela.pt\/s.01k8rhncp4jt1\/2026\/02\/unnamed-file-1337.jpg","contentUrl":"https:\/\/portaltela.pt\/s.01k8rhncp4jt1\/2026\/02\/unnamed-file-1337.jpg","width":796,"height":448,"caption":"PS exige transportes p\u00fablicos sem transtornos no Estreito de C\u00e2mara de Lobos"},{"@type":"BreadcrumbList","@id":"https:\/\/portaltela.pt\/noticias\/2026\/02\/04\/ps-exige-transportes-publicos-sem-transtornos-no-estreito-de-camara-de-lobos\/#breadcrumb","itemListElement":[{"@type":"ListItem","position":1,"name":"In\u00edcio","item":"https:\/\/portaltela.pt\/"},{"@type":"ListItem","position":2,"name":"PS exige transportes p\u00fablicos sem transtornos no Estreito de C\u00e2mara de Lobos"}]},{"@type":"WebSite","@id":"https:\/\/portaltela.pt\/#website","url":"https:\/\/portaltela.pt\/","name":"Portal Tela Portugal","description":"","potentialAction":[{"@type":"SearchAction","target":{"@type":"EntryPoint","urlTemplate":"https:\/\/portaltela.pt\/?s={search_term_string}"},"query-input":{"@type":"PropertyValueSpecification","valueRequired":true,"valueName":"search_term_string"}}],"inLanguage":"pt-PT"},{"@type":"Person","@id":"https:\/\/portaltela.pt\/#\/schema\/person\/c4278d4a6028830caff9ee44b42d32ed","name":"Telinha","image":{"@type":"ImageObject","inLanguage":"pt-PT","@id":"https:\/\/portaltela.pt\/s.01k8rhncp4jt1\/2025\/11\/talking-bot-125x125.png","url":"https:\/\/portaltela.pt\/s.01k8rhncp4jt1\/2025\/11\/talking-bot-125x125.png","contentUrl":"https:\/\/portaltela.pt\/s.01k8rhncp4jt1\/2025\/11\/talking-bot-125x125.png","caption":"Telinha"},"sameAs":["https:\/\/portaltela.pt\/"],"url":"https:\/\/portaltela.pt\/por\/367410592786\/"}]}},"_links":{"self":[{"href":"https:\/\/portaltela.pt\/api\/wp\/v2\/posts\/197576","targetHints":{"allow":["GET"]}}],"collection":[{"href":"https:\/\/portaltela.pt\/api\/wp\/v2\/posts"}],"about":[{"href":"https:\/\/portaltela.pt\/api\/wp\/v2\/types\/post"}],"author":[{"embeddable":true,"href":"https:\/\/portaltela.pt\/api\/wp\/v2\/users\/2"}],"replies":[{"embeddable":true,"href":"https:\/\/portaltela.pt\/api\/wp\/v2\/comments?post=197576"}],"version-history":[{"count":0,"href":"https:\/\/portaltela.pt\/api\/wp\/v2\/posts\/197576\/revisions"}],"wp:featuredmedia":[{"embeddable":true,"href":"https:\/\/portaltela.pt\/api\/wp\/v2\/media\/197582"}],"wp:attachment":[{"href":"https:\/\/portaltela.pt\/api\/wp\/v2\/media?parent=197576"}],"wp:term":[{"taxonomy":"category","embeddable":true,"href":"https:\/\/portaltela.pt\/api\/wp\/v2\/categories?post=197576"},{"taxonomy":"post_tag","embeddable":true,"href":"https:\/\/portaltela.pt\/api\/wp\/v2\/tags?post=197576"}],"curies":[{"name":"wp","href":"https:\/\/api.w.org\/{rel}","templated":true}]}}