{"id":197573,"date":"2026-02-04T14:36:00","date_gmt":"2026-02-04T17:36:00","guid":{"rendered":"https:\/\/portaltela.pt\/noticias\/2026\/02\/04\/il-afirma-ter-recebido-duas-queixas-nenhuma-contra-cotrim-figueiredo\/"},"modified":"2026-02-04T14:36:00","modified_gmt":"2026-02-04T17:36:00","slug":"il-afirma-ter-recebido-duas-queixas-nenhuma-contra-cotrim-figueiredo","status":"publish","type":"post","link":"https:\/\/portaltela.pt\/noticias\/2026\/02\/04\/il-afirma-ter-recebido-duas-queixas-nenhuma-contra-cotrim-figueiredo\/","title":{"rendered":"IL afirma ter recebido duas queixas, nenhuma contra Cotrim Figueiredo"},"content":{"rendered":"<p>A Iniciativa Liberal (IL) afirmou hoje, por meio de um comunicado, que recebeu apenas duas queixas desde a funda\u00e7\u00e3o, em 2017, e que nenhuma delas visou o eurodeputado Cotrim Figueiredo, antigo candidato presidencial. A posi\u00e7\u00e3o foi partilhada pela IL de forma oficial.<\/p>\n<p>A primeira queixa deu origem a um processo formal que seguiu os tr\u00e2mites legais e institucionais e acabou por ser arquivada. A segunda n\u00e3o apresentava factos nem evid\u00eancias suficientes para avan\u00e7ar, mesmo ap\u00f3s tentativas de desenvolvimento pela IL, com apoio jur\u00eddico externo.<\/p>\n<p>A IL acrescentou que n\u00e3o especificou os anos nem a natureza das queixas, e explicou que n\u00e3o recebeu resposta da autora. Em resposta a contactos da Lusa, a forma\u00e7\u00e3o recusou comentar mais detalhes.<\/p>\n<p>A dire\u00e7\u00e3o do partido revelou ainda a designa\u00e7\u00e3o de Paulo Sarago\u00e7a da Matta como advogado para responder a eventuais a\u00e7\u00f5es judiciais, ap\u00f3s ter sido alvo de suspeitas consideradas infundadas. A Lusa tentou contactar o caus\u00eddico sem sucesso.<\/p>\n<p>Caso anterior relacionado com Cotrim Figueiredo<\/p>\n<p>Durante a campanha presidencial de 18 de janeiro, uma ex-assessora da IL alegou, numa publica\u00e7\u00e3o numa rede social, ter sido alvo de ass\u00e9dio sexual por parte do eurodeputado. O ex-candidato negou as acusa\u00e7\u00f5es e anunciou que iria recorrer ao tribunal, mas a ex-assessora afirmou que os factos tinham sido reportados internamente em 2023.<\/p>\n<p>Na altura, Cotrim Figueiredo e a presidente da IL, Mariana Leit\u00e3o, garantiram n\u00e3o ter conhecimento das alega\u00e7\u00f5es. A IL n\u00e3o avan\u00e7ou com novas informa\u00e7\u00f5es al\u00e9m do que j\u00e1 tinha sido tornado p\u00fablico.<\/p>\n","protected":false},"excerpt":{"rendered":"<ul>\n<li>A Iniciativa Liberal (IL) afirmou ter recebido duas queixas desde a funda\u00e7\u00e3o, em 2017, mas nenhuma visou o eurodeputado Cotrim Figueiredo.<\/li>\n<li>Uma queixa deu origem a um processo formal que foi arquivado; a segunda n\u00e3o identificava factos e n\u00e3o houve resposta da autora, tendo a IL promovido uma averigua\u00e7\u00e3o independente que concluiu n\u00e3o haver evid\u00eancias.<\/li>\n<li>A IL n\u00e3o especificou os anos nem a natureza das queixas.<\/li>\n<li>O partido nomeou o advogado Paulo Sarago\u00e7a da Matta para represent\u00e1-lo em eventuais a\u00e7\u00f5es judiciais.<\/li>\n<li>Na campanha presidencial de 18 de janeiro, uma ex-assessora da IL alegou ter sido assediada por Cotrim Figueiredo; ele negou e disse que iria para tribunal; a ex-assessora mais tarde afirmou que os factos foram relatados internamente em 2023.<\/li>\n<\/ul>\n","protected":false},"author":2,"featured_media":197579,"comment_status":"closed","ping_status":"closed","sticky":false,"template":"","format":"standard","meta":{"footnotes":""},"categories":[1],"tags":[3200,2678,2861,1482,3667,52],"class_list":["post-197573","post","type-post","status-publish","format-standard","has-post-thumbnail","hentry","category-noticias","tag-assedio","tag-cotrim-de-figueiredo","tag-denuncia-crime","tag-iniciativa-liberal","tag-processos","tag-tribunal"],"yoast_head":"<!-- This site is optimized with the Yoast SEO plugin v27.2 - https:\/\/yoast.com\/product\/yoast-seo-wordpress\/ -->\n<title>IL afirma ter recebido duas queixas, nenhuma contra Cotrim Figueiredo - Portal Tela Portugal<\/title>\n<meta name=\"robots\" content=\"index, follow, max-snippet:-1, max-image-preview:large, max-video-preview:-1\" \/>\n<meta property=\"og:locale\" content=\"pt_PT\" \/>\n<meta property=\"og:type\" content=\"article\" \/>\n<meta property=\"og:title\" content=\"IL afirma ter recebido duas queixas, nenhuma contra Cotrim Figueiredo - Portal Tela Portugal\" \/>\n<meta property=\"og:description\" content=\"A Iniciativa Liberal (IL) afirmou ter recebido duas queixas desde a funda\u00e7\u00e3o, em 2017, mas nenhuma visou o eurodeputado Cotrim Figueiredo. Uma queixa deu origem a um processo formal que foi arquivado; a segunda n\u00e3o identificava factos e n\u00e3o houve resposta da autora, tendo a IL promovido uma averigua\u00e7\u00e3o independente que concluiu n\u00e3o haver evid\u00eancias. A IL n\u00e3o especificou os anos nem a natureza das queixas. O partido nomeou o advogado Paulo Sarago\u00e7a da Matta para represent\u00e1-lo em eventuais a\u00e7\u00f5es judiciais. Na campanha presidencial de 18 de janeiro, uma ex-assessora da IL alegou ter sido assediada por Cotrim Figueiredo; ele negou e disse que iria para tribunal; a ex-assessora mais tarde afirmou que os factos foram relatados internamente em 2023.\" \/>\n<meta property=\"og:url\" content=\"https:\/\/portaltela.pt\/noticias\/2026\/02\/04\/il-afirma-ter-recebido-duas-queixas-nenhuma-contra-cotrim-figueiredo\/\" \/>\n<meta property=\"og:site_name\" content=\"Portal Tela Portugal\" \/>\n<meta property=\"article:published_time\" content=\"2026-02-04T17:36:00+00:00\" \/>\n<meta name=\"author\" content=\"Telinha\" \/>\n<meta name=\"twitter:card\" content=\"summary_large_image\" \/>\n<meta name=\"twitter:label1\" content=\"Escrito por\" \/>\n\t<meta name=\"twitter:data1\" content=\"Telinha\" \/>\n\t<meta name=\"twitter:label2\" content=\"Tempo estimado de leitura\" \/>\n\t<meta name=\"twitter:data2\" content=\"1 minuto\" \/>\n<script type=\"application\/ld+json\" class=\"yoast-schema-graph\">{\"@context\":\"https:\/\/schema.org\",\"@graph\":[{\"@type\":\"Article\",\"@id\":\"https:\/\/portaltela.pt\/noticias\/2026\/02\/04\/il-afirma-ter-recebido-duas-queixas-nenhuma-contra-cotrim-figueiredo\/#article\",\"isPartOf\":{\"@id\":\"https:\/\/portaltela.pt\/noticias\/2026\/02\/04\/il-afirma-ter-recebido-duas-queixas-nenhuma-contra-cotrim-figueiredo\/\"},\"author\":{\"name\":\"Telinha\",\"@id\":\"https:\/\/portaltela.pt\/#\/schema\/person\/c4278d4a6028830caff9ee44b42d32ed\"},\"headline\":\"IL afirma ter recebido duas queixas, nenhuma contra Cotrim Figueiredo\",\"datePublished\":\"2026-02-04T17:36:00+00:00\",\"mainEntityOfPage\":{\"@id\":\"https:\/\/portaltela.pt\/noticias\/2026\/02\/04\/il-afirma-ter-recebido-duas-queixas-nenhuma-contra-cotrim-figueiredo\/\"},\"wordCount\":280,\"image\":{\"@id\":\"https:\/\/portaltela.pt\/noticias\/2026\/02\/04\/il-afirma-ter-recebido-duas-queixas-nenhuma-contra-cotrim-figueiredo\/#primaryimage\"},\"thumbnailUrl\":\"https:\/\/portaltela.pt\/s.01k8rhncp4jt1\/2026\/02\/unnamed-file-1335.jpg\",\"keywords\":[\"ass\u00e9dio\",\"Cotrim de Figueiredo\",\"den\u00fancia-crime\",\"Iniciativa Liberal\",\"processos\",\"tribunal\"],\"articleSection\":[\"Not\u00edcias\"],\"inLanguage\":\"pt-PT\"},{\"@type\":\"WebPage\",\"@id\":\"https:\/\/portaltela.pt\/noticias\/2026\/02\/04\/il-afirma-ter-recebido-duas-queixas-nenhuma-contra-cotrim-figueiredo\/\",\"url\":\"https:\/\/portaltela.pt\/noticias\/2026\/02\/04\/il-afirma-ter-recebido-duas-queixas-nenhuma-contra-cotrim-figueiredo\/\",\"name\":\"IL afirma ter recebido duas queixas, nenhuma contra Cotrim Figueiredo - Portal Tela Portugal\",\"isPartOf\":{\"@id\":\"https:\/\/portaltela.pt\/#website\"},\"primaryImageOfPage\":{\"@id\":\"https:\/\/portaltela.pt\/noticias\/2026\/02\/04\/il-afirma-ter-recebido-duas-queixas-nenhuma-contra-cotrim-figueiredo\/#primaryimage\"},\"image\":{\"@id\":\"https:\/\/portaltela.pt\/noticias\/2026\/02\/04\/il-afirma-ter-recebido-duas-queixas-nenhuma-contra-cotrim-figueiredo\/#primaryimage\"},\"thumbnailUrl\":\"https:\/\/portaltela.pt\/s.01k8rhncp4jt1\/2026\/02\/unnamed-file-1335.jpg\",\"datePublished\":\"2026-02-04T17:36:00+00:00\",\"author\":{\"@id\":\"https:\/\/portaltela.pt\/#\/schema\/person\/c4278d4a6028830caff9ee44b42d32ed\"},\"breadcrumb\":{\"@id\":\"https:\/\/portaltela.pt\/noticias\/2026\/02\/04\/il-afirma-ter-recebido-duas-queixas-nenhuma-contra-cotrim-figueiredo\/#breadcrumb\"},\"inLanguage\":\"pt-PT\",\"potentialAction\":[{\"@type\":\"ReadAction\",\"target\":[\"https:\/\/portaltela.pt\/noticias\/2026\/02\/04\/il-afirma-ter-recebido-duas-queixas-nenhuma-contra-cotrim-figueiredo\/\"]}]},{\"@type\":\"ImageObject\",\"inLanguage\":\"pt-PT\",\"@id\":\"https:\/\/portaltela.pt\/noticias\/2026\/02\/04\/il-afirma-ter-recebido-duas-queixas-nenhuma-contra-cotrim-figueiredo\/#primaryimage\",\"url\":\"https:\/\/portaltela.pt\/s.01k8rhncp4jt1\/2026\/02\/unnamed-file-1335.jpg\",\"contentUrl\":\"https:\/\/portaltela.pt\/s.01k8rhncp4jt1\/2026\/02\/unnamed-file-1335.jpg\",\"width\":796,\"height\":448,\"caption\":\"IL assume ter recebido duas queixas mas nenhuma visando o eurodeputado Cotrim Figueiredo\"},{\"@type\":\"BreadcrumbList\",\"@id\":\"https:\/\/portaltela.pt\/noticias\/2026\/02\/04\/il-afirma-ter-recebido-duas-queixas-nenhuma-contra-cotrim-figueiredo\/#breadcrumb\",\"itemListElement\":[{\"@type\":\"ListItem\",\"position\":1,\"name\":\"In\u00edcio\",\"item\":\"https:\/\/portaltela.pt\/\"},{\"@type\":\"ListItem\",\"position\":2,\"name\":\"IL afirma ter recebido duas queixas, nenhuma contra Cotrim Figueiredo\"}]},{\"@type\":\"WebSite\",\"@id\":\"https:\/\/portaltela.pt\/#website\",\"url\":\"https:\/\/portaltela.pt\/\",\"name\":\"Portal Tela Portugal\",\"description\":\"\",\"potentialAction\":[{\"@type\":\"SearchAction\",\"target\":{\"@type\":\"EntryPoint\",\"urlTemplate\":\"https:\/\/portaltela.pt\/?s={search_term_string}\"},\"query-input\":{\"@type\":\"PropertyValueSpecification\",\"valueRequired\":true,\"valueName\":\"search_term_string\"}}],\"inLanguage\":\"pt-PT\"},{\"@type\":\"Person\",\"@id\":\"https:\/\/portaltela.pt\/#\/schema\/person\/c4278d4a6028830caff9ee44b42d32ed\",\"name\":\"Telinha\",\"image\":{\"@type\":\"ImageObject\",\"inLanguage\":\"pt-PT\",\"@id\":\"https:\/\/portaltela.pt\/s.01k8rhncp4jt1\/2025\/11\/talking-bot-125x125.png\",\"url\":\"https:\/\/portaltela.pt\/s.01k8rhncp4jt1\/2025\/11\/talking-bot-125x125.png\",\"contentUrl\":\"https:\/\/portaltela.pt\/s.01k8rhncp4jt1\/2025\/11\/talking-bot-125x125.png\",\"caption\":\"Telinha\"},\"sameAs\":[\"https:\/\/portaltela.pt\/\"],\"url\":\"https:\/\/portaltela.pt\/por\/367410592786\/\"}]}<\/script>\n<!-- \/ Yoast SEO plugin. -->","yoast_head_json":{"title":"IL afirma ter recebido duas queixas, nenhuma contra Cotrim Figueiredo - Portal Tela Portugal","robots":{"index":"index","follow":"follow","max-snippet":"max-snippet:-1","max-image-preview":"max-image-preview:large","max-video-preview":"max-video-preview:-1"},"og_locale":"pt_PT","og_type":"article","og_title":"IL afirma ter recebido duas queixas, nenhuma contra Cotrim Figueiredo - Portal Tela Portugal","og_description":"A Iniciativa Liberal (IL) afirmou ter recebido duas queixas desde a funda\u00e7\u00e3o, em 2017, mas nenhuma visou o eurodeputado Cotrim Figueiredo. Uma queixa deu origem a um processo formal que foi arquivado; a segunda n\u00e3o identificava factos e n\u00e3o houve resposta da autora, tendo a IL promovido uma averigua\u00e7\u00e3o independente que concluiu n\u00e3o haver evid\u00eancias. A IL n\u00e3o especificou os anos nem a natureza das queixas. O partido nomeou o advogado Paulo Sarago\u00e7a da Matta para represent\u00e1-lo em eventuais a\u00e7\u00f5es judiciais. Na campanha presidencial de 18 de janeiro, uma ex-assessora da IL alegou ter sido assediada por Cotrim Figueiredo; ele negou e disse que iria para tribunal; a ex-assessora mais tarde afirmou que os factos foram relatados internamente em 2023.","og_url":"https:\/\/portaltela.pt\/noticias\/2026\/02\/04\/il-afirma-ter-recebido-duas-queixas-nenhuma-contra-cotrim-figueiredo\/","og_site_name":"Portal Tela Portugal","article_published_time":"2026-02-04T17:36:00+00:00","author":"Telinha","twitter_card":"summary_large_image","twitter_misc":{"Escrito por":"Telinha","Tempo estimado de leitura":"1 minuto"},"schema":{"@context":"https:\/\/schema.org","@graph":[{"@type":"Article","@id":"https:\/\/portaltela.pt\/noticias\/2026\/02\/04\/il-afirma-ter-recebido-duas-queixas-nenhuma-contra-cotrim-figueiredo\/#article","isPartOf":{"@id":"https:\/\/portaltela.pt\/noticias\/2026\/02\/04\/il-afirma-ter-recebido-duas-queixas-nenhuma-contra-cotrim-figueiredo\/"},"author":{"name":"Telinha","@id":"https:\/\/portaltela.pt\/#\/schema\/person\/c4278d4a6028830caff9ee44b42d32ed"},"headline":"IL afirma ter recebido duas queixas, nenhuma contra Cotrim Figueiredo","datePublished":"2026-02-04T17:36:00+00:00","mainEntityOfPage":{"@id":"https:\/\/portaltela.pt\/noticias\/2026\/02\/04\/il-afirma-ter-recebido-duas-queixas-nenhuma-contra-cotrim-figueiredo\/"},"wordCount":280,"image":{"@id":"https:\/\/portaltela.pt\/noticias\/2026\/02\/04\/il-afirma-ter-recebido-duas-queixas-nenhuma-contra-cotrim-figueiredo\/#primaryimage"},"thumbnailUrl":"https:\/\/portaltela.pt\/s.01k8rhncp4jt1\/2026\/02\/unnamed-file-1335.jpg","keywords":["ass\u00e9dio","Cotrim de Figueiredo","den\u00fancia-crime","Iniciativa Liberal","processos","tribunal"],"articleSection":["Not\u00edcias"],"inLanguage":"pt-PT"},{"@type":"WebPage","@id":"https:\/\/portaltela.pt\/noticias\/2026\/02\/04\/il-afirma-ter-recebido-duas-queixas-nenhuma-contra-cotrim-figueiredo\/","url":"https:\/\/portaltela.pt\/noticias\/2026\/02\/04\/il-afirma-ter-recebido-duas-queixas-nenhuma-contra-cotrim-figueiredo\/","name":"IL afirma ter recebido duas queixas, nenhuma contra Cotrim Figueiredo - Portal Tela Portugal","isPartOf":{"@id":"https:\/\/portaltela.pt\/#website"},"primaryImageOfPage":{"@id":"https:\/\/portaltela.pt\/noticias\/2026\/02\/04\/il-afirma-ter-recebido-duas-queixas-nenhuma-contra-cotrim-figueiredo\/#primaryimage"},"image":{"@id":"https:\/\/portaltela.pt\/noticias\/2026\/02\/04\/il-afirma-ter-recebido-duas-queixas-nenhuma-contra-cotrim-figueiredo\/#primaryimage"},"thumbnailUrl":"https:\/\/portaltela.pt\/s.01k8rhncp4jt1\/2026\/02\/unnamed-file-1335.jpg","datePublished":"2026-02-04T17:36:00+00:00","author":{"@id":"https:\/\/portaltela.pt\/#\/schema\/person\/c4278d4a6028830caff9ee44b42d32ed"},"breadcrumb":{"@id":"https:\/\/portaltela.pt\/noticias\/2026\/02\/04\/il-afirma-ter-recebido-duas-queixas-nenhuma-contra-cotrim-figueiredo\/#breadcrumb"},"inLanguage":"pt-PT","potentialAction":[{"@type":"ReadAction","target":["https:\/\/portaltela.pt\/noticias\/2026\/02\/04\/il-afirma-ter-recebido-duas-queixas-nenhuma-contra-cotrim-figueiredo\/"]}]},{"@type":"ImageObject","inLanguage":"pt-PT","@id":"https:\/\/portaltela.pt\/noticias\/2026\/02\/04\/il-afirma-ter-recebido-duas-queixas-nenhuma-contra-cotrim-figueiredo\/#primaryimage","url":"https:\/\/portaltela.pt\/s.01k8rhncp4jt1\/2026\/02\/unnamed-file-1335.jpg","contentUrl":"https:\/\/portaltela.pt\/s.01k8rhncp4jt1\/2026\/02\/unnamed-file-1335.jpg","width":796,"height":448,"caption":"IL assume ter recebido duas queixas mas nenhuma visando o eurodeputado Cotrim Figueiredo"},{"@type":"BreadcrumbList","@id":"https:\/\/portaltela.pt\/noticias\/2026\/02\/04\/il-afirma-ter-recebido-duas-queixas-nenhuma-contra-cotrim-figueiredo\/#breadcrumb","itemListElement":[{"@type":"ListItem","position":1,"name":"In\u00edcio","item":"https:\/\/portaltela.pt\/"},{"@type":"ListItem","position":2,"name":"IL afirma ter recebido duas queixas, nenhuma contra Cotrim Figueiredo"}]},{"@type":"WebSite","@id":"https:\/\/portaltela.pt\/#website","url":"https:\/\/portaltela.pt\/","name":"Portal Tela Portugal","description":"","potentialAction":[{"@type":"SearchAction","target":{"@type":"EntryPoint","urlTemplate":"https:\/\/portaltela.pt\/?s={search_term_string}"},"query-input":{"@type":"PropertyValueSpecification","valueRequired":true,"valueName":"search_term_string"}}],"inLanguage":"pt-PT"},{"@type":"Person","@id":"https:\/\/portaltela.pt\/#\/schema\/person\/c4278d4a6028830caff9ee44b42d32ed","name":"Telinha","image":{"@type":"ImageObject","inLanguage":"pt-PT","@id":"https:\/\/portaltela.pt\/s.01k8rhncp4jt1\/2025\/11\/talking-bot-125x125.png","url":"https:\/\/portaltela.pt\/s.01k8rhncp4jt1\/2025\/11\/talking-bot-125x125.png","contentUrl":"https:\/\/portaltela.pt\/s.01k8rhncp4jt1\/2025\/11\/talking-bot-125x125.png","caption":"Telinha"},"sameAs":["https:\/\/portaltela.pt\/"],"url":"https:\/\/portaltela.pt\/por\/367410592786\/"}]}},"_links":{"self":[{"href":"https:\/\/portaltela.pt\/api\/wp\/v2\/posts\/197573","targetHints":{"allow":["GET"]}}],"collection":[{"href":"https:\/\/portaltela.pt\/api\/wp\/v2\/posts"}],"about":[{"href":"https:\/\/portaltela.pt\/api\/wp\/v2\/types\/post"}],"author":[{"embeddable":true,"href":"https:\/\/portaltela.pt\/api\/wp\/v2\/users\/2"}],"replies":[{"embeddable":true,"href":"https:\/\/portaltela.pt\/api\/wp\/v2\/comments?post=197573"}],"version-history":[{"count":0,"href":"https:\/\/portaltela.pt\/api\/wp\/v2\/posts\/197573\/revisions"}],"wp:featuredmedia":[{"embeddable":true,"href":"https:\/\/portaltela.pt\/api\/wp\/v2\/media\/197579"}],"wp:attachment":[{"href":"https:\/\/portaltela.pt\/api\/wp\/v2\/media?parent=197573"}],"wp:term":[{"taxonomy":"category","embeddable":true,"href":"https:\/\/portaltela.pt\/api\/wp\/v2\/categories?post=197573"},{"taxonomy":"post_tag","embeddable":true,"href":"https:\/\/portaltela.pt\/api\/wp\/v2\/tags?post=197573"}],"curies":[{"name":"wp","href":"https:\/\/api.w.org\/{rel}","templated":true}]}}