{"id":197511,"date":"2026-02-04T14:20:23","date_gmt":"2026-02-04T17:20:23","guid":{"rendered":"https:\/\/portaltela.pt\/noticias\/2026\/02\/04\/ugt-ja-apresentou-alteracoes-a-reforma-laboral\/"},"modified":"2026-02-04T14:20:23","modified_gmt":"2026-02-04T17:20:23","slug":"ugt-ja-apresentou-alteracoes-a-reforma-laboral","status":"publish","type":"post","link":"https:\/\/portaltela.pt\/noticias\/2026\/02\/04\/ugt-ja-apresentou-alteracoes-a-reforma-laboral\/","title":{"rendered":"UGT j\u00e1 apresentou altera\u00e7\u00f5es \u00e0 reforma laboral"},"content":{"rendered":"<p>A UGT entregou ao Governo as altera\u00e7\u00f5es que pretende ver na reforma laboral, numa data anterior ao que se aguardava. O documento foi dirigido \u00e0 ministra do Trabalho e Seguran\u00e7a Social, Maria do Ros\u00e1rio Palma Ramalho, nesta quarta-feira, segundo v\u00e1rias fontes e confirma\u00e7\u00e3o do Departamento do Trabalho.<\/p>\n<p>No texto, a central sindical esclarece que as propostas n\u00e3o representam uma posi\u00e7\u00e3o oficial sobre o anteprojeto governamental j\u00e1 apresentado. Define, de forma clara, as \u201clinhas vermelhas\u201d que n\u00e3o podem ser ultrapassadas.<\/p>\n<p>Entre as mat\u00e9rias consideradas inaceit\u00e1veis pela UGT est\u00e3o o banco de horas, a contrata\u00e7\u00e3o a termo, os despedimentos, o outsourcing, a transmiss\u00e3o de estabelecimento, o trabalho n\u00e3o declarado, a negocia\u00e7\u00e3o coletiva, a greve e a atividade sindical na empresa.<\/p>\n<p>A UGT mant\u00e9m o rechazo ao banco de horas individual que o Governo prop\u00f5e, apresentando uma altera\u00e7\u00e3o ao regime do banco de horas grupal. A modifica\u00e7\u00e3o, relativamente ao projeto atual, baixa de 65% para 60% a percentagem de trabalhadores necess\u00e1ria para aprovar o referendo sobre o regime aplicado pelo empregador.<\/p>\n","protected":false},"excerpt":{"rendered":"<ul>\n<li>A UGT entregou ao Governo um documento com altera\u00e7\u00f5es ao pacote laboral, destacando o banco de horas, contrata\u00e7\u00e3o a termo e trabalho n\u00e3o declarado como \u201cinaceit\u00e1veis\u201d na forma como foram apresentadas no anteprojeto.<\/li>\n<li>O documento chegou mais cedo do que o esperado, sendo entregue a Maria do Ros\u00e1rio Palma Ramalho nesta quarta-feira, conforme confirmou o Observador junto do Minist\u00e9rio do Trabalho.<\/li>\n<li>A UGT afirma que o documento n\u00e3o pretende representar uma tomada de posi\u00e7\u00e3o sobre o anteprojeto do Governo e reitera as suas \u201clinhas vermelhas\u201d.<\/li>\n<li>A central negar\u00e1 o regresso do banco de horas individual e prop\u00f5e apenas uma altera\u00e7\u00e3o ao banco de horas grupal, reduzindo de 65% para 60% a percentagem de trabalhadores necess\u00e1ria para o referendo do regime aplicado pelo empregador.<\/li>\n<li>A posi\u00e7\u00e3o da UGT mant\u00e9m-se conforme o parecer j\u00e1 emitido, sem altera\u00e7\u00f5es, e n\u00e3o se trata de uma posi\u00e7\u00e3o oficial sobre o anteprojeto.<\/li>\n<\/ul>\n","protected":false},"author":2,"featured_media":197519,"comment_status":"closed","ping_status":"closed","sticky":false,"template":"","format":"standard","meta":{"footnotes":""},"categories":[1],"tags":[4024,3020,1164,36,966,2201],"class_list":["post-197511","post","type-post","status-publish","format-standard","has-post-thumbnail","hentry","category-noticias","tag-banco-de-horas","tag-despedimentos","tag-greve","tag-reforma","tag-sindicatos","tag-trabalho"],"yoast_head":"<!-- This site is optimized with the Yoast SEO plugin v27.2 - https:\/\/yoast.com\/product\/yoast-seo-wordpress\/ -->\n<title>UGT j\u00e1 apresentou altera\u00e7\u00f5es \u00e0 reforma laboral - Portal Tela Portugal<\/title>\n<meta name=\"robots\" content=\"index, follow, max-snippet:-1, max-image-preview:large, max-video-preview:-1\" \/>\n<meta property=\"og:locale\" content=\"pt_PT\" \/>\n<meta property=\"og:type\" content=\"article\" \/>\n<meta property=\"og:title\" content=\"UGT j\u00e1 apresentou altera\u00e7\u00f5es \u00e0 reforma laboral - Portal Tela Portugal\" \/>\n<meta property=\"og:description\" content=\"A UGT entregou ao Governo um documento com altera\u00e7\u00f5es ao pacote laboral, destacando o banco de horas, contrata\u00e7\u00e3o a termo e trabalho n\u00e3o declarado como \u201cinaceit\u00e1veis\u201d na forma como foram apresentadas no anteprojeto. O documento chegou mais cedo do que o esperado, sendo entregue a Maria do Ros\u00e1rio Palma Ramalho nesta quarta-feira, conforme confirmou o Observador junto do Minist\u00e9rio do Trabalho. A UGT afirma que o documento n\u00e3o pretende representar uma tomada de posi\u00e7\u00e3o sobre o anteprojeto do Governo e reitera as suas \u201clinhas vermelhas\u201d. A central negar\u00e1 o regresso do banco de horas individual e prop\u00f5e apenas uma altera\u00e7\u00e3o ao banco de horas grupal, reduzindo de 65% para 60% a percentagem de trabalhadores necess\u00e1ria para o referendo do regime aplicado pelo empregador. A posi\u00e7\u00e3o da UGT mant\u00e9m-se conforme o parecer j\u00e1 emitido, sem altera\u00e7\u00f5es, e n\u00e3o se trata de uma posi\u00e7\u00e3o oficial sobre o anteprojeto.\" \/>\n<meta property=\"og:url\" content=\"https:\/\/portaltela.pt\/noticias\/2026\/02\/04\/ugt-ja-apresentou-alteracoes-a-reforma-laboral\/\" \/>\n<meta property=\"og:site_name\" content=\"Portal Tela Portugal\" \/>\n<meta property=\"article:published_time\" content=\"2026-02-04T17:20:23+00:00\" \/>\n<meta name=\"author\" content=\"Telinha\" \/>\n<meta name=\"twitter:card\" content=\"summary_large_image\" \/>\n<meta name=\"twitter:label1\" content=\"Escrito por\" \/>\n\t<meta name=\"twitter:data1\" content=\"Telinha\" \/>\n\t<meta name=\"twitter:label2\" content=\"Tempo estimado de leitura\" \/>\n\t<meta name=\"twitter:data2\" content=\"1 minuto\" \/>\n<script type=\"application\/ld+json\" class=\"yoast-schema-graph\">{\"@context\":\"https:\/\/schema.org\",\"@graph\":[{\"@type\":\"Article\",\"@id\":\"https:\/\/portaltela.pt\/noticias\/2026\/02\/04\/ugt-ja-apresentou-alteracoes-a-reforma-laboral\/#article\",\"isPartOf\":{\"@id\":\"https:\/\/portaltela.pt\/noticias\/2026\/02\/04\/ugt-ja-apresentou-alteracoes-a-reforma-laboral\/\"},\"author\":{\"name\":\"Telinha\",\"@id\":\"https:\/\/portaltela.pt\/#\/schema\/person\/c4278d4a6028830caff9ee44b42d32ed\"},\"headline\":\"UGT j\u00e1 apresentou altera\u00e7\u00f5es \u00e0 reforma laboral\",\"datePublished\":\"2026-02-04T17:20:23+00:00\",\"mainEntityOfPage\":{\"@id\":\"https:\/\/portaltela.pt\/noticias\/2026\/02\/04\/ugt-ja-apresentou-alteracoes-a-reforma-laboral\/\"},\"wordCount\":192,\"image\":{\"@id\":\"https:\/\/portaltela.pt\/noticias\/2026\/02\/04\/ugt-ja-apresentou-alteracoes-a-reforma-laboral\/#primaryimage\"},\"thumbnailUrl\":\"https:\/\/portaltela.pt\/s.01k8rhncp4jt1\/2026\/02\/unnamed-file-1328.jpg\",\"keywords\":[\"banco de horas\",\"despedimentos\",\"greve\",\"reforma\",\"sindicatos\",\"trabalho\"],\"articleSection\":[\"Not\u00edcias\"],\"inLanguage\":\"pt-PT\"},{\"@type\":\"WebPage\",\"@id\":\"https:\/\/portaltela.pt\/noticias\/2026\/02\/04\/ugt-ja-apresentou-alteracoes-a-reforma-laboral\/\",\"url\":\"https:\/\/portaltela.pt\/noticias\/2026\/02\/04\/ugt-ja-apresentou-alteracoes-a-reforma-laboral\/\",\"name\":\"UGT j\u00e1 apresentou altera\u00e7\u00f5es \u00e0 reforma laboral - Portal Tela Portugal\",\"isPartOf\":{\"@id\":\"https:\/\/portaltela.pt\/#website\"},\"primaryImageOfPage\":{\"@id\":\"https:\/\/portaltela.pt\/noticias\/2026\/02\/04\/ugt-ja-apresentou-alteracoes-a-reforma-laboral\/#primaryimage\"},\"image\":{\"@id\":\"https:\/\/portaltela.pt\/noticias\/2026\/02\/04\/ugt-ja-apresentou-alteracoes-a-reforma-laboral\/#primaryimage\"},\"thumbnailUrl\":\"https:\/\/portaltela.pt\/s.01k8rhncp4jt1\/2026\/02\/unnamed-file-1328.jpg\",\"datePublished\":\"2026-02-04T17:20:23+00:00\",\"author\":{\"@id\":\"https:\/\/portaltela.pt\/#\/schema\/person\/c4278d4a6028830caff9ee44b42d32ed\"},\"breadcrumb\":{\"@id\":\"https:\/\/portaltela.pt\/noticias\/2026\/02\/04\/ugt-ja-apresentou-alteracoes-a-reforma-laboral\/#breadcrumb\"},\"inLanguage\":\"pt-PT\",\"potentialAction\":[{\"@type\":\"ReadAction\",\"target\":[\"https:\/\/portaltela.pt\/noticias\/2026\/02\/04\/ugt-ja-apresentou-alteracoes-a-reforma-laboral\/\"]}]},{\"@type\":\"ImageObject\",\"inLanguage\":\"pt-PT\",\"@id\":\"https:\/\/portaltela.pt\/noticias\/2026\/02\/04\/ugt-ja-apresentou-alteracoes-a-reforma-laboral\/#primaryimage\",\"url\":\"https:\/\/portaltela.pt\/s.01k8rhncp4jt1\/2026\/02\/unnamed-file-1328.jpg\",\"contentUrl\":\"https:\/\/portaltela.pt\/s.01k8rhncp4jt1\/2026\/02\/unnamed-file-1328.jpg\",\"width\":796,\"height\":448,\"caption\":\"UGT j\u00e1 entregou altera\u00e7\u00f5es que quer ver na reforma laboral\"},{\"@type\":\"BreadcrumbList\",\"@id\":\"https:\/\/portaltela.pt\/noticias\/2026\/02\/04\/ugt-ja-apresentou-alteracoes-a-reforma-laboral\/#breadcrumb\",\"itemListElement\":[{\"@type\":\"ListItem\",\"position\":1,\"name\":\"In\u00edcio\",\"item\":\"https:\/\/portaltela.pt\/\"},{\"@type\":\"ListItem\",\"position\":2,\"name\":\"UGT j\u00e1 apresentou altera\u00e7\u00f5es \u00e0 reforma laboral\"}]},{\"@type\":\"WebSite\",\"@id\":\"https:\/\/portaltela.pt\/#website\",\"url\":\"https:\/\/portaltela.pt\/\",\"name\":\"Portal Tela Portugal\",\"description\":\"\",\"potentialAction\":[{\"@type\":\"SearchAction\",\"target\":{\"@type\":\"EntryPoint\",\"urlTemplate\":\"https:\/\/portaltela.pt\/?s={search_term_string}\"},\"query-input\":{\"@type\":\"PropertyValueSpecification\",\"valueRequired\":true,\"valueName\":\"search_term_string\"}}],\"inLanguage\":\"pt-PT\"},{\"@type\":\"Person\",\"@id\":\"https:\/\/portaltela.pt\/#\/schema\/person\/c4278d4a6028830caff9ee44b42d32ed\",\"name\":\"Telinha\",\"image\":{\"@type\":\"ImageObject\",\"inLanguage\":\"pt-PT\",\"@id\":\"https:\/\/portaltela.pt\/s.01k8rhncp4jt1\/2025\/11\/talking-bot-125x125.png\",\"url\":\"https:\/\/portaltela.pt\/s.01k8rhncp4jt1\/2025\/11\/talking-bot-125x125.png\",\"contentUrl\":\"https:\/\/portaltela.pt\/s.01k8rhncp4jt1\/2025\/11\/talking-bot-125x125.png\",\"caption\":\"Telinha\"},\"sameAs\":[\"https:\/\/portaltela.pt\/\"],\"url\":\"https:\/\/portaltela.pt\/por\/367410592786\/\"}]}<\/script>\n<!-- \/ Yoast SEO plugin. -->","yoast_head_json":{"title":"UGT j\u00e1 apresentou altera\u00e7\u00f5es \u00e0 reforma laboral - Portal Tela Portugal","robots":{"index":"index","follow":"follow","max-snippet":"max-snippet:-1","max-image-preview":"max-image-preview:large","max-video-preview":"max-video-preview:-1"},"og_locale":"pt_PT","og_type":"article","og_title":"UGT j\u00e1 apresentou altera\u00e7\u00f5es \u00e0 reforma laboral - Portal Tela Portugal","og_description":"A UGT entregou ao Governo um documento com altera\u00e7\u00f5es ao pacote laboral, destacando o banco de horas, contrata\u00e7\u00e3o a termo e trabalho n\u00e3o declarado como \u201cinaceit\u00e1veis\u201d na forma como foram apresentadas no anteprojeto. O documento chegou mais cedo do que o esperado, sendo entregue a Maria do Ros\u00e1rio Palma Ramalho nesta quarta-feira, conforme confirmou o Observador junto do Minist\u00e9rio do Trabalho. A UGT afirma que o documento n\u00e3o pretende representar uma tomada de posi\u00e7\u00e3o sobre o anteprojeto do Governo e reitera as suas \u201clinhas vermelhas\u201d. A central negar\u00e1 o regresso do banco de horas individual e prop\u00f5e apenas uma altera\u00e7\u00e3o ao banco de horas grupal, reduzindo de 65% para 60% a percentagem de trabalhadores necess\u00e1ria para o referendo do regime aplicado pelo empregador. A posi\u00e7\u00e3o da UGT mant\u00e9m-se conforme o parecer j\u00e1 emitido, sem altera\u00e7\u00f5es, e n\u00e3o se trata de uma posi\u00e7\u00e3o oficial sobre o anteprojeto.","og_url":"https:\/\/portaltela.pt\/noticias\/2026\/02\/04\/ugt-ja-apresentou-alteracoes-a-reforma-laboral\/","og_site_name":"Portal Tela Portugal","article_published_time":"2026-02-04T17:20:23+00:00","author":"Telinha","twitter_card":"summary_large_image","twitter_misc":{"Escrito por":"Telinha","Tempo estimado de leitura":"1 minuto"},"schema":{"@context":"https:\/\/schema.org","@graph":[{"@type":"Article","@id":"https:\/\/portaltela.pt\/noticias\/2026\/02\/04\/ugt-ja-apresentou-alteracoes-a-reforma-laboral\/#article","isPartOf":{"@id":"https:\/\/portaltela.pt\/noticias\/2026\/02\/04\/ugt-ja-apresentou-alteracoes-a-reforma-laboral\/"},"author":{"name":"Telinha","@id":"https:\/\/portaltela.pt\/#\/schema\/person\/c4278d4a6028830caff9ee44b42d32ed"},"headline":"UGT j\u00e1 apresentou altera\u00e7\u00f5es \u00e0 reforma laboral","datePublished":"2026-02-04T17:20:23+00:00","mainEntityOfPage":{"@id":"https:\/\/portaltela.pt\/noticias\/2026\/02\/04\/ugt-ja-apresentou-alteracoes-a-reforma-laboral\/"},"wordCount":192,"image":{"@id":"https:\/\/portaltela.pt\/noticias\/2026\/02\/04\/ugt-ja-apresentou-alteracoes-a-reforma-laboral\/#primaryimage"},"thumbnailUrl":"https:\/\/portaltela.pt\/s.01k8rhncp4jt1\/2026\/02\/unnamed-file-1328.jpg","keywords":["banco de horas","despedimentos","greve","reforma","sindicatos","trabalho"],"articleSection":["Not\u00edcias"],"inLanguage":"pt-PT"},{"@type":"WebPage","@id":"https:\/\/portaltela.pt\/noticias\/2026\/02\/04\/ugt-ja-apresentou-alteracoes-a-reforma-laboral\/","url":"https:\/\/portaltela.pt\/noticias\/2026\/02\/04\/ugt-ja-apresentou-alteracoes-a-reforma-laboral\/","name":"UGT j\u00e1 apresentou altera\u00e7\u00f5es \u00e0 reforma laboral - Portal Tela Portugal","isPartOf":{"@id":"https:\/\/portaltela.pt\/#website"},"primaryImageOfPage":{"@id":"https:\/\/portaltela.pt\/noticias\/2026\/02\/04\/ugt-ja-apresentou-alteracoes-a-reforma-laboral\/#primaryimage"},"image":{"@id":"https:\/\/portaltela.pt\/noticias\/2026\/02\/04\/ugt-ja-apresentou-alteracoes-a-reforma-laboral\/#primaryimage"},"thumbnailUrl":"https:\/\/portaltela.pt\/s.01k8rhncp4jt1\/2026\/02\/unnamed-file-1328.jpg","datePublished":"2026-02-04T17:20:23+00:00","author":{"@id":"https:\/\/portaltela.pt\/#\/schema\/person\/c4278d4a6028830caff9ee44b42d32ed"},"breadcrumb":{"@id":"https:\/\/portaltela.pt\/noticias\/2026\/02\/04\/ugt-ja-apresentou-alteracoes-a-reforma-laboral\/#breadcrumb"},"inLanguage":"pt-PT","potentialAction":[{"@type":"ReadAction","target":["https:\/\/portaltela.pt\/noticias\/2026\/02\/04\/ugt-ja-apresentou-alteracoes-a-reforma-laboral\/"]}]},{"@type":"ImageObject","inLanguage":"pt-PT","@id":"https:\/\/portaltela.pt\/noticias\/2026\/02\/04\/ugt-ja-apresentou-alteracoes-a-reforma-laboral\/#primaryimage","url":"https:\/\/portaltela.pt\/s.01k8rhncp4jt1\/2026\/02\/unnamed-file-1328.jpg","contentUrl":"https:\/\/portaltela.pt\/s.01k8rhncp4jt1\/2026\/02\/unnamed-file-1328.jpg","width":796,"height":448,"caption":"UGT j\u00e1 entregou altera\u00e7\u00f5es que quer ver na reforma laboral"},{"@type":"BreadcrumbList","@id":"https:\/\/portaltela.pt\/noticias\/2026\/02\/04\/ugt-ja-apresentou-alteracoes-a-reforma-laboral\/#breadcrumb","itemListElement":[{"@type":"ListItem","position":1,"name":"In\u00edcio","item":"https:\/\/portaltela.pt\/"},{"@type":"ListItem","position":2,"name":"UGT j\u00e1 apresentou altera\u00e7\u00f5es \u00e0 reforma laboral"}]},{"@type":"WebSite","@id":"https:\/\/portaltela.pt\/#website","url":"https:\/\/portaltela.pt\/","name":"Portal Tela Portugal","description":"","potentialAction":[{"@type":"SearchAction","target":{"@type":"EntryPoint","urlTemplate":"https:\/\/portaltela.pt\/?s={search_term_string}"},"query-input":{"@type":"PropertyValueSpecification","valueRequired":true,"valueName":"search_term_string"}}],"inLanguage":"pt-PT"},{"@type":"Person","@id":"https:\/\/portaltela.pt\/#\/schema\/person\/c4278d4a6028830caff9ee44b42d32ed","name":"Telinha","image":{"@type":"ImageObject","inLanguage":"pt-PT","@id":"https:\/\/portaltela.pt\/s.01k8rhncp4jt1\/2025\/11\/talking-bot-125x125.png","url":"https:\/\/portaltela.pt\/s.01k8rhncp4jt1\/2025\/11\/talking-bot-125x125.png","contentUrl":"https:\/\/portaltela.pt\/s.01k8rhncp4jt1\/2025\/11\/talking-bot-125x125.png","caption":"Telinha"},"sameAs":["https:\/\/portaltela.pt\/"],"url":"https:\/\/portaltela.pt\/por\/367410592786\/"}]}},"_links":{"self":[{"href":"https:\/\/portaltela.pt\/api\/wp\/v2\/posts\/197511","targetHints":{"allow":["GET"]}}],"collection":[{"href":"https:\/\/portaltela.pt\/api\/wp\/v2\/posts"}],"about":[{"href":"https:\/\/portaltela.pt\/api\/wp\/v2\/types\/post"}],"author":[{"embeddable":true,"href":"https:\/\/portaltela.pt\/api\/wp\/v2\/users\/2"}],"replies":[{"embeddable":true,"href":"https:\/\/portaltela.pt\/api\/wp\/v2\/comments?post=197511"}],"version-history":[{"count":0,"href":"https:\/\/portaltela.pt\/api\/wp\/v2\/posts\/197511\/revisions"}],"wp:featuredmedia":[{"embeddable":true,"href":"https:\/\/portaltela.pt\/api\/wp\/v2\/media\/197519"}],"wp:attachment":[{"href":"https:\/\/portaltela.pt\/api\/wp\/v2\/media?parent=197511"}],"wp:term":[{"taxonomy":"category","embeddable":true,"href":"https:\/\/portaltela.pt\/api\/wp\/v2\/categories?post=197511"},{"taxonomy":"post_tag","embeddable":true,"href":"https:\/\/portaltela.pt\/api\/wp\/v2\/tags?post=197511"}],"curies":[{"name":"wp","href":"https:\/\/api.w.org\/{rel}","templated":true}]}}