{"id":197503,"date":"2026-02-04T14:23:00","date_gmt":"2026-02-04T17:23:00","guid":{"rendered":"https:\/\/portaltela.pt\/noticias\/2026\/02\/04\/carro-cai-na-agua-junto-a-barragem-em-serpa\/"},"modified":"2026-02-04T14:23:00","modified_gmt":"2026-02-04T17:23:00","slug":"carro-cai-na-agua-junto-a-barragem-em-serpa","status":"publish","type":"post","link":"https:\/\/portaltela.pt\/noticias\/2026\/02\/04\/carro-cai-na-agua-junto-a-barragem-em-serpa\/","title":{"rendered":"Carro cai na \u00e1gua junto a barragem em Serpa"},"content":{"rendered":"<p>Um carro caiu \u00e0 \u00e1gua junto \u00e0 barragem da Amoreira, em Pias, no concelho de Serpa, durante a tarde de quarta-feira. O alerta foi dado pelas 15h50, segundo a Prote\u00e7\u00e3o Civil.<\/p>\n<p>Est\u00e3o mobilizados 31 elementos e 13 viaturas, das corpora\u00e7\u00f5es de bombeiros de Moura e Serpa. O dispositivo inclui mergulhadores para opera\u00e7\u00f5es de busca na \u00e1rea ribeirinha.<\/p>\n<p>A viatura encontra-se numa ribeira pr\u00f3xima da barragem, numa zona de dif\u00edcil acesso. Ainda n\u00e3o foi poss\u00edvel confirmar se existem pessoas no interior do ve\u00edculo.<\/p>\n<p>As autoridades est\u00e3o a proceder a uma avalia\u00e7\u00e3o no terreno para determinar as circunst\u00e2ncias do acidente e avan\u00e7ar com as dilig\u00eancias necess\u00e1rias.<\/p>\n","protected":false},"excerpt":{"rendered":"<ul>\n<li>O carro caiu \u00e0 \u00e1gua junto \u00e0 barragem da Amoreira, em Pias, Serpa, a meio da tarde de quarta-feira.<\/li>\n<li>O alerta foi dado pelas 15h50, segundo a Prote\u00e7\u00e3o Civil.<\/li>\n<li>Est\u00e3o mobilizados 31 elementos e 13 viaturas, das corpora\u00e7\u00f5es de Moura e Serpa, com mergulhadores no dispositivo.<\/li>\n<li>A viatura est\u00e1 numa ribeira pr\u00f3xima da barragem, em zona de dif\u00edcil acesso.<\/li>\n<li>Ainda n\u00e3o foi poss\u00edvel verificar se existem pessoas no interior do ve\u00edculo.<\/li>\n<\/ul>\n","protected":false},"author":2,"featured_media":197509,"comment_status":"closed","ping_status":"closed","sticky":false,"template":"","format":"standard","meta":{"footnotes":""},"categories":[1],"tags":[2088,4924,971,2396,320,3120],"class_list":["post-197503","post","type-post","status-publish","format-standard","has-post-thumbnail","hentry","category-noticias","tag-acidente-de-viacao","tag-barragens","tag-bombeiros","tag-moura","tag-protecao-civil","tag-serpa"],"yoast_head":"<!-- This site is optimized with the Yoast SEO plugin v27.2 - https:\/\/yoast.com\/product\/yoast-seo-wordpress\/ -->\n<title>Carro cai na \u00e1gua junto a barragem em Serpa - Portal Tela Portugal<\/title>\n<meta name=\"robots\" content=\"index, follow, max-snippet:-1, max-image-preview:large, max-video-preview:-1\" \/>\n<meta property=\"og:locale\" content=\"pt_PT\" \/>\n<meta property=\"og:type\" content=\"article\" \/>\n<meta property=\"og:title\" content=\"Carro cai na \u00e1gua junto a barragem em Serpa - Portal Tela Portugal\" \/>\n<meta property=\"og:description\" content=\"O carro caiu \u00e0 \u00e1gua junto \u00e0 barragem da Amoreira, em Pias, Serpa, a meio da tarde de quarta-feira. O alerta foi dado pelas 15h50, segundo a Prote\u00e7\u00e3o Civil. Est\u00e3o mobilizados 31 elementos e 13 viaturas, das corpora\u00e7\u00f5es de Moura e Serpa, com mergulhadores no dispositivo. A viatura est\u00e1 numa ribeira pr\u00f3xima da barragem, em zona de dif\u00edcil acesso. Ainda n\u00e3o foi poss\u00edvel verificar se existem pessoas no interior do ve\u00edculo.\" \/>\n<meta property=\"og:url\" content=\"https:\/\/portaltela.pt\/noticias\/2026\/02\/04\/carro-cai-na-agua-junto-a-barragem-em-serpa\/\" \/>\n<meta property=\"og:site_name\" content=\"Portal Tela Portugal\" \/>\n<meta property=\"article:published_time\" content=\"2026-02-04T17:23:00+00:00\" \/>\n<meta name=\"author\" content=\"Telinha\" \/>\n<meta name=\"twitter:card\" content=\"summary_large_image\" \/>\n<meta name=\"twitter:label1\" content=\"Escrito por\" \/>\n\t<meta name=\"twitter:data1\" content=\"Telinha\" \/>\n\t<meta name=\"twitter:label2\" content=\"Tempo estimado de leitura\" \/>\n\t<meta name=\"twitter:data2\" content=\"1 minuto\" \/>\n<script type=\"application\/ld+json\" class=\"yoast-schema-graph\">{\"@context\":\"https:\/\/schema.org\",\"@graph\":[{\"@type\":\"Article\",\"@id\":\"https:\/\/portaltela.pt\/noticias\/2026\/02\/04\/carro-cai-na-agua-junto-a-barragem-em-serpa\/#article\",\"isPartOf\":{\"@id\":\"https:\/\/portaltela.pt\/noticias\/2026\/02\/04\/carro-cai-na-agua-junto-a-barragem-em-serpa\/\"},\"author\":{\"name\":\"Telinha\",\"@id\":\"https:\/\/portaltela.pt\/#\/schema\/person\/c4278d4a6028830caff9ee44b42d32ed\"},\"headline\":\"Carro cai na \u00e1gua junto a barragem em Serpa\",\"datePublished\":\"2026-02-04T17:23:00+00:00\",\"mainEntityOfPage\":{\"@id\":\"https:\/\/portaltela.pt\/noticias\/2026\/02\/04\/carro-cai-na-agua-junto-a-barragem-em-serpa\/\"},\"wordCount\":124,\"image\":{\"@id\":\"https:\/\/portaltela.pt\/noticias\/2026\/02\/04\/carro-cai-na-agua-junto-a-barragem-em-serpa\/#primaryimage\"},\"thumbnailUrl\":\"https:\/\/portaltela.pt\/s.01k8rhncp4jt1\/2026\/02\/img_1500x1000uu2026-02-04-17-15-20-2264764.jpg\",\"keywords\":[\"acidente de via\u00e7\u00e3o\",\"barragens\",\"bombeiros\",\"Moura\",\"prote\u00e7\u00e3o civil\",\"Serpa\"],\"articleSection\":[\"Not\u00edcias\"],\"inLanguage\":\"pt-PT\"},{\"@type\":\"WebPage\",\"@id\":\"https:\/\/portaltela.pt\/noticias\/2026\/02\/04\/carro-cai-na-agua-junto-a-barragem-em-serpa\/\",\"url\":\"https:\/\/portaltela.pt\/noticias\/2026\/02\/04\/carro-cai-na-agua-junto-a-barragem-em-serpa\/\",\"name\":\"Carro cai na \u00e1gua junto a barragem em Serpa - Portal Tela Portugal\",\"isPartOf\":{\"@id\":\"https:\/\/portaltela.pt\/#website\"},\"primaryImageOfPage\":{\"@id\":\"https:\/\/portaltela.pt\/noticias\/2026\/02\/04\/carro-cai-na-agua-junto-a-barragem-em-serpa\/#primaryimage\"},\"image\":{\"@id\":\"https:\/\/portaltela.pt\/noticias\/2026\/02\/04\/carro-cai-na-agua-junto-a-barragem-em-serpa\/#primaryimage\"},\"thumbnailUrl\":\"https:\/\/portaltela.pt\/s.01k8rhncp4jt1\/2026\/02\/img_1500x1000uu2026-02-04-17-15-20-2264764.jpg\",\"datePublished\":\"2026-02-04T17:23:00+00:00\",\"author\":{\"@id\":\"https:\/\/portaltela.pt\/#\/schema\/person\/c4278d4a6028830caff9ee44b42d32ed\"},\"breadcrumb\":{\"@id\":\"https:\/\/portaltela.pt\/noticias\/2026\/02\/04\/carro-cai-na-agua-junto-a-barragem-em-serpa\/#breadcrumb\"},\"inLanguage\":\"pt-PT\",\"potentialAction\":[{\"@type\":\"ReadAction\",\"target\":[\"https:\/\/portaltela.pt\/noticias\/2026\/02\/04\/carro-cai-na-agua-junto-a-barragem-em-serpa\/\"]}]},{\"@type\":\"ImageObject\",\"inLanguage\":\"pt-PT\",\"@id\":\"https:\/\/portaltela.pt\/noticias\/2026\/02\/04\/carro-cai-na-agua-junto-a-barragem-em-serpa\/#primaryimage\",\"url\":\"https:\/\/portaltela.pt\/s.01k8rhncp4jt1\/2026\/02\/img_1500x1000uu2026-02-04-17-15-20-2264764.jpg\",\"contentUrl\":\"https:\/\/portaltela.pt\/s.01k8rhncp4jt1\/2026\/02\/img_1500x1000uu2026-02-04-17-15-20-2264764.jpg\",\"width\":796,\"height\":448,\"caption\":\"Mergulhador segura \u00e2nfora durante busca subaqu\u00e1tica\"},{\"@type\":\"BreadcrumbList\",\"@id\":\"https:\/\/portaltela.pt\/noticias\/2026\/02\/04\/carro-cai-na-agua-junto-a-barragem-em-serpa\/#breadcrumb\",\"itemListElement\":[{\"@type\":\"ListItem\",\"position\":1,\"name\":\"In\u00edcio\",\"item\":\"https:\/\/portaltela.pt\/\"},{\"@type\":\"ListItem\",\"position\":2,\"name\":\"Carro cai na \u00e1gua junto a barragem em Serpa\"}]},{\"@type\":\"WebSite\",\"@id\":\"https:\/\/portaltela.pt\/#website\",\"url\":\"https:\/\/portaltela.pt\/\",\"name\":\"Portal Tela Portugal\",\"description\":\"\",\"potentialAction\":[{\"@type\":\"SearchAction\",\"target\":{\"@type\":\"EntryPoint\",\"urlTemplate\":\"https:\/\/portaltela.pt\/?s={search_term_string}\"},\"query-input\":{\"@type\":\"PropertyValueSpecification\",\"valueRequired\":true,\"valueName\":\"search_term_string\"}}],\"inLanguage\":\"pt-PT\"},{\"@type\":\"Person\",\"@id\":\"https:\/\/portaltela.pt\/#\/schema\/person\/c4278d4a6028830caff9ee44b42d32ed\",\"name\":\"Telinha\",\"image\":{\"@type\":\"ImageObject\",\"inLanguage\":\"pt-PT\",\"@id\":\"https:\/\/portaltela.pt\/s.01k8rhncp4jt1\/2025\/11\/talking-bot-125x125.png\",\"url\":\"https:\/\/portaltela.pt\/s.01k8rhncp4jt1\/2025\/11\/talking-bot-125x125.png\",\"contentUrl\":\"https:\/\/portaltela.pt\/s.01k8rhncp4jt1\/2025\/11\/talking-bot-125x125.png\",\"caption\":\"Telinha\"},\"sameAs\":[\"https:\/\/portaltela.pt\/\"],\"url\":\"https:\/\/portaltela.pt\/por\/367410592786\/\"}]}<\/script>\n<!-- \/ Yoast SEO plugin. -->","yoast_head_json":{"title":"Carro cai na \u00e1gua junto a barragem em Serpa - Portal Tela Portugal","robots":{"index":"index","follow":"follow","max-snippet":"max-snippet:-1","max-image-preview":"max-image-preview:large","max-video-preview":"max-video-preview:-1"},"og_locale":"pt_PT","og_type":"article","og_title":"Carro cai na \u00e1gua junto a barragem em Serpa - Portal Tela Portugal","og_description":"O carro caiu \u00e0 \u00e1gua junto \u00e0 barragem da Amoreira, em Pias, Serpa, a meio da tarde de quarta-feira. O alerta foi dado pelas 15h50, segundo a Prote\u00e7\u00e3o Civil. Est\u00e3o mobilizados 31 elementos e 13 viaturas, das corpora\u00e7\u00f5es de Moura e Serpa, com mergulhadores no dispositivo. A viatura est\u00e1 numa ribeira pr\u00f3xima da barragem, em zona de dif\u00edcil acesso. Ainda n\u00e3o foi poss\u00edvel verificar se existem pessoas no interior do ve\u00edculo.","og_url":"https:\/\/portaltela.pt\/noticias\/2026\/02\/04\/carro-cai-na-agua-junto-a-barragem-em-serpa\/","og_site_name":"Portal Tela Portugal","article_published_time":"2026-02-04T17:23:00+00:00","author":"Telinha","twitter_card":"summary_large_image","twitter_misc":{"Escrito por":"Telinha","Tempo estimado de leitura":"1 minuto"},"schema":{"@context":"https:\/\/schema.org","@graph":[{"@type":"Article","@id":"https:\/\/portaltela.pt\/noticias\/2026\/02\/04\/carro-cai-na-agua-junto-a-barragem-em-serpa\/#article","isPartOf":{"@id":"https:\/\/portaltela.pt\/noticias\/2026\/02\/04\/carro-cai-na-agua-junto-a-barragem-em-serpa\/"},"author":{"name":"Telinha","@id":"https:\/\/portaltela.pt\/#\/schema\/person\/c4278d4a6028830caff9ee44b42d32ed"},"headline":"Carro cai na \u00e1gua junto a barragem em Serpa","datePublished":"2026-02-04T17:23:00+00:00","mainEntityOfPage":{"@id":"https:\/\/portaltela.pt\/noticias\/2026\/02\/04\/carro-cai-na-agua-junto-a-barragem-em-serpa\/"},"wordCount":124,"image":{"@id":"https:\/\/portaltela.pt\/noticias\/2026\/02\/04\/carro-cai-na-agua-junto-a-barragem-em-serpa\/#primaryimage"},"thumbnailUrl":"https:\/\/portaltela.pt\/s.01k8rhncp4jt1\/2026\/02\/img_1500x1000uu2026-02-04-17-15-20-2264764.jpg","keywords":["acidente de via\u00e7\u00e3o","barragens","bombeiros","Moura","prote\u00e7\u00e3o civil","Serpa"],"articleSection":["Not\u00edcias"],"inLanguage":"pt-PT"},{"@type":"WebPage","@id":"https:\/\/portaltela.pt\/noticias\/2026\/02\/04\/carro-cai-na-agua-junto-a-barragem-em-serpa\/","url":"https:\/\/portaltela.pt\/noticias\/2026\/02\/04\/carro-cai-na-agua-junto-a-barragem-em-serpa\/","name":"Carro cai na \u00e1gua junto a barragem em Serpa - Portal Tela Portugal","isPartOf":{"@id":"https:\/\/portaltela.pt\/#website"},"primaryImageOfPage":{"@id":"https:\/\/portaltela.pt\/noticias\/2026\/02\/04\/carro-cai-na-agua-junto-a-barragem-em-serpa\/#primaryimage"},"image":{"@id":"https:\/\/portaltela.pt\/noticias\/2026\/02\/04\/carro-cai-na-agua-junto-a-barragem-em-serpa\/#primaryimage"},"thumbnailUrl":"https:\/\/portaltela.pt\/s.01k8rhncp4jt1\/2026\/02\/img_1500x1000uu2026-02-04-17-15-20-2264764.jpg","datePublished":"2026-02-04T17:23:00+00:00","author":{"@id":"https:\/\/portaltela.pt\/#\/schema\/person\/c4278d4a6028830caff9ee44b42d32ed"},"breadcrumb":{"@id":"https:\/\/portaltela.pt\/noticias\/2026\/02\/04\/carro-cai-na-agua-junto-a-barragem-em-serpa\/#breadcrumb"},"inLanguage":"pt-PT","potentialAction":[{"@type":"ReadAction","target":["https:\/\/portaltela.pt\/noticias\/2026\/02\/04\/carro-cai-na-agua-junto-a-barragem-em-serpa\/"]}]},{"@type":"ImageObject","inLanguage":"pt-PT","@id":"https:\/\/portaltela.pt\/noticias\/2026\/02\/04\/carro-cai-na-agua-junto-a-barragem-em-serpa\/#primaryimage","url":"https:\/\/portaltela.pt\/s.01k8rhncp4jt1\/2026\/02\/img_1500x1000uu2026-02-04-17-15-20-2264764.jpg","contentUrl":"https:\/\/portaltela.pt\/s.01k8rhncp4jt1\/2026\/02\/img_1500x1000uu2026-02-04-17-15-20-2264764.jpg","width":796,"height":448,"caption":"Mergulhador segura \u00e2nfora durante busca subaqu\u00e1tica"},{"@type":"BreadcrumbList","@id":"https:\/\/portaltela.pt\/noticias\/2026\/02\/04\/carro-cai-na-agua-junto-a-barragem-em-serpa\/#breadcrumb","itemListElement":[{"@type":"ListItem","position":1,"name":"In\u00edcio","item":"https:\/\/portaltela.pt\/"},{"@type":"ListItem","position":2,"name":"Carro cai na \u00e1gua junto a barragem em Serpa"}]},{"@type":"WebSite","@id":"https:\/\/portaltela.pt\/#website","url":"https:\/\/portaltela.pt\/","name":"Portal Tela Portugal","description":"","potentialAction":[{"@type":"SearchAction","target":{"@type":"EntryPoint","urlTemplate":"https:\/\/portaltela.pt\/?s={search_term_string}"},"query-input":{"@type":"PropertyValueSpecification","valueRequired":true,"valueName":"search_term_string"}}],"inLanguage":"pt-PT"},{"@type":"Person","@id":"https:\/\/portaltela.pt\/#\/schema\/person\/c4278d4a6028830caff9ee44b42d32ed","name":"Telinha","image":{"@type":"ImageObject","inLanguage":"pt-PT","@id":"https:\/\/portaltela.pt\/s.01k8rhncp4jt1\/2025\/11\/talking-bot-125x125.png","url":"https:\/\/portaltela.pt\/s.01k8rhncp4jt1\/2025\/11\/talking-bot-125x125.png","contentUrl":"https:\/\/portaltela.pt\/s.01k8rhncp4jt1\/2025\/11\/talking-bot-125x125.png","caption":"Telinha"},"sameAs":["https:\/\/portaltela.pt\/"],"url":"https:\/\/portaltela.pt\/por\/367410592786\/"}]}},"_links":{"self":[{"href":"https:\/\/portaltela.pt\/api\/wp\/v2\/posts\/197503","targetHints":{"allow":["GET"]}}],"collection":[{"href":"https:\/\/portaltela.pt\/api\/wp\/v2\/posts"}],"about":[{"href":"https:\/\/portaltela.pt\/api\/wp\/v2\/types\/post"}],"author":[{"embeddable":true,"href":"https:\/\/portaltela.pt\/api\/wp\/v2\/users\/2"}],"replies":[{"embeddable":true,"href":"https:\/\/portaltela.pt\/api\/wp\/v2\/comments?post=197503"}],"version-history":[{"count":0,"href":"https:\/\/portaltela.pt\/api\/wp\/v2\/posts\/197503\/revisions"}],"wp:featuredmedia":[{"embeddable":true,"href":"https:\/\/portaltela.pt\/api\/wp\/v2\/media\/197509"}],"wp:attachment":[{"href":"https:\/\/portaltela.pt\/api\/wp\/v2\/media?parent=197503"}],"wp:term":[{"taxonomy":"category","embeddable":true,"href":"https:\/\/portaltela.pt\/api\/wp\/v2\/categories?post=197503"},{"taxonomy":"post_tag","embeddable":true,"href":"https:\/\/portaltela.pt\/api\/wp\/v2\/tags?post=197503"}],"curies":[{"name":"wp","href":"https:\/\/api.w.org\/{rel}","templated":true}]}}