{"id":197497,"date":"2026-02-04T14:24:00","date_gmt":"2026-02-04T17:24:00","guid":{"rendered":"https:\/\/portaltela.pt\/noticias\/2026\/02\/04\/galeria-municipal-do-porto-revela-programa-de-2026-com-pestana-e-carvalho\/"},"modified":"2026-02-04T14:24:00","modified_gmt":"2026-02-04T17:24:00","slug":"galeria-municipal-do-porto-revela-programa-de-2026-com-pestana-e-carvalho","status":"publish","type":"post","link":"https:\/\/portaltela.pt\/noticias\/2026\/02\/04\/galeria-municipal-do-porto-revela-programa-de-2026-com-pestana-e-carvalho\/","title":{"rendered":"Galeria Municipal do Porto revela programa de 2026 com Pestana e Carvalho"},"content":{"rendered":"<p>A Galeria Municipal do Porto revelou a programa\u00e7\u00e3o para 2026, com destaque para uma exposi\u00e7\u00e3o dedicada \u00e0 vida e obra de Isabel Carvalho e para a apresenta\u00e7\u00e3o da dupla Basel Abbas e Ruanne Abou-Rahme. O ciclo inclui ainda a continua\u00e7\u00e3o da linha de Silvestre Pestana, com a tem\u00e1tica Colapso. A divulga\u00e7\u00e3o ocorreu ao in\u00edcio da tarde de quarta-feira.<\/p>\n<p>O an\u00fancio aponta para uma nova iniciativa que visa apoiar a cria\u00e7\u00e3o de obras in\u00e9ditas, fortalecendo o di\u00e1logo entre artistas e p\u00fablico. A programa\u00e7\u00e3o contempla ainda a continuidade do trabalho de Pestana, j\u00e1 conhecido pela abordagem sobre os impactos da tecnologia na sociedade.<\/p>\n<h3>Destaques da programa\u00e7\u00e3o<\/h3>\n<p>Entre os proyectos anunciados est\u00e1 a exposi\u00e7\u00e3o de grande escala dedicada a <strong>Isabel Carvalho<\/strong>, que promete uma imers\u00e3o no seu percurso art\u00edstico. Em paralelo, a mostra de <strong>Basel Abbas e Ruanne Abou-Rahme<\/strong> prop\u00f5e uma leitura articulada entre v\u00eddeo, instala\u00e7\u00e3o e contexto contempor\u00e2neo.<\/p>\n<p>A galeria pretende manter uma programa\u00e7\u00e3o plural, com \u00e9nfase na produ\u00e7\u00e3o atual e em oportunidades de desenvolvimento para criadores nacionais e internacionais. O objetivo \u00e9 oferecer produ\u00e7\u00e3o in\u00e9dita e espa\u00e7o de debate, mantendo a curadoria ligada a novas formas de apresenta\u00e7\u00e3o.<\/p>\n","protected":false},"excerpt":{"rendered":"<ul>\n<li>A Galeria Municipal do Porto revelou o programa de 2026, anunciado ao in\u00edcio da tarde desta quarta-feira.<\/li>\n<li>Destaques incluem uma exposi\u00e7\u00e3o dedicada \u00e0 vida e obra de Isabel Carvalho e a apresenta\u00e7\u00e3o da dupla Basel Abbas e Ruanne Abou-Rahme.<\/li>\n<li>A artista Isabel Carvalho ter\u00e1 uma mostra de grande escala na galeria.<\/li>\n<li>Silvestre Pestana mant\u00e9m a linha de pensamento sobre os impactos da tecnologia na sociedade com a edi\u00e7\u00e3o \u201cColapso\u201d.<\/li>\n<li>A galeria lan\u00e7a uma nova iniciativa para apoiar a cria\u00e7\u00e3o de obras in\u00e9ditas.<\/li>\n<\/ul>\n","protected":false},"author":2,"featured_media":197498,"comment_status":"closed","ping_status":"closed","sticky":false,"template":"","format":"standard","meta":{"footnotes":""},"categories":[1],"tags":[70,2473,145,2923,982,5424],"class_list":["post-197497","post","type-post","status-publish","format-standard","has-post-thumbnail","hentry","category-noticias","tag-arte","tag-criacao-artistica","tag-cultura","tag-galerias-arquivos","tag-porto","tag-silvestre-pestana"],"yoast_head":"<!-- This site is optimized with the Yoast SEO plugin v27.2 - https:\/\/yoast.com\/product\/yoast-seo-wordpress\/ -->\n<title>Galeria Municipal do Porto revela programa de 2026 com Pestana e Carvalho - Portal Tela Portugal<\/title>\n<meta name=\"robots\" content=\"index, follow, max-snippet:-1, max-image-preview:large, max-video-preview:-1\" \/>\n<meta property=\"og:locale\" content=\"pt_PT\" \/>\n<meta property=\"og:type\" content=\"article\" \/>\n<meta property=\"og:title\" content=\"Galeria Municipal do Porto revela programa de 2026 com Pestana e Carvalho - Portal Tela Portugal\" \/>\n<meta property=\"og:description\" content=\"A Galeria Municipal do Porto revelou o programa de 2026, anunciado ao in\u00edcio da tarde desta quarta-feira. Destaques incluem uma exposi\u00e7\u00e3o dedicada \u00e0 vida e obra de Isabel Carvalho e a apresenta\u00e7\u00e3o da dupla Basel Abbas e Ruanne Abou-Rahme. A artista Isabel Carvalho ter\u00e1 uma mostra de grande escala na galeria. Silvestre Pestana mant\u00e9m a linha de pensamento sobre os impactos da tecnologia na sociedade com a edi\u00e7\u00e3o \u201cColapso\u201d. A galeria lan\u00e7a uma nova iniciativa para apoiar a cria\u00e7\u00e3o de obras in\u00e9ditas.\" \/>\n<meta property=\"og:url\" content=\"https:\/\/portaltela.pt\/noticias\/2026\/02\/04\/galeria-municipal-do-porto-revela-programa-de-2026-com-pestana-e-carvalho\/\" \/>\n<meta property=\"og:site_name\" content=\"Portal Tela Portugal\" \/>\n<meta property=\"article:published_time\" content=\"2026-02-04T17:24:00+00:00\" \/>\n<meta name=\"author\" content=\"Telinha\" \/>\n<meta name=\"twitter:card\" content=\"summary_large_image\" \/>\n<meta name=\"twitter:label1\" content=\"Escrito por\" \/>\n\t<meta name=\"twitter:data1\" content=\"Telinha\" \/>\n\t<meta name=\"twitter:label2\" content=\"Tempo estimado de leitura\" \/>\n\t<meta name=\"twitter:data2\" content=\"1 minuto\" \/>\n<script type=\"application\/ld+json\" class=\"yoast-schema-graph\">{\"@context\":\"https:\/\/schema.org\",\"@graph\":[{\"@type\":\"Article\",\"@id\":\"https:\/\/portaltela.pt\/noticias\/2026\/02\/04\/galeria-municipal-do-porto-revela-programa-de-2026-com-pestana-e-carvalho\/#article\",\"isPartOf\":{\"@id\":\"https:\/\/portaltela.pt\/noticias\/2026\/02\/04\/galeria-municipal-do-porto-revela-programa-de-2026-com-pestana-e-carvalho\/\"},\"author\":{\"name\":\"Telinha\",\"@id\":\"https:\/\/portaltela.pt\/#\/schema\/person\/c4278d4a6028830caff9ee44b42d32ed\"},\"headline\":\"Galeria Municipal do Porto revela programa de 2026 com Pestana e Carvalho\",\"datePublished\":\"2026-02-04T17:24:00+00:00\",\"mainEntityOfPage\":{\"@id\":\"https:\/\/portaltela.pt\/noticias\/2026\/02\/04\/galeria-municipal-do-porto-revela-programa-de-2026-com-pestana-e-carvalho\/\"},\"wordCount\":222,\"image\":{\"@id\":\"https:\/\/portaltela.pt\/noticias\/2026\/02\/04\/galeria-municipal-do-porto-revela-programa-de-2026-com-pestana-e-carvalho\/#primaryimage\"},\"thumbnailUrl\":\"https:\/\/portaltela.pt\/s.01k8rhncp4jt1\/2026\/02\/2064486.jpg\",\"keywords\":[\"arte\",\"Cria\u00e7\u00e3o Art\u00edstica\",\"cultura\",\"galerias\/arquivos\",\"Porto\",\"Silvestre Pestana\"],\"articleSection\":[\"Not\u00edcias\"],\"inLanguage\":\"pt-PT\"},{\"@type\":\"WebPage\",\"@id\":\"https:\/\/portaltela.pt\/noticias\/2026\/02\/04\/galeria-municipal-do-porto-revela-programa-de-2026-com-pestana-e-carvalho\/\",\"url\":\"https:\/\/portaltela.pt\/noticias\/2026\/02\/04\/galeria-municipal-do-porto-revela-programa-de-2026-com-pestana-e-carvalho\/\",\"name\":\"Galeria Municipal do Porto revela programa de 2026 com Pestana e Carvalho - Portal Tela Portugal\",\"isPartOf\":{\"@id\":\"https:\/\/portaltela.pt\/#website\"},\"primaryImageOfPage\":{\"@id\":\"https:\/\/portaltela.pt\/noticias\/2026\/02\/04\/galeria-municipal-do-porto-revela-programa-de-2026-com-pestana-e-carvalho\/#primaryimage\"},\"image\":{\"@id\":\"https:\/\/portaltela.pt\/noticias\/2026\/02\/04\/galeria-municipal-do-porto-revela-programa-de-2026-com-pestana-e-carvalho\/#primaryimage\"},\"thumbnailUrl\":\"https:\/\/portaltela.pt\/s.01k8rhncp4jt1\/2026\/02\/2064486.jpg\",\"datePublished\":\"2026-02-04T17:24:00+00:00\",\"author\":{\"@id\":\"https:\/\/portaltela.pt\/#\/schema\/person\/c4278d4a6028830caff9ee44b42d32ed\"},\"breadcrumb\":{\"@id\":\"https:\/\/portaltela.pt\/noticias\/2026\/02\/04\/galeria-municipal-do-porto-revela-programa-de-2026-com-pestana-e-carvalho\/#breadcrumb\"},\"inLanguage\":\"pt-PT\",\"potentialAction\":[{\"@type\":\"ReadAction\",\"target\":[\"https:\/\/portaltela.pt\/noticias\/2026\/02\/04\/galeria-municipal-do-porto-revela-programa-de-2026-com-pestana-e-carvalho\/\"]}]},{\"@type\":\"ImageObject\",\"inLanguage\":\"pt-PT\",\"@id\":\"https:\/\/portaltela.pt\/noticias\/2026\/02\/04\/galeria-municipal-do-porto-revela-programa-de-2026-com-pestana-e-carvalho\/#primaryimage\",\"url\":\"https:\/\/portaltela.pt\/s.01k8rhncp4jt1\/2026\/02\/2064486.jpg\",\"contentUrl\":\"https:\/\/portaltela.pt\/s.01k8rhncp4jt1\/2026\/02\/2064486.jpg\",\"width\":796,\"height\":448,\"caption\":\"Silvestre Pestana continua, com *Colapso*, a pensar os impactos da tecnologia na sociedade\"},{\"@type\":\"BreadcrumbList\",\"@id\":\"https:\/\/portaltela.pt\/noticias\/2026\/02\/04\/galeria-municipal-do-porto-revela-programa-de-2026-com-pestana-e-carvalho\/#breadcrumb\",\"itemListElement\":[{\"@type\":\"ListItem\",\"position\":1,\"name\":\"In\u00edcio\",\"item\":\"https:\/\/portaltela.pt\/\"},{\"@type\":\"ListItem\",\"position\":2,\"name\":\"Galeria Municipal do Porto revela programa de 2026 com Pestana e Carvalho\"}]},{\"@type\":\"WebSite\",\"@id\":\"https:\/\/portaltela.pt\/#website\",\"url\":\"https:\/\/portaltela.pt\/\",\"name\":\"Portal Tela Portugal\",\"description\":\"\",\"potentialAction\":[{\"@type\":\"SearchAction\",\"target\":{\"@type\":\"EntryPoint\",\"urlTemplate\":\"https:\/\/portaltela.pt\/?s={search_term_string}\"},\"query-input\":{\"@type\":\"PropertyValueSpecification\",\"valueRequired\":true,\"valueName\":\"search_term_string\"}}],\"inLanguage\":\"pt-PT\"},{\"@type\":\"Person\",\"@id\":\"https:\/\/portaltela.pt\/#\/schema\/person\/c4278d4a6028830caff9ee44b42d32ed\",\"name\":\"Telinha\",\"image\":{\"@type\":\"ImageObject\",\"inLanguage\":\"pt-PT\",\"@id\":\"https:\/\/portaltela.pt\/s.01k8rhncp4jt1\/2025\/11\/talking-bot-125x125.png\",\"url\":\"https:\/\/portaltela.pt\/s.01k8rhncp4jt1\/2025\/11\/talking-bot-125x125.png\",\"contentUrl\":\"https:\/\/portaltela.pt\/s.01k8rhncp4jt1\/2025\/11\/talking-bot-125x125.png\",\"caption\":\"Telinha\"},\"sameAs\":[\"https:\/\/portaltela.pt\/\"],\"url\":\"https:\/\/portaltela.pt\/por\/367410592786\/\"}]}<\/script>\n<!-- \/ Yoast SEO plugin. -->","yoast_head_json":{"title":"Galeria Municipal do Porto revela programa de 2026 com Pestana e Carvalho - Portal Tela Portugal","robots":{"index":"index","follow":"follow","max-snippet":"max-snippet:-1","max-image-preview":"max-image-preview:large","max-video-preview":"max-video-preview:-1"},"og_locale":"pt_PT","og_type":"article","og_title":"Galeria Municipal do Porto revela programa de 2026 com Pestana e Carvalho - Portal Tela Portugal","og_description":"A Galeria Municipal do Porto revelou o programa de 2026, anunciado ao in\u00edcio da tarde desta quarta-feira. Destaques incluem uma exposi\u00e7\u00e3o dedicada \u00e0 vida e obra de Isabel Carvalho e a apresenta\u00e7\u00e3o da dupla Basel Abbas e Ruanne Abou-Rahme. A artista Isabel Carvalho ter\u00e1 uma mostra de grande escala na galeria. Silvestre Pestana mant\u00e9m a linha de pensamento sobre os impactos da tecnologia na sociedade com a edi\u00e7\u00e3o \u201cColapso\u201d. A galeria lan\u00e7a uma nova iniciativa para apoiar a cria\u00e7\u00e3o de obras in\u00e9ditas.","og_url":"https:\/\/portaltela.pt\/noticias\/2026\/02\/04\/galeria-municipal-do-porto-revela-programa-de-2026-com-pestana-e-carvalho\/","og_site_name":"Portal Tela Portugal","article_published_time":"2026-02-04T17:24:00+00:00","author":"Telinha","twitter_card":"summary_large_image","twitter_misc":{"Escrito por":"Telinha","Tempo estimado de leitura":"1 minuto"},"schema":{"@context":"https:\/\/schema.org","@graph":[{"@type":"Article","@id":"https:\/\/portaltela.pt\/noticias\/2026\/02\/04\/galeria-municipal-do-porto-revela-programa-de-2026-com-pestana-e-carvalho\/#article","isPartOf":{"@id":"https:\/\/portaltela.pt\/noticias\/2026\/02\/04\/galeria-municipal-do-porto-revela-programa-de-2026-com-pestana-e-carvalho\/"},"author":{"name":"Telinha","@id":"https:\/\/portaltela.pt\/#\/schema\/person\/c4278d4a6028830caff9ee44b42d32ed"},"headline":"Galeria Municipal do Porto revela programa de 2026 com Pestana e Carvalho","datePublished":"2026-02-04T17:24:00+00:00","mainEntityOfPage":{"@id":"https:\/\/portaltela.pt\/noticias\/2026\/02\/04\/galeria-municipal-do-porto-revela-programa-de-2026-com-pestana-e-carvalho\/"},"wordCount":222,"image":{"@id":"https:\/\/portaltela.pt\/noticias\/2026\/02\/04\/galeria-municipal-do-porto-revela-programa-de-2026-com-pestana-e-carvalho\/#primaryimage"},"thumbnailUrl":"https:\/\/portaltela.pt\/s.01k8rhncp4jt1\/2026\/02\/2064486.jpg","keywords":["arte","Cria\u00e7\u00e3o Art\u00edstica","cultura","galerias\/arquivos","Porto","Silvestre Pestana"],"articleSection":["Not\u00edcias"],"inLanguage":"pt-PT"},{"@type":"WebPage","@id":"https:\/\/portaltela.pt\/noticias\/2026\/02\/04\/galeria-municipal-do-porto-revela-programa-de-2026-com-pestana-e-carvalho\/","url":"https:\/\/portaltela.pt\/noticias\/2026\/02\/04\/galeria-municipal-do-porto-revela-programa-de-2026-com-pestana-e-carvalho\/","name":"Galeria Municipal do Porto revela programa de 2026 com Pestana e Carvalho - Portal Tela Portugal","isPartOf":{"@id":"https:\/\/portaltela.pt\/#website"},"primaryImageOfPage":{"@id":"https:\/\/portaltela.pt\/noticias\/2026\/02\/04\/galeria-municipal-do-porto-revela-programa-de-2026-com-pestana-e-carvalho\/#primaryimage"},"image":{"@id":"https:\/\/portaltela.pt\/noticias\/2026\/02\/04\/galeria-municipal-do-porto-revela-programa-de-2026-com-pestana-e-carvalho\/#primaryimage"},"thumbnailUrl":"https:\/\/portaltela.pt\/s.01k8rhncp4jt1\/2026\/02\/2064486.jpg","datePublished":"2026-02-04T17:24:00+00:00","author":{"@id":"https:\/\/portaltela.pt\/#\/schema\/person\/c4278d4a6028830caff9ee44b42d32ed"},"breadcrumb":{"@id":"https:\/\/portaltela.pt\/noticias\/2026\/02\/04\/galeria-municipal-do-porto-revela-programa-de-2026-com-pestana-e-carvalho\/#breadcrumb"},"inLanguage":"pt-PT","potentialAction":[{"@type":"ReadAction","target":["https:\/\/portaltela.pt\/noticias\/2026\/02\/04\/galeria-municipal-do-porto-revela-programa-de-2026-com-pestana-e-carvalho\/"]}]},{"@type":"ImageObject","inLanguage":"pt-PT","@id":"https:\/\/portaltela.pt\/noticias\/2026\/02\/04\/galeria-municipal-do-porto-revela-programa-de-2026-com-pestana-e-carvalho\/#primaryimage","url":"https:\/\/portaltela.pt\/s.01k8rhncp4jt1\/2026\/02\/2064486.jpg","contentUrl":"https:\/\/portaltela.pt\/s.01k8rhncp4jt1\/2026\/02\/2064486.jpg","width":796,"height":448,"caption":"Silvestre Pestana continua, com *Colapso*, a pensar os impactos da tecnologia na sociedade"},{"@type":"BreadcrumbList","@id":"https:\/\/portaltela.pt\/noticias\/2026\/02\/04\/galeria-municipal-do-porto-revela-programa-de-2026-com-pestana-e-carvalho\/#breadcrumb","itemListElement":[{"@type":"ListItem","position":1,"name":"In\u00edcio","item":"https:\/\/portaltela.pt\/"},{"@type":"ListItem","position":2,"name":"Galeria Municipal do Porto revela programa de 2026 com Pestana e Carvalho"}]},{"@type":"WebSite","@id":"https:\/\/portaltela.pt\/#website","url":"https:\/\/portaltela.pt\/","name":"Portal Tela Portugal","description":"","potentialAction":[{"@type":"SearchAction","target":{"@type":"EntryPoint","urlTemplate":"https:\/\/portaltela.pt\/?s={search_term_string}"},"query-input":{"@type":"PropertyValueSpecification","valueRequired":true,"valueName":"search_term_string"}}],"inLanguage":"pt-PT"},{"@type":"Person","@id":"https:\/\/portaltela.pt\/#\/schema\/person\/c4278d4a6028830caff9ee44b42d32ed","name":"Telinha","image":{"@type":"ImageObject","inLanguage":"pt-PT","@id":"https:\/\/portaltela.pt\/s.01k8rhncp4jt1\/2025\/11\/talking-bot-125x125.png","url":"https:\/\/portaltela.pt\/s.01k8rhncp4jt1\/2025\/11\/talking-bot-125x125.png","contentUrl":"https:\/\/portaltela.pt\/s.01k8rhncp4jt1\/2025\/11\/talking-bot-125x125.png","caption":"Telinha"},"sameAs":["https:\/\/portaltela.pt\/"],"url":"https:\/\/portaltela.pt\/por\/367410592786\/"}]}},"_links":{"self":[{"href":"https:\/\/portaltela.pt\/api\/wp\/v2\/posts\/197497","targetHints":{"allow":["GET"]}}],"collection":[{"href":"https:\/\/portaltela.pt\/api\/wp\/v2\/posts"}],"about":[{"href":"https:\/\/portaltela.pt\/api\/wp\/v2\/types\/post"}],"author":[{"embeddable":true,"href":"https:\/\/portaltela.pt\/api\/wp\/v2\/users\/2"}],"replies":[{"embeddable":true,"href":"https:\/\/portaltela.pt\/api\/wp\/v2\/comments?post=197497"}],"version-history":[{"count":0,"href":"https:\/\/portaltela.pt\/api\/wp\/v2\/posts\/197497\/revisions"}],"wp:featuredmedia":[{"embeddable":true,"href":"https:\/\/portaltela.pt\/api\/wp\/v2\/media\/197498"}],"wp:attachment":[{"href":"https:\/\/portaltela.pt\/api\/wp\/v2\/media?parent=197497"}],"wp:term":[{"taxonomy":"category","embeddable":true,"href":"https:\/\/portaltela.pt\/api\/wp\/v2\/categories?post=197497"},{"taxonomy":"post_tag","embeddable":true,"href":"https:\/\/portaltela.pt\/api\/wp\/v2\/tags?post=197497"}],"curies":[{"name":"wp","href":"https:\/\/api.w.org\/{rel}","templated":true}]}}