{"id":197472,"date":"2026-02-04T14:24:00","date_gmt":"2026-02-04T17:24:00","guid":{"rendered":"https:\/\/portaltela.pt\/noticias\/2026\/02\/04\/ugt-defende-35-horas-25-dias-de-ferias-e-indemnizacao-maior-por-despedimento\/"},"modified":"2026-02-04T14:24:00","modified_gmt":"2026-02-04T17:24:00","slug":"ugt-defende-35-horas-25-dias-de-ferias-e-indemnizacao-maior-por-despedimento","status":"publish","type":"post","link":"https:\/\/portaltela.pt\/noticias\/2026\/02\/04\/ugt-defende-35-horas-25-dias-de-ferias-e-indemnizacao-maior-por-despedimento\/","title":{"rendered":"UGT defende 35 horas, 25 dias de f\u00e9rias e indemniza\u00e7\u00e3o maior por despedimento"},"content":{"rendered":"<p>A UGT enviou nesta quarta-feira \u00e0 ministra do Trabalho uma contraproposta ao pacote laboral do Governo. O documento apresenta v\u00e1rias medidas, incluindo a redu\u00e7\u00e3o da semana de trabalho para 35 horas, 25 dias de f\u00e9rias e maiores compensa\u00e7\u00f5es por despedimento. Inclui ainda a possibilidade de concentrar a semana em quatro dias para quem tem filhos at\u00e9 aos 12 anos ou para trabalhadores estudantis.<\/p>\n<p>A central sindical destaca que a proposta n\u00e3o esgota as mat\u00e9rias, mas re\u00fane posi\u00e7\u00f5es defendidas h\u00e1 anos e que devem integrar o debate. Entre as reivindica\u00e7\u00f5es est\u00e1 a atualiza\u00e7\u00e3o do pagamento pelo trabalho nocturno e pelo trabalho suplementar, com base em par\u00e2metros anteriores \u00e0 troika.<\/p>\n<p>Na proposta apresentada, denominada Trabalho com direitos XXI, a UGT faz ainda v\u00e1rias exig\u00eancias. Quer que os despedimentos indiquem instrumentos utilizados, incluindo o uso de algoritmos ou intelig\u00eancia artificial, e defende a reposi\u00e7\u00e3o das regras anteriores a n\u00edvel de banca de horas, contratos a termo, outsourcing e outras mat\u00e9rias sens\u00edveis.<\/p>\n<h3>Conte\u00fado-chave da contraproposta<\/h3>\n<ul>\n<li>Semana de 35 horas; 25 dias de f\u00e9rias; maior compensa\u00e7\u00e3o por despedimento.<\/li>\n<li>Possibilidade de quatro dias de trabalho consecutivos para pais com filhos at\u00e9 12 anos.<\/li>\n<li>Reposi\u00e7\u00e3o de valores do trabalho nocturno e do trabalho suplementar, com par\u00e2metros pr\u00e9-troika.<\/li>\n<li>Exig\u00eancia de divulga\u00e7\u00e3o de instrumentos usados em despedimentos coletivos, incluindo IA.<\/li>\n<\/ul>\n<p>A proposta refor\u00e7a que as linhas vermelhas abrangem mat\u00e9rias como banco de horas, negocia\u00e7\u00e3o coletiva, greve e atividade sindical, para al\u00e9m de despedimentos e transmiss\u00e3o de estabelecimento. A UGT pretende que estas mat\u00e9rias sejam discutidas no \u00e2mbito da negocia\u00e7\u00e3o social.<\/p>\n","protected":false},"excerpt":{"rendered":"<ul>\n<li>A UGT enviou hoje a contraproposta ao pacote laboral do Governo \u00e0 ministra do Trabalho, incluindo v\u00e1rias medidas.<\/li>\n<li>Prop\u00f5e reduzir a semana de trabalho de 40 para 35 horas, reposi\u00e7\u00e3o de 25 dias de f\u00e9rias e um m\u00eas de indemniza\u00e7\u00e3o por cada ano de trabalho.<\/li>\n<li>Prop\u00f5e ainda concentrar a semana de trabalho em quatro dias para trabalhadores com filhos at\u00e9 12 anos ou para trabalhadores-estudantes.<\/li>\n<li>Pede a reposi\u00e7\u00e3o de valores do trabalho nocturno (acr\u00e9scimo de 50%) e do trabalho suplementar conforme as regras anteriores \u00e0 troika (50% na primeira hora, 75% seguintes; 100% em dias de descanso ou feriados).<\/li>\n<li>Exige, nos despedimentos, que a empresa indique os instrumentos utilizados e, nomeadamente, a utiliza\u00e7\u00e3o de algoritmos ou outras solu\u00e7\u00f5es de intelig\u00eancia artificial; mant\u00e9m as linhas vermelhas em v\u00e1rias mat\u00e9rias.<\/li>\n<\/ul>\n","protected":false},"author":2,"featured_media":197475,"comment_status":"closed","ping_status":"closed","sticky":false,"template":"","format":"standard","meta":{"footnotes":""},"categories":[1],"tags":[4024,1125,948,1164,3897,2201],"class_list":["post-197472","post","type-post","status-publish","format-standard","has-post-thumbnail","hentry","category-noticias","tag-banco-de-horas","tag-contratos","tag-despedimento","tag-greve","tag-negociacoes","tag-trabalho"],"yoast_head":"<!-- This site is optimized with the Yoast SEO plugin v27.2 - https:\/\/yoast.com\/product\/yoast-seo-wordpress\/ -->\n<title>UGT defende 35 horas, 25 dias de f\u00e9rias e indemniza\u00e7\u00e3o maior por despedimento - Portal Tela Portugal<\/title>\n<meta name=\"robots\" content=\"index, follow, max-snippet:-1, max-image-preview:large, max-video-preview:-1\" \/>\n<meta property=\"og:locale\" content=\"pt_PT\" \/>\n<meta property=\"og:type\" content=\"article\" \/>\n<meta property=\"og:title\" content=\"UGT defende 35 horas, 25 dias de f\u00e9rias e indemniza\u00e7\u00e3o maior por despedimento - Portal Tela Portugal\" \/>\n<meta property=\"og:description\" content=\"A UGT enviou hoje a contraproposta ao pacote laboral do Governo \u00e0 ministra do Trabalho, incluindo v\u00e1rias medidas. Prop\u00f5e reduzir a semana de trabalho de 40 para 35 horas, reposi\u00e7\u00e3o de 25 dias de f\u00e9rias e um m\u00eas de indemniza\u00e7\u00e3o por cada ano de trabalho. Prop\u00f5e ainda concentrar a semana de trabalho em quatro dias para trabalhadores com filhos at\u00e9 12 anos ou para trabalhadores-estudantes. Pede a reposi\u00e7\u00e3o de valores do trabalho nocturno (acr\u00e9scimo de 50%) e do trabalho suplementar conforme as regras anteriores \u00e0 troika (50% na primeira hora, 75% seguintes; 100% em dias de descanso ou feriados). Exige, nos despedimentos, que a empresa indique os instrumentos utilizados e, nomeadamente, a utiliza\u00e7\u00e3o de algoritmos ou outras solu\u00e7\u00f5es de intelig\u00eancia artificial; mant\u00e9m as linhas vermelhas em v\u00e1rias mat\u00e9rias.\" \/>\n<meta property=\"og:url\" content=\"https:\/\/portaltela.pt\/noticias\/2026\/02\/04\/ugt-defende-35-horas-25-dias-de-ferias-e-indemnizacao-maior-por-despedimento\/\" \/>\n<meta property=\"og:site_name\" content=\"Portal Tela Portugal\" \/>\n<meta property=\"article:published_time\" content=\"2026-02-04T17:24:00+00:00\" \/>\n<meta name=\"author\" content=\"Telinha\" \/>\n<meta name=\"twitter:card\" content=\"summary_large_image\" \/>\n<meta name=\"twitter:label1\" content=\"Escrito por\" \/>\n\t<meta name=\"twitter:data1\" content=\"Telinha\" \/>\n\t<meta name=\"twitter:label2\" content=\"Tempo estimado de leitura\" \/>\n\t<meta name=\"twitter:data2\" content=\"1 minuto\" \/>\n<script type=\"application\/ld+json\" class=\"yoast-schema-graph\">{\"@context\":\"https:\/\/schema.org\",\"@graph\":[{\"@type\":\"Article\",\"@id\":\"https:\/\/portaltela.pt\/noticias\/2026\/02\/04\/ugt-defende-35-horas-25-dias-de-ferias-e-indemnizacao-maior-por-despedimento\/#article\",\"isPartOf\":{\"@id\":\"https:\/\/portaltela.pt\/noticias\/2026\/02\/04\/ugt-defende-35-horas-25-dias-de-ferias-e-indemnizacao-maior-por-despedimento\/\"},\"author\":{\"name\":\"Telinha\",\"@id\":\"https:\/\/portaltela.pt\/#\/schema\/person\/c4278d4a6028830caff9ee44b42d32ed\"},\"headline\":\"UGT defende 35 horas, 25 dias de f\u00e9rias e indemniza\u00e7\u00e3o maior por despedimento\",\"datePublished\":\"2026-02-04T17:24:00+00:00\",\"mainEntityOfPage\":{\"@id\":\"https:\/\/portaltela.pt\/noticias\/2026\/02\/04\/ugt-defende-35-horas-25-dias-de-ferias-e-indemnizacao-maior-por-despedimento\/\"},\"wordCount\":289,\"image\":{\"@id\":\"https:\/\/portaltela.pt\/noticias\/2026\/02\/04\/ugt-defende-35-horas-25-dias-de-ferias-e-indemnizacao-maior-por-despedimento\/#primaryimage\"},\"thumbnailUrl\":\"https:\/\/portaltela.pt\/s.01k8rhncp4jt1\/2026\/02\/2064507.jpg\",\"keywords\":[\"banco de horas\",\"contratos\",\"despedimento\",\"greve\",\"negocia\u00e7\u00f5es\",\"trabalho\"],\"articleSection\":[\"Not\u00edcias\"],\"inLanguage\":\"pt-PT\"},{\"@type\":\"WebPage\",\"@id\":\"https:\/\/portaltela.pt\/noticias\/2026\/02\/04\/ugt-defende-35-horas-25-dias-de-ferias-e-indemnizacao-maior-por-despedimento\/\",\"url\":\"https:\/\/portaltela.pt\/noticias\/2026\/02\/04\/ugt-defende-35-horas-25-dias-de-ferias-e-indemnizacao-maior-por-despedimento\/\",\"name\":\"UGT defende 35 horas, 25 dias de f\u00e9rias e indemniza\u00e7\u00e3o maior por despedimento - Portal Tela Portugal\",\"isPartOf\":{\"@id\":\"https:\/\/portaltela.pt\/#website\"},\"primaryImageOfPage\":{\"@id\":\"https:\/\/portaltela.pt\/noticias\/2026\/02\/04\/ugt-defende-35-horas-25-dias-de-ferias-e-indemnizacao-maior-por-despedimento\/#primaryimage\"},\"image\":{\"@id\":\"https:\/\/portaltela.pt\/noticias\/2026\/02\/04\/ugt-defende-35-horas-25-dias-de-ferias-e-indemnizacao-maior-por-despedimento\/#primaryimage\"},\"thumbnailUrl\":\"https:\/\/portaltela.pt\/s.01k8rhncp4jt1\/2026\/02\/2064507.jpg\",\"datePublished\":\"2026-02-04T17:24:00+00:00\",\"author\":{\"@id\":\"https:\/\/portaltela.pt\/#\/schema\/person\/c4278d4a6028830caff9ee44b42d32ed\"},\"breadcrumb\":{\"@id\":\"https:\/\/portaltela.pt\/noticias\/2026\/02\/04\/ugt-defende-35-horas-25-dias-de-ferias-e-indemnizacao-maior-por-despedimento\/#breadcrumb\"},\"inLanguage\":\"pt-PT\",\"potentialAction\":[{\"@type\":\"ReadAction\",\"target\":[\"https:\/\/portaltela.pt\/noticias\/2026\/02\/04\/ugt-defende-35-horas-25-dias-de-ferias-e-indemnizacao-maior-por-despedimento\/\"]}]},{\"@type\":\"ImageObject\",\"inLanguage\":\"pt-PT\",\"@id\":\"https:\/\/portaltela.pt\/noticias\/2026\/02\/04\/ugt-defende-35-horas-25-dias-de-ferias-e-indemnizacao-maior-por-despedimento\/#primaryimage\",\"url\":\"https:\/\/portaltela.pt\/s.01k8rhncp4jt1\/2026\/02\/2064507.jpg\",\"contentUrl\":\"https:\/\/portaltela.pt\/s.01k8rhncp4jt1\/2026\/02\/2064507.jpg\",\"width\":796,\"height\":448,\"caption\":\"M\u00e1rio Mour\u00e3o liderou a greve geral que juntou a UGT \u00e0 CGTP a 11 de Dezembro de 2025 contra o pacote laboral do Governo\"},{\"@type\":\"BreadcrumbList\",\"@id\":\"https:\/\/portaltela.pt\/noticias\/2026\/02\/04\/ugt-defende-35-horas-25-dias-de-ferias-e-indemnizacao-maior-por-despedimento\/#breadcrumb\",\"itemListElement\":[{\"@type\":\"ListItem\",\"position\":1,\"name\":\"In\u00edcio\",\"item\":\"https:\/\/portaltela.pt\/\"},{\"@type\":\"ListItem\",\"position\":2,\"name\":\"UGT defende 35 horas, 25 dias de f\u00e9rias e indemniza\u00e7\u00e3o maior por despedimento\"}]},{\"@type\":\"WebSite\",\"@id\":\"https:\/\/portaltela.pt\/#website\",\"url\":\"https:\/\/portaltela.pt\/\",\"name\":\"Portal Tela Portugal\",\"description\":\"\",\"potentialAction\":[{\"@type\":\"SearchAction\",\"target\":{\"@type\":\"EntryPoint\",\"urlTemplate\":\"https:\/\/portaltela.pt\/?s={search_term_string}\"},\"query-input\":{\"@type\":\"PropertyValueSpecification\",\"valueRequired\":true,\"valueName\":\"search_term_string\"}}],\"inLanguage\":\"pt-PT\"},{\"@type\":\"Person\",\"@id\":\"https:\/\/portaltela.pt\/#\/schema\/person\/c4278d4a6028830caff9ee44b42d32ed\",\"name\":\"Telinha\",\"image\":{\"@type\":\"ImageObject\",\"inLanguage\":\"pt-PT\",\"@id\":\"https:\/\/portaltela.pt\/s.01k8rhncp4jt1\/2025\/11\/talking-bot-125x125.png\",\"url\":\"https:\/\/portaltela.pt\/s.01k8rhncp4jt1\/2025\/11\/talking-bot-125x125.png\",\"contentUrl\":\"https:\/\/portaltela.pt\/s.01k8rhncp4jt1\/2025\/11\/talking-bot-125x125.png\",\"caption\":\"Telinha\"},\"sameAs\":[\"https:\/\/portaltela.pt\/\"],\"url\":\"https:\/\/portaltela.pt\/por\/367410592786\/\"}]}<\/script>\n<!-- \/ Yoast SEO plugin. -->","yoast_head_json":{"title":"UGT defende 35 horas, 25 dias de f\u00e9rias e indemniza\u00e7\u00e3o maior por despedimento - Portal Tela Portugal","robots":{"index":"index","follow":"follow","max-snippet":"max-snippet:-1","max-image-preview":"max-image-preview:large","max-video-preview":"max-video-preview:-1"},"og_locale":"pt_PT","og_type":"article","og_title":"UGT defende 35 horas, 25 dias de f\u00e9rias e indemniza\u00e7\u00e3o maior por despedimento - Portal Tela Portugal","og_description":"A UGT enviou hoje a contraproposta ao pacote laboral do Governo \u00e0 ministra do Trabalho, incluindo v\u00e1rias medidas. Prop\u00f5e reduzir a semana de trabalho de 40 para 35 horas, reposi\u00e7\u00e3o de 25 dias de f\u00e9rias e um m\u00eas de indemniza\u00e7\u00e3o por cada ano de trabalho. Prop\u00f5e ainda concentrar a semana de trabalho em quatro dias para trabalhadores com filhos at\u00e9 12 anos ou para trabalhadores-estudantes. Pede a reposi\u00e7\u00e3o de valores do trabalho nocturno (acr\u00e9scimo de 50%) e do trabalho suplementar conforme as regras anteriores \u00e0 troika (50% na primeira hora, 75% seguintes; 100% em dias de descanso ou feriados). Exige, nos despedimentos, que a empresa indique os instrumentos utilizados e, nomeadamente, a utiliza\u00e7\u00e3o de algoritmos ou outras solu\u00e7\u00f5es de intelig\u00eancia artificial; mant\u00e9m as linhas vermelhas em v\u00e1rias mat\u00e9rias.","og_url":"https:\/\/portaltela.pt\/noticias\/2026\/02\/04\/ugt-defende-35-horas-25-dias-de-ferias-e-indemnizacao-maior-por-despedimento\/","og_site_name":"Portal Tela Portugal","article_published_time":"2026-02-04T17:24:00+00:00","author":"Telinha","twitter_card":"summary_large_image","twitter_misc":{"Escrito por":"Telinha","Tempo estimado de leitura":"1 minuto"},"schema":{"@context":"https:\/\/schema.org","@graph":[{"@type":"Article","@id":"https:\/\/portaltela.pt\/noticias\/2026\/02\/04\/ugt-defende-35-horas-25-dias-de-ferias-e-indemnizacao-maior-por-despedimento\/#article","isPartOf":{"@id":"https:\/\/portaltela.pt\/noticias\/2026\/02\/04\/ugt-defende-35-horas-25-dias-de-ferias-e-indemnizacao-maior-por-despedimento\/"},"author":{"name":"Telinha","@id":"https:\/\/portaltela.pt\/#\/schema\/person\/c4278d4a6028830caff9ee44b42d32ed"},"headline":"UGT defende 35 horas, 25 dias de f\u00e9rias e indemniza\u00e7\u00e3o maior por despedimento","datePublished":"2026-02-04T17:24:00+00:00","mainEntityOfPage":{"@id":"https:\/\/portaltela.pt\/noticias\/2026\/02\/04\/ugt-defende-35-horas-25-dias-de-ferias-e-indemnizacao-maior-por-despedimento\/"},"wordCount":289,"image":{"@id":"https:\/\/portaltela.pt\/noticias\/2026\/02\/04\/ugt-defende-35-horas-25-dias-de-ferias-e-indemnizacao-maior-por-despedimento\/#primaryimage"},"thumbnailUrl":"https:\/\/portaltela.pt\/s.01k8rhncp4jt1\/2026\/02\/2064507.jpg","keywords":["banco de horas","contratos","despedimento","greve","negocia\u00e7\u00f5es","trabalho"],"articleSection":["Not\u00edcias"],"inLanguage":"pt-PT"},{"@type":"WebPage","@id":"https:\/\/portaltela.pt\/noticias\/2026\/02\/04\/ugt-defende-35-horas-25-dias-de-ferias-e-indemnizacao-maior-por-despedimento\/","url":"https:\/\/portaltela.pt\/noticias\/2026\/02\/04\/ugt-defende-35-horas-25-dias-de-ferias-e-indemnizacao-maior-por-despedimento\/","name":"UGT defende 35 horas, 25 dias de f\u00e9rias e indemniza\u00e7\u00e3o maior por despedimento - Portal Tela Portugal","isPartOf":{"@id":"https:\/\/portaltela.pt\/#website"},"primaryImageOfPage":{"@id":"https:\/\/portaltela.pt\/noticias\/2026\/02\/04\/ugt-defende-35-horas-25-dias-de-ferias-e-indemnizacao-maior-por-despedimento\/#primaryimage"},"image":{"@id":"https:\/\/portaltela.pt\/noticias\/2026\/02\/04\/ugt-defende-35-horas-25-dias-de-ferias-e-indemnizacao-maior-por-despedimento\/#primaryimage"},"thumbnailUrl":"https:\/\/portaltela.pt\/s.01k8rhncp4jt1\/2026\/02\/2064507.jpg","datePublished":"2026-02-04T17:24:00+00:00","author":{"@id":"https:\/\/portaltela.pt\/#\/schema\/person\/c4278d4a6028830caff9ee44b42d32ed"},"breadcrumb":{"@id":"https:\/\/portaltela.pt\/noticias\/2026\/02\/04\/ugt-defende-35-horas-25-dias-de-ferias-e-indemnizacao-maior-por-despedimento\/#breadcrumb"},"inLanguage":"pt-PT","potentialAction":[{"@type":"ReadAction","target":["https:\/\/portaltela.pt\/noticias\/2026\/02\/04\/ugt-defende-35-horas-25-dias-de-ferias-e-indemnizacao-maior-por-despedimento\/"]}]},{"@type":"ImageObject","inLanguage":"pt-PT","@id":"https:\/\/portaltela.pt\/noticias\/2026\/02\/04\/ugt-defende-35-horas-25-dias-de-ferias-e-indemnizacao-maior-por-despedimento\/#primaryimage","url":"https:\/\/portaltela.pt\/s.01k8rhncp4jt1\/2026\/02\/2064507.jpg","contentUrl":"https:\/\/portaltela.pt\/s.01k8rhncp4jt1\/2026\/02\/2064507.jpg","width":796,"height":448,"caption":"M\u00e1rio Mour\u00e3o liderou a greve geral que juntou a UGT \u00e0 CGTP a 11 de Dezembro de 2025 contra o pacote laboral do Governo"},{"@type":"BreadcrumbList","@id":"https:\/\/portaltela.pt\/noticias\/2026\/02\/04\/ugt-defende-35-horas-25-dias-de-ferias-e-indemnizacao-maior-por-despedimento\/#breadcrumb","itemListElement":[{"@type":"ListItem","position":1,"name":"In\u00edcio","item":"https:\/\/portaltela.pt\/"},{"@type":"ListItem","position":2,"name":"UGT defende 35 horas, 25 dias de f\u00e9rias e indemniza\u00e7\u00e3o maior por despedimento"}]},{"@type":"WebSite","@id":"https:\/\/portaltela.pt\/#website","url":"https:\/\/portaltela.pt\/","name":"Portal Tela Portugal","description":"","potentialAction":[{"@type":"SearchAction","target":{"@type":"EntryPoint","urlTemplate":"https:\/\/portaltela.pt\/?s={search_term_string}"},"query-input":{"@type":"PropertyValueSpecification","valueRequired":true,"valueName":"search_term_string"}}],"inLanguage":"pt-PT"},{"@type":"Person","@id":"https:\/\/portaltela.pt\/#\/schema\/person\/c4278d4a6028830caff9ee44b42d32ed","name":"Telinha","image":{"@type":"ImageObject","inLanguage":"pt-PT","@id":"https:\/\/portaltela.pt\/s.01k8rhncp4jt1\/2025\/11\/talking-bot-125x125.png","url":"https:\/\/portaltela.pt\/s.01k8rhncp4jt1\/2025\/11\/talking-bot-125x125.png","contentUrl":"https:\/\/portaltela.pt\/s.01k8rhncp4jt1\/2025\/11\/talking-bot-125x125.png","caption":"Telinha"},"sameAs":["https:\/\/portaltela.pt\/"],"url":"https:\/\/portaltela.pt\/por\/367410592786\/"}]}},"_links":{"self":[{"href":"https:\/\/portaltela.pt\/api\/wp\/v2\/posts\/197472","targetHints":{"allow":["GET"]}}],"collection":[{"href":"https:\/\/portaltela.pt\/api\/wp\/v2\/posts"}],"about":[{"href":"https:\/\/portaltela.pt\/api\/wp\/v2\/types\/post"}],"author":[{"embeddable":true,"href":"https:\/\/portaltela.pt\/api\/wp\/v2\/users\/2"}],"replies":[{"embeddable":true,"href":"https:\/\/portaltela.pt\/api\/wp\/v2\/comments?post=197472"}],"version-history":[{"count":0,"href":"https:\/\/portaltela.pt\/api\/wp\/v2\/posts\/197472\/revisions"}],"wp:featuredmedia":[{"embeddable":true,"href":"https:\/\/portaltela.pt\/api\/wp\/v2\/media\/197475"}],"wp:attachment":[{"href":"https:\/\/portaltela.pt\/api\/wp\/v2\/media?parent=197472"}],"wp:term":[{"taxonomy":"category","embeddable":true,"href":"https:\/\/portaltela.pt\/api\/wp\/v2\/categories?post=197472"},{"taxonomy":"post_tag","embeddable":true,"href":"https:\/\/portaltela.pt\/api\/wp\/v2\/tags?post=197472"}],"curies":[{"name":"wp","href":"https:\/\/api.w.org\/{rel}","templated":true}]}}