{"id":197461,"date":"2026-02-04T14:21:00","date_gmt":"2026-02-04T17:21:00","guid":{"rendered":"https:\/\/portaltela.pt\/noticias\/2026\/02\/04\/autarca-de-alvaiazere-aponta-grave-problema-de-comunicacoes\/"},"modified":"2026-02-04T14:21:00","modified_gmt":"2026-02-04T17:21:00","slug":"autarca-de-alvaiazere-aponta-grave-problema-de-comunicacoes","status":"publish","type":"post","link":"https:\/\/portaltela.pt\/noticias\/2026\/02\/04\/autarca-de-alvaiazere-aponta-grave-problema-de-comunicacoes\/","title":{"rendered":"Autarca de Alvai\u00e1zere aponta grave problema de comunica\u00e7\u00f5es"},"content":{"rendered":"<p>O munic\u00edpio de Alvai\u00e1zere enfrenta um problema significativo de comunica\u00e7\u00f5es, segundo o autarca local. A informa\u00e7\u00e3o aponta para falhas ou fraquezas nos sistemas de comunica\u00e7\u00e3o do concelho.<\/p>\n<p>O conte\u00fado completo da declara\u00e7\u00e3o est\u00e1 dispon\u00edvel apenas para subscritores, o que limita o acesso a detalhes sobre causas, impactos e medidas previstas. N\u00e3o h\u00e1, neste momento, datas oficiais de resolu\u00e7\u00e3o.<\/p>\n<p>O autarca n\u00e3o divulgou, de momento, um cronograma para a resolu\u00e7\u00e3o das falhas nem informa\u00e7\u00f5es sobre \u00e1reas mais afetadas. Esperam-se esclarecimentos adicionais em breve, mediante divulga\u00e7\u00e3o oficial.<\/p>\n","protected":false},"excerpt":{"rendered":"<ul>\n<li>Alvai\u00e1zere \u00e9 descrito pelo autarca como tendo um problema significativo de comunica\u00e7\u00f5es.<\/li>\n<li>o conte\u00fado completo da not\u00edcia est\u00e1 dispon\u00edvel apenas para subscritores.<\/li>\n<li>neste resumo n\u00e3o h\u00e1 detalhes adicionais dispon\u00edveis no momento devido ao paywall.<\/li>\n<li>n\u00e3o foram inclu\u00eddos dados adicionais sobre causas ou impactos na localidade.<\/li>\n<li>o tema envolve a gest\u00e3o municipal de comunica\u00e7\u00f5es, conforme indicado pelo t\u00edtulo.<\/li>\n<\/ul>\n","protected":false},"author":2,"featured_media":197462,"comment_status":"closed","ping_status":"closed","sticky":false,"template":"","format":"standard","meta":{"footnotes":""},"categories":[1],"tags":[168,4941,3057,703,2607,2206],"class_list":["post-197461","post","type-post","status-publish","format-standard","has-post-thumbnail","hentry","category-noticias","tag-administracao-publica","tag-alvaiazere","tag-autarcas","tag-camara","tag-comunicacao","tag-comunicacoes"],"yoast_head":"<!-- This site is optimized with the Yoast SEO plugin v27.2 - https:\/\/yoast.com\/product\/yoast-seo-wordpress\/ -->\n<title>Autarca de Alvai\u00e1zere aponta grave problema de comunica\u00e7\u00f5es - Portal Tela Portugal<\/title>\n<meta name=\"robots\" content=\"index, follow, max-snippet:-1, max-image-preview:large, max-video-preview:-1\" \/>\n<meta property=\"og:locale\" content=\"pt_PT\" \/>\n<meta property=\"og:type\" content=\"article\" \/>\n<meta property=\"og:title\" content=\"Autarca de Alvai\u00e1zere aponta grave problema de comunica\u00e7\u00f5es - Portal Tela Portugal\" \/>\n<meta property=\"og:description\" content=\"Alvai\u00e1zere \u00e9 descrito pelo autarca como tendo um problema significativo de comunica\u00e7\u00f5es. o conte\u00fado completo da not\u00edcia est\u00e1 dispon\u00edvel apenas para subscritores. neste resumo n\u00e3o h\u00e1 detalhes adicionais dispon\u00edveis no momento devido ao paywall. n\u00e3o foram inclu\u00eddos dados adicionais sobre causas ou impactos na localidade. o tema envolve a gest\u00e3o municipal de comunica\u00e7\u00f5es, conforme indicado pelo t\u00edtulo.\" \/>\n<meta property=\"og:url\" content=\"https:\/\/portaltela.pt\/noticias\/2026\/02\/04\/autarca-de-alvaiazere-aponta-grave-problema-de-comunicacoes\/\" \/>\n<meta property=\"og:site_name\" content=\"Portal Tela Portugal\" \/>\n<meta property=\"article:published_time\" content=\"2026-02-04T17:21:00+00:00\" \/>\n<meta name=\"author\" content=\"Telinha\" \/>\n<meta name=\"twitter:card\" content=\"summary_large_image\" \/>\n<meta name=\"twitter:label1\" content=\"Escrito por\" \/>\n\t<meta name=\"twitter:data1\" content=\"Telinha\" \/>\n<script type=\"application\/ld+json\" class=\"yoast-schema-graph\">{\"@context\":\"https:\/\/schema.org\",\"@graph\":[{\"@type\":\"Article\",\"@id\":\"https:\/\/portaltela.pt\/noticias\/2026\/02\/04\/autarca-de-alvaiazere-aponta-grave-problema-de-comunicacoes\/#article\",\"isPartOf\":{\"@id\":\"https:\/\/portaltela.pt\/noticias\/2026\/02\/04\/autarca-de-alvaiazere-aponta-grave-problema-de-comunicacoes\/\"},\"author\":{\"name\":\"Telinha\",\"@id\":\"https:\/\/portaltela.pt\/#\/schema\/person\/c4278d4a6028830caff9ee44b42d32ed\"},\"headline\":\"Autarca de Alvai\u00e1zere aponta grave problema de comunica\u00e7\u00f5es\",\"datePublished\":\"2026-02-04T17:21:00+00:00\",\"mainEntityOfPage\":{\"@id\":\"https:\/\/portaltela.pt\/noticias\/2026\/02\/04\/autarca-de-alvaiazere-aponta-grave-problema-de-comunicacoes\/\"},\"wordCount\":109,\"image\":{\"@id\":\"https:\/\/portaltela.pt\/noticias\/2026\/02\/04\/autarca-de-alvaiazere-aponta-grave-problema-de-comunicacoes\/#primaryimage\"},\"thumbnailUrl\":\"https:\/\/portaltela.pt\/s.01k8rhncp4jt1\/2026\/02\/CACHE_780X1200_ANALOG_WATERMARKED_46481935_6391344_03022026030249-1.jpg\",\"keywords\":[\"administra\u00e7\u00e3o p\u00fablica\",\"Alvai\u00e1zere\",\"autarcas\",\"c\u00e2mara\",\"comunica\u00e7\u00e3o\",\"comunica\u00e7\u00f5es\"],\"articleSection\":[\"Not\u00edcias\"],\"inLanguage\":\"pt-PT\"},{\"@type\":\"WebPage\",\"@id\":\"https:\/\/portaltela.pt\/noticias\/2026\/02\/04\/autarca-de-alvaiazere-aponta-grave-problema-de-comunicacoes\/\",\"url\":\"https:\/\/portaltela.pt\/noticias\/2026\/02\/04\/autarca-de-alvaiazere-aponta-grave-problema-de-comunicacoes\/\",\"name\":\"Autarca de Alvai\u00e1zere aponta grave problema de comunica\u00e7\u00f5es - Portal Tela Portugal\",\"isPartOf\":{\"@id\":\"https:\/\/portaltela.pt\/#website\"},\"primaryImageOfPage\":{\"@id\":\"https:\/\/portaltela.pt\/noticias\/2026\/02\/04\/autarca-de-alvaiazere-aponta-grave-problema-de-comunicacoes\/#primaryimage\"},\"image\":{\"@id\":\"https:\/\/portaltela.pt\/noticias\/2026\/02\/04\/autarca-de-alvaiazere-aponta-grave-problema-de-comunicacoes\/#primaryimage\"},\"thumbnailUrl\":\"https:\/\/portaltela.pt\/s.01k8rhncp4jt1\/2026\/02\/CACHE_780X1200_ANALOG_WATERMARKED_46481935_6391344_03022026030249-1.jpg\",\"datePublished\":\"2026-02-04T17:21:00+00:00\",\"author\":{\"@id\":\"https:\/\/portaltela.pt\/#\/schema\/person\/c4278d4a6028830caff9ee44b42d32ed\"},\"breadcrumb\":{\"@id\":\"https:\/\/portaltela.pt\/noticias\/2026\/02\/04\/autarca-de-alvaiazere-aponta-grave-problema-de-comunicacoes\/#breadcrumb\"},\"inLanguage\":\"pt-PT\",\"potentialAction\":[{\"@type\":\"ReadAction\",\"target\":[\"https:\/\/portaltela.pt\/noticias\/2026\/02\/04\/autarca-de-alvaiazere-aponta-grave-problema-de-comunicacoes\/\"]}]},{\"@type\":\"ImageObject\",\"inLanguage\":\"pt-PT\",\"@id\":\"https:\/\/portaltela.pt\/noticias\/2026\/02\/04\/autarca-de-alvaiazere-aponta-grave-problema-de-comunicacoes\/#primaryimage\",\"url\":\"https:\/\/portaltela.pt\/s.01k8rhncp4jt1\/2026\/02\/CACHE_780X1200_ANALOG_WATERMARKED_46481935_6391344_03022026030249-1.jpg\",\"contentUrl\":\"https:\/\/portaltela.pt\/s.01k8rhncp4jt1\/2026\/02\/CACHE_780X1200_ANALOG_WATERMARKED_46481935_6391344_03022026030249-1.jpg\",\"width\":768,\"height\":512,\"caption\":\"Alvai\u00e1zere com \u201cproblema significativo de comunica\u00e7\u00f5es\u201d - autarca\"},{\"@type\":\"BreadcrumbList\",\"@id\":\"https:\/\/portaltela.pt\/noticias\/2026\/02\/04\/autarca-de-alvaiazere-aponta-grave-problema-de-comunicacoes\/#breadcrumb\",\"itemListElement\":[{\"@type\":\"ListItem\",\"position\":1,\"name\":\"In\u00edcio\",\"item\":\"https:\/\/portaltela.pt\/\"},{\"@type\":\"ListItem\",\"position\":2,\"name\":\"Autarca de Alvai\u00e1zere aponta grave problema de comunica\u00e7\u00f5es\"}]},{\"@type\":\"WebSite\",\"@id\":\"https:\/\/portaltela.pt\/#website\",\"url\":\"https:\/\/portaltela.pt\/\",\"name\":\"Portal Tela Portugal\",\"description\":\"\",\"potentialAction\":[{\"@type\":\"SearchAction\",\"target\":{\"@type\":\"EntryPoint\",\"urlTemplate\":\"https:\/\/portaltela.pt\/?s={search_term_string}\"},\"query-input\":{\"@type\":\"PropertyValueSpecification\",\"valueRequired\":true,\"valueName\":\"search_term_string\"}}],\"inLanguage\":\"pt-PT\"},{\"@type\":\"Person\",\"@id\":\"https:\/\/portaltela.pt\/#\/schema\/person\/c4278d4a6028830caff9ee44b42d32ed\",\"name\":\"Telinha\",\"image\":{\"@type\":\"ImageObject\",\"inLanguage\":\"pt-PT\",\"@id\":\"https:\/\/portaltela.pt\/s.01k8rhncp4jt1\/2025\/11\/talking-bot-125x125.png\",\"url\":\"https:\/\/portaltela.pt\/s.01k8rhncp4jt1\/2025\/11\/talking-bot-125x125.png\",\"contentUrl\":\"https:\/\/portaltela.pt\/s.01k8rhncp4jt1\/2025\/11\/talking-bot-125x125.png\",\"caption\":\"Telinha\"},\"sameAs\":[\"https:\/\/portaltela.pt\/\"],\"url\":\"https:\/\/portaltela.pt\/por\/367410592786\/\"}]}<\/script>\n<!-- \/ Yoast SEO plugin. -->","yoast_head_json":{"title":"Autarca de Alvai\u00e1zere aponta grave problema de comunica\u00e7\u00f5es - Portal Tela Portugal","robots":{"index":"index","follow":"follow","max-snippet":"max-snippet:-1","max-image-preview":"max-image-preview:large","max-video-preview":"max-video-preview:-1"},"og_locale":"pt_PT","og_type":"article","og_title":"Autarca de Alvai\u00e1zere aponta grave problema de comunica\u00e7\u00f5es - Portal Tela Portugal","og_description":"Alvai\u00e1zere \u00e9 descrito pelo autarca como tendo um problema significativo de comunica\u00e7\u00f5es. o conte\u00fado completo da not\u00edcia est\u00e1 dispon\u00edvel apenas para subscritores. neste resumo n\u00e3o h\u00e1 detalhes adicionais dispon\u00edveis no momento devido ao paywall. n\u00e3o foram inclu\u00eddos dados adicionais sobre causas ou impactos na localidade. o tema envolve a gest\u00e3o municipal de comunica\u00e7\u00f5es, conforme indicado pelo t\u00edtulo.","og_url":"https:\/\/portaltela.pt\/noticias\/2026\/02\/04\/autarca-de-alvaiazere-aponta-grave-problema-de-comunicacoes\/","og_site_name":"Portal Tela Portugal","article_published_time":"2026-02-04T17:21:00+00:00","author":"Telinha","twitter_card":"summary_large_image","twitter_misc":{"Escrito por":"Telinha"},"schema":{"@context":"https:\/\/schema.org","@graph":[{"@type":"Article","@id":"https:\/\/portaltela.pt\/noticias\/2026\/02\/04\/autarca-de-alvaiazere-aponta-grave-problema-de-comunicacoes\/#article","isPartOf":{"@id":"https:\/\/portaltela.pt\/noticias\/2026\/02\/04\/autarca-de-alvaiazere-aponta-grave-problema-de-comunicacoes\/"},"author":{"name":"Telinha","@id":"https:\/\/portaltela.pt\/#\/schema\/person\/c4278d4a6028830caff9ee44b42d32ed"},"headline":"Autarca de Alvai\u00e1zere aponta grave problema de comunica\u00e7\u00f5es","datePublished":"2026-02-04T17:21:00+00:00","mainEntityOfPage":{"@id":"https:\/\/portaltela.pt\/noticias\/2026\/02\/04\/autarca-de-alvaiazere-aponta-grave-problema-de-comunicacoes\/"},"wordCount":109,"image":{"@id":"https:\/\/portaltela.pt\/noticias\/2026\/02\/04\/autarca-de-alvaiazere-aponta-grave-problema-de-comunicacoes\/#primaryimage"},"thumbnailUrl":"https:\/\/portaltela.pt\/s.01k8rhncp4jt1\/2026\/02\/CACHE_780X1200_ANALOG_WATERMARKED_46481935_6391344_03022026030249-1.jpg","keywords":["administra\u00e7\u00e3o p\u00fablica","Alvai\u00e1zere","autarcas","c\u00e2mara","comunica\u00e7\u00e3o","comunica\u00e7\u00f5es"],"articleSection":["Not\u00edcias"],"inLanguage":"pt-PT"},{"@type":"WebPage","@id":"https:\/\/portaltela.pt\/noticias\/2026\/02\/04\/autarca-de-alvaiazere-aponta-grave-problema-de-comunicacoes\/","url":"https:\/\/portaltela.pt\/noticias\/2026\/02\/04\/autarca-de-alvaiazere-aponta-grave-problema-de-comunicacoes\/","name":"Autarca de Alvai\u00e1zere aponta grave problema de comunica\u00e7\u00f5es - Portal Tela Portugal","isPartOf":{"@id":"https:\/\/portaltela.pt\/#website"},"primaryImageOfPage":{"@id":"https:\/\/portaltela.pt\/noticias\/2026\/02\/04\/autarca-de-alvaiazere-aponta-grave-problema-de-comunicacoes\/#primaryimage"},"image":{"@id":"https:\/\/portaltela.pt\/noticias\/2026\/02\/04\/autarca-de-alvaiazere-aponta-grave-problema-de-comunicacoes\/#primaryimage"},"thumbnailUrl":"https:\/\/portaltela.pt\/s.01k8rhncp4jt1\/2026\/02\/CACHE_780X1200_ANALOG_WATERMARKED_46481935_6391344_03022026030249-1.jpg","datePublished":"2026-02-04T17:21:00+00:00","author":{"@id":"https:\/\/portaltela.pt\/#\/schema\/person\/c4278d4a6028830caff9ee44b42d32ed"},"breadcrumb":{"@id":"https:\/\/portaltela.pt\/noticias\/2026\/02\/04\/autarca-de-alvaiazere-aponta-grave-problema-de-comunicacoes\/#breadcrumb"},"inLanguage":"pt-PT","potentialAction":[{"@type":"ReadAction","target":["https:\/\/portaltela.pt\/noticias\/2026\/02\/04\/autarca-de-alvaiazere-aponta-grave-problema-de-comunicacoes\/"]}]},{"@type":"ImageObject","inLanguage":"pt-PT","@id":"https:\/\/portaltela.pt\/noticias\/2026\/02\/04\/autarca-de-alvaiazere-aponta-grave-problema-de-comunicacoes\/#primaryimage","url":"https:\/\/portaltela.pt\/s.01k8rhncp4jt1\/2026\/02\/CACHE_780X1200_ANALOG_WATERMARKED_46481935_6391344_03022026030249-1.jpg","contentUrl":"https:\/\/portaltela.pt\/s.01k8rhncp4jt1\/2026\/02\/CACHE_780X1200_ANALOG_WATERMARKED_46481935_6391344_03022026030249-1.jpg","width":768,"height":512,"caption":"Alvai\u00e1zere com \u201cproblema significativo de comunica\u00e7\u00f5es\u201d - autarca"},{"@type":"BreadcrumbList","@id":"https:\/\/portaltela.pt\/noticias\/2026\/02\/04\/autarca-de-alvaiazere-aponta-grave-problema-de-comunicacoes\/#breadcrumb","itemListElement":[{"@type":"ListItem","position":1,"name":"In\u00edcio","item":"https:\/\/portaltela.pt\/"},{"@type":"ListItem","position":2,"name":"Autarca de Alvai\u00e1zere aponta grave problema de comunica\u00e7\u00f5es"}]},{"@type":"WebSite","@id":"https:\/\/portaltela.pt\/#website","url":"https:\/\/portaltela.pt\/","name":"Portal Tela Portugal","description":"","potentialAction":[{"@type":"SearchAction","target":{"@type":"EntryPoint","urlTemplate":"https:\/\/portaltela.pt\/?s={search_term_string}"},"query-input":{"@type":"PropertyValueSpecification","valueRequired":true,"valueName":"search_term_string"}}],"inLanguage":"pt-PT"},{"@type":"Person","@id":"https:\/\/portaltela.pt\/#\/schema\/person\/c4278d4a6028830caff9ee44b42d32ed","name":"Telinha","image":{"@type":"ImageObject","inLanguage":"pt-PT","@id":"https:\/\/portaltela.pt\/s.01k8rhncp4jt1\/2025\/11\/talking-bot-125x125.png","url":"https:\/\/portaltela.pt\/s.01k8rhncp4jt1\/2025\/11\/talking-bot-125x125.png","contentUrl":"https:\/\/portaltela.pt\/s.01k8rhncp4jt1\/2025\/11\/talking-bot-125x125.png","caption":"Telinha"},"sameAs":["https:\/\/portaltela.pt\/"],"url":"https:\/\/portaltela.pt\/por\/367410592786\/"}]}},"_links":{"self":[{"href":"https:\/\/portaltela.pt\/api\/wp\/v2\/posts\/197461","targetHints":{"allow":["GET"]}}],"collection":[{"href":"https:\/\/portaltela.pt\/api\/wp\/v2\/posts"}],"about":[{"href":"https:\/\/portaltela.pt\/api\/wp\/v2\/types\/post"}],"author":[{"embeddable":true,"href":"https:\/\/portaltela.pt\/api\/wp\/v2\/users\/2"}],"replies":[{"embeddable":true,"href":"https:\/\/portaltela.pt\/api\/wp\/v2\/comments?post=197461"}],"version-history":[{"count":0,"href":"https:\/\/portaltela.pt\/api\/wp\/v2\/posts\/197461\/revisions"}],"wp:featuredmedia":[{"embeddable":true,"href":"https:\/\/portaltela.pt\/api\/wp\/v2\/media\/197462"}],"wp:attachment":[{"href":"https:\/\/portaltela.pt\/api\/wp\/v2\/media?parent=197461"}],"wp:term":[{"taxonomy":"category","embeddable":true,"href":"https:\/\/portaltela.pt\/api\/wp\/v2\/categories?post=197461"},{"taxonomy":"post_tag","embeddable":true,"href":"https:\/\/portaltela.pt\/api\/wp\/v2\/tags?post=197461"}],"curies":[{"name":"wp","href":"https:\/\/api.w.org\/{rel}","templated":true}]}}