{"id":197436,"date":"2026-02-04T13:57:57","date_gmt":"2026-02-04T16:57:57","guid":{"rendered":"https:\/\/portaltela.pt\/noticias\/2026\/02\/04\/autarca-de-leiria-diz-que-pais-parece-de-faz-de-conta\/"},"modified":"2026-02-04T13:57:57","modified_gmt":"2026-02-04T16:57:57","slug":"autarca-de-leiria-diz-que-pais-parece-de-faz-de-conta","status":"publish","type":"post","link":"https:\/\/portaltela.pt\/noticias\/politica\/2026\/02\/04\/autarca-de-leiria-diz-que-pais-parece-de-faz-de-conta\/","title":{"rendered":"Autarca de Leiria diz que pa\u00eds parece de faz de conta"},"content":{"rendered":"<p>O presidente da C\u00e2mara de Leiria, Gon\u00e7alo Lopes, afirmou que a percep\u00e7\u00e3o \u00e9 de que se vive num \u201cpa\u00eds de faz de conta\u201d devido \u00e0 pouca comunica\u00e7\u00e3o sobre a recupera\u00e7\u00e3o. O autarca criticou a falta de clareza dos dados dispon\u00edveis.<\/p>\n<p>Falando aos Bombeiros Sapadores de Leiria, onde funciona o centro de opera\u00e7\u00f5es, o autarca disse que o processo de reconstru\u00e7\u00e3o deve ser mais transparente e que o fornecimento de informa\u00e7\u00e3o precisa de melhoria constante.<\/p>\n<p>Questionado se a cr\u00edtica se dirige ao Governo, Lopes afirmou que \u00e9 grave n\u00e3o haver uma comunica\u00e7\u00e3o cred\u00edvel sobre a evolu\u00e7\u00e3o das repara\u00e7\u00f5es na rede. Pediu escrut\u00ednio tamb\u00e9m para as entidades nacionais respons\u00e1veis.<\/p>\n<p>A  depress\u00e3o Kristin causou avarias significativas no concelho. Lopes revelou que ainda n\u00e3o h\u00e1 resposta concreta em termos de prazos ou meios para as obras de recupera\u00e7\u00e3o. Parte da energia e da \u00e1gua permanece condicionada.<\/p>\n<p>Segundo o presidente, as empresas que asseguram servi\u00e7os p\u00fablicos est\u00e3o a envidar esfor\u00e7os, mas \u00e9 necess\u00e1rio que haja presta\u00e7\u00e3o de contas sobre as a\u00e7\u00f5es e os recursos usados. A transpar\u00eancia \u00e9 essencial para ganhar confian\u00e7a.<\/p>\n<p>O autarca admitiu n\u00e3o ter conhecimento de eventual presen\u00e7a da ministra do Ambiente e Energia, Maria da Gra\u00e7a Carvalho, em Leiria para acompanhar as obras. A visita pode ter acontecido sem aviso, disse.<\/p>\n<p>Dez pessoas morreram desde o in\u00edcio do mau tempo. Cinco mortes est\u00e3o diretamente associadas \u00e0 depress\u00e3o Kristin. A C\u00e2mara da Marinha Grande confirmou mais uma v\u00edtima, somando-se a quatro \u00f3bitos por quedas de telhados ou por intoxica\u00e7\u00e3o com gerador.<\/p>\n<p>Entre os estragos, destacam-se destrui\u00e7\u00e3o de habita\u00e7\u00f5es, quedas de \u00e1rvores, condicionamentos de vias, interrup\u00e7\u00e3o de transportes e cortes de energia, \u00e1gua e comunica\u00e7\u00f5es. Distritos de Leiria, Coimbra e Santar\u00e9m foram os mais afetados.<\/p>\n<p>O Governo declarou situa\u00e7\u00e3o de calamidade at\u00e9 domingo para 68 concelhos e anunciou um pacote de apoio de at\u00e9 2,5 mil milh\u00f5es de euros, para enfrentar danos e facilitar reconstru\u00e7\u00e3o.<\/p>\n","protected":false},"excerpt":{"rendered":"<ul>\n<li>O presidente da C\u00e2mara de Leiria, Gon\u00e7alo Lopes, afirmou que parece \u201cum pa\u00eds de faz de conta\u201d pela falta de comunica\u00e7\u00e3o sobre as repara\u00e7\u00f5es da rede ap\u00f3s a depress\u00e3o Kristin, defendendo mais transpar\u00eancia.<\/li>\n<li>Lopes pediu que quem gere as redes p\u00fablicas de \u00e1gua e energia preste contas e que haja comunica\u00e7\u00e3o cred\u00edvel sobre a evolu\u00e7\u00e3o das obras.<\/li>\n<li>Para j\u00e1, segundo o autarca, a transpar\u00eancia passa por indicar o que est\u00e1 a ser feito, os meios dispon\u00edveis e os progressos di\u00e1rios, de forma a criar confian\u00e7a.<\/li>\n<li>O munic\u00edpio instalou o centro de opera\u00e7\u00f5es nos Bombeiros Sapadores de Leiria para coordenar a recupera\u00e7\u00e3o; o autarca disse n\u00e3o ter conhecimento da presen\u00e7a da ministra do Ambiente e Energia, Maria da Gra\u00e7a Carvalho, na cidade.<\/li>\n<li>O mau tempo deixou dez mortos, com cinco v\u00edtimas diretamente associadas \u00e0 depress\u00e3o Kristin, mais uma na Marinha Grande e quatro por quedas de telhados ou intoxica\u00e7\u00e3o por gerador; h\u00e1 danos profundos em Leiria, Coimbra e Santar\u00e9m, e o Governo declarou calamidade at\u00e9 domingo para 68 concelhos, com apoio de at\u00e9 2,5 mil milh\u00f5es de euros.<\/li>\n<\/ul>\n","protected":false},"author":2,"featured_media":197444,"comment_status":"closed","ping_status":"closed","sticky":false,"template":"","format":"standard","meta":{"footnotes":""},"categories":[1,5],"tags":[1503,4729,5365,34,1385,332],"class_list":["post-197436","post","type-post","status-publish","format-standard","has-post-thumbnail","hentry","category-noticias","category-politica","tag-abastecimento-de-agua","tag-abastecimento-de-energia","tag-acalamidade-publica","tag-governo","tag-leiria","tag-transparencia"],"yoast_head":"<!-- This site is optimized with the Yoast SEO plugin v27.2 - https:\/\/yoast.com\/product\/yoast-seo-wordpress\/ -->\n<title>Autarca de Leiria diz que pa\u00eds parece de faz de conta - Portal Tela Portugal<\/title>\n<meta name=\"robots\" content=\"index, follow, max-snippet:-1, max-image-preview:large, max-video-preview:-1\" \/>\n<meta property=\"og:locale\" content=\"pt_PT\" \/>\n<meta property=\"og:type\" content=\"article\" \/>\n<meta property=\"og:title\" content=\"Autarca de Leiria diz que pa\u00eds parece de faz de conta - Portal Tela Portugal\" \/>\n<meta property=\"og:description\" content=\"O presidente da C\u00e2mara de Leiria, Gon\u00e7alo Lopes, afirmou que parece \u201cum pa\u00eds de faz de conta\u201d pela falta de comunica\u00e7\u00e3o sobre as repara\u00e7\u00f5es da rede ap\u00f3s a depress\u00e3o Kristin, defendendo mais transpar\u00eancia. Lopes pediu que quem gere as redes p\u00fablicas de \u00e1gua e energia preste contas e que haja comunica\u00e7\u00e3o cred\u00edvel sobre a evolu\u00e7\u00e3o das obras. Para j\u00e1, segundo o autarca, a transpar\u00eancia passa por indicar o que est\u00e1 a ser feito, os meios dispon\u00edveis e os progressos di\u00e1rios, de forma a criar confian\u00e7a. O munic\u00edpio instalou o centro de opera\u00e7\u00f5es nos Bombeiros Sapadores de Leiria para coordenar a recupera\u00e7\u00e3o; o autarca disse n\u00e3o ter conhecimento da presen\u00e7a da ministra do Ambiente e Energia, Maria da Gra\u00e7a Carvalho, na cidade. O mau tempo deixou dez mortos, com cinco v\u00edtimas diretamente associadas \u00e0 depress\u00e3o Kristin, mais uma na Marinha Grande e quatro por quedas de telhados ou intoxica\u00e7\u00e3o por gerador; h\u00e1 danos profundos em Leiria, Coimbra e Santar\u00e9m, e o Governo declarou calamidade at\u00e9 domingo para 68 concelhos, com apoio de at\u00e9 2,5 mil milh\u00f5es de euros.\" \/>\n<meta property=\"og:url\" content=\"https:\/\/portaltela.pt\/noticias\/2026\/02\/04\/autarca-de-leiria-diz-que-pais-parece-de-faz-de-conta\/\" \/>\n<meta property=\"og:site_name\" content=\"Portal Tela Portugal\" \/>\n<meta property=\"article:published_time\" content=\"2026-02-04T16:57:57+00:00\" \/>\n<meta name=\"author\" content=\"Telinha\" \/>\n<meta name=\"twitter:card\" content=\"summary_large_image\" \/>\n<meta name=\"twitter:label1\" content=\"Escrito por\" \/>\n\t<meta name=\"twitter:data1\" content=\"Telinha\" \/>\n\t<meta name=\"twitter:label2\" content=\"Tempo estimado de leitura\" \/>\n\t<meta name=\"twitter:data2\" content=\"2 minutos\" \/>\n<script type=\"application\/ld+json\" class=\"yoast-schema-graph\">{\"@context\":\"https:\/\/schema.org\",\"@graph\":[{\"@type\":\"Article\",\"@id\":\"https:\/\/portaltela.pt\/noticias\/2026\/02\/04\/autarca-de-leiria-diz-que-pais-parece-de-faz-de-conta\/#article\",\"isPartOf\":{\"@id\":\"https:\/\/portaltela.pt\/noticias\/2026\/02\/04\/autarca-de-leiria-diz-que-pais-parece-de-faz-de-conta\/\"},\"author\":{\"name\":\"Telinha\",\"@id\":\"https:\/\/portaltela.pt\/#\/schema\/person\/c4278d4a6028830caff9ee44b42d32ed\"},\"headline\":\"Autarca de Leiria diz que pa\u00eds parece de faz de conta\",\"datePublished\":\"2026-02-04T16:57:57+00:00\",\"mainEntityOfPage\":{\"@id\":\"https:\/\/portaltela.pt\/noticias\/2026\/02\/04\/autarca-de-leiria-diz-que-pais-parece-de-faz-de-conta\/\"},\"wordCount\":364,\"image\":{\"@id\":\"https:\/\/portaltela.pt\/noticias\/2026\/02\/04\/autarca-de-leiria-diz-que-pais-parece-de-faz-de-conta\/#primaryimage\"},\"thumbnailUrl\":\"https:\/\/portaltela.pt\/s.01k8rhncp4jt1\/2026\/02\/46462469-1.jpg\",\"keywords\":[\"abastecimento de \u00e1gua\",\"abastecimento de energia\",\"Acalamidade p\u00fablica\",\"governo\",\"Leiria\",\"transpar\u00eancia\"],\"articleSection\":[\"Not\u00edcias\",\"Pol\u00edtica\"],\"inLanguage\":\"pt-PT\"},{\"@type\":\"WebPage\",\"@id\":\"https:\/\/portaltela.pt\/noticias\/2026\/02\/04\/autarca-de-leiria-diz-que-pais-parece-de-faz-de-conta\/\",\"url\":\"https:\/\/portaltela.pt\/noticias\/2026\/02\/04\/autarca-de-leiria-diz-que-pais-parece-de-faz-de-conta\/\",\"name\":\"Autarca de Leiria diz que pa\u00eds parece de faz de conta - Portal Tela Portugal\",\"isPartOf\":{\"@id\":\"https:\/\/portaltela.pt\/#website\"},\"primaryImageOfPage\":{\"@id\":\"https:\/\/portaltela.pt\/noticias\/2026\/02\/04\/autarca-de-leiria-diz-que-pais-parece-de-faz-de-conta\/#primaryimage\"},\"image\":{\"@id\":\"https:\/\/portaltela.pt\/noticias\/2026\/02\/04\/autarca-de-leiria-diz-que-pais-parece-de-faz-de-conta\/#primaryimage\"},\"thumbnailUrl\":\"https:\/\/portaltela.pt\/s.01k8rhncp4jt1\/2026\/02\/46462469-1.jpg\",\"datePublished\":\"2026-02-04T16:57:57+00:00\",\"author\":{\"@id\":\"https:\/\/portaltela.pt\/#\/schema\/person\/c4278d4a6028830caff9ee44b42d32ed\"},\"breadcrumb\":{\"@id\":\"https:\/\/portaltela.pt\/noticias\/2026\/02\/04\/autarca-de-leiria-diz-que-pais-parece-de-faz-de-conta\/#breadcrumb\"},\"inLanguage\":\"pt-PT\",\"potentialAction\":[{\"@type\":\"ReadAction\",\"target\":[\"https:\/\/portaltela.pt\/noticias\/2026\/02\/04\/autarca-de-leiria-diz-que-pais-parece-de-faz-de-conta\/\"]}]},{\"@type\":\"ImageObject\",\"inLanguage\":\"pt-PT\",\"@id\":\"https:\/\/portaltela.pt\/noticias\/2026\/02\/04\/autarca-de-leiria-diz-que-pais-parece-de-faz-de-conta\/#primaryimage\",\"url\":\"https:\/\/portaltela.pt\/s.01k8rhncp4jt1\/2026\/02\/46462469-1.jpg\",\"contentUrl\":\"https:\/\/portaltela.pt\/s.01k8rhncp4jt1\/2026\/02\/46462469-1.jpg\",\"width\":796,\"height\":448,\"caption\":\"Gon\u00e7alo Lopes refor\u00e7ou a necessidade de aumentar o n\u00famero de pessoas no terreno\"},{\"@type\":\"BreadcrumbList\",\"@id\":\"https:\/\/portaltela.pt\/noticias\/2026\/02\/04\/autarca-de-leiria-diz-que-pais-parece-de-faz-de-conta\/#breadcrumb\",\"itemListElement\":[{\"@type\":\"ListItem\",\"position\":1,\"name\":\"In\u00edcio\",\"item\":\"https:\/\/portaltela.pt\/\"},{\"@type\":\"ListItem\",\"position\":2,\"name\":\"Autarca de Leiria diz que pa\u00eds parece de faz de conta\"}]},{\"@type\":\"WebSite\",\"@id\":\"https:\/\/portaltela.pt\/#website\",\"url\":\"https:\/\/portaltela.pt\/\",\"name\":\"Portal Tela Portugal\",\"description\":\"\",\"potentialAction\":[{\"@type\":\"SearchAction\",\"target\":{\"@type\":\"EntryPoint\",\"urlTemplate\":\"https:\/\/portaltela.pt\/?s={search_term_string}\"},\"query-input\":{\"@type\":\"PropertyValueSpecification\",\"valueRequired\":true,\"valueName\":\"search_term_string\"}}],\"inLanguage\":\"pt-PT\"},{\"@type\":\"Person\",\"@id\":\"https:\/\/portaltela.pt\/#\/schema\/person\/c4278d4a6028830caff9ee44b42d32ed\",\"name\":\"Telinha\",\"image\":{\"@type\":\"ImageObject\",\"inLanguage\":\"pt-PT\",\"@id\":\"https:\/\/portaltela.pt\/s.01k8rhncp4jt1\/2025\/11\/talking-bot-125x125.png\",\"url\":\"https:\/\/portaltela.pt\/s.01k8rhncp4jt1\/2025\/11\/talking-bot-125x125.png\",\"contentUrl\":\"https:\/\/portaltela.pt\/s.01k8rhncp4jt1\/2025\/11\/talking-bot-125x125.png\",\"caption\":\"Telinha\"},\"sameAs\":[\"https:\/\/portaltela.pt\/\"],\"url\":\"https:\/\/portaltela.pt\/por\/367410592786\/\"}]}<\/script>\n<!-- \/ Yoast SEO plugin. -->","yoast_head_json":{"title":"Autarca de Leiria diz que pa\u00eds parece de faz de conta - Portal Tela Portugal","robots":{"index":"index","follow":"follow","max-snippet":"max-snippet:-1","max-image-preview":"max-image-preview:large","max-video-preview":"max-video-preview:-1"},"og_locale":"pt_PT","og_type":"article","og_title":"Autarca de Leiria diz que pa\u00eds parece de faz de conta - Portal Tela Portugal","og_description":"O presidente da C\u00e2mara de Leiria, Gon\u00e7alo Lopes, afirmou que parece \u201cum pa\u00eds de faz de conta\u201d pela falta de comunica\u00e7\u00e3o sobre as repara\u00e7\u00f5es da rede ap\u00f3s a depress\u00e3o Kristin, defendendo mais transpar\u00eancia. Lopes pediu que quem gere as redes p\u00fablicas de \u00e1gua e energia preste contas e que haja comunica\u00e7\u00e3o cred\u00edvel sobre a evolu\u00e7\u00e3o das obras. Para j\u00e1, segundo o autarca, a transpar\u00eancia passa por indicar o que est\u00e1 a ser feito, os meios dispon\u00edveis e os progressos di\u00e1rios, de forma a criar confian\u00e7a. O munic\u00edpio instalou o centro de opera\u00e7\u00f5es nos Bombeiros Sapadores de Leiria para coordenar a recupera\u00e7\u00e3o; o autarca disse n\u00e3o ter conhecimento da presen\u00e7a da ministra do Ambiente e Energia, Maria da Gra\u00e7a Carvalho, na cidade. O mau tempo deixou dez mortos, com cinco v\u00edtimas diretamente associadas \u00e0 depress\u00e3o Kristin, mais uma na Marinha Grande e quatro por quedas de telhados ou intoxica\u00e7\u00e3o por gerador; h\u00e1 danos profundos em Leiria, Coimbra e Santar\u00e9m, e o Governo declarou calamidade at\u00e9 domingo para 68 concelhos, com apoio de at\u00e9 2,5 mil milh\u00f5es de euros.","og_url":"https:\/\/portaltela.pt\/noticias\/2026\/02\/04\/autarca-de-leiria-diz-que-pais-parece-de-faz-de-conta\/","og_site_name":"Portal Tela Portugal","article_published_time":"2026-02-04T16:57:57+00:00","author":"Telinha","twitter_card":"summary_large_image","twitter_misc":{"Escrito por":"Telinha","Tempo estimado de leitura":"2 minutos"},"schema":{"@context":"https:\/\/schema.org","@graph":[{"@type":"Article","@id":"https:\/\/portaltela.pt\/noticias\/2026\/02\/04\/autarca-de-leiria-diz-que-pais-parece-de-faz-de-conta\/#article","isPartOf":{"@id":"https:\/\/portaltela.pt\/noticias\/2026\/02\/04\/autarca-de-leiria-diz-que-pais-parece-de-faz-de-conta\/"},"author":{"name":"Telinha","@id":"https:\/\/portaltela.pt\/#\/schema\/person\/c4278d4a6028830caff9ee44b42d32ed"},"headline":"Autarca de Leiria diz que pa\u00eds parece de faz de conta","datePublished":"2026-02-04T16:57:57+00:00","mainEntityOfPage":{"@id":"https:\/\/portaltela.pt\/noticias\/2026\/02\/04\/autarca-de-leiria-diz-que-pais-parece-de-faz-de-conta\/"},"wordCount":364,"image":{"@id":"https:\/\/portaltela.pt\/noticias\/2026\/02\/04\/autarca-de-leiria-diz-que-pais-parece-de-faz-de-conta\/#primaryimage"},"thumbnailUrl":"https:\/\/portaltela.pt\/s.01k8rhncp4jt1\/2026\/02\/46462469-1.jpg","keywords":["abastecimento de \u00e1gua","abastecimento de energia","Acalamidade p\u00fablica","governo","Leiria","transpar\u00eancia"],"articleSection":["Not\u00edcias","Pol\u00edtica"],"inLanguage":"pt-PT"},{"@type":"WebPage","@id":"https:\/\/portaltela.pt\/noticias\/2026\/02\/04\/autarca-de-leiria-diz-que-pais-parece-de-faz-de-conta\/","url":"https:\/\/portaltela.pt\/noticias\/2026\/02\/04\/autarca-de-leiria-diz-que-pais-parece-de-faz-de-conta\/","name":"Autarca de Leiria diz que pa\u00eds parece de faz de conta - Portal Tela Portugal","isPartOf":{"@id":"https:\/\/portaltela.pt\/#website"},"primaryImageOfPage":{"@id":"https:\/\/portaltela.pt\/noticias\/2026\/02\/04\/autarca-de-leiria-diz-que-pais-parece-de-faz-de-conta\/#primaryimage"},"image":{"@id":"https:\/\/portaltela.pt\/noticias\/2026\/02\/04\/autarca-de-leiria-diz-que-pais-parece-de-faz-de-conta\/#primaryimage"},"thumbnailUrl":"https:\/\/portaltela.pt\/s.01k8rhncp4jt1\/2026\/02\/46462469-1.jpg","datePublished":"2026-02-04T16:57:57+00:00","author":{"@id":"https:\/\/portaltela.pt\/#\/schema\/person\/c4278d4a6028830caff9ee44b42d32ed"},"breadcrumb":{"@id":"https:\/\/portaltela.pt\/noticias\/2026\/02\/04\/autarca-de-leiria-diz-que-pais-parece-de-faz-de-conta\/#breadcrumb"},"inLanguage":"pt-PT","potentialAction":[{"@type":"ReadAction","target":["https:\/\/portaltela.pt\/noticias\/2026\/02\/04\/autarca-de-leiria-diz-que-pais-parece-de-faz-de-conta\/"]}]},{"@type":"ImageObject","inLanguage":"pt-PT","@id":"https:\/\/portaltela.pt\/noticias\/2026\/02\/04\/autarca-de-leiria-diz-que-pais-parece-de-faz-de-conta\/#primaryimage","url":"https:\/\/portaltela.pt\/s.01k8rhncp4jt1\/2026\/02\/46462469-1.jpg","contentUrl":"https:\/\/portaltela.pt\/s.01k8rhncp4jt1\/2026\/02\/46462469-1.jpg","width":796,"height":448,"caption":"Gon\u00e7alo Lopes refor\u00e7ou a necessidade de aumentar o n\u00famero de pessoas no terreno"},{"@type":"BreadcrumbList","@id":"https:\/\/portaltela.pt\/noticias\/2026\/02\/04\/autarca-de-leiria-diz-que-pais-parece-de-faz-de-conta\/#breadcrumb","itemListElement":[{"@type":"ListItem","position":1,"name":"In\u00edcio","item":"https:\/\/portaltela.pt\/"},{"@type":"ListItem","position":2,"name":"Autarca de Leiria diz que pa\u00eds parece de faz de conta"}]},{"@type":"WebSite","@id":"https:\/\/portaltela.pt\/#website","url":"https:\/\/portaltela.pt\/","name":"Portal Tela Portugal","description":"","potentialAction":[{"@type":"SearchAction","target":{"@type":"EntryPoint","urlTemplate":"https:\/\/portaltela.pt\/?s={search_term_string}"},"query-input":{"@type":"PropertyValueSpecification","valueRequired":true,"valueName":"search_term_string"}}],"inLanguage":"pt-PT"},{"@type":"Person","@id":"https:\/\/portaltela.pt\/#\/schema\/person\/c4278d4a6028830caff9ee44b42d32ed","name":"Telinha","image":{"@type":"ImageObject","inLanguage":"pt-PT","@id":"https:\/\/portaltela.pt\/s.01k8rhncp4jt1\/2025\/11\/talking-bot-125x125.png","url":"https:\/\/portaltela.pt\/s.01k8rhncp4jt1\/2025\/11\/talking-bot-125x125.png","contentUrl":"https:\/\/portaltela.pt\/s.01k8rhncp4jt1\/2025\/11\/talking-bot-125x125.png","caption":"Telinha"},"sameAs":["https:\/\/portaltela.pt\/"],"url":"https:\/\/portaltela.pt\/por\/367410592786\/"}]}},"_links":{"self":[{"href":"https:\/\/portaltela.pt\/api\/wp\/v2\/posts\/197436","targetHints":{"allow":["GET"]}}],"collection":[{"href":"https:\/\/portaltela.pt\/api\/wp\/v2\/posts"}],"about":[{"href":"https:\/\/portaltela.pt\/api\/wp\/v2\/types\/post"}],"author":[{"embeddable":true,"href":"https:\/\/portaltela.pt\/api\/wp\/v2\/users\/2"}],"replies":[{"embeddable":true,"href":"https:\/\/portaltela.pt\/api\/wp\/v2\/comments?post=197436"}],"version-history":[{"count":0,"href":"https:\/\/portaltela.pt\/api\/wp\/v2\/posts\/197436\/revisions"}],"wp:featuredmedia":[{"embeddable":true,"href":"https:\/\/portaltela.pt\/api\/wp\/v2\/media\/197444"}],"wp:attachment":[{"href":"https:\/\/portaltela.pt\/api\/wp\/v2\/media?parent=197436"}],"wp:term":[{"taxonomy":"category","embeddable":true,"href":"https:\/\/portaltela.pt\/api\/wp\/v2\/categories?post=197436"},{"taxonomy":"post_tag","embeddable":true,"href":"https:\/\/portaltela.pt\/api\/wp\/v2\/tags?post=197436"}],"curies":[{"name":"wp","href":"https:\/\/api.w.org\/{rel}","templated":true}]}}