{"id":197435,"date":"2026-02-04T14:00:37","date_gmt":"2026-02-04T17:00:37","guid":{"rendered":"https:\/\/portaltela.pt\/noticias\/2026\/02\/04\/mau-tempo-encerra-parque-urbano-da-costa-da-caparica-por-seguranca\/"},"modified":"2026-02-04T14:00:37","modified_gmt":"2026-02-04T17:00:37","slug":"mau-tempo-encerra-parque-urbano-da-costa-da-caparica-por-seguranca","status":"publish","type":"post","link":"https:\/\/portaltela.pt\/noticias\/2026\/02\/04\/mau-tempo-encerra-parque-urbano-da-costa-da-caparica-por-seguranca\/","title":{"rendered":"Mau tempo encerra Parque Urbano da Costa da Caparica por seguran\u00e7a"},"content":{"rendered":"<p>O Parque Urbano da Costa da Caparica foi encerrado temporariamente por motivos de seguran\u00e7a, devido \u00e0 chuva intensa que deixou solos saturados e intransit\u00e1veis. A decis\u00e3o partiu da C\u00e2mara Municipal de Almada.<\/p>\n<p>A autarquia informou, via Facebook, que o encerramento tem car\u00e1ter preventivo. O terreno tornou-se vulner\u00e1vel a quedas, escorregamentos e danos nas zonas verdes, incluindo relvados e \u00e1reas de estadia.<\/p>\n<p>A reabertura ainda n\u00e3o tem data. O munic\u00edpio sublinha que o impacto da chuva pode persistir mesmo com a melhoria do tempo e recomenda que os visitantes circulem apenas em caminhos formais, evitando zonas alagadas.<\/p>\n<h3>Medidas e recomenda\u00e7\u00f5es<\/h3>\n<p>Algumas \u00e1reas podem permanecer saturadas e n\u00e3o s\u00e3o aconselh\u00e1veis para as atividades habituais. Os visitantes devem respeitar a sinaliza\u00e7\u00e3o existente e evitar zonas sob pinheiros.<\/p>\n<p>Para maior seguran\u00e7a, a C\u00e2mara pede ainda evitar circula\u00e7\u00e3o em parques urbanos e zonas pr\u00f3ximas a \u00e1rvores altas, onde h\u00e1 risco de queda de ramos ou instabilidade do solo.<\/p>\n<p>A autarquia n\u00e3o avan\u00e7ou qualquer previs\u00e3o de retomada das atividades no parque e mant\u00e9m a orienta\u00e7\u00e3o de uso restrito at\u00e9 nova indica\u00e7\u00e3o.<\/p>\n","protected":false},"excerpt":{"rendered":"<ul>\n<li>O Parque Urbano da Costa da Caparica foi encerrado temporariamente por motivos de seguran\u00e7a devido \u00e0 chuva intensa que saturou os solos.<\/li>\n<li>A decis\u00e3o, tomada pela C\u00e2mara de Almada, abrange todo o espa\u00e7o, incluindo relvados e zonas de estadia.<\/li>\n<li>A autarquia alerta para o risco de quedas, escorregamentos e danos nas zonas verdes enquanto as condi\u00e7\u00f5es persistirem.<\/li>\n<li>A reabertura ser\u00e1 acompanhada de recomenda\u00e7\u00f5es de preven\u00e7\u00e3o, com circula\u00e7\u00e3o apenas em caminhos formais e evitando zonas encharcadas; algumas \u00e1reas podem permanecer saturadas.<\/li>\n<li>N\u00e3o foi anunciada data para a reabertura; a medida \u00e9 preventiva e orienta o respeito da sinaliza\u00e7\u00e3o e a evita\u00e7\u00e3o de zonas sob pinheiros.<\/li>\n<\/ul>\n","protected":false},"author":2,"featured_media":197439,"comment_status":"closed","ping_status":"closed","sticky":false,"template":"","format":"standard","meta":{"footnotes":""},"categories":[1],"tags":[3812,1373,5329,320,4536,2262],"class_list":["post-197435","post","type-post","status-publish","format-standard","has-post-thumbnail","hentry","category-noticias","tag-alagamentos","tag-almada","tag-chuva","tag-protecao-civil","tag-seguranca","tag-sinalizacao"],"yoast_head":"<!-- This site is optimized with the Yoast SEO plugin v27.2 - https:\/\/yoast.com\/product\/yoast-seo-wordpress\/ -->\n<title>Mau tempo encerra Parque Urbano da Costa da Caparica por seguran\u00e7a - Portal Tela Portugal<\/title>\n<meta name=\"robots\" content=\"index, follow, max-snippet:-1, max-image-preview:large, max-video-preview:-1\" \/>\n<meta property=\"og:locale\" content=\"pt_PT\" \/>\n<meta property=\"og:type\" content=\"article\" \/>\n<meta property=\"og:title\" content=\"Mau tempo encerra Parque Urbano da Costa da Caparica por seguran\u00e7a - Portal Tela Portugal\" \/>\n<meta property=\"og:description\" content=\"O Parque Urbano da Costa da Caparica foi encerrado temporariamente por motivos de seguran\u00e7a devido \u00e0 chuva intensa que saturou os solos. A decis\u00e3o, tomada pela C\u00e2mara de Almada, abrange todo o espa\u00e7o, incluindo relvados e zonas de estadia. A autarquia alerta para o risco de quedas, escorregamentos e danos nas zonas verdes enquanto as condi\u00e7\u00f5es persistirem. A reabertura ser\u00e1 acompanhada de recomenda\u00e7\u00f5es de preven\u00e7\u00e3o, com circula\u00e7\u00e3o apenas em caminhos formais e evitando zonas encharcadas; algumas \u00e1reas podem permanecer saturadas. N\u00e3o foi anunciada data para a reabertura; a medida \u00e9 preventiva e orienta o respeito da sinaliza\u00e7\u00e3o e a evita\u00e7\u00e3o de zonas sob pinheiros.\" \/>\n<meta property=\"og:url\" content=\"https:\/\/portaltela.pt\/noticias\/2026\/02\/04\/mau-tempo-encerra-parque-urbano-da-costa-da-caparica-por-seguranca\/\" \/>\n<meta property=\"og:site_name\" content=\"Portal Tela Portugal\" \/>\n<meta property=\"article:published_time\" content=\"2026-02-04T17:00:37+00:00\" \/>\n<meta name=\"author\" content=\"Telinha\" \/>\n<meta name=\"twitter:card\" content=\"summary_large_image\" \/>\n<meta name=\"twitter:label1\" content=\"Escrito por\" \/>\n\t<meta name=\"twitter:data1\" content=\"Telinha\" \/>\n\t<meta name=\"twitter:label2\" content=\"Tempo estimado de leitura\" \/>\n\t<meta name=\"twitter:data2\" content=\"1 minuto\" \/>\n<script type=\"application\/ld+json\" class=\"yoast-schema-graph\">{\"@context\":\"https:\/\/schema.org\",\"@graph\":[{\"@type\":\"Article\",\"@id\":\"https:\/\/portaltela.pt\/noticias\/2026\/02\/04\/mau-tempo-encerra-parque-urbano-da-costa-da-caparica-por-seguranca\/#article\",\"isPartOf\":{\"@id\":\"https:\/\/portaltela.pt\/noticias\/2026\/02\/04\/mau-tempo-encerra-parque-urbano-da-costa-da-caparica-por-seguranca\/\"},\"author\":{\"name\":\"Telinha\",\"@id\":\"https:\/\/portaltela.pt\/#\/schema\/person\/c4278d4a6028830caff9ee44b42d32ed\"},\"headline\":\"Mau tempo encerra Parque Urbano da Costa da Caparica por seguran\u00e7a\",\"datePublished\":\"2026-02-04T17:00:37+00:00\",\"mainEntityOfPage\":{\"@id\":\"https:\/\/portaltela.pt\/noticias\/2026\/02\/04\/mau-tempo-encerra-parque-urbano-da-costa-da-caparica-por-seguranca\/\"},\"wordCount\":209,\"image\":{\"@id\":\"https:\/\/portaltela.pt\/noticias\/2026\/02\/04\/mau-tempo-encerra-parque-urbano-da-costa-da-caparica-por-seguranca\/#primaryimage\"},\"thumbnailUrl\":\"https:\/\/portaltela.pt\/s.01k8rhncp4jt1\/2026\/02\/627721240_1300608672091873_1319156149738288405_n.jpg\",\"keywords\":[\"alagamentos\",\"Almada\",\"chuva\",\"prote\u00e7\u00e3o civil\",\"seguran\u00e7a\",\"sinaliza\u00e7\u00e3o\"],\"articleSection\":[\"Not\u00edcias\"],\"inLanguage\":\"pt-PT\"},{\"@type\":\"WebPage\",\"@id\":\"https:\/\/portaltela.pt\/noticias\/2026\/02\/04\/mau-tempo-encerra-parque-urbano-da-costa-da-caparica-por-seguranca\/\",\"url\":\"https:\/\/portaltela.pt\/noticias\/2026\/02\/04\/mau-tempo-encerra-parque-urbano-da-costa-da-caparica-por-seguranca\/\",\"name\":\"Mau tempo encerra Parque Urbano da Costa da Caparica por seguran\u00e7a - Portal Tela Portugal\",\"isPartOf\":{\"@id\":\"https:\/\/portaltela.pt\/#website\"},\"primaryImageOfPage\":{\"@id\":\"https:\/\/portaltela.pt\/noticias\/2026\/02\/04\/mau-tempo-encerra-parque-urbano-da-costa-da-caparica-por-seguranca\/#primaryimage\"},\"image\":{\"@id\":\"https:\/\/portaltela.pt\/noticias\/2026\/02\/04\/mau-tempo-encerra-parque-urbano-da-costa-da-caparica-por-seguranca\/#primaryimage\"},\"thumbnailUrl\":\"https:\/\/portaltela.pt\/s.01k8rhncp4jt1\/2026\/02\/627721240_1300608672091873_1319156149738288405_n.jpg\",\"datePublished\":\"2026-02-04T17:00:37+00:00\",\"author\":{\"@id\":\"https:\/\/portaltela.pt\/#\/schema\/person\/c4278d4a6028830caff9ee44b42d32ed\"},\"breadcrumb\":{\"@id\":\"https:\/\/portaltela.pt\/noticias\/2026\/02\/04\/mau-tempo-encerra-parque-urbano-da-costa-da-caparica-por-seguranca\/#breadcrumb\"},\"inLanguage\":\"pt-PT\",\"potentialAction\":[{\"@type\":\"ReadAction\",\"target\":[\"https:\/\/portaltela.pt\/noticias\/2026\/02\/04\/mau-tempo-encerra-parque-urbano-da-costa-da-caparica-por-seguranca\/\"]}]},{\"@type\":\"ImageObject\",\"inLanguage\":\"pt-PT\",\"@id\":\"https:\/\/portaltela.pt\/noticias\/2026\/02\/04\/mau-tempo-encerra-parque-urbano-da-costa-da-caparica-por-seguranca\/#primaryimage\",\"url\":\"https:\/\/portaltela.pt\/s.01k8rhncp4jt1\/2026\/02\/627721240_1300608672091873_1319156149738288405_n.jpg\",\"contentUrl\":\"https:\/\/portaltela.pt\/s.01k8rhncp4jt1\/2026\/02\/627721240_1300608672091873_1319156149738288405_n.jpg\",\"width\":796,\"height\":448,\"caption\":\"Mau tempo encerra Parque Urbano da Costa da Caparica por quest\u00f5es de seguran\u00e7a\"},{\"@type\":\"BreadcrumbList\",\"@id\":\"https:\/\/portaltela.pt\/noticias\/2026\/02\/04\/mau-tempo-encerra-parque-urbano-da-costa-da-caparica-por-seguranca\/#breadcrumb\",\"itemListElement\":[{\"@type\":\"ListItem\",\"position\":1,\"name\":\"In\u00edcio\",\"item\":\"https:\/\/portaltela.pt\/\"},{\"@type\":\"ListItem\",\"position\":2,\"name\":\"Mau tempo encerra Parque Urbano da Costa da Caparica por seguran\u00e7a\"}]},{\"@type\":\"WebSite\",\"@id\":\"https:\/\/portaltela.pt\/#website\",\"url\":\"https:\/\/portaltela.pt\/\",\"name\":\"Portal Tela Portugal\",\"description\":\"\",\"potentialAction\":[{\"@type\":\"SearchAction\",\"target\":{\"@type\":\"EntryPoint\",\"urlTemplate\":\"https:\/\/portaltela.pt\/?s={search_term_string}\"},\"query-input\":{\"@type\":\"PropertyValueSpecification\",\"valueRequired\":true,\"valueName\":\"search_term_string\"}}],\"inLanguage\":\"pt-PT\"},{\"@type\":\"Person\",\"@id\":\"https:\/\/portaltela.pt\/#\/schema\/person\/c4278d4a6028830caff9ee44b42d32ed\",\"name\":\"Telinha\",\"image\":{\"@type\":\"ImageObject\",\"inLanguage\":\"pt-PT\",\"@id\":\"https:\/\/portaltela.pt\/s.01k8rhncp4jt1\/2025\/11\/talking-bot-125x125.png\",\"url\":\"https:\/\/portaltela.pt\/s.01k8rhncp4jt1\/2025\/11\/talking-bot-125x125.png\",\"contentUrl\":\"https:\/\/portaltela.pt\/s.01k8rhncp4jt1\/2025\/11\/talking-bot-125x125.png\",\"caption\":\"Telinha\"},\"sameAs\":[\"https:\/\/portaltela.pt\/\"],\"url\":\"https:\/\/portaltela.pt\/por\/367410592786\/\"}]}<\/script>\n<!-- \/ Yoast SEO plugin. -->","yoast_head_json":{"title":"Mau tempo encerra Parque Urbano da Costa da Caparica por seguran\u00e7a - Portal Tela Portugal","robots":{"index":"index","follow":"follow","max-snippet":"max-snippet:-1","max-image-preview":"max-image-preview:large","max-video-preview":"max-video-preview:-1"},"og_locale":"pt_PT","og_type":"article","og_title":"Mau tempo encerra Parque Urbano da Costa da Caparica por seguran\u00e7a - Portal Tela Portugal","og_description":"O Parque Urbano da Costa da Caparica foi encerrado temporariamente por motivos de seguran\u00e7a devido \u00e0 chuva intensa que saturou os solos. A decis\u00e3o, tomada pela C\u00e2mara de Almada, abrange todo o espa\u00e7o, incluindo relvados e zonas de estadia. A autarquia alerta para o risco de quedas, escorregamentos e danos nas zonas verdes enquanto as condi\u00e7\u00f5es persistirem. A reabertura ser\u00e1 acompanhada de recomenda\u00e7\u00f5es de preven\u00e7\u00e3o, com circula\u00e7\u00e3o apenas em caminhos formais e evitando zonas encharcadas; algumas \u00e1reas podem permanecer saturadas. N\u00e3o foi anunciada data para a reabertura; a medida \u00e9 preventiva e orienta o respeito da sinaliza\u00e7\u00e3o e a evita\u00e7\u00e3o de zonas sob pinheiros.","og_url":"https:\/\/portaltela.pt\/noticias\/2026\/02\/04\/mau-tempo-encerra-parque-urbano-da-costa-da-caparica-por-seguranca\/","og_site_name":"Portal Tela Portugal","article_published_time":"2026-02-04T17:00:37+00:00","author":"Telinha","twitter_card":"summary_large_image","twitter_misc":{"Escrito por":"Telinha","Tempo estimado de leitura":"1 minuto"},"schema":{"@context":"https:\/\/schema.org","@graph":[{"@type":"Article","@id":"https:\/\/portaltela.pt\/noticias\/2026\/02\/04\/mau-tempo-encerra-parque-urbano-da-costa-da-caparica-por-seguranca\/#article","isPartOf":{"@id":"https:\/\/portaltela.pt\/noticias\/2026\/02\/04\/mau-tempo-encerra-parque-urbano-da-costa-da-caparica-por-seguranca\/"},"author":{"name":"Telinha","@id":"https:\/\/portaltela.pt\/#\/schema\/person\/c4278d4a6028830caff9ee44b42d32ed"},"headline":"Mau tempo encerra Parque Urbano da Costa da Caparica por seguran\u00e7a","datePublished":"2026-02-04T17:00:37+00:00","mainEntityOfPage":{"@id":"https:\/\/portaltela.pt\/noticias\/2026\/02\/04\/mau-tempo-encerra-parque-urbano-da-costa-da-caparica-por-seguranca\/"},"wordCount":209,"image":{"@id":"https:\/\/portaltela.pt\/noticias\/2026\/02\/04\/mau-tempo-encerra-parque-urbano-da-costa-da-caparica-por-seguranca\/#primaryimage"},"thumbnailUrl":"https:\/\/portaltela.pt\/s.01k8rhncp4jt1\/2026\/02\/627721240_1300608672091873_1319156149738288405_n.jpg","keywords":["alagamentos","Almada","chuva","prote\u00e7\u00e3o civil","seguran\u00e7a","sinaliza\u00e7\u00e3o"],"articleSection":["Not\u00edcias"],"inLanguage":"pt-PT"},{"@type":"WebPage","@id":"https:\/\/portaltela.pt\/noticias\/2026\/02\/04\/mau-tempo-encerra-parque-urbano-da-costa-da-caparica-por-seguranca\/","url":"https:\/\/portaltela.pt\/noticias\/2026\/02\/04\/mau-tempo-encerra-parque-urbano-da-costa-da-caparica-por-seguranca\/","name":"Mau tempo encerra Parque Urbano da Costa da Caparica por seguran\u00e7a - Portal Tela Portugal","isPartOf":{"@id":"https:\/\/portaltela.pt\/#website"},"primaryImageOfPage":{"@id":"https:\/\/portaltela.pt\/noticias\/2026\/02\/04\/mau-tempo-encerra-parque-urbano-da-costa-da-caparica-por-seguranca\/#primaryimage"},"image":{"@id":"https:\/\/portaltela.pt\/noticias\/2026\/02\/04\/mau-tempo-encerra-parque-urbano-da-costa-da-caparica-por-seguranca\/#primaryimage"},"thumbnailUrl":"https:\/\/portaltela.pt\/s.01k8rhncp4jt1\/2026\/02\/627721240_1300608672091873_1319156149738288405_n.jpg","datePublished":"2026-02-04T17:00:37+00:00","author":{"@id":"https:\/\/portaltela.pt\/#\/schema\/person\/c4278d4a6028830caff9ee44b42d32ed"},"breadcrumb":{"@id":"https:\/\/portaltela.pt\/noticias\/2026\/02\/04\/mau-tempo-encerra-parque-urbano-da-costa-da-caparica-por-seguranca\/#breadcrumb"},"inLanguage":"pt-PT","potentialAction":[{"@type":"ReadAction","target":["https:\/\/portaltela.pt\/noticias\/2026\/02\/04\/mau-tempo-encerra-parque-urbano-da-costa-da-caparica-por-seguranca\/"]}]},{"@type":"ImageObject","inLanguage":"pt-PT","@id":"https:\/\/portaltela.pt\/noticias\/2026\/02\/04\/mau-tempo-encerra-parque-urbano-da-costa-da-caparica-por-seguranca\/#primaryimage","url":"https:\/\/portaltela.pt\/s.01k8rhncp4jt1\/2026\/02\/627721240_1300608672091873_1319156149738288405_n.jpg","contentUrl":"https:\/\/portaltela.pt\/s.01k8rhncp4jt1\/2026\/02\/627721240_1300608672091873_1319156149738288405_n.jpg","width":796,"height":448,"caption":"Mau tempo encerra Parque Urbano da Costa da Caparica por quest\u00f5es de seguran\u00e7a"},{"@type":"BreadcrumbList","@id":"https:\/\/portaltela.pt\/noticias\/2026\/02\/04\/mau-tempo-encerra-parque-urbano-da-costa-da-caparica-por-seguranca\/#breadcrumb","itemListElement":[{"@type":"ListItem","position":1,"name":"In\u00edcio","item":"https:\/\/portaltela.pt\/"},{"@type":"ListItem","position":2,"name":"Mau tempo encerra Parque Urbano da Costa da Caparica por seguran\u00e7a"}]},{"@type":"WebSite","@id":"https:\/\/portaltela.pt\/#website","url":"https:\/\/portaltela.pt\/","name":"Portal Tela Portugal","description":"","potentialAction":[{"@type":"SearchAction","target":{"@type":"EntryPoint","urlTemplate":"https:\/\/portaltela.pt\/?s={search_term_string}"},"query-input":{"@type":"PropertyValueSpecification","valueRequired":true,"valueName":"search_term_string"}}],"inLanguage":"pt-PT"},{"@type":"Person","@id":"https:\/\/portaltela.pt\/#\/schema\/person\/c4278d4a6028830caff9ee44b42d32ed","name":"Telinha","image":{"@type":"ImageObject","inLanguage":"pt-PT","@id":"https:\/\/portaltela.pt\/s.01k8rhncp4jt1\/2025\/11\/talking-bot-125x125.png","url":"https:\/\/portaltela.pt\/s.01k8rhncp4jt1\/2025\/11\/talking-bot-125x125.png","contentUrl":"https:\/\/portaltela.pt\/s.01k8rhncp4jt1\/2025\/11\/talking-bot-125x125.png","caption":"Telinha"},"sameAs":["https:\/\/portaltela.pt\/"],"url":"https:\/\/portaltela.pt\/por\/367410592786\/"}]}},"_links":{"self":[{"href":"https:\/\/portaltela.pt\/api\/wp\/v2\/posts\/197435","targetHints":{"allow":["GET"]}}],"collection":[{"href":"https:\/\/portaltela.pt\/api\/wp\/v2\/posts"}],"about":[{"href":"https:\/\/portaltela.pt\/api\/wp\/v2\/types\/post"}],"author":[{"embeddable":true,"href":"https:\/\/portaltela.pt\/api\/wp\/v2\/users\/2"}],"replies":[{"embeddable":true,"href":"https:\/\/portaltela.pt\/api\/wp\/v2\/comments?post=197435"}],"version-history":[{"count":0,"href":"https:\/\/portaltela.pt\/api\/wp\/v2\/posts\/197435\/revisions"}],"wp:featuredmedia":[{"embeddable":true,"href":"https:\/\/portaltela.pt\/api\/wp\/v2\/media\/197439"}],"wp:attachment":[{"href":"https:\/\/portaltela.pt\/api\/wp\/v2\/media?parent=197435"}],"wp:term":[{"taxonomy":"category","embeddable":true,"href":"https:\/\/portaltela.pt\/api\/wp\/v2\/categories?post=197435"},{"taxonomy":"post_tag","embeddable":true,"href":"https:\/\/portaltela.pt\/api\/wp\/v2\/tags?post=197435"}],"curies":[{"name":"wp","href":"https:\/\/api.w.org\/{rel}","templated":true}]}}