{"id":197417,"date":"2026-02-04T14:05:05","date_gmt":"2026-02-04T17:05:05","guid":{"rendered":"https:\/\/portaltela.pt\/noticias\/2026\/02\/04\/james-harden-troca-de-clube-e-ruma-a-cleveland\/"},"modified":"2026-02-04T14:05:05","modified_gmt":"2026-02-04T17:05:05","slug":"james-harden-troca-de-clube-e-ruma-a-cleveland","status":"publish","type":"post","link":"https:\/\/portaltela.pt\/desporto\/2026\/02\/04\/james-harden-troca-de-clube-e-ruma-a-cleveland\/","title":{"rendered":"James Harden troca de clube e ruma a Cleveland"},"content":{"rendered":"<p>Nas \u00faltimas horas do mercado de trocas da NBA, James Harden deixa os Los Angeles Clippers para refor\u00e7ar os Cleveland Cavaliers. Em sentido inverso, o guarda Darius Garland sai dos Cavs e ruma aos Clippers, acompanhado de uma escolha de segunda ronda no pr\u00f3ximo draft.<\/p>\n<p>Harden, 36 anos, est\u00e1 na 17\u00aa \u00e9poca da liga e tem um contrato de cerca de 42 milh\u00f5es de d\u00f3lares para a temporada 2026\/27. O ex-MVP da NBA em 2017\/18 passa a representar a sua sexta equipa na carreira.<\/p>\n<p>Garland, base de 26 anos, foi pe\u00e7a-chave na \u00faltima fase dos Cavaliers. Com dois anos de contrato restantes, receber\u00e1 aproximadamente 42 milh\u00f5es de d\u00f3lares na pr\u00f3xima \u00e9poca e 44 milh\u00f5es na seguinte.<\/p>\n","protected":false},"excerpt":{"rendered":"<ul>\n<li>Houve uma troca no mercado de jogadores da NBA: James Harden fica nos Cleveland Cavaliers e Darius Garland vai para Los Angeles Clippers, juntamente com uma escolha de segunda ronda do pr\u00f3ximo draft.<\/li>\n<li>James Harden, 36 anos, est\u00e1 na sua 17\u00aa \u00e9poca na liga e assina com os Cavaliers por cerca de 42 milh\u00f5es de d\u00f3lares em 2026\/27, rumo \u00e0 sua sexta equipa na carreira; foi MVP da NBA na \u00e9poca de 2017\/2018.<\/li>\n<li>Darius Garland, base de 26 anos, deixar\u00e1 os Cavaliers e vai para os Clippers, levando consigo uma escolha de segunda ronda do pr\u00f3ximo draft; o jogador tem contrato de duas temporadas, recebendo cerca de 42 milh\u00f5es de d\u00f3lares na pr\u00f3xima e 44 milh\u00f5es na seguinte.<\/li>\n<\/ul>\n","protected":false},"author":2,"featured_media":197421,"comment_status":"closed","ping_status":"closed","sticky":false,"template":"","format":"standard","meta":{"footnotes":""},"categories":[21],"tags":[3522,152,2681,1633,2836],"class_list":["post-197417","post","type-post","status-publish","format-standard","has-post-thumbnail","hentry","category-desporto","tag-5basket","tag-desporto","tag-desporto-internacional","tag-transferencias-internacionais","tag-transfers"],"yoast_head":"<!-- This site is optimized with the Yoast SEO plugin v27.2 - https:\/\/yoast.com\/product\/yoast-seo-wordpress\/ -->\n<title>James Harden troca de clube e ruma a Cleveland - Portal Tela Portugal<\/title>\n<meta name=\"robots\" content=\"index, follow, max-snippet:-1, max-image-preview:large, max-video-preview:-1\" \/>\n<meta property=\"og:locale\" content=\"pt_PT\" \/>\n<meta property=\"og:type\" content=\"article\" \/>\n<meta property=\"og:title\" content=\"James Harden troca de clube e ruma a Cleveland - Portal Tela Portugal\" \/>\n<meta property=\"og:description\" content=\"Houve uma troca no mercado de jogadores da NBA: James Harden fica nos Cleveland Cavaliers e Darius Garland vai para Los Angeles Clippers, juntamente com uma escolha de segunda ronda do pr\u00f3ximo draft. James Harden, 36 anos, est\u00e1 na sua 17\u00aa \u00e9poca na liga e assina com os Cavaliers por cerca de 42 milh\u00f5es de d\u00f3lares em 2026\/27, rumo \u00e0 sua sexta equipa na carreira; foi MVP da NBA na \u00e9poca de 2017\/2018. Darius Garland, base de 26 anos, deixar\u00e1 os Cavaliers e vai para os Clippers, levando consigo uma escolha de segunda ronda do pr\u00f3ximo draft; o jogador tem contrato de duas temporadas, recebendo cerca de 42 milh\u00f5es de d\u00f3lares na pr\u00f3xima e 44 milh\u00f5es na seguinte.\" \/>\n<meta property=\"og:url\" content=\"https:\/\/portaltela.pt\/noticias\/2026\/02\/04\/james-harden-troca-de-clube-e-ruma-a-cleveland\/\" \/>\n<meta property=\"og:site_name\" content=\"Portal Tela Portugal\" \/>\n<meta property=\"article:published_time\" content=\"2026-02-04T17:05:05+00:00\" \/>\n<meta name=\"author\" content=\"Telinha\" \/>\n<meta name=\"twitter:card\" content=\"summary_large_image\" \/>\n<meta name=\"twitter:label1\" content=\"Escrito por\" \/>\n\t<meta name=\"twitter:data1\" content=\"Telinha\" \/>\n\t<meta name=\"twitter:label2\" content=\"Tempo estimado de leitura\" \/>\n\t<meta name=\"twitter:data2\" content=\"1 minuto\" \/>\n<script type=\"application\/ld+json\" class=\"yoast-schema-graph\">{\"@context\":\"https:\/\/schema.org\",\"@graph\":[{\"@type\":\"Article\",\"@id\":\"https:\/\/portaltela.pt\/noticias\/2026\/02\/04\/james-harden-troca-de-clube-e-ruma-a-cleveland\/#article\",\"isPartOf\":{\"@id\":\"https:\/\/portaltela.pt\/noticias\/2026\/02\/04\/james-harden-troca-de-clube-e-ruma-a-cleveland\/\"},\"author\":{\"name\":\"Telinha\",\"@id\":\"https:\/\/portaltela.pt\/#\/schema\/person\/c4278d4a6028830caff9ee44b42d32ed\"},\"headline\":\"James Harden troca de clube e ruma a Cleveland\",\"datePublished\":\"2026-02-04T17:05:05+00:00\",\"mainEntityOfPage\":{\"@id\":\"https:\/\/portaltela.pt\/noticias\/2026\/02\/04\/james-harden-troca-de-clube-e-ruma-a-cleveland\/\"},\"wordCount\":126,\"image\":{\"@id\":\"https:\/\/portaltela.pt\/noticias\/2026\/02\/04\/james-harden-troca-de-clube-e-ruma-a-cleveland\/#primaryimage\"},\"thumbnailUrl\":\"https:\/\/portaltela.pt\/s.01k8rhncp4jt1\/2026\/02\/img_920x518uu2025-05-04-11-28-48-2360383.jpg\",\"keywords\":[\"5Basket\",\"desporto\",\"desporto internacional\",\"transfer\u00eancias internacionais\",\"transfers\"],\"articleSection\":[\"Desporto\"],\"inLanguage\":\"pt-PT\"},{\"@type\":\"WebPage\",\"@id\":\"https:\/\/portaltela.pt\/noticias\/2026\/02\/04\/james-harden-troca-de-clube-e-ruma-a-cleveland\/\",\"url\":\"https:\/\/portaltela.pt\/noticias\/2026\/02\/04\/james-harden-troca-de-clube-e-ruma-a-cleveland\/\",\"name\":\"James Harden troca de clube e ruma a Cleveland - Portal Tela Portugal\",\"isPartOf\":{\"@id\":\"https:\/\/portaltela.pt\/#website\"},\"primaryImageOfPage\":{\"@id\":\"https:\/\/portaltela.pt\/noticias\/2026\/02\/04\/james-harden-troca-de-clube-e-ruma-a-cleveland\/#primaryimage\"},\"image\":{\"@id\":\"https:\/\/portaltela.pt\/noticias\/2026\/02\/04\/james-harden-troca-de-clube-e-ruma-a-cleveland\/#primaryimage\"},\"thumbnailUrl\":\"https:\/\/portaltela.pt\/s.01k8rhncp4jt1\/2026\/02\/img_920x518uu2025-05-04-11-28-48-2360383.jpg\",\"datePublished\":\"2026-02-04T17:05:05+00:00\",\"author\":{\"@id\":\"https:\/\/portaltela.pt\/#\/schema\/person\/c4278d4a6028830caff9ee44b42d32ed\"},\"breadcrumb\":{\"@id\":\"https:\/\/portaltela.pt\/noticias\/2026\/02\/04\/james-harden-troca-de-clube-e-ruma-a-cleveland\/#breadcrumb\"},\"inLanguage\":\"pt-PT\",\"potentialAction\":[{\"@type\":\"ReadAction\",\"target\":[\"https:\/\/portaltela.pt\/noticias\/2026\/02\/04\/james-harden-troca-de-clube-e-ruma-a-cleveland\/\"]}]},{\"@type\":\"ImageObject\",\"inLanguage\":\"pt-PT\",\"@id\":\"https:\/\/portaltela.pt\/noticias\/2026\/02\/04\/james-harden-troca-de-clube-e-ruma-a-cleveland\/#primaryimage\",\"url\":\"https:\/\/portaltela.pt\/s.01k8rhncp4jt1\/2026\/02\/img_920x518uu2025-05-04-11-28-48-2360383.jpg\",\"contentUrl\":\"https:\/\/portaltela.pt\/s.01k8rhncp4jt1\/2026\/02\/img_920x518uu2025-05-04-11-28-48-2360383.jpg\",\"width\":796,\"height\":448,\"caption\":\"James Harden\"},{\"@type\":\"BreadcrumbList\",\"@id\":\"https:\/\/portaltela.pt\/noticias\/2026\/02\/04\/james-harden-troca-de-clube-e-ruma-a-cleveland\/#breadcrumb\",\"itemListElement\":[{\"@type\":\"ListItem\",\"position\":1,\"name\":\"In\u00edcio\",\"item\":\"https:\/\/portaltela.pt\/\"},{\"@type\":\"ListItem\",\"position\":2,\"name\":\"James Harden troca de clube e ruma a Cleveland\"}]},{\"@type\":\"WebSite\",\"@id\":\"https:\/\/portaltela.pt\/#website\",\"url\":\"https:\/\/portaltela.pt\/\",\"name\":\"Portal Tela Portugal\",\"description\":\"\",\"potentialAction\":[{\"@type\":\"SearchAction\",\"target\":{\"@type\":\"EntryPoint\",\"urlTemplate\":\"https:\/\/portaltela.pt\/?s={search_term_string}\"},\"query-input\":{\"@type\":\"PropertyValueSpecification\",\"valueRequired\":true,\"valueName\":\"search_term_string\"}}],\"inLanguage\":\"pt-PT\"},{\"@type\":\"Person\",\"@id\":\"https:\/\/portaltela.pt\/#\/schema\/person\/c4278d4a6028830caff9ee44b42d32ed\",\"name\":\"Telinha\",\"image\":{\"@type\":\"ImageObject\",\"inLanguage\":\"pt-PT\",\"@id\":\"https:\/\/portaltela.pt\/s.01k8rhncp4jt1\/2025\/11\/talking-bot-125x125.png\",\"url\":\"https:\/\/portaltela.pt\/s.01k8rhncp4jt1\/2025\/11\/talking-bot-125x125.png\",\"contentUrl\":\"https:\/\/portaltela.pt\/s.01k8rhncp4jt1\/2025\/11\/talking-bot-125x125.png\",\"caption\":\"Telinha\"},\"sameAs\":[\"https:\/\/portaltela.pt\/\"],\"url\":\"https:\/\/portaltela.pt\/por\/367410592786\/\"}]}<\/script>\n<!-- \/ Yoast SEO plugin. -->","yoast_head_json":{"title":"James Harden troca de clube e ruma a Cleveland - Portal Tela Portugal","robots":{"index":"index","follow":"follow","max-snippet":"max-snippet:-1","max-image-preview":"max-image-preview:large","max-video-preview":"max-video-preview:-1"},"og_locale":"pt_PT","og_type":"article","og_title":"James Harden troca de clube e ruma a Cleveland - Portal Tela Portugal","og_description":"Houve uma troca no mercado de jogadores da NBA: James Harden fica nos Cleveland Cavaliers e Darius Garland vai para Los Angeles Clippers, juntamente com uma escolha de segunda ronda do pr\u00f3ximo draft. James Harden, 36 anos, est\u00e1 na sua 17\u00aa \u00e9poca na liga e assina com os Cavaliers por cerca de 42 milh\u00f5es de d\u00f3lares em 2026\/27, rumo \u00e0 sua sexta equipa na carreira; foi MVP da NBA na \u00e9poca de 2017\/2018. Darius Garland, base de 26 anos, deixar\u00e1 os Cavaliers e vai para os Clippers, levando consigo uma escolha de segunda ronda do pr\u00f3ximo draft; o jogador tem contrato de duas temporadas, recebendo cerca de 42 milh\u00f5es de d\u00f3lares na pr\u00f3xima e 44 milh\u00f5es na seguinte.","og_url":"https:\/\/portaltela.pt\/noticias\/2026\/02\/04\/james-harden-troca-de-clube-e-ruma-a-cleveland\/","og_site_name":"Portal Tela Portugal","article_published_time":"2026-02-04T17:05:05+00:00","author":"Telinha","twitter_card":"summary_large_image","twitter_misc":{"Escrito por":"Telinha","Tempo estimado de leitura":"1 minuto"},"schema":{"@context":"https:\/\/schema.org","@graph":[{"@type":"Article","@id":"https:\/\/portaltela.pt\/noticias\/2026\/02\/04\/james-harden-troca-de-clube-e-ruma-a-cleveland\/#article","isPartOf":{"@id":"https:\/\/portaltela.pt\/noticias\/2026\/02\/04\/james-harden-troca-de-clube-e-ruma-a-cleveland\/"},"author":{"name":"Telinha","@id":"https:\/\/portaltela.pt\/#\/schema\/person\/c4278d4a6028830caff9ee44b42d32ed"},"headline":"James Harden troca de clube e ruma a Cleveland","datePublished":"2026-02-04T17:05:05+00:00","mainEntityOfPage":{"@id":"https:\/\/portaltela.pt\/noticias\/2026\/02\/04\/james-harden-troca-de-clube-e-ruma-a-cleveland\/"},"wordCount":126,"image":{"@id":"https:\/\/portaltela.pt\/noticias\/2026\/02\/04\/james-harden-troca-de-clube-e-ruma-a-cleveland\/#primaryimage"},"thumbnailUrl":"https:\/\/portaltela.pt\/s.01k8rhncp4jt1\/2026\/02\/img_920x518uu2025-05-04-11-28-48-2360383.jpg","keywords":["5Basket","desporto","desporto internacional","transfer\u00eancias internacionais","transfers"],"articleSection":["Desporto"],"inLanguage":"pt-PT"},{"@type":"WebPage","@id":"https:\/\/portaltela.pt\/noticias\/2026\/02\/04\/james-harden-troca-de-clube-e-ruma-a-cleveland\/","url":"https:\/\/portaltela.pt\/noticias\/2026\/02\/04\/james-harden-troca-de-clube-e-ruma-a-cleveland\/","name":"James Harden troca de clube e ruma a Cleveland - Portal Tela Portugal","isPartOf":{"@id":"https:\/\/portaltela.pt\/#website"},"primaryImageOfPage":{"@id":"https:\/\/portaltela.pt\/noticias\/2026\/02\/04\/james-harden-troca-de-clube-e-ruma-a-cleveland\/#primaryimage"},"image":{"@id":"https:\/\/portaltela.pt\/noticias\/2026\/02\/04\/james-harden-troca-de-clube-e-ruma-a-cleveland\/#primaryimage"},"thumbnailUrl":"https:\/\/portaltela.pt\/s.01k8rhncp4jt1\/2026\/02\/img_920x518uu2025-05-04-11-28-48-2360383.jpg","datePublished":"2026-02-04T17:05:05+00:00","author":{"@id":"https:\/\/portaltela.pt\/#\/schema\/person\/c4278d4a6028830caff9ee44b42d32ed"},"breadcrumb":{"@id":"https:\/\/portaltela.pt\/noticias\/2026\/02\/04\/james-harden-troca-de-clube-e-ruma-a-cleveland\/#breadcrumb"},"inLanguage":"pt-PT","potentialAction":[{"@type":"ReadAction","target":["https:\/\/portaltela.pt\/noticias\/2026\/02\/04\/james-harden-troca-de-clube-e-ruma-a-cleveland\/"]}]},{"@type":"ImageObject","inLanguage":"pt-PT","@id":"https:\/\/portaltela.pt\/noticias\/2026\/02\/04\/james-harden-troca-de-clube-e-ruma-a-cleveland\/#primaryimage","url":"https:\/\/portaltela.pt\/s.01k8rhncp4jt1\/2026\/02\/img_920x518uu2025-05-04-11-28-48-2360383.jpg","contentUrl":"https:\/\/portaltela.pt\/s.01k8rhncp4jt1\/2026\/02\/img_920x518uu2025-05-04-11-28-48-2360383.jpg","width":796,"height":448,"caption":"James Harden"},{"@type":"BreadcrumbList","@id":"https:\/\/portaltela.pt\/noticias\/2026\/02\/04\/james-harden-troca-de-clube-e-ruma-a-cleveland\/#breadcrumb","itemListElement":[{"@type":"ListItem","position":1,"name":"In\u00edcio","item":"https:\/\/portaltela.pt\/"},{"@type":"ListItem","position":2,"name":"James Harden troca de clube e ruma a Cleveland"}]},{"@type":"WebSite","@id":"https:\/\/portaltela.pt\/#website","url":"https:\/\/portaltela.pt\/","name":"Portal Tela Portugal","description":"","potentialAction":[{"@type":"SearchAction","target":{"@type":"EntryPoint","urlTemplate":"https:\/\/portaltela.pt\/?s={search_term_string}"},"query-input":{"@type":"PropertyValueSpecification","valueRequired":true,"valueName":"search_term_string"}}],"inLanguage":"pt-PT"},{"@type":"Person","@id":"https:\/\/portaltela.pt\/#\/schema\/person\/c4278d4a6028830caff9ee44b42d32ed","name":"Telinha","image":{"@type":"ImageObject","inLanguage":"pt-PT","@id":"https:\/\/portaltela.pt\/s.01k8rhncp4jt1\/2025\/11\/talking-bot-125x125.png","url":"https:\/\/portaltela.pt\/s.01k8rhncp4jt1\/2025\/11\/talking-bot-125x125.png","contentUrl":"https:\/\/portaltela.pt\/s.01k8rhncp4jt1\/2025\/11\/talking-bot-125x125.png","caption":"Telinha"},"sameAs":["https:\/\/portaltela.pt\/"],"url":"https:\/\/portaltela.pt\/por\/367410592786\/"}]}},"_links":{"self":[{"href":"https:\/\/portaltela.pt\/api\/wp\/v2\/posts\/197417","targetHints":{"allow":["GET"]}}],"collection":[{"href":"https:\/\/portaltela.pt\/api\/wp\/v2\/posts"}],"about":[{"href":"https:\/\/portaltela.pt\/api\/wp\/v2\/types\/post"}],"author":[{"embeddable":true,"href":"https:\/\/portaltela.pt\/api\/wp\/v2\/users\/2"}],"replies":[{"embeddable":true,"href":"https:\/\/portaltela.pt\/api\/wp\/v2\/comments?post=197417"}],"version-history":[{"count":0,"href":"https:\/\/portaltela.pt\/api\/wp\/v2\/posts\/197417\/revisions"}],"wp:featuredmedia":[{"embeddable":true,"href":"https:\/\/portaltela.pt\/api\/wp\/v2\/media\/197421"}],"wp:attachment":[{"href":"https:\/\/portaltela.pt\/api\/wp\/v2\/media?parent=197417"}],"wp:term":[{"taxonomy":"category","embeddable":true,"href":"https:\/\/portaltela.pt\/api\/wp\/v2\/categories?post=197417"},{"taxonomy":"post_tag","embeddable":true,"href":"https:\/\/portaltela.pt\/api\/wp\/v2\/tags?post=197417"}],"curies":[{"name":"wp","href":"https:\/\/api.w.org\/{rel}","templated":true}]}}