{"id":197409,"date":"2026-02-04T14:14:38","date_gmt":"2026-02-04T17:14:38","guid":{"rendered":"https:\/\/portaltela.pt\/noticias\/2026\/02\/04\/prisao-preventiva-para-suspeito-de-ameacar-sem-abrigo-e-roubar-em-evora\/"},"modified":"2026-02-04T14:14:38","modified_gmt":"2026-02-04T17:14:38","slug":"prisao-preventiva-para-suspeito-de-ameacar-sem-abrigo-e-roubar-em-evora","status":"publish","type":"post","link":"https:\/\/portaltela.pt\/noticias\/2026\/02\/04\/prisao-preventiva-para-suspeito-de-ameacar-sem-abrigo-e-roubar-em-evora\/","title":{"rendered":"Pris\u00e3o preventiva para suspeito de amea\u00e7ar sem-abrigo e roubar em \u00c9vora"},"content":{"rendered":"<p>Um homem de 20 anos foi detido pela PSP e permanecer\u00e1 em pris\u00e3o preventiva, ap\u00f3s alegadas amea\u00e7as \u00e0 v\u00edtima, em \u00c9vora. O suspeito estava em liberdade e \u00e9 apontado como autor de coa\u00e7\u00e3o agravada contra um sem-abrigo de 48 anos. O incidente ocorreu na noite de s\u00e1bado, em \u00c9vora.<\/p>\n<p>De acordo com a Procuradoria-Geral Regional de \u00c9vora, o arguido exigiu ao sem-abrigo que desistisse de um processo-crime relacionado com roubos, sob amea\u00e7a de morte. O MP indicou que o crime ocorreu no local e momento indicados, levando a um interrogat\u00f3rio judicial e \u00e0 aplica\u00e7\u00e3o de coa\u00e7\u00f5es anteriores.<\/p>\n<p>No dia anterior, sexta-feira, j\u00e1 tinham sido detidos pela PSP dois homens, de 20 e 40 anos, por alegadamente se fazerem passar por pol\u00edcias, agredirem e roubarem a v\u00edtima de 48 anos. O mais velho ficou em pris\u00e3o preventiva; o mais novo ficou com apresenta\u00e7\u00f5es semanais e proibido de contactos.<\/p>\n<p>A PSP de \u00c9vora identificou os suspeitos a partir de dilig\u00eancias que tamb\u00e9m localizaram objetos subtra\u00eddos pouco tempo depois do crime. As investiga\u00e7\u00f5es prosseguem sob a dire\u00e7\u00e3o do Departamento de Investiga\u00e7\u00e3o e A\u00e7\u00e3o Penal de \u00c9vora, com a coadjuva\u00e7\u00e3o da PSP de \u00c9vora.<\/p>\n<p>A den\u00fancia levou a uma segunda deten\u00e7\u00e3o, com o MP a anunciar a pris\u00e3o preventiva do homem de 20 anos, ap\u00f3s o primeiro interrogat\u00f3rio. O outro suspeito permanece sob medidas de coa\u00e7\u00e3o com apresenta\u00e7\u00e3o peri\u00f3dica.<\/p>\n","protected":false},"excerpt":{"rendered":"<ul>\n<li>Um homem de 20 anos foi detido em \u00c9vora e ficou em pris\u00e3o preventiva por coa\u00e7\u00e3o agravada contra um homem de 48 anos, sem-abrigo, alegadamente amea\u00e7ado de morte para desistir do processo relacionado com roubos.<\/li>\n<li>O crime ocorreu no s\u00e1bado, em \u00c9vora, quando o arguido alegadamente exigiu \u00e0 v\u00edtima, sob amea\u00e7a de morte, que desistisse do processo-crime anterior.<\/li>\n<li>J\u00e1 tinha havido um interrogat\u00f3rio judicial, com aplica\u00e7\u00e3o de medidas de coa\u00e7\u00e3o, incluindo a proibi\u00e7\u00e3o de contactos com as v\u00edtimas.<\/li>\n<li>Na sexta-feira, o mesmo homem de 20 anos e um homem de 40 anos foram detidos por alegadamente se terem feito passar por pol\u00edcias, terem agredido e roubado o sem-abrigo; o mais velho ficou em pris\u00e3o preventiva.<\/li>\n<li>As investiga\u00e7\u00f5es, conduzidas pelo Departamento de Investiga\u00e7\u00e3o e A\u00e7\u00e3o Penal de \u00c9vora com coadjuva\u00e7\u00e3o da PSP, prosseguem, ap\u00f3s identificarem os autores e recuperarem alguns objetos subtra\u00eddos.<\/li>\n<\/ul>\n","protected":false},"author":2,"featured_media":197414,"comment_status":"closed","ping_status":"closed","sticky":false,"template":"","format":"standard","meta":{"footnotes":""},"categories":[1],"tags":[4728,2320,1074,3418,203,3102],"class_list":["post-197409","post","type-post","status-publish","format-standard","has-post-thumbnail","hentry","category-noticias","tag-ameaca","tag-coacao-agravada","tag-evora","tag-policia-de-seguranca-publica","tag-roubo","tag-roubo-agravado"],"yoast_head":"<!-- This site is optimized with the Yoast SEO plugin v27.2 - https:\/\/yoast.com\/product\/yoast-seo-wordpress\/ -->\n<title>Pris\u00e3o preventiva para suspeito de amea\u00e7ar sem-abrigo e roubar em \u00c9vora - Portal Tela Portugal<\/title>\n<meta name=\"robots\" content=\"index, follow, max-snippet:-1, max-image-preview:large, max-video-preview:-1\" \/>\n<meta property=\"og:locale\" content=\"pt_PT\" \/>\n<meta property=\"og:type\" content=\"article\" \/>\n<meta property=\"og:title\" content=\"Pris\u00e3o preventiva para suspeito de amea\u00e7ar sem-abrigo e roubar em \u00c9vora - Portal Tela Portugal\" \/>\n<meta property=\"og:description\" content=\"Um homem de 20 anos foi detido em \u00c9vora e ficou em pris\u00e3o preventiva por coa\u00e7\u00e3o agravada contra um homem de 48 anos, sem-abrigo, alegadamente amea\u00e7ado de morte para desistir do processo relacionado com roubos. O crime ocorreu no s\u00e1bado, em \u00c9vora, quando o arguido alegadamente exigiu \u00e0 v\u00edtima, sob amea\u00e7a de morte, que desistisse do processo-crime anterior. J\u00e1 tinha havido um interrogat\u00f3rio judicial, com aplica\u00e7\u00e3o de medidas de coa\u00e7\u00e3o, incluindo a proibi\u00e7\u00e3o de contactos com as v\u00edtimas. Na sexta-feira, o mesmo homem de 20 anos e um homem de 40 anos foram detidos por alegadamente se terem feito passar por pol\u00edcias, terem agredido e roubado o sem-abrigo; o mais velho ficou em pris\u00e3o preventiva. As investiga\u00e7\u00f5es, conduzidas pelo Departamento de Investiga\u00e7\u00e3o e A\u00e7\u00e3o Penal de \u00c9vora com coadjuva\u00e7\u00e3o da PSP, prosseguem, ap\u00f3s identificarem os autores e recuperarem alguns objetos subtra\u00eddos.\" \/>\n<meta property=\"og:url\" content=\"https:\/\/portaltela.pt\/noticias\/2026\/02\/04\/prisao-preventiva-para-suspeito-de-ameacar-sem-abrigo-e-roubar-em-evora\/\" \/>\n<meta property=\"og:site_name\" content=\"Portal Tela Portugal\" \/>\n<meta property=\"article:published_time\" content=\"2026-02-04T17:14:38+00:00\" \/>\n<meta name=\"author\" content=\"Telinha\" \/>\n<meta name=\"twitter:card\" content=\"summary_large_image\" \/>\n<meta name=\"twitter:label1\" content=\"Escrito por\" \/>\n\t<meta name=\"twitter:data1\" content=\"Telinha\" \/>\n\t<meta name=\"twitter:label2\" content=\"Tempo estimado de leitura\" \/>\n\t<meta name=\"twitter:data2\" content=\"1 minuto\" \/>\n<script type=\"application\/ld+json\" class=\"yoast-schema-graph\">{\"@context\":\"https:\/\/schema.org\",\"@graph\":[{\"@type\":\"Article\",\"@id\":\"https:\/\/portaltela.pt\/noticias\/2026\/02\/04\/prisao-preventiva-para-suspeito-de-ameacar-sem-abrigo-e-roubar-em-evora\/#article\",\"isPartOf\":{\"@id\":\"https:\/\/portaltela.pt\/noticias\/2026\/02\/04\/prisao-preventiva-para-suspeito-de-ameacar-sem-abrigo-e-roubar-em-evora\/\"},\"author\":{\"name\":\"Telinha\",\"@id\":\"https:\/\/portaltela.pt\/#\/schema\/person\/c4278d4a6028830caff9ee44b42d32ed\"},\"headline\":\"Pris\u00e3o preventiva para suspeito de amea\u00e7ar sem-abrigo e roubar em \u00c9vora\",\"datePublished\":\"2026-02-04T17:14:38+00:00\",\"mainEntityOfPage\":{\"@id\":\"https:\/\/portaltela.pt\/noticias\/2026\/02\/04\/prisao-preventiva-para-suspeito-de-ameacar-sem-abrigo-e-roubar-em-evora\/\"},\"wordCount\":259,\"image\":{\"@id\":\"https:\/\/portaltela.pt\/noticias\/2026\/02\/04\/prisao-preventiva-para-suspeito-de-ameacar-sem-abrigo-e-roubar-em-evora\/#primaryimage\"},\"thumbnailUrl\":\"https:\/\/portaltela.pt\/s.01k8rhncp4jt1\/2026\/02\/img_1500x1000uu2026-01-15-08-33-22-2260227-2.jpg\",\"keywords\":[\"amea\u00e7a\",\"coa\u00e7\u00e3o agravada\",\"\u00c9vora\",\"Pol\u00edcia de Seguran\u00e7a P\u00fablica\",\"roubo\",\"roubo agravado\"],\"articleSection\":[\"Not\u00edcias\"],\"inLanguage\":\"pt-PT\"},{\"@type\":\"WebPage\",\"@id\":\"https:\/\/portaltela.pt\/noticias\/2026\/02\/04\/prisao-preventiva-para-suspeito-de-ameacar-sem-abrigo-e-roubar-em-evora\/\",\"url\":\"https:\/\/portaltela.pt\/noticias\/2026\/02\/04\/prisao-preventiva-para-suspeito-de-ameacar-sem-abrigo-e-roubar-em-evora\/\",\"name\":\"Pris\u00e3o preventiva para suspeito de amea\u00e7ar sem-abrigo e roubar em \u00c9vora - Portal Tela Portugal\",\"isPartOf\":{\"@id\":\"https:\/\/portaltela.pt\/#website\"},\"primaryImageOfPage\":{\"@id\":\"https:\/\/portaltela.pt\/noticias\/2026\/02\/04\/prisao-preventiva-para-suspeito-de-ameacar-sem-abrigo-e-roubar-em-evora\/#primaryimage\"},\"image\":{\"@id\":\"https:\/\/portaltela.pt\/noticias\/2026\/02\/04\/prisao-preventiva-para-suspeito-de-ameacar-sem-abrigo-e-roubar-em-evora\/#primaryimage\"},\"thumbnailUrl\":\"https:\/\/portaltela.pt\/s.01k8rhncp4jt1\/2026\/02\/img_1500x1000uu2026-01-15-08-33-22-2260227-2.jpg\",\"datePublished\":\"2026-02-04T17:14:38+00:00\",\"author\":{\"@id\":\"https:\/\/portaltela.pt\/#\/schema\/person\/c4278d4a6028830caff9ee44b42d32ed\"},\"breadcrumb\":{\"@id\":\"https:\/\/portaltela.pt\/noticias\/2026\/02\/04\/prisao-preventiva-para-suspeito-de-ameacar-sem-abrigo-e-roubar-em-evora\/#breadcrumb\"},\"inLanguage\":\"pt-PT\",\"potentialAction\":[{\"@type\":\"ReadAction\",\"target\":[\"https:\/\/portaltela.pt\/noticias\/2026\/02\/04\/prisao-preventiva-para-suspeito-de-ameacar-sem-abrigo-e-roubar-em-evora\/\"]}]},{\"@type\":\"ImageObject\",\"inLanguage\":\"pt-PT\",\"@id\":\"https:\/\/portaltela.pt\/noticias\/2026\/02\/04\/prisao-preventiva-para-suspeito-de-ameacar-sem-abrigo-e-roubar-em-evora\/#primaryimage\",\"url\":\"https:\/\/portaltela.pt\/s.01k8rhncp4jt1\/2026\/02\/img_1500x1000uu2026-01-15-08-33-22-2260227-2.jpg\",\"contentUrl\":\"https:\/\/portaltela.pt\/s.01k8rhncp4jt1\/2026\/02\/img_1500x1000uu2026-01-15-08-33-22-2260227-2.jpg\",\"width\":796,\"height\":448,\"caption\":\"PSP\"},{\"@type\":\"BreadcrumbList\",\"@id\":\"https:\/\/portaltela.pt\/noticias\/2026\/02\/04\/prisao-preventiva-para-suspeito-de-ameacar-sem-abrigo-e-roubar-em-evora\/#breadcrumb\",\"itemListElement\":[{\"@type\":\"ListItem\",\"position\":1,\"name\":\"In\u00edcio\",\"item\":\"https:\/\/portaltela.pt\/\"},{\"@type\":\"ListItem\",\"position\":2,\"name\":\"Pris\u00e3o preventiva para suspeito de amea\u00e7ar sem-abrigo e roubar em \u00c9vora\"}]},{\"@type\":\"WebSite\",\"@id\":\"https:\/\/portaltela.pt\/#website\",\"url\":\"https:\/\/portaltela.pt\/\",\"name\":\"Portal Tela Portugal\",\"description\":\"\",\"potentialAction\":[{\"@type\":\"SearchAction\",\"target\":{\"@type\":\"EntryPoint\",\"urlTemplate\":\"https:\/\/portaltela.pt\/?s={search_term_string}\"},\"query-input\":{\"@type\":\"PropertyValueSpecification\",\"valueRequired\":true,\"valueName\":\"search_term_string\"}}],\"inLanguage\":\"pt-PT\"},{\"@type\":\"Person\",\"@id\":\"https:\/\/portaltela.pt\/#\/schema\/person\/c4278d4a6028830caff9ee44b42d32ed\",\"name\":\"Telinha\",\"image\":{\"@type\":\"ImageObject\",\"inLanguage\":\"pt-PT\",\"@id\":\"https:\/\/portaltela.pt\/s.01k8rhncp4jt1\/2025\/11\/talking-bot-125x125.png\",\"url\":\"https:\/\/portaltela.pt\/s.01k8rhncp4jt1\/2025\/11\/talking-bot-125x125.png\",\"contentUrl\":\"https:\/\/portaltela.pt\/s.01k8rhncp4jt1\/2025\/11\/talking-bot-125x125.png\",\"caption\":\"Telinha\"},\"sameAs\":[\"https:\/\/portaltela.pt\/\"],\"url\":\"https:\/\/portaltela.pt\/por\/367410592786\/\"}]}<\/script>\n<!-- \/ Yoast SEO plugin. -->","yoast_head_json":{"title":"Pris\u00e3o preventiva para suspeito de amea\u00e7ar sem-abrigo e roubar em \u00c9vora - Portal Tela Portugal","robots":{"index":"index","follow":"follow","max-snippet":"max-snippet:-1","max-image-preview":"max-image-preview:large","max-video-preview":"max-video-preview:-1"},"og_locale":"pt_PT","og_type":"article","og_title":"Pris\u00e3o preventiva para suspeito de amea\u00e7ar sem-abrigo e roubar em \u00c9vora - Portal Tela Portugal","og_description":"Um homem de 20 anos foi detido em \u00c9vora e ficou em pris\u00e3o preventiva por coa\u00e7\u00e3o agravada contra um homem de 48 anos, sem-abrigo, alegadamente amea\u00e7ado de morte para desistir do processo relacionado com roubos. O crime ocorreu no s\u00e1bado, em \u00c9vora, quando o arguido alegadamente exigiu \u00e0 v\u00edtima, sob amea\u00e7a de morte, que desistisse do processo-crime anterior. J\u00e1 tinha havido um interrogat\u00f3rio judicial, com aplica\u00e7\u00e3o de medidas de coa\u00e7\u00e3o, incluindo a proibi\u00e7\u00e3o de contactos com as v\u00edtimas. Na sexta-feira, o mesmo homem de 20 anos e um homem de 40 anos foram detidos por alegadamente se terem feito passar por pol\u00edcias, terem agredido e roubado o sem-abrigo; o mais velho ficou em pris\u00e3o preventiva. As investiga\u00e7\u00f5es, conduzidas pelo Departamento de Investiga\u00e7\u00e3o e A\u00e7\u00e3o Penal de \u00c9vora com coadjuva\u00e7\u00e3o da PSP, prosseguem, ap\u00f3s identificarem os autores e recuperarem alguns objetos subtra\u00eddos.","og_url":"https:\/\/portaltela.pt\/noticias\/2026\/02\/04\/prisao-preventiva-para-suspeito-de-ameacar-sem-abrigo-e-roubar-em-evora\/","og_site_name":"Portal Tela Portugal","article_published_time":"2026-02-04T17:14:38+00:00","author":"Telinha","twitter_card":"summary_large_image","twitter_misc":{"Escrito por":"Telinha","Tempo estimado de leitura":"1 minuto"},"schema":{"@context":"https:\/\/schema.org","@graph":[{"@type":"Article","@id":"https:\/\/portaltela.pt\/noticias\/2026\/02\/04\/prisao-preventiva-para-suspeito-de-ameacar-sem-abrigo-e-roubar-em-evora\/#article","isPartOf":{"@id":"https:\/\/portaltela.pt\/noticias\/2026\/02\/04\/prisao-preventiva-para-suspeito-de-ameacar-sem-abrigo-e-roubar-em-evora\/"},"author":{"name":"Telinha","@id":"https:\/\/portaltela.pt\/#\/schema\/person\/c4278d4a6028830caff9ee44b42d32ed"},"headline":"Pris\u00e3o preventiva para suspeito de amea\u00e7ar sem-abrigo e roubar em \u00c9vora","datePublished":"2026-02-04T17:14:38+00:00","mainEntityOfPage":{"@id":"https:\/\/portaltela.pt\/noticias\/2026\/02\/04\/prisao-preventiva-para-suspeito-de-ameacar-sem-abrigo-e-roubar-em-evora\/"},"wordCount":259,"image":{"@id":"https:\/\/portaltela.pt\/noticias\/2026\/02\/04\/prisao-preventiva-para-suspeito-de-ameacar-sem-abrigo-e-roubar-em-evora\/#primaryimage"},"thumbnailUrl":"https:\/\/portaltela.pt\/s.01k8rhncp4jt1\/2026\/02\/img_1500x1000uu2026-01-15-08-33-22-2260227-2.jpg","keywords":["amea\u00e7a","coa\u00e7\u00e3o agravada","\u00c9vora","Pol\u00edcia de Seguran\u00e7a P\u00fablica","roubo","roubo agravado"],"articleSection":["Not\u00edcias"],"inLanguage":"pt-PT"},{"@type":"WebPage","@id":"https:\/\/portaltela.pt\/noticias\/2026\/02\/04\/prisao-preventiva-para-suspeito-de-ameacar-sem-abrigo-e-roubar-em-evora\/","url":"https:\/\/portaltela.pt\/noticias\/2026\/02\/04\/prisao-preventiva-para-suspeito-de-ameacar-sem-abrigo-e-roubar-em-evora\/","name":"Pris\u00e3o preventiva para suspeito de amea\u00e7ar sem-abrigo e roubar em \u00c9vora - Portal Tela Portugal","isPartOf":{"@id":"https:\/\/portaltela.pt\/#website"},"primaryImageOfPage":{"@id":"https:\/\/portaltela.pt\/noticias\/2026\/02\/04\/prisao-preventiva-para-suspeito-de-ameacar-sem-abrigo-e-roubar-em-evora\/#primaryimage"},"image":{"@id":"https:\/\/portaltela.pt\/noticias\/2026\/02\/04\/prisao-preventiva-para-suspeito-de-ameacar-sem-abrigo-e-roubar-em-evora\/#primaryimage"},"thumbnailUrl":"https:\/\/portaltela.pt\/s.01k8rhncp4jt1\/2026\/02\/img_1500x1000uu2026-01-15-08-33-22-2260227-2.jpg","datePublished":"2026-02-04T17:14:38+00:00","author":{"@id":"https:\/\/portaltela.pt\/#\/schema\/person\/c4278d4a6028830caff9ee44b42d32ed"},"breadcrumb":{"@id":"https:\/\/portaltela.pt\/noticias\/2026\/02\/04\/prisao-preventiva-para-suspeito-de-ameacar-sem-abrigo-e-roubar-em-evora\/#breadcrumb"},"inLanguage":"pt-PT","potentialAction":[{"@type":"ReadAction","target":["https:\/\/portaltela.pt\/noticias\/2026\/02\/04\/prisao-preventiva-para-suspeito-de-ameacar-sem-abrigo-e-roubar-em-evora\/"]}]},{"@type":"ImageObject","inLanguage":"pt-PT","@id":"https:\/\/portaltela.pt\/noticias\/2026\/02\/04\/prisao-preventiva-para-suspeito-de-ameacar-sem-abrigo-e-roubar-em-evora\/#primaryimage","url":"https:\/\/portaltela.pt\/s.01k8rhncp4jt1\/2026\/02\/img_1500x1000uu2026-01-15-08-33-22-2260227-2.jpg","contentUrl":"https:\/\/portaltela.pt\/s.01k8rhncp4jt1\/2026\/02\/img_1500x1000uu2026-01-15-08-33-22-2260227-2.jpg","width":796,"height":448,"caption":"PSP"},{"@type":"BreadcrumbList","@id":"https:\/\/portaltela.pt\/noticias\/2026\/02\/04\/prisao-preventiva-para-suspeito-de-ameacar-sem-abrigo-e-roubar-em-evora\/#breadcrumb","itemListElement":[{"@type":"ListItem","position":1,"name":"In\u00edcio","item":"https:\/\/portaltela.pt\/"},{"@type":"ListItem","position":2,"name":"Pris\u00e3o preventiva para suspeito de amea\u00e7ar sem-abrigo e roubar em \u00c9vora"}]},{"@type":"WebSite","@id":"https:\/\/portaltela.pt\/#website","url":"https:\/\/portaltela.pt\/","name":"Portal Tela Portugal","description":"","potentialAction":[{"@type":"SearchAction","target":{"@type":"EntryPoint","urlTemplate":"https:\/\/portaltela.pt\/?s={search_term_string}"},"query-input":{"@type":"PropertyValueSpecification","valueRequired":true,"valueName":"search_term_string"}}],"inLanguage":"pt-PT"},{"@type":"Person","@id":"https:\/\/portaltela.pt\/#\/schema\/person\/c4278d4a6028830caff9ee44b42d32ed","name":"Telinha","image":{"@type":"ImageObject","inLanguage":"pt-PT","@id":"https:\/\/portaltela.pt\/s.01k8rhncp4jt1\/2025\/11\/talking-bot-125x125.png","url":"https:\/\/portaltela.pt\/s.01k8rhncp4jt1\/2025\/11\/talking-bot-125x125.png","contentUrl":"https:\/\/portaltela.pt\/s.01k8rhncp4jt1\/2025\/11\/talking-bot-125x125.png","caption":"Telinha"},"sameAs":["https:\/\/portaltela.pt\/"],"url":"https:\/\/portaltela.pt\/por\/367410592786\/"}]}},"_links":{"self":[{"href":"https:\/\/portaltela.pt\/api\/wp\/v2\/posts\/197409","targetHints":{"allow":["GET"]}}],"collection":[{"href":"https:\/\/portaltela.pt\/api\/wp\/v2\/posts"}],"about":[{"href":"https:\/\/portaltela.pt\/api\/wp\/v2\/types\/post"}],"author":[{"embeddable":true,"href":"https:\/\/portaltela.pt\/api\/wp\/v2\/users\/2"}],"replies":[{"embeddable":true,"href":"https:\/\/portaltela.pt\/api\/wp\/v2\/comments?post=197409"}],"version-history":[{"count":0,"href":"https:\/\/portaltela.pt\/api\/wp\/v2\/posts\/197409\/revisions"}],"wp:featuredmedia":[{"embeddable":true,"href":"https:\/\/portaltela.pt\/api\/wp\/v2\/media\/197414"}],"wp:attachment":[{"href":"https:\/\/portaltela.pt\/api\/wp\/v2\/media?parent=197409"}],"wp:term":[{"taxonomy":"category","embeddable":true,"href":"https:\/\/portaltela.pt\/api\/wp\/v2\/categories?post=197409"},{"taxonomy":"post_tag","embeddable":true,"href":"https:\/\/portaltela.pt\/api\/wp\/v2\/tags?post=197409"}],"curies":[{"name":"wp","href":"https:\/\/api.w.org\/{rel}","templated":true}]}}