{"id":197365,"date":"2026-02-04T13:41:00","date_gmt":"2026-02-04T16:41:00","guid":{"rendered":"https:\/\/portaltela.pt\/noticias\/2026\/02\/04\/famalicao-celebra-carnaval-com-atividades-aquaticas\/"},"modified":"2026-02-04T13:41:00","modified_gmt":"2026-02-04T16:41:00","slug":"famalicao-celebra-carnaval-com-atividades-aquaticas","status":"publish","type":"post","link":"https:\/\/portaltela.pt\/desporto\/2026\/02\/04\/famalicao-celebra-carnaval-com-atividades-aquaticas\/","title":{"rendered":"Famalic\u00e3o celebra Carnaval com atividades aqu\u00e1ticas"},"content":{"rendered":"<p>O Grupo Desportivo de Nata\u00e7\u00e3o organiza a Hidro Carnaval, uma celebra\u00e7\u00e3o do Carnaval realizada dentro de \u00e1gua. O evento ocorre nas piscinas municipais na noite de 13 de fevereiro, a partir das 22h15, com entrada livre e exclusiva para adultos.<\/p>\n<p>Os participantes devem comparecer mascarados. Os melhores mascarados recebem pr\u00e9mios em mensalidades, com o 1.\u00ba lugar a vencer tr\u00eas mensalidades, o 2.\u00ba lugar duas e o 3.\u00ba lugar uma mensalidade.<\/p>\n<p>A iniciativa j\u00e1 se tornou tradi\u00e7\u00e3o do GD Nata\u00e7\u00e3o e pretende promover uma alternativa l\u00fadica de celebra\u00e7\u00e3o do Carnaval, aliando atividade desportiva a uma festa tem\u00e1tica na cidade de Famalic\u00e3o.<\/p>\n","protected":false},"excerpt":{"rendered":"<ul>\n<li>O Grupo Desportivo de Nata\u00e7\u00e3o realiza a Hidro Carnaval nas piscinas municipais na noite de 13 de fevereiro, a partir das 22h15.<\/li>\n<li>A entrada \u00e9 livre e dirigida apenas a adultos.<\/li>\n<li>A iniciativa pretende celebrar o Carnaval dentro de \u00e1gua com m\u00fasica, cor e divers\u00e3o.<\/li>\n<li>Os melhores mascarados recebem pr\u00e9mios: primeiro classificado ganha tr\u00eas mensalidades, segundo duas e o terceiro uma mensalidade.<\/li>\n<li>O evento \u00e9 uma continua\u00e7\u00e3o de uma tradi\u00e7\u00e3o do GD Nata\u00e7\u00e3o, ocorrendo j\u00e1 h\u00e1 alguns anos.<\/li>\n<\/ul>\n","protected":false},"author":2,"featured_media":197383,"comment_status":"closed","ping_status":"closed","sticky":false,"template":"","format":"standard","meta":{"footnotes":""},"categories":[21],"tags":[3453,2464,152,1396,4919,209],"class_list":["post-197365","post","type-post","status-publish","format-standard","has-post-thumbnail","hentry","category-desporto","tag-adultos","tag-atividade-fisica","tag-desporto","tag-famalicao","tag-festas","tag-natacao"],"yoast_head":"<!-- This site is optimized with the Yoast SEO plugin v27.2 - https:\/\/yoast.com\/product\/yoast-seo-wordpress\/ -->\n<title>Famalic\u00e3o celebra Carnaval com atividades aqu\u00e1ticas - Portal Tela Portugal<\/title>\n<meta name=\"robots\" content=\"index, follow, max-snippet:-1, max-image-preview:large, max-video-preview:-1\" \/>\n<meta property=\"og:locale\" content=\"pt_PT\" \/>\n<meta property=\"og:type\" content=\"article\" \/>\n<meta property=\"og:title\" content=\"Famalic\u00e3o celebra Carnaval com atividades aqu\u00e1ticas - Portal Tela Portugal\" \/>\n<meta property=\"og:description\" content=\"O Grupo Desportivo de Nata\u00e7\u00e3o realiza a Hidro Carnaval nas piscinas municipais na noite de 13 de fevereiro, a partir das 22h15. A entrada \u00e9 livre e dirigida apenas a adultos. A iniciativa pretende celebrar o Carnaval dentro de \u00e1gua com m\u00fasica, cor e divers\u00e3o. Os melhores mascarados recebem pr\u00e9mios: primeiro classificado ganha tr\u00eas mensalidades, segundo duas e o terceiro uma mensalidade. O evento \u00e9 uma continua\u00e7\u00e3o de uma tradi\u00e7\u00e3o do GD Nata\u00e7\u00e3o, ocorrendo j\u00e1 h\u00e1 alguns anos.\" \/>\n<meta property=\"og:url\" content=\"https:\/\/portaltela.pt\/noticias\/2026\/02\/04\/famalicao-celebra-carnaval-com-atividades-aquaticas\/\" \/>\n<meta property=\"og:site_name\" content=\"Portal Tela Portugal\" \/>\n<meta property=\"article:published_time\" content=\"2026-02-04T16:41:00+00:00\" \/>\n<meta name=\"author\" content=\"Telinha\" \/>\n<meta name=\"twitter:card\" content=\"summary_large_image\" \/>\n<meta name=\"twitter:label1\" content=\"Escrito por\" \/>\n\t<meta name=\"twitter:data1\" content=\"Telinha\" \/>\n\t<meta name=\"twitter:label2\" content=\"Tempo estimado de leitura\" \/>\n\t<meta name=\"twitter:data2\" content=\"1 minuto\" \/>\n<script type=\"application\/ld+json\" class=\"yoast-schema-graph\">{\"@context\":\"https:\/\/schema.org\",\"@graph\":[{\"@type\":\"Article\",\"@id\":\"https:\/\/portaltela.pt\/noticias\/2026\/02\/04\/famalicao-celebra-carnaval-com-atividades-aquaticas\/#article\",\"isPartOf\":{\"@id\":\"https:\/\/portaltela.pt\/noticias\/2026\/02\/04\/famalicao-celebra-carnaval-com-atividades-aquaticas\/\"},\"author\":{\"name\":\"Telinha\",\"@id\":\"https:\/\/portaltela.pt\/#\/schema\/person\/c4278d4a6028830caff9ee44b42d32ed\"},\"headline\":\"Famalic\u00e3o celebra Carnaval com atividades aqu\u00e1ticas\",\"datePublished\":\"2026-02-04T16:41:00+00:00\",\"mainEntityOfPage\":{\"@id\":\"https:\/\/portaltela.pt\/noticias\/2026\/02\/04\/famalicao-celebra-carnaval-com-atividades-aquaticas\/\"},\"wordCount\":114,\"image\":{\"@id\":\"https:\/\/portaltela.pt\/noticias\/2026\/02\/04\/famalicao-celebra-carnaval-com-atividades-aquaticas\/#primaryimage\"},\"thumbnailUrl\":\"https:\/\/portaltela.pt\/s.01k8rhncp4jt1\/2026\/02\/unnamed-file-1312.jpg\",\"keywords\":[\"adultos\",\"atividade f\u00edsica\",\"desporto\",\"Famalic\u00e3o\",\"festas\",\"nata\u00e7\u00e3o\"],\"articleSection\":[\"Desporto\"],\"inLanguage\":\"pt-PT\"},{\"@type\":\"WebPage\",\"@id\":\"https:\/\/portaltela.pt\/noticias\/2026\/02\/04\/famalicao-celebra-carnaval-com-atividades-aquaticas\/\",\"url\":\"https:\/\/portaltela.pt\/noticias\/2026\/02\/04\/famalicao-celebra-carnaval-com-atividades-aquaticas\/\",\"name\":\"Famalic\u00e3o celebra Carnaval com atividades aqu\u00e1ticas - Portal Tela Portugal\",\"isPartOf\":{\"@id\":\"https:\/\/portaltela.pt\/#website\"},\"primaryImageOfPage\":{\"@id\":\"https:\/\/portaltela.pt\/noticias\/2026\/02\/04\/famalicao-celebra-carnaval-com-atividades-aquaticas\/#primaryimage\"},\"image\":{\"@id\":\"https:\/\/portaltela.pt\/noticias\/2026\/02\/04\/famalicao-celebra-carnaval-com-atividades-aquaticas\/#primaryimage\"},\"thumbnailUrl\":\"https:\/\/portaltela.pt\/s.01k8rhncp4jt1\/2026\/02\/unnamed-file-1312.jpg\",\"datePublished\":\"2026-02-04T16:41:00+00:00\",\"author\":{\"@id\":\"https:\/\/portaltela.pt\/#\/schema\/person\/c4278d4a6028830caff9ee44b42d32ed\"},\"breadcrumb\":{\"@id\":\"https:\/\/portaltela.pt\/noticias\/2026\/02\/04\/famalicao-celebra-carnaval-com-atividades-aquaticas\/#breadcrumb\"},\"inLanguage\":\"pt-PT\",\"potentialAction\":[{\"@type\":\"ReadAction\",\"target\":[\"https:\/\/portaltela.pt\/noticias\/2026\/02\/04\/famalicao-celebra-carnaval-com-atividades-aquaticas\/\"]}]},{\"@type\":\"ImageObject\",\"inLanguage\":\"pt-PT\",\"@id\":\"https:\/\/portaltela.pt\/noticias\/2026\/02\/04\/famalicao-celebra-carnaval-com-atividades-aquaticas\/#primaryimage\",\"url\":\"https:\/\/portaltela.pt\/s.01k8rhncp4jt1\/2026\/02\/unnamed-file-1312.jpg\",\"contentUrl\":\"https:\/\/portaltela.pt\/s.01k8rhncp4jt1\/2026\/02\/unnamed-file-1312.jpg\",\"width\":796,\"height\":448,\"caption\":\"Famalic\u00e3o: Festeje o Carnaval dentro de \u00e1gua\"},{\"@type\":\"BreadcrumbList\",\"@id\":\"https:\/\/portaltela.pt\/noticias\/2026\/02\/04\/famalicao-celebra-carnaval-com-atividades-aquaticas\/#breadcrumb\",\"itemListElement\":[{\"@type\":\"ListItem\",\"position\":1,\"name\":\"In\u00edcio\",\"item\":\"https:\/\/portaltela.pt\/\"},{\"@type\":\"ListItem\",\"position\":2,\"name\":\"Famalic\u00e3o celebra Carnaval com atividades aqu\u00e1ticas\"}]},{\"@type\":\"WebSite\",\"@id\":\"https:\/\/portaltela.pt\/#website\",\"url\":\"https:\/\/portaltela.pt\/\",\"name\":\"Portal Tela Portugal\",\"description\":\"\",\"potentialAction\":[{\"@type\":\"SearchAction\",\"target\":{\"@type\":\"EntryPoint\",\"urlTemplate\":\"https:\/\/portaltela.pt\/?s={search_term_string}\"},\"query-input\":{\"@type\":\"PropertyValueSpecification\",\"valueRequired\":true,\"valueName\":\"search_term_string\"}}],\"inLanguage\":\"pt-PT\"},{\"@type\":\"Person\",\"@id\":\"https:\/\/portaltela.pt\/#\/schema\/person\/c4278d4a6028830caff9ee44b42d32ed\",\"name\":\"Telinha\",\"image\":{\"@type\":\"ImageObject\",\"inLanguage\":\"pt-PT\",\"@id\":\"https:\/\/portaltela.pt\/s.01k8rhncp4jt1\/2025\/11\/talking-bot-125x125.png\",\"url\":\"https:\/\/portaltela.pt\/s.01k8rhncp4jt1\/2025\/11\/talking-bot-125x125.png\",\"contentUrl\":\"https:\/\/portaltela.pt\/s.01k8rhncp4jt1\/2025\/11\/talking-bot-125x125.png\",\"caption\":\"Telinha\"},\"sameAs\":[\"https:\/\/portaltela.pt\/\"],\"url\":\"https:\/\/portaltela.pt\/por\/367410592786\/\"}]}<\/script>\n<!-- \/ Yoast SEO plugin. -->","yoast_head_json":{"title":"Famalic\u00e3o celebra Carnaval com atividades aqu\u00e1ticas - Portal Tela Portugal","robots":{"index":"index","follow":"follow","max-snippet":"max-snippet:-1","max-image-preview":"max-image-preview:large","max-video-preview":"max-video-preview:-1"},"og_locale":"pt_PT","og_type":"article","og_title":"Famalic\u00e3o celebra Carnaval com atividades aqu\u00e1ticas - Portal Tela Portugal","og_description":"O Grupo Desportivo de Nata\u00e7\u00e3o realiza a Hidro Carnaval nas piscinas municipais na noite de 13 de fevereiro, a partir das 22h15. A entrada \u00e9 livre e dirigida apenas a adultos. A iniciativa pretende celebrar o Carnaval dentro de \u00e1gua com m\u00fasica, cor e divers\u00e3o. Os melhores mascarados recebem pr\u00e9mios: primeiro classificado ganha tr\u00eas mensalidades, segundo duas e o terceiro uma mensalidade. O evento \u00e9 uma continua\u00e7\u00e3o de uma tradi\u00e7\u00e3o do GD Nata\u00e7\u00e3o, ocorrendo j\u00e1 h\u00e1 alguns anos.","og_url":"https:\/\/portaltela.pt\/noticias\/2026\/02\/04\/famalicao-celebra-carnaval-com-atividades-aquaticas\/","og_site_name":"Portal Tela Portugal","article_published_time":"2026-02-04T16:41:00+00:00","author":"Telinha","twitter_card":"summary_large_image","twitter_misc":{"Escrito por":"Telinha","Tempo estimado de leitura":"1 minuto"},"schema":{"@context":"https:\/\/schema.org","@graph":[{"@type":"Article","@id":"https:\/\/portaltela.pt\/noticias\/2026\/02\/04\/famalicao-celebra-carnaval-com-atividades-aquaticas\/#article","isPartOf":{"@id":"https:\/\/portaltela.pt\/noticias\/2026\/02\/04\/famalicao-celebra-carnaval-com-atividades-aquaticas\/"},"author":{"name":"Telinha","@id":"https:\/\/portaltela.pt\/#\/schema\/person\/c4278d4a6028830caff9ee44b42d32ed"},"headline":"Famalic\u00e3o celebra Carnaval com atividades aqu\u00e1ticas","datePublished":"2026-02-04T16:41:00+00:00","mainEntityOfPage":{"@id":"https:\/\/portaltela.pt\/noticias\/2026\/02\/04\/famalicao-celebra-carnaval-com-atividades-aquaticas\/"},"wordCount":114,"image":{"@id":"https:\/\/portaltela.pt\/noticias\/2026\/02\/04\/famalicao-celebra-carnaval-com-atividades-aquaticas\/#primaryimage"},"thumbnailUrl":"https:\/\/portaltela.pt\/s.01k8rhncp4jt1\/2026\/02\/unnamed-file-1312.jpg","keywords":["adultos","atividade f\u00edsica","desporto","Famalic\u00e3o","festas","nata\u00e7\u00e3o"],"articleSection":["Desporto"],"inLanguage":"pt-PT"},{"@type":"WebPage","@id":"https:\/\/portaltela.pt\/noticias\/2026\/02\/04\/famalicao-celebra-carnaval-com-atividades-aquaticas\/","url":"https:\/\/portaltela.pt\/noticias\/2026\/02\/04\/famalicao-celebra-carnaval-com-atividades-aquaticas\/","name":"Famalic\u00e3o celebra Carnaval com atividades aqu\u00e1ticas - Portal Tela Portugal","isPartOf":{"@id":"https:\/\/portaltela.pt\/#website"},"primaryImageOfPage":{"@id":"https:\/\/portaltela.pt\/noticias\/2026\/02\/04\/famalicao-celebra-carnaval-com-atividades-aquaticas\/#primaryimage"},"image":{"@id":"https:\/\/portaltela.pt\/noticias\/2026\/02\/04\/famalicao-celebra-carnaval-com-atividades-aquaticas\/#primaryimage"},"thumbnailUrl":"https:\/\/portaltela.pt\/s.01k8rhncp4jt1\/2026\/02\/unnamed-file-1312.jpg","datePublished":"2026-02-04T16:41:00+00:00","author":{"@id":"https:\/\/portaltela.pt\/#\/schema\/person\/c4278d4a6028830caff9ee44b42d32ed"},"breadcrumb":{"@id":"https:\/\/portaltela.pt\/noticias\/2026\/02\/04\/famalicao-celebra-carnaval-com-atividades-aquaticas\/#breadcrumb"},"inLanguage":"pt-PT","potentialAction":[{"@type":"ReadAction","target":["https:\/\/portaltela.pt\/noticias\/2026\/02\/04\/famalicao-celebra-carnaval-com-atividades-aquaticas\/"]}]},{"@type":"ImageObject","inLanguage":"pt-PT","@id":"https:\/\/portaltela.pt\/noticias\/2026\/02\/04\/famalicao-celebra-carnaval-com-atividades-aquaticas\/#primaryimage","url":"https:\/\/portaltela.pt\/s.01k8rhncp4jt1\/2026\/02\/unnamed-file-1312.jpg","contentUrl":"https:\/\/portaltela.pt\/s.01k8rhncp4jt1\/2026\/02\/unnamed-file-1312.jpg","width":796,"height":448,"caption":"Famalic\u00e3o: Festeje o Carnaval dentro de \u00e1gua"},{"@type":"BreadcrumbList","@id":"https:\/\/portaltela.pt\/noticias\/2026\/02\/04\/famalicao-celebra-carnaval-com-atividades-aquaticas\/#breadcrumb","itemListElement":[{"@type":"ListItem","position":1,"name":"In\u00edcio","item":"https:\/\/portaltela.pt\/"},{"@type":"ListItem","position":2,"name":"Famalic\u00e3o celebra Carnaval com atividades aqu\u00e1ticas"}]},{"@type":"WebSite","@id":"https:\/\/portaltela.pt\/#website","url":"https:\/\/portaltela.pt\/","name":"Portal Tela Portugal","description":"","potentialAction":[{"@type":"SearchAction","target":{"@type":"EntryPoint","urlTemplate":"https:\/\/portaltela.pt\/?s={search_term_string}"},"query-input":{"@type":"PropertyValueSpecification","valueRequired":true,"valueName":"search_term_string"}}],"inLanguage":"pt-PT"},{"@type":"Person","@id":"https:\/\/portaltela.pt\/#\/schema\/person\/c4278d4a6028830caff9ee44b42d32ed","name":"Telinha","image":{"@type":"ImageObject","inLanguage":"pt-PT","@id":"https:\/\/portaltela.pt\/s.01k8rhncp4jt1\/2025\/11\/talking-bot-125x125.png","url":"https:\/\/portaltela.pt\/s.01k8rhncp4jt1\/2025\/11\/talking-bot-125x125.png","contentUrl":"https:\/\/portaltela.pt\/s.01k8rhncp4jt1\/2025\/11\/talking-bot-125x125.png","caption":"Telinha"},"sameAs":["https:\/\/portaltela.pt\/"],"url":"https:\/\/portaltela.pt\/por\/367410592786\/"}]}},"_links":{"self":[{"href":"https:\/\/portaltela.pt\/api\/wp\/v2\/posts\/197365","targetHints":{"allow":["GET"]}}],"collection":[{"href":"https:\/\/portaltela.pt\/api\/wp\/v2\/posts"}],"about":[{"href":"https:\/\/portaltela.pt\/api\/wp\/v2\/types\/post"}],"author":[{"embeddable":true,"href":"https:\/\/portaltela.pt\/api\/wp\/v2\/users\/2"}],"replies":[{"embeddable":true,"href":"https:\/\/portaltela.pt\/api\/wp\/v2\/comments?post=197365"}],"version-history":[{"count":0,"href":"https:\/\/portaltela.pt\/api\/wp\/v2\/posts\/197365\/revisions"}],"wp:featuredmedia":[{"embeddable":true,"href":"https:\/\/portaltela.pt\/api\/wp\/v2\/media\/197383"}],"wp:attachment":[{"href":"https:\/\/portaltela.pt\/api\/wp\/v2\/media?parent=197365"}],"wp:term":[{"taxonomy":"category","embeddable":true,"href":"https:\/\/portaltela.pt\/api\/wp\/v2\/categories?post=197365"},{"taxonomy":"post_tag","embeddable":true,"href":"https:\/\/portaltela.pt\/api\/wp\/v2\/tags?post=197365"}],"curies":[{"name":"wp","href":"https:\/\/api.w.org\/{rel}","templated":true}]}}