{"id":197352,"date":"2026-02-04T13:38:59","date_gmt":"2026-02-04T16:38:59","guid":{"rendered":"https:\/\/portaltela.pt\/noticias\/2026\/02\/04\/meda-envia-apoio-a-marinha-grande-apos-danos-causados-pela-depressao-kristin\/"},"modified":"2026-02-04T13:38:59","modified_gmt":"2026-02-04T16:38:59","slug":"meda-envia-apoio-a-marinha-grande-apos-danos-causados-pela-depressao-kristin","status":"publish","type":"post","link":"https:\/\/portaltela.pt\/noticias\/2026\/02\/04\/meda-envia-apoio-a-marinha-grande-apos-danos-causados-pela-depressao-kristin\/","title":{"rendered":"M\u00eada envia apoio \u00e0 Marinha Grande ap\u00f3s danos causados pela depress\u00e3o Kristin"},"content":{"rendered":"<p>O Munic\u00edpio de M\u00eada enviou hoje, 4 de fevereiro, um cami\u00e3o de apoio log\u00edstico para a Marinha Grande, um dos concelhos mais afetados pelos estragos provocados pela depress\u00e3o Kristin. A medida insere-se no \u00e2mbito da coopera\u00e7\u00e3o entre munic\u00edpios em contextos de emerg\u00eancia.<\/p>\n<p>Apesar de v\u00e1rios territ\u00f3rios da regi\u00e3o Centro terem sofrido impactos significativos, a autarquia optou por apoiar diretamente Marinha Grande, destacando a import\u00e2ncia da entreajuda entre munic\u00edpios para enfrentar situa\u00e7\u00f5es de crise. A decis\u00e3o surge tamb\u00e9m como forma de retribuir a solidariedade recebida em situa\u00e7\u00f5es anteriores, nomeadamente durante os inc\u00eandios que afetaram o concelho.<\/p>\n<p>O donativo inclui 2.560 telhas e 10 lonas enceradas (4&#215;4 m), reunidos com o contributo de empresas locais: Br\u00edgida &amp; Dinis \u2013 Sociedade de Constru\u00e7\u00f5es, Lda; Gualdim Anci\u00e3es Amado &amp; Filhos, Lda; Mateus &amp; Mateus, Lda; e Manuel Gomes Louren\u00e7o, Lda.<\/p>\n<h3>Donativo e empresas envolvidas<\/h3>\n<p>A autarquia agradeceu o apoio das empresas envolvidas e colocou em destaque o esp\u00edrito de uni\u00e3o e entreajuda demonstrado.<\/p>\n","protected":false},"excerpt":{"rendered":"<ul>\n<li>O munic\u00edpio de M\u00eada enviou hoje, 4 de fevereiro, um cami\u00e3o com apoio log\u00edstico para a Marinha Grande, dos concelhos mais afetados pela depress\u00e3o Kristin.<\/li>\n<li>A medida destaca a coopera\u00e7\u00e3o entre munic\u00edpios em situa\u00e7\u00f5es de emerg\u00eancia e surge como forma de retribuir solidariedade j\u00e1 recebida, especialmente ap\u00f3s inc\u00eandios que atingiram o concelho.<\/li>\n<li>O donativo inclui 2.560 telhas e 10 lonas enceradas (4&#215;4 metros), reunidos com apoio de empresas locais.<\/li>\n<li>As empresas envolvidas foram Br\u00edgida &amp; Dinis \u2013 Sociedade de Constru\u00e7\u00f5es, Lda; Gualdim Anci\u00e3es Amado &amp; Filhos, Lda; Mateus &amp; Mateus, Lda; e Manuel Gomes Louren\u00e7o, Lda.<\/li>\n<li>A autarquia agradeceu o contributo das entidades envolvidas e real\u00e7ou o esp\u00edrito de uni\u00e3o e entreajuda demonstrado.<\/li>\n<\/ul>\n","protected":false},"author":2,"featured_media":197364,"comment_status":"closed","ping_status":"closed","sticky":false,"template":"","format":"standard","meta":{"footnotes":""},"categories":[1],"tags":[4818,5215,4654,2697,4643,1355],"class_list":["post-197352","post","type-post","status-publish","format-standard","has-post-thumbnail","hentry","category-noticias","tag-apoio-as-catastrofes-naturais","tag-catastrofes-naturais","tag-cooperacao-institucional","tag-empresas","tag-marinha-grande","tag-meda"],"yoast_head":"<!-- This site is optimized with the Yoast SEO plugin v27.2 - https:\/\/yoast.com\/product\/yoast-seo-wordpress\/ -->\n<title>M\u00eada envia apoio \u00e0 Marinha Grande ap\u00f3s danos causados pela depress\u00e3o Kristin - Portal Tela Portugal<\/title>\n<meta name=\"robots\" content=\"index, follow, max-snippet:-1, max-image-preview:large, max-video-preview:-1\" \/>\n<meta property=\"og:locale\" content=\"pt_PT\" \/>\n<meta property=\"og:type\" content=\"article\" \/>\n<meta property=\"og:title\" content=\"M\u00eada envia apoio \u00e0 Marinha Grande ap\u00f3s danos causados pela depress\u00e3o Kristin - Portal Tela Portugal\" \/>\n<meta property=\"og:description\" content=\"O munic\u00edpio de M\u00eada enviou hoje, 4 de fevereiro, um cami\u00e3o com apoio log\u00edstico para a Marinha Grande, dos concelhos mais afetados pela depress\u00e3o Kristin. A medida destaca a coopera\u00e7\u00e3o entre munic\u00edpios em situa\u00e7\u00f5es de emerg\u00eancia e surge como forma de retribuir solidariedade j\u00e1 recebida, especialmente ap\u00f3s inc\u00eandios que atingiram o concelho. O donativo inclui 2.560 telhas e 10 lonas enceradas (4x4 metros), reunidos com apoio de empresas locais. As empresas envolvidas foram Br\u00edgida &amp; Dinis \u2013 Sociedade de Constru\u00e7\u00f5es, Lda; Gualdim Anci\u00e3es Amado &amp; Filhos, Lda; Mateus &amp; Mateus, Lda; e Manuel Gomes Louren\u00e7o, Lda. A autarquia agradeceu o contributo das entidades envolvidas e real\u00e7ou o esp\u00edrito de uni\u00e3o e entreajuda demonstrado.\" \/>\n<meta property=\"og:url\" content=\"https:\/\/portaltela.pt\/noticias\/2026\/02\/04\/meda-envia-apoio-a-marinha-grande-apos-danos-causados-pela-depressao-kristin\/\" \/>\n<meta property=\"og:site_name\" content=\"Portal Tela Portugal\" \/>\n<meta property=\"article:published_time\" content=\"2026-02-04T16:38:59+00:00\" \/>\n<meta name=\"author\" content=\"Telinha\" \/>\n<meta name=\"twitter:card\" content=\"summary_large_image\" \/>\n<meta name=\"twitter:label1\" content=\"Escrito por\" \/>\n\t<meta name=\"twitter:data1\" content=\"Telinha\" \/>\n\t<meta name=\"twitter:label2\" content=\"Tempo estimado de leitura\" \/>\n\t<meta name=\"twitter:data2\" content=\"1 minuto\" \/>\n<script type=\"application\/ld+json\" class=\"yoast-schema-graph\">{\"@context\":\"https:\/\/schema.org\",\"@graph\":[{\"@type\":\"Article\",\"@id\":\"https:\/\/portaltela.pt\/noticias\/2026\/02\/04\/meda-envia-apoio-a-marinha-grande-apos-danos-causados-pela-depressao-kristin\/#article\",\"isPartOf\":{\"@id\":\"https:\/\/portaltela.pt\/noticias\/2026\/02\/04\/meda-envia-apoio-a-marinha-grande-apos-danos-causados-pela-depressao-kristin\/\"},\"author\":{\"name\":\"Telinha\",\"@id\":\"https:\/\/portaltela.pt\/#\/schema\/person\/c4278d4a6028830caff9ee44b42d32ed\"},\"headline\":\"M\u00eada envia apoio \u00e0 Marinha Grande ap\u00f3s danos causados pela depress\u00e3o Kristin\",\"datePublished\":\"2026-02-04T16:38:59+00:00\",\"mainEntityOfPage\":{\"@id\":\"https:\/\/portaltela.pt\/noticias\/2026\/02\/04\/meda-envia-apoio-a-marinha-grande-apos-danos-causados-pela-depressao-kristin\/\"},\"wordCount\":193,\"image\":{\"@id\":\"https:\/\/portaltela.pt\/noticias\/2026\/02\/04\/meda-envia-apoio-a-marinha-grande-apos-danos-causados-pela-depressao-kristin\/#primaryimage\"},\"thumbnailUrl\":\"https:\/\/portaltela.pt\/s.01k8rhncp4jt1\/2026\/02\/unnamed-file-1310.jpg\",\"keywords\":[\"Apoio \u00e0s Cat\u00e1strofes Naturais\",\"cat\u00e1strofes naturais\",\"coopera\u00e7\u00e3o institucional\",\"empresas\",\"Marinha Grande\",\"M\u00eada\"],\"articleSection\":[\"Not\u00edcias\"],\"inLanguage\":\"pt-PT\"},{\"@type\":\"WebPage\",\"@id\":\"https:\/\/portaltela.pt\/noticias\/2026\/02\/04\/meda-envia-apoio-a-marinha-grande-apos-danos-causados-pela-depressao-kristin\/\",\"url\":\"https:\/\/portaltela.pt\/noticias\/2026\/02\/04\/meda-envia-apoio-a-marinha-grande-apos-danos-causados-pela-depressao-kristin\/\",\"name\":\"M\u00eada envia apoio \u00e0 Marinha Grande ap\u00f3s danos causados pela depress\u00e3o Kristin - Portal Tela Portugal\",\"isPartOf\":{\"@id\":\"https:\/\/portaltela.pt\/#website\"},\"primaryImageOfPage\":{\"@id\":\"https:\/\/portaltela.pt\/noticias\/2026\/02\/04\/meda-envia-apoio-a-marinha-grande-apos-danos-causados-pela-depressao-kristin\/#primaryimage\"},\"image\":{\"@id\":\"https:\/\/portaltela.pt\/noticias\/2026\/02\/04\/meda-envia-apoio-a-marinha-grande-apos-danos-causados-pela-depressao-kristin\/#primaryimage\"},\"thumbnailUrl\":\"https:\/\/portaltela.pt\/s.01k8rhncp4jt1\/2026\/02\/unnamed-file-1310.jpg\",\"datePublished\":\"2026-02-04T16:38:59+00:00\",\"author\":{\"@id\":\"https:\/\/portaltela.pt\/#\/schema\/person\/c4278d4a6028830caff9ee44b42d32ed\"},\"breadcrumb\":{\"@id\":\"https:\/\/portaltela.pt\/noticias\/2026\/02\/04\/meda-envia-apoio-a-marinha-grande-apos-danos-causados-pela-depressao-kristin\/#breadcrumb\"},\"inLanguage\":\"pt-PT\",\"potentialAction\":[{\"@type\":\"ReadAction\",\"target\":[\"https:\/\/portaltela.pt\/noticias\/2026\/02\/04\/meda-envia-apoio-a-marinha-grande-apos-danos-causados-pela-depressao-kristin\/\"]}]},{\"@type\":\"ImageObject\",\"inLanguage\":\"pt-PT\",\"@id\":\"https:\/\/portaltela.pt\/noticias\/2026\/02\/04\/meda-envia-apoio-a-marinha-grande-apos-danos-causados-pela-depressao-kristin\/#primaryimage\",\"url\":\"https:\/\/portaltela.pt\/s.01k8rhncp4jt1\/2026\/02\/unnamed-file-1310.jpg\",\"contentUrl\":\"https:\/\/portaltela.pt\/s.01k8rhncp4jt1\/2026\/02\/unnamed-file-1310.jpg\",\"width\":796,\"height\":448,\"caption\":\"M\u00caDA: Munic\u00edpio envia apoio solid\u00e1rio para a Marinha Grande ap\u00f3s danos da depress\u00e3o Kristin\"},{\"@type\":\"BreadcrumbList\",\"@id\":\"https:\/\/portaltela.pt\/noticias\/2026\/02\/04\/meda-envia-apoio-a-marinha-grande-apos-danos-causados-pela-depressao-kristin\/#breadcrumb\",\"itemListElement\":[{\"@type\":\"ListItem\",\"position\":1,\"name\":\"In\u00edcio\",\"item\":\"https:\/\/portaltela.pt\/\"},{\"@type\":\"ListItem\",\"position\":2,\"name\":\"M\u00eada envia apoio \u00e0 Marinha Grande ap\u00f3s danos causados pela depress\u00e3o Kristin\"}]},{\"@type\":\"WebSite\",\"@id\":\"https:\/\/portaltela.pt\/#website\",\"url\":\"https:\/\/portaltela.pt\/\",\"name\":\"Portal Tela Portugal\",\"description\":\"\",\"potentialAction\":[{\"@type\":\"SearchAction\",\"target\":{\"@type\":\"EntryPoint\",\"urlTemplate\":\"https:\/\/portaltela.pt\/?s={search_term_string}\"},\"query-input\":{\"@type\":\"PropertyValueSpecification\",\"valueRequired\":true,\"valueName\":\"search_term_string\"}}],\"inLanguage\":\"pt-PT\"},{\"@type\":\"Person\",\"@id\":\"https:\/\/portaltela.pt\/#\/schema\/person\/c4278d4a6028830caff9ee44b42d32ed\",\"name\":\"Telinha\",\"image\":{\"@type\":\"ImageObject\",\"inLanguage\":\"pt-PT\",\"@id\":\"https:\/\/portaltela.pt\/s.01k8rhncp4jt1\/2025\/11\/talking-bot-125x125.png\",\"url\":\"https:\/\/portaltela.pt\/s.01k8rhncp4jt1\/2025\/11\/talking-bot-125x125.png\",\"contentUrl\":\"https:\/\/portaltela.pt\/s.01k8rhncp4jt1\/2025\/11\/talking-bot-125x125.png\",\"caption\":\"Telinha\"},\"sameAs\":[\"https:\/\/portaltela.pt\/\"],\"url\":\"https:\/\/portaltela.pt\/por\/367410592786\/\"}]}<\/script>\n<!-- \/ Yoast SEO plugin. -->","yoast_head_json":{"title":"M\u00eada envia apoio \u00e0 Marinha Grande ap\u00f3s danos causados pela depress\u00e3o Kristin - Portal Tela Portugal","robots":{"index":"index","follow":"follow","max-snippet":"max-snippet:-1","max-image-preview":"max-image-preview:large","max-video-preview":"max-video-preview:-1"},"og_locale":"pt_PT","og_type":"article","og_title":"M\u00eada envia apoio \u00e0 Marinha Grande ap\u00f3s danos causados pela depress\u00e3o Kristin - Portal Tela Portugal","og_description":"O munic\u00edpio de M\u00eada enviou hoje, 4 de fevereiro, um cami\u00e3o com apoio log\u00edstico para a Marinha Grande, dos concelhos mais afetados pela depress\u00e3o Kristin. A medida destaca a coopera\u00e7\u00e3o entre munic\u00edpios em situa\u00e7\u00f5es de emerg\u00eancia e surge como forma de retribuir solidariedade j\u00e1 recebida, especialmente ap\u00f3s inc\u00eandios que atingiram o concelho. O donativo inclui 2.560 telhas e 10 lonas enceradas (4x4 metros), reunidos com apoio de empresas locais. As empresas envolvidas foram Br\u00edgida &amp; Dinis \u2013 Sociedade de Constru\u00e7\u00f5es, Lda; Gualdim Anci\u00e3es Amado &amp; Filhos, Lda; Mateus &amp; Mateus, Lda; e Manuel Gomes Louren\u00e7o, Lda. A autarquia agradeceu o contributo das entidades envolvidas e real\u00e7ou o esp\u00edrito de uni\u00e3o e entreajuda demonstrado.","og_url":"https:\/\/portaltela.pt\/noticias\/2026\/02\/04\/meda-envia-apoio-a-marinha-grande-apos-danos-causados-pela-depressao-kristin\/","og_site_name":"Portal Tela Portugal","article_published_time":"2026-02-04T16:38:59+00:00","author":"Telinha","twitter_card":"summary_large_image","twitter_misc":{"Escrito por":"Telinha","Tempo estimado de leitura":"1 minuto"},"schema":{"@context":"https:\/\/schema.org","@graph":[{"@type":"Article","@id":"https:\/\/portaltela.pt\/noticias\/2026\/02\/04\/meda-envia-apoio-a-marinha-grande-apos-danos-causados-pela-depressao-kristin\/#article","isPartOf":{"@id":"https:\/\/portaltela.pt\/noticias\/2026\/02\/04\/meda-envia-apoio-a-marinha-grande-apos-danos-causados-pela-depressao-kristin\/"},"author":{"name":"Telinha","@id":"https:\/\/portaltela.pt\/#\/schema\/person\/c4278d4a6028830caff9ee44b42d32ed"},"headline":"M\u00eada envia apoio \u00e0 Marinha Grande ap\u00f3s danos causados pela depress\u00e3o Kristin","datePublished":"2026-02-04T16:38:59+00:00","mainEntityOfPage":{"@id":"https:\/\/portaltela.pt\/noticias\/2026\/02\/04\/meda-envia-apoio-a-marinha-grande-apos-danos-causados-pela-depressao-kristin\/"},"wordCount":193,"image":{"@id":"https:\/\/portaltela.pt\/noticias\/2026\/02\/04\/meda-envia-apoio-a-marinha-grande-apos-danos-causados-pela-depressao-kristin\/#primaryimage"},"thumbnailUrl":"https:\/\/portaltela.pt\/s.01k8rhncp4jt1\/2026\/02\/unnamed-file-1310.jpg","keywords":["Apoio \u00e0s Cat\u00e1strofes Naturais","cat\u00e1strofes naturais","coopera\u00e7\u00e3o institucional","empresas","Marinha Grande","M\u00eada"],"articleSection":["Not\u00edcias"],"inLanguage":"pt-PT"},{"@type":"WebPage","@id":"https:\/\/portaltela.pt\/noticias\/2026\/02\/04\/meda-envia-apoio-a-marinha-grande-apos-danos-causados-pela-depressao-kristin\/","url":"https:\/\/portaltela.pt\/noticias\/2026\/02\/04\/meda-envia-apoio-a-marinha-grande-apos-danos-causados-pela-depressao-kristin\/","name":"M\u00eada envia apoio \u00e0 Marinha Grande ap\u00f3s danos causados pela depress\u00e3o Kristin - Portal Tela Portugal","isPartOf":{"@id":"https:\/\/portaltela.pt\/#website"},"primaryImageOfPage":{"@id":"https:\/\/portaltela.pt\/noticias\/2026\/02\/04\/meda-envia-apoio-a-marinha-grande-apos-danos-causados-pela-depressao-kristin\/#primaryimage"},"image":{"@id":"https:\/\/portaltela.pt\/noticias\/2026\/02\/04\/meda-envia-apoio-a-marinha-grande-apos-danos-causados-pela-depressao-kristin\/#primaryimage"},"thumbnailUrl":"https:\/\/portaltela.pt\/s.01k8rhncp4jt1\/2026\/02\/unnamed-file-1310.jpg","datePublished":"2026-02-04T16:38:59+00:00","author":{"@id":"https:\/\/portaltela.pt\/#\/schema\/person\/c4278d4a6028830caff9ee44b42d32ed"},"breadcrumb":{"@id":"https:\/\/portaltela.pt\/noticias\/2026\/02\/04\/meda-envia-apoio-a-marinha-grande-apos-danos-causados-pela-depressao-kristin\/#breadcrumb"},"inLanguage":"pt-PT","potentialAction":[{"@type":"ReadAction","target":["https:\/\/portaltela.pt\/noticias\/2026\/02\/04\/meda-envia-apoio-a-marinha-grande-apos-danos-causados-pela-depressao-kristin\/"]}]},{"@type":"ImageObject","inLanguage":"pt-PT","@id":"https:\/\/portaltela.pt\/noticias\/2026\/02\/04\/meda-envia-apoio-a-marinha-grande-apos-danos-causados-pela-depressao-kristin\/#primaryimage","url":"https:\/\/portaltela.pt\/s.01k8rhncp4jt1\/2026\/02\/unnamed-file-1310.jpg","contentUrl":"https:\/\/portaltela.pt\/s.01k8rhncp4jt1\/2026\/02\/unnamed-file-1310.jpg","width":796,"height":448,"caption":"M\u00caDA: Munic\u00edpio envia apoio solid\u00e1rio para a Marinha Grande ap\u00f3s danos da depress\u00e3o Kristin"},{"@type":"BreadcrumbList","@id":"https:\/\/portaltela.pt\/noticias\/2026\/02\/04\/meda-envia-apoio-a-marinha-grande-apos-danos-causados-pela-depressao-kristin\/#breadcrumb","itemListElement":[{"@type":"ListItem","position":1,"name":"In\u00edcio","item":"https:\/\/portaltela.pt\/"},{"@type":"ListItem","position":2,"name":"M\u00eada envia apoio \u00e0 Marinha Grande ap\u00f3s danos causados pela depress\u00e3o Kristin"}]},{"@type":"WebSite","@id":"https:\/\/portaltela.pt\/#website","url":"https:\/\/portaltela.pt\/","name":"Portal Tela Portugal","description":"","potentialAction":[{"@type":"SearchAction","target":{"@type":"EntryPoint","urlTemplate":"https:\/\/portaltela.pt\/?s={search_term_string}"},"query-input":{"@type":"PropertyValueSpecification","valueRequired":true,"valueName":"search_term_string"}}],"inLanguage":"pt-PT"},{"@type":"Person","@id":"https:\/\/portaltela.pt\/#\/schema\/person\/c4278d4a6028830caff9ee44b42d32ed","name":"Telinha","image":{"@type":"ImageObject","inLanguage":"pt-PT","@id":"https:\/\/portaltela.pt\/s.01k8rhncp4jt1\/2025\/11\/talking-bot-125x125.png","url":"https:\/\/portaltela.pt\/s.01k8rhncp4jt1\/2025\/11\/talking-bot-125x125.png","contentUrl":"https:\/\/portaltela.pt\/s.01k8rhncp4jt1\/2025\/11\/talking-bot-125x125.png","caption":"Telinha"},"sameAs":["https:\/\/portaltela.pt\/"],"url":"https:\/\/portaltela.pt\/por\/367410592786\/"}]}},"_links":{"self":[{"href":"https:\/\/portaltela.pt\/api\/wp\/v2\/posts\/197352","targetHints":{"allow":["GET"]}}],"collection":[{"href":"https:\/\/portaltela.pt\/api\/wp\/v2\/posts"}],"about":[{"href":"https:\/\/portaltela.pt\/api\/wp\/v2\/types\/post"}],"author":[{"embeddable":true,"href":"https:\/\/portaltela.pt\/api\/wp\/v2\/users\/2"}],"replies":[{"embeddable":true,"href":"https:\/\/portaltela.pt\/api\/wp\/v2\/comments?post=197352"}],"version-history":[{"count":0,"href":"https:\/\/portaltela.pt\/api\/wp\/v2\/posts\/197352\/revisions"}],"wp:featuredmedia":[{"embeddable":true,"href":"https:\/\/portaltela.pt\/api\/wp\/v2\/media\/197364"}],"wp:attachment":[{"href":"https:\/\/portaltela.pt\/api\/wp\/v2\/media?parent=197352"}],"wp:term":[{"taxonomy":"category","embeddable":true,"href":"https:\/\/portaltela.pt\/api\/wp\/v2\/categories?post=197352"},{"taxonomy":"post_tag","embeddable":true,"href":"https:\/\/portaltela.pt\/api\/wp\/v2\/tags?post=197352"}],"curies":[{"name":"wp","href":"https:\/\/api.w.org\/{rel}","templated":true}]}}