{"id":197336,"date":"2026-02-04T13:46:00","date_gmt":"2026-02-04T16:46:00","guid":{"rendered":"https:\/\/portaltela.pt\/noticias\/2026\/02\/04\/viseu-os-super-saudaveis-regressam-a-sete-escolas-do-concelho\/"},"modified":"2026-02-04T13:46:00","modified_gmt":"2026-02-04T16:46:00","slug":"viseu-os-super-saudaveis-regressam-a-sete-escolas-do-concelho","status":"publish","type":"post","link":"https:\/\/portaltela.pt\/noticias\/2026\/02\/04\/viseu-os-super-saudaveis-regressam-a-sete-escolas-do-concelho\/","title":{"rendered":"Viseu: Os Super Saud\u00e1veis regressam a sete escolas do concelho"},"content":{"rendered":"<p>O projeto de educa\u00e7\u00e3o alimentar Os Super Saud\u00e1veis regressa a Viseu, promovido pela Liga Portuguesa Contra o Cancro (LPCC). A iniciativa, dirigida a alunos do 1.\u00ba ciclo do Ensino B\u00e1sico, arrancou no Dia Mundial do Cancro, a 4 de fevereiro, para refor\u00e7ar a rela\u00e7\u00e3o entre h\u00e1bitos saud\u00e1veis e preven\u00e7\u00e3o.<\/p>\n<p>A edi\u00e7\u00e3o visa promover a Roda dos Alimentos, incentivar a diversidade alimentar e reduzir o consumo de ultraprocessados. O programa tamb\u00e9m pretende capacitar pais e encarregados de educa\u00e7\u00e3o para escolhas nutricionais mais adequadas.<\/p>\n<h3>Fases e abrang\u00eancia<\/h3>\n<p>Em Viseu, o projeto decorre em duas fases: <strong>Super Saud\u00e1veis<\/strong> (4 de fevereiro a 6 de mar\u00e7o) e <strong>Lanches Saud\u00e1veis<\/strong> (4 de maio a 5 de junho). Ser\u00e3o envolvidas sete escolas de tr\u00eas agrupamentos e duas institui\u00e7\u00f5es privadas.<\/p>\n<p>A iniciativa envolve 10 turmas e 209 alunos. Participam os agrupamentos de Viso, Mund\u00e3o e Infante D. Henrique, bem como os Col\u00e9gios da Via Sacra e Imaculada Concei\u00e7\u00e3o.<\/p>\n","protected":false},"excerpt":{"rendered":"<ul>\n<li>Novo ciclo do projeto Os Super Saud\u00e1veis chega a Viseu, promovido pela Liga Portuguesa Contra o Cancro, dirigido a crian\u00e7as do 1.\u00ba ciclo do ensino b\u00e1sico.<\/li>\n<li>Arranque simb\u00f3lico no Dia Mundial do Cancro, a 4 de fevereiro, para associar h\u00e1bitos de vida saud\u00e1veis \u00e0 preven\u00e7\u00e3o da doen\u00e7a.<\/li>\n<li>Baseado na Roda dos Alimentos, pretende promover h\u00e1bitos alimentares saud\u00e1veis, diversidade alimentar e reduzir ultraprocessados, al\u00e9m de capacitar pais.<\/li>\n<li>Em Viseu, o programa ocorre em duas fases: Super Saud\u00e1veis (4 de fevereiro a 6 de mar\u00e7o) e Lanches Saud\u00e1veis (4 de maio a 5 de junho).<\/li>\n<li>Abrange sete escolas de tr\u00eas agrupamentos (Viso, Mund\u00e3o, Infante D. Henrique) e dois col\u00e9gios privados (Via Sacra e Imaculada Concei\u00e7\u00e3o), envolvendo dez turmas e duzentos e nove alunos.<\/li>\n<\/ul>\n","protected":false},"author":2,"featured_media":197342,"comment_status":"closed","ping_status":"closed","sticky":false,"template":"","format":"standard","meta":{"footnotes":""},"categories":[1],"tags":[86,2072,163,4995,172,1171],"class_list":["post-197336","post","type-post","status-publish","format-standard","has-post-thumbnail","hentry","category-noticias","tag-alimentacao","tag-alimentacao-escolar","tag-educacao","tag-educacao-alimentar","tag-saude","tag-viseu"],"yoast_head":"<!-- This site is optimized with the Yoast SEO plugin v27.2 - https:\/\/yoast.com\/product\/yoast-seo-wordpress\/ -->\n<title>Viseu: Os Super Saud\u00e1veis regressam a sete escolas do concelho - Portal Tela Portugal<\/title>\n<meta name=\"robots\" content=\"index, follow, max-snippet:-1, max-image-preview:large, max-video-preview:-1\" \/>\n<meta property=\"og:locale\" content=\"pt_PT\" \/>\n<meta property=\"og:type\" content=\"article\" \/>\n<meta property=\"og:title\" content=\"Viseu: Os Super Saud\u00e1veis regressam a sete escolas do concelho - Portal Tela Portugal\" \/>\n<meta property=\"og:description\" content=\"Novo ciclo do projeto Os Super Saud\u00e1veis chega a Viseu, promovido pela Liga Portuguesa Contra o Cancro, dirigido a crian\u00e7as do 1.\u00ba ciclo do ensino b\u00e1sico. Arranque simb\u00f3lico no Dia Mundial do Cancro, a 4 de fevereiro, para associar h\u00e1bitos de vida saud\u00e1veis \u00e0 preven\u00e7\u00e3o da doen\u00e7a. Baseado na Roda dos Alimentos, pretende promover h\u00e1bitos alimentares saud\u00e1veis, diversidade alimentar e reduzir ultraprocessados, al\u00e9m de capacitar pais. Em Viseu, o programa ocorre em duas fases: Super Saud\u00e1veis (4 de fevereiro a 6 de mar\u00e7o) e Lanches Saud\u00e1veis (4 de maio a 5 de junho). Abrange sete escolas de tr\u00eas agrupamentos (Viso, Mund\u00e3o, Infante D. Henrique) e dois col\u00e9gios privados (Via Sacra e Imaculada Concei\u00e7\u00e3o), envolvendo dez turmas e duzentos e nove alunos.\" \/>\n<meta property=\"og:url\" content=\"https:\/\/portaltela.pt\/noticias\/2026\/02\/04\/viseu-os-super-saudaveis-regressam-a-sete-escolas-do-concelho\/\" \/>\n<meta property=\"og:site_name\" content=\"Portal Tela Portugal\" \/>\n<meta property=\"article:published_time\" content=\"2026-02-04T16:46:00+00:00\" \/>\n<meta name=\"author\" content=\"Telinha\" \/>\n<meta name=\"twitter:card\" content=\"summary_large_image\" \/>\n<meta name=\"twitter:label1\" content=\"Escrito por\" \/>\n\t<meta name=\"twitter:data1\" content=\"Telinha\" \/>\n\t<meta name=\"twitter:label2\" content=\"Tempo estimado de leitura\" \/>\n\t<meta name=\"twitter:data2\" content=\"1 minuto\" \/>\n<script type=\"application\/ld+json\" class=\"yoast-schema-graph\">{\"@context\":\"https:\/\/schema.org\",\"@graph\":[{\"@type\":\"Article\",\"@id\":\"https:\/\/portaltela.pt\/noticias\/2026\/02\/04\/viseu-os-super-saudaveis-regressam-a-sete-escolas-do-concelho\/#article\",\"isPartOf\":{\"@id\":\"https:\/\/portaltela.pt\/noticias\/2026\/02\/04\/viseu-os-super-saudaveis-regressam-a-sete-escolas-do-concelho\/\"},\"author\":{\"name\":\"Telinha\",\"@id\":\"https:\/\/portaltela.pt\/#\/schema\/person\/c4278d4a6028830caff9ee44b42d32ed\"},\"headline\":\"Viseu: Os Super Saud\u00e1veis regressam a sete escolas do concelho\",\"datePublished\":\"2026-02-04T16:46:00+00:00\",\"mainEntityOfPage\":{\"@id\":\"https:\/\/portaltela.pt\/noticias\/2026\/02\/04\/viseu-os-super-saudaveis-regressam-a-sete-escolas-do-concelho\/\"},\"wordCount\":175,\"image\":{\"@id\":\"https:\/\/portaltela.pt\/noticias\/2026\/02\/04\/viseu-os-super-saudaveis-regressam-a-sete-escolas-do-concelho\/#primaryimage\"},\"thumbnailUrl\":\"https:\/\/portaltela.pt\/s.01k8rhncp4jt1\/2026\/02\/super-saudaveis-cm-viseu.jpg\",\"keywords\":[\"alimenta\u00e7\u00e3o\",\"alimenta\u00e7\u00e3o escolar\",\"educa\u00e7\u00e3o\",\"educa\u00e7\u00e3o alimentar\",\"sa\u00fade\",\"Viseu\"],\"articleSection\":[\"Not\u00edcias\"],\"inLanguage\":\"pt-PT\"},{\"@type\":\"WebPage\",\"@id\":\"https:\/\/portaltela.pt\/noticias\/2026\/02\/04\/viseu-os-super-saudaveis-regressam-a-sete-escolas-do-concelho\/\",\"url\":\"https:\/\/portaltela.pt\/noticias\/2026\/02\/04\/viseu-os-super-saudaveis-regressam-a-sete-escolas-do-concelho\/\",\"name\":\"Viseu: Os Super Saud\u00e1veis regressam a sete escolas do concelho - Portal Tela Portugal\",\"isPartOf\":{\"@id\":\"https:\/\/portaltela.pt\/#website\"},\"primaryImageOfPage\":{\"@id\":\"https:\/\/portaltela.pt\/noticias\/2026\/02\/04\/viseu-os-super-saudaveis-regressam-a-sete-escolas-do-concelho\/#primaryimage\"},\"image\":{\"@id\":\"https:\/\/portaltela.pt\/noticias\/2026\/02\/04\/viseu-os-super-saudaveis-regressam-a-sete-escolas-do-concelho\/#primaryimage\"},\"thumbnailUrl\":\"https:\/\/portaltela.pt\/s.01k8rhncp4jt1\/2026\/02\/super-saudaveis-cm-viseu.jpg\",\"datePublished\":\"2026-02-04T16:46:00+00:00\",\"author\":{\"@id\":\"https:\/\/portaltela.pt\/#\/schema\/person\/c4278d4a6028830caff9ee44b42d32ed\"},\"breadcrumb\":{\"@id\":\"https:\/\/portaltela.pt\/noticias\/2026\/02\/04\/viseu-os-super-saudaveis-regressam-a-sete-escolas-do-concelho\/#breadcrumb\"},\"inLanguage\":\"pt-PT\",\"potentialAction\":[{\"@type\":\"ReadAction\",\"target\":[\"https:\/\/portaltela.pt\/noticias\/2026\/02\/04\/viseu-os-super-saudaveis-regressam-a-sete-escolas-do-concelho\/\"]}]},{\"@type\":\"ImageObject\",\"inLanguage\":\"pt-PT\",\"@id\":\"https:\/\/portaltela.pt\/noticias\/2026\/02\/04\/viseu-os-super-saudaveis-regressam-a-sete-escolas-do-concelho\/#primaryimage\",\"url\":\"https:\/\/portaltela.pt\/s.01k8rhncp4jt1\/2026\/02\/super-saudaveis-cm-viseu.jpg\",\"contentUrl\":\"https:\/\/portaltela.pt\/s.01k8rhncp4jt1\/2026\/02\/super-saudaveis-cm-viseu.jpg\",\"width\":796,\"height\":448,\"caption\":\"Viseu: \u2018Os Super Saud\u00e1veis\u2019 regressam a sete escolas do concelho\"},{\"@type\":\"BreadcrumbList\",\"@id\":\"https:\/\/portaltela.pt\/noticias\/2026\/02\/04\/viseu-os-super-saudaveis-regressam-a-sete-escolas-do-concelho\/#breadcrumb\",\"itemListElement\":[{\"@type\":\"ListItem\",\"position\":1,\"name\":\"In\u00edcio\",\"item\":\"https:\/\/portaltela.pt\/\"},{\"@type\":\"ListItem\",\"position\":2,\"name\":\"Viseu: Os Super Saud\u00e1veis regressam a sete escolas do concelho\"}]},{\"@type\":\"WebSite\",\"@id\":\"https:\/\/portaltela.pt\/#website\",\"url\":\"https:\/\/portaltela.pt\/\",\"name\":\"Portal Tela Portugal\",\"description\":\"\",\"potentialAction\":[{\"@type\":\"SearchAction\",\"target\":{\"@type\":\"EntryPoint\",\"urlTemplate\":\"https:\/\/portaltela.pt\/?s={search_term_string}\"},\"query-input\":{\"@type\":\"PropertyValueSpecification\",\"valueRequired\":true,\"valueName\":\"search_term_string\"}}],\"inLanguage\":\"pt-PT\"},{\"@type\":\"Person\",\"@id\":\"https:\/\/portaltela.pt\/#\/schema\/person\/c4278d4a6028830caff9ee44b42d32ed\",\"name\":\"Telinha\",\"image\":{\"@type\":\"ImageObject\",\"inLanguage\":\"pt-PT\",\"@id\":\"https:\/\/portaltela.pt\/s.01k8rhncp4jt1\/2025\/11\/talking-bot-125x125.png\",\"url\":\"https:\/\/portaltela.pt\/s.01k8rhncp4jt1\/2025\/11\/talking-bot-125x125.png\",\"contentUrl\":\"https:\/\/portaltela.pt\/s.01k8rhncp4jt1\/2025\/11\/talking-bot-125x125.png\",\"caption\":\"Telinha\"},\"sameAs\":[\"https:\/\/portaltela.pt\/\"],\"url\":\"https:\/\/portaltela.pt\/por\/367410592786\/\"}]}<\/script>\n<!-- \/ Yoast SEO plugin. -->","yoast_head_json":{"title":"Viseu: Os Super Saud\u00e1veis regressam a sete escolas do concelho - Portal Tela Portugal","robots":{"index":"index","follow":"follow","max-snippet":"max-snippet:-1","max-image-preview":"max-image-preview:large","max-video-preview":"max-video-preview:-1"},"og_locale":"pt_PT","og_type":"article","og_title":"Viseu: Os Super Saud\u00e1veis regressam a sete escolas do concelho - Portal Tela Portugal","og_description":"Novo ciclo do projeto Os Super Saud\u00e1veis chega a Viseu, promovido pela Liga Portuguesa Contra o Cancro, dirigido a crian\u00e7as do 1.\u00ba ciclo do ensino b\u00e1sico. Arranque simb\u00f3lico no Dia Mundial do Cancro, a 4 de fevereiro, para associar h\u00e1bitos de vida saud\u00e1veis \u00e0 preven\u00e7\u00e3o da doen\u00e7a. Baseado na Roda dos Alimentos, pretende promover h\u00e1bitos alimentares saud\u00e1veis, diversidade alimentar e reduzir ultraprocessados, al\u00e9m de capacitar pais. Em Viseu, o programa ocorre em duas fases: Super Saud\u00e1veis (4 de fevereiro a 6 de mar\u00e7o) e Lanches Saud\u00e1veis (4 de maio a 5 de junho). Abrange sete escolas de tr\u00eas agrupamentos (Viso, Mund\u00e3o, Infante D. Henrique) e dois col\u00e9gios privados (Via Sacra e Imaculada Concei\u00e7\u00e3o), envolvendo dez turmas e duzentos e nove alunos.","og_url":"https:\/\/portaltela.pt\/noticias\/2026\/02\/04\/viseu-os-super-saudaveis-regressam-a-sete-escolas-do-concelho\/","og_site_name":"Portal Tela Portugal","article_published_time":"2026-02-04T16:46:00+00:00","author":"Telinha","twitter_card":"summary_large_image","twitter_misc":{"Escrito por":"Telinha","Tempo estimado de leitura":"1 minuto"},"schema":{"@context":"https:\/\/schema.org","@graph":[{"@type":"Article","@id":"https:\/\/portaltela.pt\/noticias\/2026\/02\/04\/viseu-os-super-saudaveis-regressam-a-sete-escolas-do-concelho\/#article","isPartOf":{"@id":"https:\/\/portaltela.pt\/noticias\/2026\/02\/04\/viseu-os-super-saudaveis-regressam-a-sete-escolas-do-concelho\/"},"author":{"name":"Telinha","@id":"https:\/\/portaltela.pt\/#\/schema\/person\/c4278d4a6028830caff9ee44b42d32ed"},"headline":"Viseu: Os Super Saud\u00e1veis regressam a sete escolas do concelho","datePublished":"2026-02-04T16:46:00+00:00","mainEntityOfPage":{"@id":"https:\/\/portaltela.pt\/noticias\/2026\/02\/04\/viseu-os-super-saudaveis-regressam-a-sete-escolas-do-concelho\/"},"wordCount":175,"image":{"@id":"https:\/\/portaltela.pt\/noticias\/2026\/02\/04\/viseu-os-super-saudaveis-regressam-a-sete-escolas-do-concelho\/#primaryimage"},"thumbnailUrl":"https:\/\/portaltela.pt\/s.01k8rhncp4jt1\/2026\/02\/super-saudaveis-cm-viseu.jpg","keywords":["alimenta\u00e7\u00e3o","alimenta\u00e7\u00e3o escolar","educa\u00e7\u00e3o","educa\u00e7\u00e3o alimentar","sa\u00fade","Viseu"],"articleSection":["Not\u00edcias"],"inLanguage":"pt-PT"},{"@type":"WebPage","@id":"https:\/\/portaltela.pt\/noticias\/2026\/02\/04\/viseu-os-super-saudaveis-regressam-a-sete-escolas-do-concelho\/","url":"https:\/\/portaltela.pt\/noticias\/2026\/02\/04\/viseu-os-super-saudaveis-regressam-a-sete-escolas-do-concelho\/","name":"Viseu: Os Super Saud\u00e1veis regressam a sete escolas do concelho - Portal Tela Portugal","isPartOf":{"@id":"https:\/\/portaltela.pt\/#website"},"primaryImageOfPage":{"@id":"https:\/\/portaltela.pt\/noticias\/2026\/02\/04\/viseu-os-super-saudaveis-regressam-a-sete-escolas-do-concelho\/#primaryimage"},"image":{"@id":"https:\/\/portaltela.pt\/noticias\/2026\/02\/04\/viseu-os-super-saudaveis-regressam-a-sete-escolas-do-concelho\/#primaryimage"},"thumbnailUrl":"https:\/\/portaltela.pt\/s.01k8rhncp4jt1\/2026\/02\/super-saudaveis-cm-viseu.jpg","datePublished":"2026-02-04T16:46:00+00:00","author":{"@id":"https:\/\/portaltela.pt\/#\/schema\/person\/c4278d4a6028830caff9ee44b42d32ed"},"breadcrumb":{"@id":"https:\/\/portaltela.pt\/noticias\/2026\/02\/04\/viseu-os-super-saudaveis-regressam-a-sete-escolas-do-concelho\/#breadcrumb"},"inLanguage":"pt-PT","potentialAction":[{"@type":"ReadAction","target":["https:\/\/portaltela.pt\/noticias\/2026\/02\/04\/viseu-os-super-saudaveis-regressam-a-sete-escolas-do-concelho\/"]}]},{"@type":"ImageObject","inLanguage":"pt-PT","@id":"https:\/\/portaltela.pt\/noticias\/2026\/02\/04\/viseu-os-super-saudaveis-regressam-a-sete-escolas-do-concelho\/#primaryimage","url":"https:\/\/portaltela.pt\/s.01k8rhncp4jt1\/2026\/02\/super-saudaveis-cm-viseu.jpg","contentUrl":"https:\/\/portaltela.pt\/s.01k8rhncp4jt1\/2026\/02\/super-saudaveis-cm-viseu.jpg","width":796,"height":448,"caption":"Viseu: \u2018Os Super Saud\u00e1veis\u2019 regressam a sete escolas do concelho"},{"@type":"BreadcrumbList","@id":"https:\/\/portaltela.pt\/noticias\/2026\/02\/04\/viseu-os-super-saudaveis-regressam-a-sete-escolas-do-concelho\/#breadcrumb","itemListElement":[{"@type":"ListItem","position":1,"name":"In\u00edcio","item":"https:\/\/portaltela.pt\/"},{"@type":"ListItem","position":2,"name":"Viseu: Os Super Saud\u00e1veis regressam a sete escolas do concelho"}]},{"@type":"WebSite","@id":"https:\/\/portaltela.pt\/#website","url":"https:\/\/portaltela.pt\/","name":"Portal Tela Portugal","description":"","potentialAction":[{"@type":"SearchAction","target":{"@type":"EntryPoint","urlTemplate":"https:\/\/portaltela.pt\/?s={search_term_string}"},"query-input":{"@type":"PropertyValueSpecification","valueRequired":true,"valueName":"search_term_string"}}],"inLanguage":"pt-PT"},{"@type":"Person","@id":"https:\/\/portaltela.pt\/#\/schema\/person\/c4278d4a6028830caff9ee44b42d32ed","name":"Telinha","image":{"@type":"ImageObject","inLanguage":"pt-PT","@id":"https:\/\/portaltela.pt\/s.01k8rhncp4jt1\/2025\/11\/talking-bot-125x125.png","url":"https:\/\/portaltela.pt\/s.01k8rhncp4jt1\/2025\/11\/talking-bot-125x125.png","contentUrl":"https:\/\/portaltela.pt\/s.01k8rhncp4jt1\/2025\/11\/talking-bot-125x125.png","caption":"Telinha"},"sameAs":["https:\/\/portaltela.pt\/"],"url":"https:\/\/portaltela.pt\/por\/367410592786\/"}]}},"_links":{"self":[{"href":"https:\/\/portaltela.pt\/api\/wp\/v2\/posts\/197336","targetHints":{"allow":["GET"]}}],"collection":[{"href":"https:\/\/portaltela.pt\/api\/wp\/v2\/posts"}],"about":[{"href":"https:\/\/portaltela.pt\/api\/wp\/v2\/types\/post"}],"author":[{"embeddable":true,"href":"https:\/\/portaltela.pt\/api\/wp\/v2\/users\/2"}],"replies":[{"embeddable":true,"href":"https:\/\/portaltela.pt\/api\/wp\/v2\/comments?post=197336"}],"version-history":[{"count":0,"href":"https:\/\/portaltela.pt\/api\/wp\/v2\/posts\/197336\/revisions"}],"wp:featuredmedia":[{"embeddable":true,"href":"https:\/\/portaltela.pt\/api\/wp\/v2\/media\/197342"}],"wp:attachment":[{"href":"https:\/\/portaltela.pt\/api\/wp\/v2\/media?parent=197336"}],"wp:term":[{"taxonomy":"category","embeddable":true,"href":"https:\/\/portaltela.pt\/api\/wp\/v2\/categories?post=197336"},{"taxonomy":"post_tag","embeddable":true,"href":"https:\/\/portaltela.pt\/api\/wp\/v2\/tags?post=197336"}],"curies":[{"name":"wp","href":"https:\/\/api.w.org\/{rel}","templated":true}]}}