{"id":197323,"date":"2026-02-04T13:25:06","date_gmt":"2026-02-04T16:25:06","guid":{"rendered":"https:\/\/portaltela.pt\/noticias\/2026\/02\/04\/transito-condicionado-em-vias-da-cidade-por-obras-e-manutencoes\/"},"modified":"2026-02-04T13:25:06","modified_gmt":"2026-02-04T16:25:06","slug":"transito-condicionado-em-vias-da-cidade-por-obras-e-manutencoes","status":"publish","type":"post","link":"https:\/\/portaltela.pt\/noticias\/2026\/02\/04\/transito-condicionado-em-vias-da-cidade-por-obras-e-manutencoes\/","title":{"rendered":"Tr\u00e2nsito condicionado em vias da cidade por obras e manuten\u00e7\u00f5es"},"content":{"rendered":"<p>O trecho da Estrada Municipal\/Intermunicipal 508, que liga Bencatel a Alandroal, encontra-se interditado entre Fonte das Freiras e Alandroal, no concelho do Alandroal. A raz\u00e3o s\u00e3o trabalhos de limpeza da via.<\/p>\n<p>A decis\u00e3o de interditar foi anunciada pelo Munic\u00edpio de Vila Vi\u00e7osa. A medida afeta o tr\u00e1fego na faixa entre as duas localidades, limitando a circula\u00e7\u00e3o na zona.<\/p>\n<p>O condicionamento \u00e9 v\u00e1lido hoje e est\u00e1 previsto permanecer at\u00e9 ao final da tarde, conforme o comunicado municipal. N\u00e3o foram especificadas rotas alternativas no an\u00fancio.<\/p>\n<p>O munic\u00edpio sublinha que estas medidas visam a seguran\u00e7a da popula\u00e7\u00e3o, minimizando riscos durante os trabalhos de limpeza da via. Os residentes e utilizadores devem planear rotas alternativas conforme necess\u00e1rio.<\/p>\n","protected":false},"excerpt":{"rendered":"<ul>\n<li>A Estrada Municipal\/Intermunicipal 508 (Bencatel-Alandroal) est\u00e1 interdita entre Fonte das Freiras e Alandroal por trabalhos de limpeza da via.<\/li>\n<li>A interrup\u00e7\u00e3o \u00e9 prevista at\u00e9 ao final da tarde de hoje.<\/li>\n<li>O Munic\u00edpio de Vila Vi\u00e7osa lamenta o transtorno causado.<\/li>\n<li>Os condicionamentos visam garantir a seguran\u00e7a da popula\u00e7\u00e3o.<\/li>\n<li>N\u00e3o foram fornecidos outros detalhes operacionais.<\/li>\n<\/ul>\n","protected":false},"author":2,"featured_media":197328,"comment_status":"closed","ping_status":"closed","sticky":false,"template":"","format":"standard","meta":{"footnotes":""},"categories":[1],"tags":[4979,883,4216,1083,4107,1629],"class_list":["post-197323","post","type-post","status-publish","format-standard","has-post-thumbnail","hentry","category-noticias","tag-alandroal","tag-alentejo","tag-condicoes-de-transito","tag-estradas","tag-limpeza-de-vias","tag-transito"],"yoast_head":"<!-- This site is optimized with the Yoast SEO plugin v27.2 - https:\/\/yoast.com\/product\/yoast-seo-wordpress\/ -->\n<title>Tr\u00e2nsito condicionado em vias da cidade por obras e manuten\u00e7\u00f5es - Portal Tela Portugal<\/title>\n<meta name=\"robots\" content=\"index, follow, max-snippet:-1, max-image-preview:large, max-video-preview:-1\" \/>\n<meta property=\"og:locale\" content=\"pt_PT\" \/>\n<meta property=\"og:type\" content=\"article\" \/>\n<meta property=\"og:title\" content=\"Tr\u00e2nsito condicionado em vias da cidade por obras e manuten\u00e7\u00f5es - Portal Tela Portugal\" \/>\n<meta property=\"og:description\" content=\"A Estrada Municipal\/Intermunicipal 508 (Bencatel-Alandroal) est\u00e1 interdita entre Fonte das Freiras e Alandroal por trabalhos de limpeza da via. A interrup\u00e7\u00e3o \u00e9 prevista at\u00e9 ao final da tarde de hoje. O Munic\u00edpio de Vila Vi\u00e7osa lamenta o transtorno causado. Os condicionamentos visam garantir a seguran\u00e7a da popula\u00e7\u00e3o. N\u00e3o foram fornecidos outros detalhes operacionais.\" \/>\n<meta property=\"og:url\" content=\"https:\/\/portaltela.pt\/noticias\/2026\/02\/04\/transito-condicionado-em-vias-da-cidade-por-obras-e-manutencoes\/\" \/>\n<meta property=\"og:site_name\" content=\"Portal Tela Portugal\" \/>\n<meta property=\"article:published_time\" content=\"2026-02-04T16:25:06+00:00\" \/>\n<meta name=\"author\" content=\"Telinha\" \/>\n<meta name=\"twitter:card\" content=\"summary_large_image\" \/>\n<meta name=\"twitter:label1\" content=\"Escrito por\" \/>\n\t<meta name=\"twitter:data1\" content=\"Telinha\" \/>\n\t<meta name=\"twitter:label2\" content=\"Tempo estimado de leitura\" \/>\n\t<meta name=\"twitter:data2\" content=\"1 minuto\" \/>\n<script type=\"application\/ld+json\" class=\"yoast-schema-graph\">{\"@context\":\"https:\/\/schema.org\",\"@graph\":[{\"@type\":\"Article\",\"@id\":\"https:\/\/portaltela.pt\/noticias\/2026\/02\/04\/transito-condicionado-em-vias-da-cidade-por-obras-e-manutencoes\/#article\",\"isPartOf\":{\"@id\":\"https:\/\/portaltela.pt\/noticias\/2026\/02\/04\/transito-condicionado-em-vias-da-cidade-por-obras-e-manutencoes\/\"},\"author\":{\"name\":\"Telinha\",\"@id\":\"https:\/\/portaltela.pt\/#\/schema\/person\/c4278d4a6028830caff9ee44b42d32ed\"},\"headline\":\"Tr\u00e2nsito condicionado em vias da cidade por obras e manuten\u00e7\u00f5es\",\"datePublished\":\"2026-02-04T16:25:06+00:00\",\"mainEntityOfPage\":{\"@id\":\"https:\/\/portaltela.pt\/noticias\/2026\/02\/04\/transito-condicionado-em-vias-da-cidade-por-obras-e-manutencoes\/\"},\"wordCount\":138,\"image\":{\"@id\":\"https:\/\/portaltela.pt\/noticias\/2026\/02\/04\/transito-condicionado-em-vias-da-cidade-por-obras-e-manutencoes\/#primaryimage\"},\"thumbnailUrl\":\"https:\/\/portaltela.pt\/s.01k8rhncp4jt1\/2026\/02\/TRANSITO-CONDICIONADO-A-Estrada-MunicipalIntermunicipal-508-Bencatel-Alandro.jpg\",\"keywords\":[\"Alandroal\",\"Alentejo\",\"condi\u00e7\u00f5es de tr\u00e2nsito\",\"estradas\",\"limpeza de vias\",\"tr\u00e2nsito\"],\"articleSection\":[\"Not\u00edcias\"],\"inLanguage\":\"pt-PT\"},{\"@type\":\"WebPage\",\"@id\":\"https:\/\/portaltela.pt\/noticias\/2026\/02\/04\/transito-condicionado-em-vias-da-cidade-por-obras-e-manutencoes\/\",\"url\":\"https:\/\/portaltela.pt\/noticias\/2026\/02\/04\/transito-condicionado-em-vias-da-cidade-por-obras-e-manutencoes\/\",\"name\":\"Tr\u00e2nsito condicionado em vias da cidade por obras e manuten\u00e7\u00f5es - Portal Tela Portugal\",\"isPartOf\":{\"@id\":\"https:\/\/portaltela.pt\/#website\"},\"primaryImageOfPage\":{\"@id\":\"https:\/\/portaltela.pt\/noticias\/2026\/02\/04\/transito-condicionado-em-vias-da-cidade-por-obras-e-manutencoes\/#primaryimage\"},\"image\":{\"@id\":\"https:\/\/portaltela.pt\/noticias\/2026\/02\/04\/transito-condicionado-em-vias-da-cidade-por-obras-e-manutencoes\/#primaryimage\"},\"thumbnailUrl\":\"https:\/\/portaltela.pt\/s.01k8rhncp4jt1\/2026\/02\/TRANSITO-CONDICIONADO-A-Estrada-MunicipalIntermunicipal-508-Bencatel-Alandro.jpg\",\"datePublished\":\"2026-02-04T16:25:06+00:00\",\"author\":{\"@id\":\"https:\/\/portaltela.pt\/#\/schema\/person\/c4278d4a6028830caff9ee44b42d32ed\"},\"breadcrumb\":{\"@id\":\"https:\/\/portaltela.pt\/noticias\/2026\/02\/04\/transito-condicionado-em-vias-da-cidade-por-obras-e-manutencoes\/#breadcrumb\"},\"inLanguage\":\"pt-PT\",\"potentialAction\":[{\"@type\":\"ReadAction\",\"target\":[\"https:\/\/portaltela.pt\/noticias\/2026\/02\/04\/transito-condicionado-em-vias-da-cidade-por-obras-e-manutencoes\/\"]}]},{\"@type\":\"ImageObject\",\"inLanguage\":\"pt-PT\",\"@id\":\"https:\/\/portaltela.pt\/noticias\/2026\/02\/04\/transito-condicionado-em-vias-da-cidade-por-obras-e-manutencoes\/#primaryimage\",\"url\":\"https:\/\/portaltela.pt\/s.01k8rhncp4jt1\/2026\/02\/TRANSITO-CONDICIONADO-A-Estrada-MunicipalIntermunicipal-508-Bencatel-Alandro.jpg\",\"contentUrl\":\"https:\/\/portaltela.pt\/s.01k8rhncp4jt1\/2026\/02\/TRANSITO-CONDICIONADO-A-Estrada-MunicipalIntermunicipal-508-Bencatel-Alandro.jpg\",\"width\":796,\"height\":448,\"caption\":\"TR\u00c2NSITO CONDICIONADO A Estrada Municipal\/Intermunicipal 508 Bencatel-Alandroal\"},{\"@type\":\"BreadcrumbList\",\"@id\":\"https:\/\/portaltela.pt\/noticias\/2026\/02\/04\/transito-condicionado-em-vias-da-cidade-por-obras-e-manutencoes\/#breadcrumb\",\"itemListElement\":[{\"@type\":\"ListItem\",\"position\":1,\"name\":\"In\u00edcio\",\"item\":\"https:\/\/portaltela.pt\/\"},{\"@type\":\"ListItem\",\"position\":2,\"name\":\"Tr\u00e2nsito condicionado em vias da cidade por obras e manuten\u00e7\u00f5es\"}]},{\"@type\":\"WebSite\",\"@id\":\"https:\/\/portaltela.pt\/#website\",\"url\":\"https:\/\/portaltela.pt\/\",\"name\":\"Portal Tela Portugal\",\"description\":\"\",\"potentialAction\":[{\"@type\":\"SearchAction\",\"target\":{\"@type\":\"EntryPoint\",\"urlTemplate\":\"https:\/\/portaltela.pt\/?s={search_term_string}\"},\"query-input\":{\"@type\":\"PropertyValueSpecification\",\"valueRequired\":true,\"valueName\":\"search_term_string\"}}],\"inLanguage\":\"pt-PT\"},{\"@type\":\"Person\",\"@id\":\"https:\/\/portaltela.pt\/#\/schema\/person\/c4278d4a6028830caff9ee44b42d32ed\",\"name\":\"Telinha\",\"image\":{\"@type\":\"ImageObject\",\"inLanguage\":\"pt-PT\",\"@id\":\"https:\/\/portaltela.pt\/s.01k8rhncp4jt1\/2025\/11\/talking-bot-125x125.png\",\"url\":\"https:\/\/portaltela.pt\/s.01k8rhncp4jt1\/2025\/11\/talking-bot-125x125.png\",\"contentUrl\":\"https:\/\/portaltela.pt\/s.01k8rhncp4jt1\/2025\/11\/talking-bot-125x125.png\",\"caption\":\"Telinha\"},\"sameAs\":[\"https:\/\/portaltela.pt\/\"],\"url\":\"https:\/\/portaltela.pt\/por\/367410592786\/\"}]}<\/script>\n<!-- \/ Yoast SEO plugin. -->","yoast_head_json":{"title":"Tr\u00e2nsito condicionado em vias da cidade por obras e manuten\u00e7\u00f5es - Portal Tela Portugal","robots":{"index":"index","follow":"follow","max-snippet":"max-snippet:-1","max-image-preview":"max-image-preview:large","max-video-preview":"max-video-preview:-1"},"og_locale":"pt_PT","og_type":"article","og_title":"Tr\u00e2nsito condicionado em vias da cidade por obras e manuten\u00e7\u00f5es - Portal Tela Portugal","og_description":"A Estrada Municipal\/Intermunicipal 508 (Bencatel-Alandroal) est\u00e1 interdita entre Fonte das Freiras e Alandroal por trabalhos de limpeza da via. A interrup\u00e7\u00e3o \u00e9 prevista at\u00e9 ao final da tarde de hoje. O Munic\u00edpio de Vila Vi\u00e7osa lamenta o transtorno causado. Os condicionamentos visam garantir a seguran\u00e7a da popula\u00e7\u00e3o. N\u00e3o foram fornecidos outros detalhes operacionais.","og_url":"https:\/\/portaltela.pt\/noticias\/2026\/02\/04\/transito-condicionado-em-vias-da-cidade-por-obras-e-manutencoes\/","og_site_name":"Portal Tela Portugal","article_published_time":"2026-02-04T16:25:06+00:00","author":"Telinha","twitter_card":"summary_large_image","twitter_misc":{"Escrito por":"Telinha","Tempo estimado de leitura":"1 minuto"},"schema":{"@context":"https:\/\/schema.org","@graph":[{"@type":"Article","@id":"https:\/\/portaltela.pt\/noticias\/2026\/02\/04\/transito-condicionado-em-vias-da-cidade-por-obras-e-manutencoes\/#article","isPartOf":{"@id":"https:\/\/portaltela.pt\/noticias\/2026\/02\/04\/transito-condicionado-em-vias-da-cidade-por-obras-e-manutencoes\/"},"author":{"name":"Telinha","@id":"https:\/\/portaltela.pt\/#\/schema\/person\/c4278d4a6028830caff9ee44b42d32ed"},"headline":"Tr\u00e2nsito condicionado em vias da cidade por obras e manuten\u00e7\u00f5es","datePublished":"2026-02-04T16:25:06+00:00","mainEntityOfPage":{"@id":"https:\/\/portaltela.pt\/noticias\/2026\/02\/04\/transito-condicionado-em-vias-da-cidade-por-obras-e-manutencoes\/"},"wordCount":138,"image":{"@id":"https:\/\/portaltela.pt\/noticias\/2026\/02\/04\/transito-condicionado-em-vias-da-cidade-por-obras-e-manutencoes\/#primaryimage"},"thumbnailUrl":"https:\/\/portaltela.pt\/s.01k8rhncp4jt1\/2026\/02\/TRANSITO-CONDICIONADO-A-Estrada-MunicipalIntermunicipal-508-Bencatel-Alandro.jpg","keywords":["Alandroal","Alentejo","condi\u00e7\u00f5es de tr\u00e2nsito","estradas","limpeza de vias","tr\u00e2nsito"],"articleSection":["Not\u00edcias"],"inLanguage":"pt-PT"},{"@type":"WebPage","@id":"https:\/\/portaltela.pt\/noticias\/2026\/02\/04\/transito-condicionado-em-vias-da-cidade-por-obras-e-manutencoes\/","url":"https:\/\/portaltela.pt\/noticias\/2026\/02\/04\/transito-condicionado-em-vias-da-cidade-por-obras-e-manutencoes\/","name":"Tr\u00e2nsito condicionado em vias da cidade por obras e manuten\u00e7\u00f5es - Portal Tela Portugal","isPartOf":{"@id":"https:\/\/portaltela.pt\/#website"},"primaryImageOfPage":{"@id":"https:\/\/portaltela.pt\/noticias\/2026\/02\/04\/transito-condicionado-em-vias-da-cidade-por-obras-e-manutencoes\/#primaryimage"},"image":{"@id":"https:\/\/portaltela.pt\/noticias\/2026\/02\/04\/transito-condicionado-em-vias-da-cidade-por-obras-e-manutencoes\/#primaryimage"},"thumbnailUrl":"https:\/\/portaltela.pt\/s.01k8rhncp4jt1\/2026\/02\/TRANSITO-CONDICIONADO-A-Estrada-MunicipalIntermunicipal-508-Bencatel-Alandro.jpg","datePublished":"2026-02-04T16:25:06+00:00","author":{"@id":"https:\/\/portaltela.pt\/#\/schema\/person\/c4278d4a6028830caff9ee44b42d32ed"},"breadcrumb":{"@id":"https:\/\/portaltela.pt\/noticias\/2026\/02\/04\/transito-condicionado-em-vias-da-cidade-por-obras-e-manutencoes\/#breadcrumb"},"inLanguage":"pt-PT","potentialAction":[{"@type":"ReadAction","target":["https:\/\/portaltela.pt\/noticias\/2026\/02\/04\/transito-condicionado-em-vias-da-cidade-por-obras-e-manutencoes\/"]}]},{"@type":"ImageObject","inLanguage":"pt-PT","@id":"https:\/\/portaltela.pt\/noticias\/2026\/02\/04\/transito-condicionado-em-vias-da-cidade-por-obras-e-manutencoes\/#primaryimage","url":"https:\/\/portaltela.pt\/s.01k8rhncp4jt1\/2026\/02\/TRANSITO-CONDICIONADO-A-Estrada-MunicipalIntermunicipal-508-Bencatel-Alandro.jpg","contentUrl":"https:\/\/portaltela.pt\/s.01k8rhncp4jt1\/2026\/02\/TRANSITO-CONDICIONADO-A-Estrada-MunicipalIntermunicipal-508-Bencatel-Alandro.jpg","width":796,"height":448,"caption":"TR\u00c2NSITO CONDICIONADO A Estrada Municipal\/Intermunicipal 508 Bencatel-Alandroal"},{"@type":"BreadcrumbList","@id":"https:\/\/portaltela.pt\/noticias\/2026\/02\/04\/transito-condicionado-em-vias-da-cidade-por-obras-e-manutencoes\/#breadcrumb","itemListElement":[{"@type":"ListItem","position":1,"name":"In\u00edcio","item":"https:\/\/portaltela.pt\/"},{"@type":"ListItem","position":2,"name":"Tr\u00e2nsito condicionado em vias da cidade por obras e manuten\u00e7\u00f5es"}]},{"@type":"WebSite","@id":"https:\/\/portaltela.pt\/#website","url":"https:\/\/portaltela.pt\/","name":"Portal Tela Portugal","description":"","potentialAction":[{"@type":"SearchAction","target":{"@type":"EntryPoint","urlTemplate":"https:\/\/portaltela.pt\/?s={search_term_string}"},"query-input":{"@type":"PropertyValueSpecification","valueRequired":true,"valueName":"search_term_string"}}],"inLanguage":"pt-PT"},{"@type":"Person","@id":"https:\/\/portaltela.pt\/#\/schema\/person\/c4278d4a6028830caff9ee44b42d32ed","name":"Telinha","image":{"@type":"ImageObject","inLanguage":"pt-PT","@id":"https:\/\/portaltela.pt\/s.01k8rhncp4jt1\/2025\/11\/talking-bot-125x125.png","url":"https:\/\/portaltela.pt\/s.01k8rhncp4jt1\/2025\/11\/talking-bot-125x125.png","contentUrl":"https:\/\/portaltela.pt\/s.01k8rhncp4jt1\/2025\/11\/talking-bot-125x125.png","caption":"Telinha"},"sameAs":["https:\/\/portaltela.pt\/"],"url":"https:\/\/portaltela.pt\/por\/367410592786\/"}]}},"_links":{"self":[{"href":"https:\/\/portaltela.pt\/api\/wp\/v2\/posts\/197323","targetHints":{"allow":["GET"]}}],"collection":[{"href":"https:\/\/portaltela.pt\/api\/wp\/v2\/posts"}],"about":[{"href":"https:\/\/portaltela.pt\/api\/wp\/v2\/types\/post"}],"author":[{"embeddable":true,"href":"https:\/\/portaltela.pt\/api\/wp\/v2\/users\/2"}],"replies":[{"embeddable":true,"href":"https:\/\/portaltela.pt\/api\/wp\/v2\/comments?post=197323"}],"version-history":[{"count":0,"href":"https:\/\/portaltela.pt\/api\/wp\/v2\/posts\/197323\/revisions"}],"wp:featuredmedia":[{"embeddable":true,"href":"https:\/\/portaltela.pt\/api\/wp\/v2\/media\/197328"}],"wp:attachment":[{"href":"https:\/\/portaltela.pt\/api\/wp\/v2\/media?parent=197323"}],"wp:term":[{"taxonomy":"category","embeddable":true,"href":"https:\/\/portaltela.pt\/api\/wp\/v2\/categories?post=197323"},{"taxonomy":"post_tag","embeddable":true,"href":"https:\/\/portaltela.pt\/api\/wp\/v2\/tags?post=197323"}],"curies":[{"name":"wp","href":"https:\/\/api.w.org\/{rel}","templated":true}]}}