{"id":197310,"date":"2026-02-04T13:24:00","date_gmt":"2026-02-04T16:24:00","guid":{"rendered":"https:\/\/portaltela.pt\/noticias\/2026\/02\/04\/mortos-em-colisao-de-barcos-sobem-para-15\/"},"modified":"2026-02-04T13:24:00","modified_gmt":"2026-02-04T16:24:00","slug":"mortos-em-colisao-de-barcos-sobem-para-15","status":"publish","type":"post","link":"https:\/\/portaltela.pt\/noticias\/2026\/02\/04\/mortos-em-colisao-de-barcos-sobem-para-15\/","title":{"rendered":"Mortos em colis\u00e3o de barcos sobem para 15"},"content":{"rendered":"<p>O n\u00famero de mortos numa colis\u00e3o entre uma embarca\u00e7\u00e3o de migrantes e um navio da guarda costeira grega perto de Chios subiu para 15, informou a autoridade local na quarta-feira. O acidente ocorreu na noite de ter\u00e7a-feira, na costa leste de Chios, no Mar Egeu, ap\u00f3s a lancha r\u00e1pida sem luzes desobedecer aos sinais da guarda costeira.<\/p>\n<p>Segundo o comunicado das autoridades, o piloto da lancha deu meia-volta e houve o choque com o lado estibordo da embarca\u00e7\u00e3o da guarda costeira. A for\u00e7a do impacto provocou o capotamento e o afundamento da lancha, deslocando as opera\u00e7\u00f5es de busca para a \u00e1rea.<\/p>\n<p>Na ter\u00e7a \u00e0 noite, a guarda costeira recuperou quatro corpos, e a contagem aumentou ao longo da madrugada. Entre os mortos constam tr\u00eas mulheres, enquanto 11 crian\u00e7as estavam entre os feridos, que foram encaminhados para o hospital de Chios.<\/p>\n<p>Ainda n\u00e3o se conhece o n\u00famero total de migrantes a bordo. A opera\u00e7\u00e3o de resgate em curso envolve cinco lanchas de patrulha e um helic\u00f3ptero da pol\u00edcia portu\u00e1ria para localizar desaparecidos na \u00e1rea da ilha de Chios.<\/p>\n<p>Chios fica no nordeste do Mar Egeu, perto da costa turca, e \u00e9 um ponto frequente de travessias arriscadas para quem procura asilo na Uni\u00e3o Europeia. O incidente ocorre numa regi\u00e3o em que o tr\u00e1fico de migrantes tem repetidamente causado trag\u00e9dias.<\/p>\n<p>As autoridades gregas destacam que a atividade de traficantes continua presente na rota entre a costa turca e as ilhas gregas. A vice-ministra da Migra\u00e7\u00e3o expressou consterna\u00e7\u00e3o e afirmou que a guarda costeira opera com condi\u00e7\u00f5es cr\u00edticas, estudando as causas do acidente.<\/p>\n<p>O governo de Atenas tem vindo a endurecer as pol\u00edticas migrat\u00f3rias, o que tem sido alvo de cr\u00edticas de organiza\u00e7\u00f5es de direitos humanos. Este epis\u00f3dio intensifica o debate sobre a gest\u00e3o de chegadas \u00e0 Gr\u00e9cia e \u00e0s fronteiras da UE.<\/p>\n","protected":false},"excerpt":{"rendered":"<ul>\n<li>O n\u00famero de mortos na colis\u00e3o entre uma lancha r\u00e1pida e um navio da guarda costeira grega subiu para 15, perto da ilha de Chios, na costa leste do Mar Egeu.<\/li>\n<li>A lancha, com passageiros estrangeiros, n\u00e3o ter\u00e1 obedecido aos sinais luminosos e sonoros da guarda costeira, tendo virado e afundado ap\u00f3s o embate com o lado estibordo do navio.<\/li>\n<li>Na noite de ter\u00e7a-feira foram recuperados quatro corpos; entre as v\u00edtimas estavam tr\u00eas mulheres.<\/li>\n<li>Outras 25 pessoas receberam tratamento m\u00e9dico, incluindo 11 crian\u00e7as e dois membros da guarda costeira; 14 pessoas j\u00e1 haviam sido encontradas mortas na \u00e1gua.<\/li>\n<li>As opera\u00e7\u00f5es de busca, com cinco lanchas de patrulha e um helic\u00f3ptero da pol\u00edcia portu\u00e1ria, continuam na costa de Chios para localizar desaparecidos; o n\u00famero total de migrantes a bordo ainda n\u00e3o \u00e9 conhecido.<\/li>\n<\/ul>\n","protected":false},"author":2,"featured_media":197313,"comment_status":"closed","ping_status":"closed","sticky":false,"template":"","format":"standard","meta":{"footnotes":""},"categories":[1],"tags":[4524,2633,3137,1456,1678,3475],"class_list":["post-197310","post","type-post","status-publish","format-standard","has-post-thumbnail","hentry","category-noticias","tag-acidente-maritimo","tag-direitos-humanos","tag-grecia","tag-migracao","tag-migrantes","tag-trafico-de-seres-humanos"],"yoast_head":"<!-- This site is optimized with the Yoast SEO plugin v27.2 - https:\/\/yoast.com\/product\/yoast-seo-wordpress\/ -->\n<title>Mortos em colis\u00e3o de barcos sobem para 15 - Portal Tela Portugal<\/title>\n<meta name=\"robots\" content=\"index, follow, max-snippet:-1, max-image-preview:large, max-video-preview:-1\" \/>\n<meta property=\"og:locale\" content=\"pt_PT\" \/>\n<meta property=\"og:type\" content=\"article\" \/>\n<meta property=\"og:title\" content=\"Mortos em colis\u00e3o de barcos sobem para 15 - Portal Tela Portugal\" \/>\n<meta property=\"og:description\" content=\"O n\u00famero de mortos na colis\u00e3o entre uma lancha r\u00e1pida e um navio da guarda costeira grega subiu para 15, perto da ilha de Chios, na costa leste do Mar Egeu. A lancha, com passageiros estrangeiros, n\u00e3o ter\u00e1 obedecido aos sinais luminosos e sonoros da guarda costeira, tendo virado e afundado ap\u00f3s o embate com o lado estibordo do navio. Na noite de ter\u00e7a-feira foram recuperados quatro corpos; entre as v\u00edtimas estavam tr\u00eas mulheres. Outras 25 pessoas receberam tratamento m\u00e9dico, incluindo 11 crian\u00e7as e dois membros da guarda costeira; 14 pessoas j\u00e1 haviam sido encontradas mortas na \u00e1gua. As opera\u00e7\u00f5es de busca, com cinco lanchas de patrulha e um helic\u00f3ptero da pol\u00edcia portu\u00e1ria, continuam na costa de Chios para localizar desaparecidos; o n\u00famero total de migrantes a bordo ainda n\u00e3o \u00e9 conhecido.\" \/>\n<meta property=\"og:url\" content=\"https:\/\/portaltela.pt\/noticias\/2026\/02\/04\/mortos-em-colisao-de-barcos-sobem-para-15\/\" \/>\n<meta property=\"og:site_name\" content=\"Portal Tela Portugal\" \/>\n<meta property=\"article:published_time\" content=\"2026-02-04T16:24:00+00:00\" \/>\n<meta name=\"author\" content=\"Telinha\" \/>\n<meta name=\"twitter:card\" content=\"summary_large_image\" \/>\n<meta name=\"twitter:label1\" content=\"Escrito por\" \/>\n\t<meta name=\"twitter:data1\" content=\"Telinha\" \/>\n\t<meta name=\"twitter:label2\" content=\"Tempo estimado de leitura\" \/>\n\t<meta name=\"twitter:data2\" content=\"2 minutos\" \/>\n<script type=\"application\/ld+json\" class=\"yoast-schema-graph\">{\"@context\":\"https:\/\/schema.org\",\"@graph\":[{\"@type\":\"Article\",\"@id\":\"https:\/\/portaltela.pt\/noticias\/2026\/02\/04\/mortos-em-colisao-de-barcos-sobem-para-15\/#article\",\"isPartOf\":{\"@id\":\"https:\/\/portaltela.pt\/noticias\/2026\/02\/04\/mortos-em-colisao-de-barcos-sobem-para-15\/\"},\"author\":{\"name\":\"Telinha\",\"@id\":\"https:\/\/portaltela.pt\/#\/schema\/person\/c4278d4a6028830caff9ee44b42d32ed\"},\"headline\":\"Mortos em colis\u00e3o de barcos sobem para 15\",\"datePublished\":\"2026-02-04T16:24:00+00:00\",\"mainEntityOfPage\":{\"@id\":\"https:\/\/portaltela.pt\/noticias\/2026\/02\/04\/mortos-em-colisao-de-barcos-sobem-para-15\/\"},\"wordCount\":336,\"image\":{\"@id\":\"https:\/\/portaltela.pt\/noticias\/2026\/02\/04\/mortos-em-colisao-de-barcos-sobem-para-15\/#primaryimage\"},\"thumbnailUrl\":\"https:\/\/portaltela.pt\/s.01k8rhncp4jt1\/2026\/02\/46485324.jpg\",\"keywords\":[\"acidente mar\u00edtimo\",\"direitos humanos\",\"Gr\u00e9cia\",\"migra\u00e7\u00e3o\",\"migrantes\",\"tr\u00e1fico de seres humanos\"],\"articleSection\":[\"Not\u00edcias\"],\"inLanguage\":\"pt-PT\"},{\"@type\":\"WebPage\",\"@id\":\"https:\/\/portaltela.pt\/noticias\/2026\/02\/04\/mortos-em-colisao-de-barcos-sobem-para-15\/\",\"url\":\"https:\/\/portaltela.pt\/noticias\/2026\/02\/04\/mortos-em-colisao-de-barcos-sobem-para-15\/\",\"name\":\"Mortos em colis\u00e3o de barcos sobem para 15 - Portal Tela Portugal\",\"isPartOf\":{\"@id\":\"https:\/\/portaltela.pt\/#website\"},\"primaryImageOfPage\":{\"@id\":\"https:\/\/portaltela.pt\/noticias\/2026\/02\/04\/mortos-em-colisao-de-barcos-sobem-para-15\/#primaryimage\"},\"image\":{\"@id\":\"https:\/\/portaltela.pt\/noticias\/2026\/02\/04\/mortos-em-colisao-de-barcos-sobem-para-15\/#primaryimage\"},\"thumbnailUrl\":\"https:\/\/portaltela.pt\/s.01k8rhncp4jt1\/2026\/02\/46485324.jpg\",\"datePublished\":\"2026-02-04T16:24:00+00:00\",\"author\":{\"@id\":\"https:\/\/portaltela.pt\/#\/schema\/person\/c4278d4a6028830caff9ee44b42d32ed\"},\"breadcrumb\":{\"@id\":\"https:\/\/portaltela.pt\/noticias\/2026\/02\/04\/mortos-em-colisao-de-barcos-sobem-para-15\/#breadcrumb\"},\"inLanguage\":\"pt-PT\",\"potentialAction\":[{\"@type\":\"ReadAction\",\"target\":[\"https:\/\/portaltela.pt\/noticias\/2026\/02\/04\/mortos-em-colisao-de-barcos-sobem-para-15\/\"]}]},{\"@type\":\"ImageObject\",\"inLanguage\":\"pt-PT\",\"@id\":\"https:\/\/portaltela.pt\/noticias\/2026\/02\/04\/mortos-em-colisao-de-barcos-sobem-para-15\/#primaryimage\",\"url\":\"https:\/\/portaltela.pt\/s.01k8rhncp4jt1\/2026\/02\/46485324.jpg\",\"contentUrl\":\"https:\/\/portaltela.pt\/s.01k8rhncp4jt1\/2026\/02\/46485324.jpg\",\"width\":796,\"height\":448,\"caption\":\"Logo na noite de ter\u00e7a-feira, a guarda costeira conseguiu recuperou quatro corpos, mas o n\u00famero de mortos aumentou rapidamente\"},{\"@type\":\"BreadcrumbList\",\"@id\":\"https:\/\/portaltela.pt\/noticias\/2026\/02\/04\/mortos-em-colisao-de-barcos-sobem-para-15\/#breadcrumb\",\"itemListElement\":[{\"@type\":\"ListItem\",\"position\":1,\"name\":\"In\u00edcio\",\"item\":\"https:\/\/portaltela.pt\/\"},{\"@type\":\"ListItem\",\"position\":2,\"name\":\"Mortos em colis\u00e3o de barcos sobem para 15\"}]},{\"@type\":\"WebSite\",\"@id\":\"https:\/\/portaltela.pt\/#website\",\"url\":\"https:\/\/portaltela.pt\/\",\"name\":\"Portal Tela Portugal\",\"description\":\"\",\"potentialAction\":[{\"@type\":\"SearchAction\",\"target\":{\"@type\":\"EntryPoint\",\"urlTemplate\":\"https:\/\/portaltela.pt\/?s={search_term_string}\"},\"query-input\":{\"@type\":\"PropertyValueSpecification\",\"valueRequired\":true,\"valueName\":\"search_term_string\"}}],\"inLanguage\":\"pt-PT\"},{\"@type\":\"Person\",\"@id\":\"https:\/\/portaltela.pt\/#\/schema\/person\/c4278d4a6028830caff9ee44b42d32ed\",\"name\":\"Telinha\",\"image\":{\"@type\":\"ImageObject\",\"inLanguage\":\"pt-PT\",\"@id\":\"https:\/\/portaltela.pt\/s.01k8rhncp4jt1\/2025\/11\/talking-bot-125x125.png\",\"url\":\"https:\/\/portaltela.pt\/s.01k8rhncp4jt1\/2025\/11\/talking-bot-125x125.png\",\"contentUrl\":\"https:\/\/portaltela.pt\/s.01k8rhncp4jt1\/2025\/11\/talking-bot-125x125.png\",\"caption\":\"Telinha\"},\"sameAs\":[\"https:\/\/portaltela.pt\/\"],\"url\":\"https:\/\/portaltela.pt\/por\/367410592786\/\"}]}<\/script>\n<!-- \/ Yoast SEO plugin. -->","yoast_head_json":{"title":"Mortos em colis\u00e3o de barcos sobem para 15 - Portal Tela Portugal","robots":{"index":"index","follow":"follow","max-snippet":"max-snippet:-1","max-image-preview":"max-image-preview:large","max-video-preview":"max-video-preview:-1"},"og_locale":"pt_PT","og_type":"article","og_title":"Mortos em colis\u00e3o de barcos sobem para 15 - Portal Tela Portugal","og_description":"O n\u00famero de mortos na colis\u00e3o entre uma lancha r\u00e1pida e um navio da guarda costeira grega subiu para 15, perto da ilha de Chios, na costa leste do Mar Egeu. A lancha, com passageiros estrangeiros, n\u00e3o ter\u00e1 obedecido aos sinais luminosos e sonoros da guarda costeira, tendo virado e afundado ap\u00f3s o embate com o lado estibordo do navio. Na noite de ter\u00e7a-feira foram recuperados quatro corpos; entre as v\u00edtimas estavam tr\u00eas mulheres. Outras 25 pessoas receberam tratamento m\u00e9dico, incluindo 11 crian\u00e7as e dois membros da guarda costeira; 14 pessoas j\u00e1 haviam sido encontradas mortas na \u00e1gua. As opera\u00e7\u00f5es de busca, com cinco lanchas de patrulha e um helic\u00f3ptero da pol\u00edcia portu\u00e1ria, continuam na costa de Chios para localizar desaparecidos; o n\u00famero total de migrantes a bordo ainda n\u00e3o \u00e9 conhecido.","og_url":"https:\/\/portaltela.pt\/noticias\/2026\/02\/04\/mortos-em-colisao-de-barcos-sobem-para-15\/","og_site_name":"Portal Tela Portugal","article_published_time":"2026-02-04T16:24:00+00:00","author":"Telinha","twitter_card":"summary_large_image","twitter_misc":{"Escrito por":"Telinha","Tempo estimado de leitura":"2 minutos"},"schema":{"@context":"https:\/\/schema.org","@graph":[{"@type":"Article","@id":"https:\/\/portaltela.pt\/noticias\/2026\/02\/04\/mortos-em-colisao-de-barcos-sobem-para-15\/#article","isPartOf":{"@id":"https:\/\/portaltela.pt\/noticias\/2026\/02\/04\/mortos-em-colisao-de-barcos-sobem-para-15\/"},"author":{"name":"Telinha","@id":"https:\/\/portaltela.pt\/#\/schema\/person\/c4278d4a6028830caff9ee44b42d32ed"},"headline":"Mortos em colis\u00e3o de barcos sobem para 15","datePublished":"2026-02-04T16:24:00+00:00","mainEntityOfPage":{"@id":"https:\/\/portaltela.pt\/noticias\/2026\/02\/04\/mortos-em-colisao-de-barcos-sobem-para-15\/"},"wordCount":336,"image":{"@id":"https:\/\/portaltela.pt\/noticias\/2026\/02\/04\/mortos-em-colisao-de-barcos-sobem-para-15\/#primaryimage"},"thumbnailUrl":"https:\/\/portaltela.pt\/s.01k8rhncp4jt1\/2026\/02\/46485324.jpg","keywords":["acidente mar\u00edtimo","direitos humanos","Gr\u00e9cia","migra\u00e7\u00e3o","migrantes","tr\u00e1fico de seres humanos"],"articleSection":["Not\u00edcias"],"inLanguage":"pt-PT"},{"@type":"WebPage","@id":"https:\/\/portaltela.pt\/noticias\/2026\/02\/04\/mortos-em-colisao-de-barcos-sobem-para-15\/","url":"https:\/\/portaltela.pt\/noticias\/2026\/02\/04\/mortos-em-colisao-de-barcos-sobem-para-15\/","name":"Mortos em colis\u00e3o de barcos sobem para 15 - Portal Tela Portugal","isPartOf":{"@id":"https:\/\/portaltela.pt\/#website"},"primaryImageOfPage":{"@id":"https:\/\/portaltela.pt\/noticias\/2026\/02\/04\/mortos-em-colisao-de-barcos-sobem-para-15\/#primaryimage"},"image":{"@id":"https:\/\/portaltela.pt\/noticias\/2026\/02\/04\/mortos-em-colisao-de-barcos-sobem-para-15\/#primaryimage"},"thumbnailUrl":"https:\/\/portaltela.pt\/s.01k8rhncp4jt1\/2026\/02\/46485324.jpg","datePublished":"2026-02-04T16:24:00+00:00","author":{"@id":"https:\/\/portaltela.pt\/#\/schema\/person\/c4278d4a6028830caff9ee44b42d32ed"},"breadcrumb":{"@id":"https:\/\/portaltela.pt\/noticias\/2026\/02\/04\/mortos-em-colisao-de-barcos-sobem-para-15\/#breadcrumb"},"inLanguage":"pt-PT","potentialAction":[{"@type":"ReadAction","target":["https:\/\/portaltela.pt\/noticias\/2026\/02\/04\/mortos-em-colisao-de-barcos-sobem-para-15\/"]}]},{"@type":"ImageObject","inLanguage":"pt-PT","@id":"https:\/\/portaltela.pt\/noticias\/2026\/02\/04\/mortos-em-colisao-de-barcos-sobem-para-15\/#primaryimage","url":"https:\/\/portaltela.pt\/s.01k8rhncp4jt1\/2026\/02\/46485324.jpg","contentUrl":"https:\/\/portaltela.pt\/s.01k8rhncp4jt1\/2026\/02\/46485324.jpg","width":796,"height":448,"caption":"Logo na noite de ter\u00e7a-feira, a guarda costeira conseguiu recuperou quatro corpos, mas o n\u00famero de mortos aumentou rapidamente"},{"@type":"BreadcrumbList","@id":"https:\/\/portaltela.pt\/noticias\/2026\/02\/04\/mortos-em-colisao-de-barcos-sobem-para-15\/#breadcrumb","itemListElement":[{"@type":"ListItem","position":1,"name":"In\u00edcio","item":"https:\/\/portaltela.pt\/"},{"@type":"ListItem","position":2,"name":"Mortos em colis\u00e3o de barcos sobem para 15"}]},{"@type":"WebSite","@id":"https:\/\/portaltela.pt\/#website","url":"https:\/\/portaltela.pt\/","name":"Portal Tela Portugal","description":"","potentialAction":[{"@type":"SearchAction","target":{"@type":"EntryPoint","urlTemplate":"https:\/\/portaltela.pt\/?s={search_term_string}"},"query-input":{"@type":"PropertyValueSpecification","valueRequired":true,"valueName":"search_term_string"}}],"inLanguage":"pt-PT"},{"@type":"Person","@id":"https:\/\/portaltela.pt\/#\/schema\/person\/c4278d4a6028830caff9ee44b42d32ed","name":"Telinha","image":{"@type":"ImageObject","inLanguage":"pt-PT","@id":"https:\/\/portaltela.pt\/s.01k8rhncp4jt1\/2025\/11\/talking-bot-125x125.png","url":"https:\/\/portaltela.pt\/s.01k8rhncp4jt1\/2025\/11\/talking-bot-125x125.png","contentUrl":"https:\/\/portaltela.pt\/s.01k8rhncp4jt1\/2025\/11\/talking-bot-125x125.png","caption":"Telinha"},"sameAs":["https:\/\/portaltela.pt\/"],"url":"https:\/\/portaltela.pt\/por\/367410592786\/"}]}},"_links":{"self":[{"href":"https:\/\/portaltela.pt\/api\/wp\/v2\/posts\/197310","targetHints":{"allow":["GET"]}}],"collection":[{"href":"https:\/\/portaltela.pt\/api\/wp\/v2\/posts"}],"about":[{"href":"https:\/\/portaltela.pt\/api\/wp\/v2\/types\/post"}],"author":[{"embeddable":true,"href":"https:\/\/portaltela.pt\/api\/wp\/v2\/users\/2"}],"replies":[{"embeddable":true,"href":"https:\/\/portaltela.pt\/api\/wp\/v2\/comments?post=197310"}],"version-history":[{"count":0,"href":"https:\/\/portaltela.pt\/api\/wp\/v2\/posts\/197310\/revisions"}],"wp:featuredmedia":[{"embeddable":true,"href":"https:\/\/portaltela.pt\/api\/wp\/v2\/media\/197313"}],"wp:attachment":[{"href":"https:\/\/portaltela.pt\/api\/wp\/v2\/media?parent=197310"}],"wp:term":[{"taxonomy":"category","embeddable":true,"href":"https:\/\/portaltela.pt\/api\/wp\/v2\/categories?post=197310"},{"taxonomy":"post_tag","embeddable":true,"href":"https:\/\/portaltela.pt\/api\/wp\/v2\/tags?post=197310"}],"curies":[{"name":"wp","href":"https:\/\/api.w.org\/{rel}","templated":true}]}}