{"id":197298,"date":"2026-02-04T13:24:00","date_gmt":"2026-02-04T16:24:00","guid":{"rendered":"https:\/\/portaltela.pt\/noticias\/2026\/02\/04\/ar-consulta-a-associacao-das-assembleias-municipais-sobre-leis-para-autarquias\/"},"modified":"2026-02-04T13:24:00","modified_gmt":"2026-02-04T16:24:00","slug":"ar-consulta-a-associacao-das-assembleias-municipais-sobre-leis-para-autarquias","status":"publish","type":"post","link":"https:\/\/portaltela.pt\/noticias\/2026\/02\/04\/ar-consulta-a-associacao-das-assembleias-municipais-sobre-leis-para-autarquias\/","title":{"rendered":"AR consulta a Associa\u00e7\u00e3o das Assembleias Municipais sobre leis para autarquias"},"content":{"rendered":"<p>A Assembleia da Rep\u00fablica reconheceu a Associa\u00e7\u00e3o Nacional de Assembleias Municipais (ANAM) como parceira do Estado, passando a ser consultada no processo legislativo relativo \u00e0s autarquias locais. A decis\u00e3o foi anunciada pela pr\u00f3pria ANAM.<\/p>\n<p>Este reconhecimento resulta de uma proposta do presidente da Comiss\u00e3o da Reforma do Estado e do Poder Local (CREPL), Almiro Moreira, e foi aprovada pela Confer\u00eancia de Presidentes das Comiss\u00f5es Parlamentares. A ANAM passa a ser ouvida em igualdade com outras entidades setoriais.<\/p>\n<p>A partir de agora, a ANAM ser\u00e1 consultada em projetos de lei sobre as autarquias locais, em conson\u00e2ncia com o que j\u00e1 acontece com a ANMP e a ANAFRE. A decis\u00e3o visa melhor refletir as preocupa\u00e7\u00f5es dos \u00f3rg\u00e3os deliberativos municipais no processo legislativo.<\/p>\n<h3>Reconhecimento pela AR<\/h3>\n<p>O presidente da ANAM, Fernando Santos Pereira, afirmou que a medida reconhece a import\u00e2ncia da associa\u00e7\u00e3o no processo legislativo e facilita a comunica\u00e7\u00e3o com o parlamento. A ANAM sublinha que a participa\u00e7\u00e3o ser\u00e1 por direito pr\u00f3prio, n\u00e3o a pedido.<\/p>\n<p>Entre os temas a integrar a agenda, a ANAM aponta o novo estatuto das autarquias locais, a revis\u00e3o da lei das finan\u00e7as locais, a cria\u00e7\u00e3o de pol\u00edcias municipais e quest\u00f5es sobre cria\u00e7\u00e3o, extin\u00e7\u00e3o ou modifica\u00e7\u00e3o de estruturas aut\u00e1rquicas.<\/p>\n<p>Este passo \u00e9 apresentado pela ANAM como marco hist\u00f3rico para as Assembleias Municipais e refor\u00e7a a participa\u00e7\u00e3o estruturada dos \u00f3rg\u00e3os deliberativos municipais no processo legislativo nacional.<\/p>\n","protected":false},"excerpt":{"rendered":"<ul>\n<li>A Assembleia da Rep\u00fablica reconheceu a Associa\u00e7\u00e3o Nacional de Assembleias Municipais (ANAM) como parceiro do Estado, passando a ser consultada nos processos legislativos sobre autarquias locais.<\/li>\n<li>A decis\u00e3o foi tomada a partir de uma proposta do presidente da Comiss\u00e3o da Reforma do Estado e do Poder Local (CREPL), aprovada pela Confer\u00eancia de Presidentes das Comiss\u00f5es Parlamentares.<\/li>\n<li>A ANAM passa a ser ouvida por direito pr\u00f3prio, tal como j\u00e1 acontece com a Associa\u00e7\u00e3o Nacional de Munic\u00edpios Portugueses (ANMP) e a Associa\u00e7\u00e3o Nacional de Freguesias (ANAFRE).<\/li>\n<li>A ANAM ficar\u00e1 envolvida em temas como um novo estatuto das autarquias locais, a revis\u00e3o da lei das finan\u00e7as locais, cria\u00e7\u00e3o das pol\u00edcias municipais e altera\u00e7\u00f5es na estrutura de autarquias.<\/li>\n<li>O presidente da ANAM, Fernando Santos Pereira, afirmou que a decis\u00e3o refor\u00e7a a participa\u00e7\u00e3o dos \u00f3rg\u00e3os deliberativos municipais no processo legislativo e beneficia o parlamento e as popula\u00e7\u00f5es locais.<\/li>\n<\/ul>\n","protected":false},"author":2,"featured_media":197308,"comment_status":"closed","ping_status":"closed","sticky":false,"template":"","format":"standard","meta":{"footnotes":""},"categories":[1],"tags":[168,4211,679,2706,1249,2874],"class_list":["post-197298","post","type-post","status-publish","format-standard","has-post-thumbnail","hentry","category-noticias","tag-administracao-publica","tag-assembleia-nacional","tag-associacoes","tag-autarquias","tag-participacao","tag-policia-municipal"],"yoast_head":"<!-- This site is optimized with the Yoast SEO plugin v27.2 - https:\/\/yoast.com\/product\/yoast-seo-wordpress\/ -->\n<title>AR consulta a Associa\u00e7\u00e3o das Assembleias Municipais sobre leis para autarquias - Portal Tela Portugal<\/title>\n<meta name=\"robots\" content=\"index, follow, max-snippet:-1, max-image-preview:large, max-video-preview:-1\" \/>\n<meta property=\"og:locale\" content=\"pt_PT\" \/>\n<meta property=\"og:type\" content=\"article\" \/>\n<meta property=\"og:title\" content=\"AR consulta a Associa\u00e7\u00e3o das Assembleias Municipais sobre leis para autarquias - Portal Tela Portugal\" \/>\n<meta property=\"og:description\" content=\"A Assembleia da Rep\u00fablica reconheceu a Associa\u00e7\u00e3o Nacional de Assembleias Municipais (ANAM) como parceiro do Estado, passando a ser consultada nos processos legislativos sobre autarquias locais. A decis\u00e3o foi tomada a partir de uma proposta do presidente da Comiss\u00e3o da Reforma do Estado e do Poder Local (CREPL), aprovada pela Confer\u00eancia de Presidentes das Comiss\u00f5es Parlamentares. A ANAM passa a ser ouvida por direito pr\u00f3prio, tal como j\u00e1 acontece com a Associa\u00e7\u00e3o Nacional de Munic\u00edpios Portugueses (ANMP) e a Associa\u00e7\u00e3o Nacional de Freguesias (ANAFRE). A ANAM ficar\u00e1 envolvida em temas como um novo estatuto das autarquias locais, a revis\u00e3o da lei das finan\u00e7as locais, cria\u00e7\u00e3o das pol\u00edcias municipais e altera\u00e7\u00f5es na estrutura de autarquias. O presidente da ANAM, Fernando Santos Pereira, afirmou que a decis\u00e3o refor\u00e7a a participa\u00e7\u00e3o dos \u00f3rg\u00e3os deliberativos municipais no processo legislativo e beneficia o parlamento e as popula\u00e7\u00f5es locais.\" \/>\n<meta property=\"og:url\" content=\"https:\/\/portaltela.pt\/noticias\/2026\/02\/04\/ar-consulta-a-associacao-das-assembleias-municipais-sobre-leis-para-autarquias\/\" \/>\n<meta property=\"og:site_name\" content=\"Portal Tela Portugal\" \/>\n<meta property=\"article:published_time\" content=\"2026-02-04T16:24:00+00:00\" \/>\n<meta name=\"author\" content=\"Telinha\" \/>\n<meta name=\"twitter:card\" content=\"summary_large_image\" \/>\n<meta name=\"twitter:label1\" content=\"Escrito por\" \/>\n\t<meta name=\"twitter:data1\" content=\"Telinha\" \/>\n\t<meta name=\"twitter:label2\" content=\"Tempo estimado de leitura\" \/>\n\t<meta name=\"twitter:data2\" content=\"1 minuto\" \/>\n<script type=\"application\/ld+json\" class=\"yoast-schema-graph\">{\"@context\":\"https:\/\/schema.org\",\"@graph\":[{\"@type\":\"Article\",\"@id\":\"https:\/\/portaltela.pt\/noticias\/2026\/02\/04\/ar-consulta-a-associacao-das-assembleias-municipais-sobre-leis-para-autarquias\/#article\",\"isPartOf\":{\"@id\":\"https:\/\/portaltela.pt\/noticias\/2026\/02\/04\/ar-consulta-a-associacao-das-assembleias-municipais-sobre-leis-para-autarquias\/\"},\"author\":{\"name\":\"Telinha\",\"@id\":\"https:\/\/portaltela.pt\/#\/schema\/person\/c4278d4a6028830caff9ee44b42d32ed\"},\"headline\":\"AR consulta a Associa\u00e7\u00e3o das Assembleias Municipais sobre leis para autarquias\",\"datePublished\":\"2026-02-04T16:24:00+00:00\",\"mainEntityOfPage\":{\"@id\":\"https:\/\/portaltela.pt\/noticias\/2026\/02\/04\/ar-consulta-a-associacao-das-assembleias-municipais-sobre-leis-para-autarquias\/\"},\"wordCount\":267,\"image\":{\"@id\":\"https:\/\/portaltela.pt\/noticias\/2026\/02\/04\/ar-consulta-a-associacao-das-assembleias-municipais-sobre-leis-para-autarquias\/#primaryimage\"},\"thumbnailUrl\":\"https:\/\/portaltela.pt\/s.01k8rhncp4jt1\/2026\/02\/unnamed-file-1303.jpg\",\"keywords\":[\"administra\u00e7\u00e3o p\u00fablica\",\"Assembleia Nacional\",\"associa\u00e7\u00f5es\",\"autarquias\",\"participa\u00e7\u00e3o\",\"pol\u00edcia municipal\"],\"articleSection\":[\"Not\u00edcias\"],\"inLanguage\":\"pt-PT\"},{\"@type\":\"WebPage\",\"@id\":\"https:\/\/portaltela.pt\/noticias\/2026\/02\/04\/ar-consulta-a-associacao-das-assembleias-municipais-sobre-leis-para-autarquias\/\",\"url\":\"https:\/\/portaltela.pt\/noticias\/2026\/02\/04\/ar-consulta-a-associacao-das-assembleias-municipais-sobre-leis-para-autarquias\/\",\"name\":\"AR consulta a Associa\u00e7\u00e3o das Assembleias Municipais sobre leis para autarquias - Portal Tela Portugal\",\"isPartOf\":{\"@id\":\"https:\/\/portaltela.pt\/#website\"},\"primaryImageOfPage\":{\"@id\":\"https:\/\/portaltela.pt\/noticias\/2026\/02\/04\/ar-consulta-a-associacao-das-assembleias-municipais-sobre-leis-para-autarquias\/#primaryimage\"},\"image\":{\"@id\":\"https:\/\/portaltela.pt\/noticias\/2026\/02\/04\/ar-consulta-a-associacao-das-assembleias-municipais-sobre-leis-para-autarquias\/#primaryimage\"},\"thumbnailUrl\":\"https:\/\/portaltela.pt\/s.01k8rhncp4jt1\/2026\/02\/unnamed-file-1303.jpg\",\"datePublished\":\"2026-02-04T16:24:00+00:00\",\"author\":{\"@id\":\"https:\/\/portaltela.pt\/#\/schema\/person\/c4278d4a6028830caff9ee44b42d32ed\"},\"breadcrumb\":{\"@id\":\"https:\/\/portaltela.pt\/noticias\/2026\/02\/04\/ar-consulta-a-associacao-das-assembleias-municipais-sobre-leis-para-autarquias\/#breadcrumb\"},\"inLanguage\":\"pt-PT\",\"potentialAction\":[{\"@type\":\"ReadAction\",\"target\":[\"https:\/\/portaltela.pt\/noticias\/2026\/02\/04\/ar-consulta-a-associacao-das-assembleias-municipais-sobre-leis-para-autarquias\/\"]}]},{\"@type\":\"ImageObject\",\"inLanguage\":\"pt-PT\",\"@id\":\"https:\/\/portaltela.pt\/noticias\/2026\/02\/04\/ar-consulta-a-associacao-das-assembleias-municipais-sobre-leis-para-autarquias\/#primaryimage\",\"url\":\"https:\/\/portaltela.pt\/s.01k8rhncp4jt1\/2026\/02\/unnamed-file-1303.jpg\",\"contentUrl\":\"https:\/\/portaltela.pt\/s.01k8rhncp4jt1\/2026\/02\/unnamed-file-1303.jpg\",\"width\":796,\"height\":448,\"caption\":\"Associa\u00e7\u00e3o das Assembleias Municipais passa a ser consultada pela AR sobre leis para as autarquias\"},{\"@type\":\"BreadcrumbList\",\"@id\":\"https:\/\/portaltela.pt\/noticias\/2026\/02\/04\/ar-consulta-a-associacao-das-assembleias-municipais-sobre-leis-para-autarquias\/#breadcrumb\",\"itemListElement\":[{\"@type\":\"ListItem\",\"position\":1,\"name\":\"In\u00edcio\",\"item\":\"https:\/\/portaltela.pt\/\"},{\"@type\":\"ListItem\",\"position\":2,\"name\":\"AR consulta a Associa\u00e7\u00e3o das Assembleias Municipais sobre leis para autarquias\"}]},{\"@type\":\"WebSite\",\"@id\":\"https:\/\/portaltela.pt\/#website\",\"url\":\"https:\/\/portaltela.pt\/\",\"name\":\"Portal Tela Portugal\",\"description\":\"\",\"potentialAction\":[{\"@type\":\"SearchAction\",\"target\":{\"@type\":\"EntryPoint\",\"urlTemplate\":\"https:\/\/portaltela.pt\/?s={search_term_string}\"},\"query-input\":{\"@type\":\"PropertyValueSpecification\",\"valueRequired\":true,\"valueName\":\"search_term_string\"}}],\"inLanguage\":\"pt-PT\"},{\"@type\":\"Person\",\"@id\":\"https:\/\/portaltela.pt\/#\/schema\/person\/c4278d4a6028830caff9ee44b42d32ed\",\"name\":\"Telinha\",\"image\":{\"@type\":\"ImageObject\",\"inLanguage\":\"pt-PT\",\"@id\":\"https:\/\/portaltela.pt\/s.01k8rhncp4jt1\/2025\/11\/talking-bot-125x125.png\",\"url\":\"https:\/\/portaltela.pt\/s.01k8rhncp4jt1\/2025\/11\/talking-bot-125x125.png\",\"contentUrl\":\"https:\/\/portaltela.pt\/s.01k8rhncp4jt1\/2025\/11\/talking-bot-125x125.png\",\"caption\":\"Telinha\"},\"sameAs\":[\"https:\/\/portaltela.pt\/\"],\"url\":\"https:\/\/portaltela.pt\/por\/367410592786\/\"}]}<\/script>\n<!-- \/ Yoast SEO plugin. -->","yoast_head_json":{"title":"AR consulta a Associa\u00e7\u00e3o das Assembleias Municipais sobre leis para autarquias - Portal Tela Portugal","robots":{"index":"index","follow":"follow","max-snippet":"max-snippet:-1","max-image-preview":"max-image-preview:large","max-video-preview":"max-video-preview:-1"},"og_locale":"pt_PT","og_type":"article","og_title":"AR consulta a Associa\u00e7\u00e3o das Assembleias Municipais sobre leis para autarquias - Portal Tela Portugal","og_description":"A Assembleia da Rep\u00fablica reconheceu a Associa\u00e7\u00e3o Nacional de Assembleias Municipais (ANAM) como parceiro do Estado, passando a ser consultada nos processos legislativos sobre autarquias locais. A decis\u00e3o foi tomada a partir de uma proposta do presidente da Comiss\u00e3o da Reforma do Estado e do Poder Local (CREPL), aprovada pela Confer\u00eancia de Presidentes das Comiss\u00f5es Parlamentares. A ANAM passa a ser ouvida por direito pr\u00f3prio, tal como j\u00e1 acontece com a Associa\u00e7\u00e3o Nacional de Munic\u00edpios Portugueses (ANMP) e a Associa\u00e7\u00e3o Nacional de Freguesias (ANAFRE). A ANAM ficar\u00e1 envolvida em temas como um novo estatuto das autarquias locais, a revis\u00e3o da lei das finan\u00e7as locais, cria\u00e7\u00e3o das pol\u00edcias municipais e altera\u00e7\u00f5es na estrutura de autarquias. O presidente da ANAM, Fernando Santos Pereira, afirmou que a decis\u00e3o refor\u00e7a a participa\u00e7\u00e3o dos \u00f3rg\u00e3os deliberativos municipais no processo legislativo e beneficia o parlamento e as popula\u00e7\u00f5es locais.","og_url":"https:\/\/portaltela.pt\/noticias\/2026\/02\/04\/ar-consulta-a-associacao-das-assembleias-municipais-sobre-leis-para-autarquias\/","og_site_name":"Portal Tela Portugal","article_published_time":"2026-02-04T16:24:00+00:00","author":"Telinha","twitter_card":"summary_large_image","twitter_misc":{"Escrito por":"Telinha","Tempo estimado de leitura":"1 minuto"},"schema":{"@context":"https:\/\/schema.org","@graph":[{"@type":"Article","@id":"https:\/\/portaltela.pt\/noticias\/2026\/02\/04\/ar-consulta-a-associacao-das-assembleias-municipais-sobre-leis-para-autarquias\/#article","isPartOf":{"@id":"https:\/\/portaltela.pt\/noticias\/2026\/02\/04\/ar-consulta-a-associacao-das-assembleias-municipais-sobre-leis-para-autarquias\/"},"author":{"name":"Telinha","@id":"https:\/\/portaltela.pt\/#\/schema\/person\/c4278d4a6028830caff9ee44b42d32ed"},"headline":"AR consulta a Associa\u00e7\u00e3o das Assembleias Municipais sobre leis para autarquias","datePublished":"2026-02-04T16:24:00+00:00","mainEntityOfPage":{"@id":"https:\/\/portaltela.pt\/noticias\/2026\/02\/04\/ar-consulta-a-associacao-das-assembleias-municipais-sobre-leis-para-autarquias\/"},"wordCount":267,"image":{"@id":"https:\/\/portaltela.pt\/noticias\/2026\/02\/04\/ar-consulta-a-associacao-das-assembleias-municipais-sobre-leis-para-autarquias\/#primaryimage"},"thumbnailUrl":"https:\/\/portaltela.pt\/s.01k8rhncp4jt1\/2026\/02\/unnamed-file-1303.jpg","keywords":["administra\u00e7\u00e3o p\u00fablica","Assembleia Nacional","associa\u00e7\u00f5es","autarquias","participa\u00e7\u00e3o","pol\u00edcia municipal"],"articleSection":["Not\u00edcias"],"inLanguage":"pt-PT"},{"@type":"WebPage","@id":"https:\/\/portaltela.pt\/noticias\/2026\/02\/04\/ar-consulta-a-associacao-das-assembleias-municipais-sobre-leis-para-autarquias\/","url":"https:\/\/portaltela.pt\/noticias\/2026\/02\/04\/ar-consulta-a-associacao-das-assembleias-municipais-sobre-leis-para-autarquias\/","name":"AR consulta a Associa\u00e7\u00e3o das Assembleias Municipais sobre leis para autarquias - Portal Tela Portugal","isPartOf":{"@id":"https:\/\/portaltela.pt\/#website"},"primaryImageOfPage":{"@id":"https:\/\/portaltela.pt\/noticias\/2026\/02\/04\/ar-consulta-a-associacao-das-assembleias-municipais-sobre-leis-para-autarquias\/#primaryimage"},"image":{"@id":"https:\/\/portaltela.pt\/noticias\/2026\/02\/04\/ar-consulta-a-associacao-das-assembleias-municipais-sobre-leis-para-autarquias\/#primaryimage"},"thumbnailUrl":"https:\/\/portaltela.pt\/s.01k8rhncp4jt1\/2026\/02\/unnamed-file-1303.jpg","datePublished":"2026-02-04T16:24:00+00:00","author":{"@id":"https:\/\/portaltela.pt\/#\/schema\/person\/c4278d4a6028830caff9ee44b42d32ed"},"breadcrumb":{"@id":"https:\/\/portaltela.pt\/noticias\/2026\/02\/04\/ar-consulta-a-associacao-das-assembleias-municipais-sobre-leis-para-autarquias\/#breadcrumb"},"inLanguage":"pt-PT","potentialAction":[{"@type":"ReadAction","target":["https:\/\/portaltela.pt\/noticias\/2026\/02\/04\/ar-consulta-a-associacao-das-assembleias-municipais-sobre-leis-para-autarquias\/"]}]},{"@type":"ImageObject","inLanguage":"pt-PT","@id":"https:\/\/portaltela.pt\/noticias\/2026\/02\/04\/ar-consulta-a-associacao-das-assembleias-municipais-sobre-leis-para-autarquias\/#primaryimage","url":"https:\/\/portaltela.pt\/s.01k8rhncp4jt1\/2026\/02\/unnamed-file-1303.jpg","contentUrl":"https:\/\/portaltela.pt\/s.01k8rhncp4jt1\/2026\/02\/unnamed-file-1303.jpg","width":796,"height":448,"caption":"Associa\u00e7\u00e3o das Assembleias Municipais passa a ser consultada pela AR sobre leis para as autarquias"},{"@type":"BreadcrumbList","@id":"https:\/\/portaltela.pt\/noticias\/2026\/02\/04\/ar-consulta-a-associacao-das-assembleias-municipais-sobre-leis-para-autarquias\/#breadcrumb","itemListElement":[{"@type":"ListItem","position":1,"name":"In\u00edcio","item":"https:\/\/portaltela.pt\/"},{"@type":"ListItem","position":2,"name":"AR consulta a Associa\u00e7\u00e3o das Assembleias Municipais sobre leis para autarquias"}]},{"@type":"WebSite","@id":"https:\/\/portaltela.pt\/#website","url":"https:\/\/portaltela.pt\/","name":"Portal Tela Portugal","description":"","potentialAction":[{"@type":"SearchAction","target":{"@type":"EntryPoint","urlTemplate":"https:\/\/portaltela.pt\/?s={search_term_string}"},"query-input":{"@type":"PropertyValueSpecification","valueRequired":true,"valueName":"search_term_string"}}],"inLanguage":"pt-PT"},{"@type":"Person","@id":"https:\/\/portaltela.pt\/#\/schema\/person\/c4278d4a6028830caff9ee44b42d32ed","name":"Telinha","image":{"@type":"ImageObject","inLanguage":"pt-PT","@id":"https:\/\/portaltela.pt\/s.01k8rhncp4jt1\/2025\/11\/talking-bot-125x125.png","url":"https:\/\/portaltela.pt\/s.01k8rhncp4jt1\/2025\/11\/talking-bot-125x125.png","contentUrl":"https:\/\/portaltela.pt\/s.01k8rhncp4jt1\/2025\/11\/talking-bot-125x125.png","caption":"Telinha"},"sameAs":["https:\/\/portaltela.pt\/"],"url":"https:\/\/portaltela.pt\/por\/367410592786\/"}]}},"_links":{"self":[{"href":"https:\/\/portaltela.pt\/api\/wp\/v2\/posts\/197298","targetHints":{"allow":["GET"]}}],"collection":[{"href":"https:\/\/portaltela.pt\/api\/wp\/v2\/posts"}],"about":[{"href":"https:\/\/portaltela.pt\/api\/wp\/v2\/types\/post"}],"author":[{"embeddable":true,"href":"https:\/\/portaltela.pt\/api\/wp\/v2\/users\/2"}],"replies":[{"embeddable":true,"href":"https:\/\/portaltela.pt\/api\/wp\/v2\/comments?post=197298"}],"version-history":[{"count":0,"href":"https:\/\/portaltela.pt\/api\/wp\/v2\/posts\/197298\/revisions"}],"wp:featuredmedia":[{"embeddable":true,"href":"https:\/\/portaltela.pt\/api\/wp\/v2\/media\/197308"}],"wp:attachment":[{"href":"https:\/\/portaltela.pt\/api\/wp\/v2\/media?parent=197298"}],"wp:term":[{"taxonomy":"category","embeddable":true,"href":"https:\/\/portaltela.pt\/api\/wp\/v2\/categories?post=197298"},{"taxonomy":"post_tag","embeddable":true,"href":"https:\/\/portaltela.pt\/api\/wp\/v2\/tags?post=197298"}],"curies":[{"name":"wp","href":"https:\/\/api.w.org\/{rel}","templated":true}]}}