{"id":197275,"date":"2026-02-04T12:44:52","date_gmt":"2026-02-04T15:44:52","guid":{"rendered":"https:\/\/portaltela.pt\/noticias\/2026\/02\/04\/cla-do-golfo-suspende-negociacoes-com-governo-colombiano\/"},"modified":"2026-02-04T12:44:52","modified_gmt":"2026-02-04T15:44:52","slug":"cla-do-golfo-suspende-negociacoes-com-governo-colombiano","status":"publish","type":"post","link":"https:\/\/portaltela.pt\/noticias\/2026\/02\/04\/cla-do-golfo-suspende-negociacoes-com-governo-colombiano\/","title":{"rendered":"Cl\u00e3 do Golfo suspende negocia\u00e7\u00f5es com Governo colombiano"},"content":{"rendered":"<p>O grupo criminoso Cl\u00e3 do Golfo suspendeu hoje as negocia\u00e7\u00f5es de paz com o Governo colombiano. A decis\u00e3o surge ap\u00f3s alegadamente terem sido comunicados aos Estados Unidos os nomes de l\u00edderes de opera\u00e7\u00f5es de narcotr\u00e1fico.<\/p>\n<p>Segundo a autointitulada Ex\u00e9rcito Gaitanista da Col\u00f4mbia, a informa\u00e7\u00e3o foi partilhada durante um encontro na Casa Branca entre o Presidente colombiano, Gustavo Petro, e o Presidente dos EUA, Donald Trump.<\/p>\n<p>O Governo de Petro tem mantido conversas com o Cl\u00e3 do Golfo em Doha desde setembro, com apoio de Qatar, Espanha, Noruega e Su\u00ed\u00e7a, para implementar o plano de Paz Total de Petro, que foi consagrado como lei em 2022.<\/p>\n<h3>Desenvolvimento das negocia\u00e7\u00f5es<\/h3>\n<p>O grupo afirma ter decidido suspender provisoriamente as negocia\u00e7\u00f5es para consultas internas e para confirmar a veracidade das not\u00edcias veiculadas pela imprensa local.<\/p>\n<h3>Nomes citados<\/h3>\n<p>A defesa colombiana confirmou que houve uma reuni\u00e3o entre as duplas executiva e militar do Cl\u00e3 do Golfo para avaliar a situa\u00e7\u00e3o, sem adiantar pormenores sobre san\u00e7\u00f5es ou a\u00e7\u00f5es futuras.<\/p>\n<p>O ministro da Defesa colombiano indicou, em entrevista, que Petro e Trump teriam assumido compromissos para combater alvos de alto n\u00edvel ligados ao narcotr\u00e1fico e a grupos armados ilegais.<\/p>\n<h3>Repercuss\u00e3o e contexto<\/h3>\n<p>Um documento em ingl\u00eas, alegadamente entregue \u00e0s autoridades norte-americanas, lista tr\u00eas l\u00edderes que poderiam ser alvo de a\u00e7\u00f5es nos pr\u00f3ximos dois meses.<\/p>\n<p>Entre os nomes mencionados est\u00e3o Chiquito Malo, l\u00edder do Cl\u00e3 do Golfo, Pablito, do Comando Central do ELN, e Iv\u00e1n Mordisco, chefe do Estado-Mior Central dissidente das FARC.<\/p>\n<p>Na sexta-feira, uma an\u00e1lise da Funda\u00e7\u00e3o Ideias para a Paz indicou que o Cl\u00e3 do Golfo ter\u00e1 cerca de 9.840 membros e afirmou que o grupo tem cumprido compromissos da pol\u00edtica de paz defendida pelo Governo.<\/p>\n<p>O Governo colombiano ainda n\u00e3o reagiu publicamente \u00e0s alega\u00e7\u00f5es do grupo nem ao alcance dos compromissos assumidos em sede bilateral com os EUA.<\/p>\n<p>Em dezembro, os EUA classificaram o Cl\u00e3 do Golfo como organiza\u00e7\u00e3o terrorista estrangeira, com san\u00e7\u00f5es financeiras, congelamento de bens e poss\u00edveis acusa\u00e7\u00f5es a apoiantes.<\/p>\n","protected":false},"excerpt":{"rendered":"<ul>\n<li>O grupo criminoso Cl\u00e3 do Golfo suspendeu as negocia\u00e7\u00f5es de paz com o Governo colombiano, alegando que nomes de l\u00edderes de opera\u00e7\u00f5es de narcotr\u00e1fico teriam sido comunicados aos Estados Unidos durante a reuni\u00e3o entre o presidente Gustavo Petro e o presidente dos EUA na Casa Branca.<\/li>\n<li>A organiza\u00e7\u00e3o afirma que, se comprovadas as informa\u00e7\u00f5es, \u00e9 um ataque \u00e0 boa-f\u00e9 e aos compromissos da mesa de negocia\u00e7\u00f5es, e decidiu suspend\u00ea-las provisoriamente enquanto ocorrem consultas internas.<\/li>\n<li>Um documento em ingl\u00eas, alegadamente entregue \u00e0s autoridades norte\u2011americanas, lista tr\u00eas l\u00edderes com a\u00e7\u00f5es norte-americanas planeadas para os pr\u00f3ximos meses: Jobanis de Jes\u00fas \u00c1vila, conhecido como Chiquito Malo; Gustavo Giraldo Quinch\u00eda, ou Pablito; e N\u00e9stor Gregorio Vera, tamb\u00e9m chamado Iv\u00e1n Mordisco.<\/li>\n<li>O Governo colombiano, que negocia o Plano de Paz Total em Doha com apoio de v\u00e1rios pa\u00edses, ainda n\u00e3o comentou as alega\u00e7\u00f5es nem o alcance dos compromissos assumidos com os Estados Unidos.<\/li>\n<li>Em dezembro, os Estados Unidos classificaram o Cl\u00e3 do Golfo como Organiza\u00e7\u00e3o Terrorista Estrangeira, com san\u00e7\u00f5es financeiras e poss\u00edvel a\u00e7\u00e3o criminal para quem apoiar o grupo.<\/li>\n<\/ul>\n","protected":false},"author":2,"featured_media":197276,"comment_status":"closed","ping_status":"closed","sticky":false,"template":"","format":"standard","meta":{"footnotes":""},"categories":[1],"tags":[2469,1600,2455,352,4989,2349],"class_list":["post-197275","post","type-post","status-publish","format-standard","has-post-thumbnail","hentry","category-noticias","tag-colombia","tag-estados-unidos","tag-narco-terrorismo","tag-organizacao-criminosa","tag-terrorismo","tag-trafico-de-drogas"],"yoast_head":"<!-- This site is optimized with the Yoast SEO plugin v27.2 - https:\/\/yoast.com\/product\/yoast-seo-wordpress\/ -->\n<title>Cl\u00e3 do Golfo suspende negocia\u00e7\u00f5es com Governo colombiano - Portal Tela Portugal<\/title>\n<meta name=\"robots\" content=\"index, follow, max-snippet:-1, max-image-preview:large, max-video-preview:-1\" \/>\n<meta property=\"og:locale\" content=\"pt_PT\" \/>\n<meta property=\"og:type\" content=\"article\" \/>\n<meta property=\"og:title\" content=\"Cl\u00e3 do Golfo suspende negocia\u00e7\u00f5es com Governo colombiano - Portal Tela Portugal\" \/>\n<meta property=\"og:description\" content=\"O grupo criminoso Cl\u00e3 do Golfo suspendeu as negocia\u00e7\u00f5es de paz com o Governo colombiano, alegando que nomes de l\u00edderes de opera\u00e7\u00f5es de narcotr\u00e1fico teriam sido comunicados aos Estados Unidos durante a reuni\u00e3o entre o presidente Gustavo Petro e o presidente dos EUA na Casa Branca. A organiza\u00e7\u00e3o afirma que, se comprovadas as informa\u00e7\u00f5es, \u00e9 um ataque \u00e0 boa-f\u00e9 e aos compromissos da mesa de negocia\u00e7\u00f5es, e decidiu suspend\u00ea-las provisoriamente enquanto ocorrem consultas internas. Um documento em ingl\u00eas, alegadamente entregue \u00e0s autoridades norte\u2011americanas, lista tr\u00eas l\u00edderes com a\u00e7\u00f5es norte-americanas planeadas para os pr\u00f3ximos meses: Jobanis de Jes\u00fas \u00c1vila, conhecido como Chiquito Malo; Gustavo Giraldo Quinch\u00eda, ou Pablito; e N\u00e9stor Gregorio Vera, tamb\u00e9m chamado Iv\u00e1n Mordisco. O Governo colombiano, que negocia o Plano de Paz Total em Doha com apoio de v\u00e1rios pa\u00edses, ainda n\u00e3o comentou as alega\u00e7\u00f5es nem o alcance dos compromissos assumidos com os Estados Unidos. Em dezembro, os Estados Unidos classificaram o Cl\u00e3 do Golfo como Organiza\u00e7\u00e3o Terrorista Estrangeira, com san\u00e7\u00f5es financeiras e poss\u00edvel a\u00e7\u00e3o criminal para quem apoiar o grupo.\" \/>\n<meta property=\"og:url\" content=\"https:\/\/portaltela.pt\/noticias\/2026\/02\/04\/cla-do-golfo-suspende-negociacoes-com-governo-colombiano\/\" \/>\n<meta property=\"og:site_name\" content=\"Portal Tela Portugal\" \/>\n<meta property=\"article:published_time\" content=\"2026-02-04T15:44:52+00:00\" \/>\n<meta name=\"author\" content=\"Telinha\" \/>\n<meta name=\"twitter:card\" content=\"summary_large_image\" \/>\n<meta name=\"twitter:label1\" content=\"Escrito por\" \/>\n\t<meta name=\"twitter:data1\" content=\"Telinha\" \/>\n\t<meta name=\"twitter:label2\" content=\"Tempo estimado de leitura\" \/>\n\t<meta name=\"twitter:data2\" content=\"2 minutos\" \/>\n<script type=\"application\/ld+json\" class=\"yoast-schema-graph\">{\"@context\":\"https:\/\/schema.org\",\"@graph\":[{\"@type\":\"Article\",\"@id\":\"https:\/\/portaltela.pt\/noticias\/2026\/02\/04\/cla-do-golfo-suspende-negociacoes-com-governo-colombiano\/#article\",\"isPartOf\":{\"@id\":\"https:\/\/portaltela.pt\/noticias\/2026\/02\/04\/cla-do-golfo-suspende-negociacoes-com-governo-colombiano\/\"},\"author\":{\"name\":\"Telinha\",\"@id\":\"https:\/\/portaltela.pt\/#\/schema\/person\/c4278d4a6028830caff9ee44b42d32ed\"},\"headline\":\"Cl\u00e3 do Golfo suspende negocia\u00e7\u00f5es com Governo colombiano\",\"datePublished\":\"2026-02-04T15:44:52+00:00\",\"mainEntityOfPage\":{\"@id\":\"https:\/\/portaltela.pt\/noticias\/2026\/02\/04\/cla-do-golfo-suspende-negociacoes-com-governo-colombiano\/\"},\"wordCount\":372,\"image\":{\"@id\":\"https:\/\/portaltela.pt\/noticias\/2026\/02\/04\/cla-do-golfo-suspende-negociacoes-com-governo-colombiano\/#primaryimage\"},\"thumbnailUrl\":\"https:\/\/portaltela.pt\/s.01k8rhncp4jt1\/2026\/02\/unnamed-file-1297.jpg\",\"keywords\":[\"Col\u00f4mbia\",\"Estados Unidos\",\"narco-terrorismo\",\"organiza\u00e7\u00e3o criminosa\",\"terrorismo\",\"tr\u00e1fico de drogas\"],\"articleSection\":[\"Not\u00edcias\"],\"inLanguage\":\"pt-PT\"},{\"@type\":\"WebPage\",\"@id\":\"https:\/\/portaltela.pt\/noticias\/2026\/02\/04\/cla-do-golfo-suspende-negociacoes-com-governo-colombiano\/\",\"url\":\"https:\/\/portaltela.pt\/noticias\/2026\/02\/04\/cla-do-golfo-suspende-negociacoes-com-governo-colombiano\/\",\"name\":\"Cl\u00e3 do Golfo suspende negocia\u00e7\u00f5es com Governo colombiano - Portal Tela Portugal\",\"isPartOf\":{\"@id\":\"https:\/\/portaltela.pt\/#website\"},\"primaryImageOfPage\":{\"@id\":\"https:\/\/portaltela.pt\/noticias\/2026\/02\/04\/cla-do-golfo-suspende-negociacoes-com-governo-colombiano\/#primaryimage\"},\"image\":{\"@id\":\"https:\/\/portaltela.pt\/noticias\/2026\/02\/04\/cla-do-golfo-suspende-negociacoes-com-governo-colombiano\/#primaryimage\"},\"thumbnailUrl\":\"https:\/\/portaltela.pt\/s.01k8rhncp4jt1\/2026\/02\/unnamed-file-1297.jpg\",\"datePublished\":\"2026-02-04T15:44:52+00:00\",\"author\":{\"@id\":\"https:\/\/portaltela.pt\/#\/schema\/person\/c4278d4a6028830caff9ee44b42d32ed\"},\"breadcrumb\":{\"@id\":\"https:\/\/portaltela.pt\/noticias\/2026\/02\/04\/cla-do-golfo-suspende-negociacoes-com-governo-colombiano\/#breadcrumb\"},\"inLanguage\":\"pt-PT\",\"potentialAction\":[{\"@type\":\"ReadAction\",\"target\":[\"https:\/\/portaltela.pt\/noticias\/2026\/02\/04\/cla-do-golfo-suspende-negociacoes-com-governo-colombiano\/\"]}]},{\"@type\":\"ImageObject\",\"inLanguage\":\"pt-PT\",\"@id\":\"https:\/\/portaltela.pt\/noticias\/2026\/02\/04\/cla-do-golfo-suspende-negociacoes-com-governo-colombiano\/#primaryimage\",\"url\":\"https:\/\/portaltela.pt\/s.01k8rhncp4jt1\/2026\/02\/unnamed-file-1297.jpg\",\"contentUrl\":\"https:\/\/portaltela.pt\/s.01k8rhncp4jt1\/2026\/02\/unnamed-file-1297.jpg\",\"width\":796,\"height\":448,\"caption\":\"Grupo criminoso Cl\u00e3 do Golfo suspende conversa\u00e7\u00f5es com Governo colombiano\"},{\"@type\":\"BreadcrumbList\",\"@id\":\"https:\/\/portaltela.pt\/noticias\/2026\/02\/04\/cla-do-golfo-suspende-negociacoes-com-governo-colombiano\/#breadcrumb\",\"itemListElement\":[{\"@type\":\"ListItem\",\"position\":1,\"name\":\"In\u00edcio\",\"item\":\"https:\/\/portaltela.pt\/\"},{\"@type\":\"ListItem\",\"position\":2,\"name\":\"Cl\u00e3 do Golfo suspende negocia\u00e7\u00f5es com Governo colombiano\"}]},{\"@type\":\"WebSite\",\"@id\":\"https:\/\/portaltela.pt\/#website\",\"url\":\"https:\/\/portaltela.pt\/\",\"name\":\"Portal Tela Portugal\",\"description\":\"\",\"potentialAction\":[{\"@type\":\"SearchAction\",\"target\":{\"@type\":\"EntryPoint\",\"urlTemplate\":\"https:\/\/portaltela.pt\/?s={search_term_string}\"},\"query-input\":{\"@type\":\"PropertyValueSpecification\",\"valueRequired\":true,\"valueName\":\"search_term_string\"}}],\"inLanguage\":\"pt-PT\"},{\"@type\":\"Person\",\"@id\":\"https:\/\/portaltela.pt\/#\/schema\/person\/c4278d4a6028830caff9ee44b42d32ed\",\"name\":\"Telinha\",\"image\":{\"@type\":\"ImageObject\",\"inLanguage\":\"pt-PT\",\"@id\":\"https:\/\/portaltela.pt\/s.01k8rhncp4jt1\/2025\/11\/talking-bot-125x125.png\",\"url\":\"https:\/\/portaltela.pt\/s.01k8rhncp4jt1\/2025\/11\/talking-bot-125x125.png\",\"contentUrl\":\"https:\/\/portaltela.pt\/s.01k8rhncp4jt1\/2025\/11\/talking-bot-125x125.png\",\"caption\":\"Telinha\"},\"sameAs\":[\"https:\/\/portaltela.pt\/\"],\"url\":\"https:\/\/portaltela.pt\/por\/367410592786\/\"}]}<\/script>\n<!-- \/ Yoast SEO plugin. -->","yoast_head_json":{"title":"Cl\u00e3 do Golfo suspende negocia\u00e7\u00f5es com Governo colombiano - Portal Tela Portugal","robots":{"index":"index","follow":"follow","max-snippet":"max-snippet:-1","max-image-preview":"max-image-preview:large","max-video-preview":"max-video-preview:-1"},"og_locale":"pt_PT","og_type":"article","og_title":"Cl\u00e3 do Golfo suspende negocia\u00e7\u00f5es com Governo colombiano - Portal Tela Portugal","og_description":"O grupo criminoso Cl\u00e3 do Golfo suspendeu as negocia\u00e7\u00f5es de paz com o Governo colombiano, alegando que nomes de l\u00edderes de opera\u00e7\u00f5es de narcotr\u00e1fico teriam sido comunicados aos Estados Unidos durante a reuni\u00e3o entre o presidente Gustavo Petro e o presidente dos EUA na Casa Branca. A organiza\u00e7\u00e3o afirma que, se comprovadas as informa\u00e7\u00f5es, \u00e9 um ataque \u00e0 boa-f\u00e9 e aos compromissos da mesa de negocia\u00e7\u00f5es, e decidiu suspend\u00ea-las provisoriamente enquanto ocorrem consultas internas. Um documento em ingl\u00eas, alegadamente entregue \u00e0s autoridades norte\u2011americanas, lista tr\u00eas l\u00edderes com a\u00e7\u00f5es norte-americanas planeadas para os pr\u00f3ximos meses: Jobanis de Jes\u00fas \u00c1vila, conhecido como Chiquito Malo; Gustavo Giraldo Quinch\u00eda, ou Pablito; e N\u00e9stor Gregorio Vera, tamb\u00e9m chamado Iv\u00e1n Mordisco. O Governo colombiano, que negocia o Plano de Paz Total em Doha com apoio de v\u00e1rios pa\u00edses, ainda n\u00e3o comentou as alega\u00e7\u00f5es nem o alcance dos compromissos assumidos com os Estados Unidos. Em dezembro, os Estados Unidos classificaram o Cl\u00e3 do Golfo como Organiza\u00e7\u00e3o Terrorista Estrangeira, com san\u00e7\u00f5es financeiras e poss\u00edvel a\u00e7\u00e3o criminal para quem apoiar o grupo.","og_url":"https:\/\/portaltela.pt\/noticias\/2026\/02\/04\/cla-do-golfo-suspende-negociacoes-com-governo-colombiano\/","og_site_name":"Portal Tela Portugal","article_published_time":"2026-02-04T15:44:52+00:00","author":"Telinha","twitter_card":"summary_large_image","twitter_misc":{"Escrito por":"Telinha","Tempo estimado de leitura":"2 minutos"},"schema":{"@context":"https:\/\/schema.org","@graph":[{"@type":"Article","@id":"https:\/\/portaltela.pt\/noticias\/2026\/02\/04\/cla-do-golfo-suspende-negociacoes-com-governo-colombiano\/#article","isPartOf":{"@id":"https:\/\/portaltela.pt\/noticias\/2026\/02\/04\/cla-do-golfo-suspende-negociacoes-com-governo-colombiano\/"},"author":{"name":"Telinha","@id":"https:\/\/portaltela.pt\/#\/schema\/person\/c4278d4a6028830caff9ee44b42d32ed"},"headline":"Cl\u00e3 do Golfo suspende negocia\u00e7\u00f5es com Governo colombiano","datePublished":"2026-02-04T15:44:52+00:00","mainEntityOfPage":{"@id":"https:\/\/portaltela.pt\/noticias\/2026\/02\/04\/cla-do-golfo-suspende-negociacoes-com-governo-colombiano\/"},"wordCount":372,"image":{"@id":"https:\/\/portaltela.pt\/noticias\/2026\/02\/04\/cla-do-golfo-suspende-negociacoes-com-governo-colombiano\/#primaryimage"},"thumbnailUrl":"https:\/\/portaltela.pt\/s.01k8rhncp4jt1\/2026\/02\/unnamed-file-1297.jpg","keywords":["Col\u00f4mbia","Estados Unidos","narco-terrorismo","organiza\u00e7\u00e3o criminosa","terrorismo","tr\u00e1fico de drogas"],"articleSection":["Not\u00edcias"],"inLanguage":"pt-PT"},{"@type":"WebPage","@id":"https:\/\/portaltela.pt\/noticias\/2026\/02\/04\/cla-do-golfo-suspende-negociacoes-com-governo-colombiano\/","url":"https:\/\/portaltela.pt\/noticias\/2026\/02\/04\/cla-do-golfo-suspende-negociacoes-com-governo-colombiano\/","name":"Cl\u00e3 do Golfo suspende negocia\u00e7\u00f5es com Governo colombiano - Portal Tela Portugal","isPartOf":{"@id":"https:\/\/portaltela.pt\/#website"},"primaryImageOfPage":{"@id":"https:\/\/portaltela.pt\/noticias\/2026\/02\/04\/cla-do-golfo-suspende-negociacoes-com-governo-colombiano\/#primaryimage"},"image":{"@id":"https:\/\/portaltela.pt\/noticias\/2026\/02\/04\/cla-do-golfo-suspende-negociacoes-com-governo-colombiano\/#primaryimage"},"thumbnailUrl":"https:\/\/portaltela.pt\/s.01k8rhncp4jt1\/2026\/02\/unnamed-file-1297.jpg","datePublished":"2026-02-04T15:44:52+00:00","author":{"@id":"https:\/\/portaltela.pt\/#\/schema\/person\/c4278d4a6028830caff9ee44b42d32ed"},"breadcrumb":{"@id":"https:\/\/portaltela.pt\/noticias\/2026\/02\/04\/cla-do-golfo-suspende-negociacoes-com-governo-colombiano\/#breadcrumb"},"inLanguage":"pt-PT","potentialAction":[{"@type":"ReadAction","target":["https:\/\/portaltela.pt\/noticias\/2026\/02\/04\/cla-do-golfo-suspende-negociacoes-com-governo-colombiano\/"]}]},{"@type":"ImageObject","inLanguage":"pt-PT","@id":"https:\/\/portaltela.pt\/noticias\/2026\/02\/04\/cla-do-golfo-suspende-negociacoes-com-governo-colombiano\/#primaryimage","url":"https:\/\/portaltela.pt\/s.01k8rhncp4jt1\/2026\/02\/unnamed-file-1297.jpg","contentUrl":"https:\/\/portaltela.pt\/s.01k8rhncp4jt1\/2026\/02\/unnamed-file-1297.jpg","width":796,"height":448,"caption":"Grupo criminoso Cl\u00e3 do Golfo suspende conversa\u00e7\u00f5es com Governo colombiano"},{"@type":"BreadcrumbList","@id":"https:\/\/portaltela.pt\/noticias\/2026\/02\/04\/cla-do-golfo-suspende-negociacoes-com-governo-colombiano\/#breadcrumb","itemListElement":[{"@type":"ListItem","position":1,"name":"In\u00edcio","item":"https:\/\/portaltela.pt\/"},{"@type":"ListItem","position":2,"name":"Cl\u00e3 do Golfo suspende negocia\u00e7\u00f5es com Governo colombiano"}]},{"@type":"WebSite","@id":"https:\/\/portaltela.pt\/#website","url":"https:\/\/portaltela.pt\/","name":"Portal Tela Portugal","description":"","potentialAction":[{"@type":"SearchAction","target":{"@type":"EntryPoint","urlTemplate":"https:\/\/portaltela.pt\/?s={search_term_string}"},"query-input":{"@type":"PropertyValueSpecification","valueRequired":true,"valueName":"search_term_string"}}],"inLanguage":"pt-PT"},{"@type":"Person","@id":"https:\/\/portaltela.pt\/#\/schema\/person\/c4278d4a6028830caff9ee44b42d32ed","name":"Telinha","image":{"@type":"ImageObject","inLanguage":"pt-PT","@id":"https:\/\/portaltela.pt\/s.01k8rhncp4jt1\/2025\/11\/talking-bot-125x125.png","url":"https:\/\/portaltela.pt\/s.01k8rhncp4jt1\/2025\/11\/talking-bot-125x125.png","contentUrl":"https:\/\/portaltela.pt\/s.01k8rhncp4jt1\/2025\/11\/talking-bot-125x125.png","caption":"Telinha"},"sameAs":["https:\/\/portaltela.pt\/"],"url":"https:\/\/portaltela.pt\/por\/367410592786\/"}]}},"_links":{"self":[{"href":"https:\/\/portaltela.pt\/api\/wp\/v2\/posts\/197275","targetHints":{"allow":["GET"]}}],"collection":[{"href":"https:\/\/portaltela.pt\/api\/wp\/v2\/posts"}],"about":[{"href":"https:\/\/portaltela.pt\/api\/wp\/v2\/types\/post"}],"author":[{"embeddable":true,"href":"https:\/\/portaltela.pt\/api\/wp\/v2\/users\/2"}],"replies":[{"embeddable":true,"href":"https:\/\/portaltela.pt\/api\/wp\/v2\/comments?post=197275"}],"version-history":[{"count":0,"href":"https:\/\/portaltela.pt\/api\/wp\/v2\/posts\/197275\/revisions"}],"wp:featuredmedia":[{"embeddable":true,"href":"https:\/\/portaltela.pt\/api\/wp\/v2\/media\/197276"}],"wp:attachment":[{"href":"https:\/\/portaltela.pt\/api\/wp\/v2\/media?parent=197275"}],"wp:term":[{"taxonomy":"category","embeddable":true,"href":"https:\/\/portaltela.pt\/api\/wp\/v2\/categories?post=197275"},{"taxonomy":"post_tag","embeddable":true,"href":"https:\/\/portaltela.pt\/api\/wp\/v2\/tags?post=197275"}],"curies":[{"name":"wp","href":"https:\/\/api.w.org\/{rel}","templated":true}]}}