{"id":197247,"date":"2026-02-04T13:00:00","date_gmt":"2026-02-04T16:00:00","guid":{"rendered":"https:\/\/portaltela.pt\/noticias\/2026\/02\/04\/ansiedade-na-adolescencia-como-lidar-com-apoio-e-estrategias\/"},"modified":"2026-02-04T13:00:00","modified_gmt":"2026-02-04T16:00:00","slug":"ansiedade-na-adolescencia-como-lidar-com-apoio-e-estrategias","status":"publish","type":"post","link":"https:\/\/portaltela.pt\/noticias\/2026\/02\/04\/ansiedade-na-adolescencia-como-lidar-com-apoio-e-estrategias\/","title":{"rendered":"Ansiedade na adolesc\u00eancia: como lidar com apoio e estrat\u00e9gias"},"content":{"rendered":"<p>A adolesc\u00eancia \u00e9 uma fase de mudan\u00e7as sociais, emocionais e f\u00edsicas. Para muitos jovens, estes per\u00edodos de transforma\u00e7\u00e3o podem ocorrer com equil\u00edbrio, mas para outros surgem sobressaltos que afetam o desenvolvimento.<\/p>\n<p>A ansiedade \u00e9 um sintoma frequente neste contexto. Ela pode expressar o que est\u00e1 confuso e desorganizado interiormente, atuando como uma forma de liberta\u00e7\u00e3o emocional. Com frequ\u00eancia, adultos desvalorizam ou atribuem apenas a uma fase, sem olhar para o que a ansiedade comunica.<\/p>\n<p>Diante destes sinais, n\u00e3o fugir da ansiedade \u00e9 crucial. Ouvi-la com disponibilidade e afeto, sem exigir explica\u00e7\u00f5es imediatas, pode ajudar o adolescente a identificar a origem e libertar-se do aperto emocional.<\/p>\n<h3>Como lidar com a ansiedade na adolesc\u00eancia<\/h3>\n<p>Acolher a ansiedade, em vez de desvalorizar, \u00e9 o primeiro passo. A presen\u00e7a est\u00e1vel e o ouvido atento ajudam o jovem a partilhar sentimentos dif\u00edceis de gerir.<\/p>\n<p>Entre os recursos \u00fateis est\u00e3o abordagens de apoio emocional, comunica\u00e7\u00e3o aberta e reconhecimento das experi\u00eancias vividas pelo adolescente. Este conjunto facilita que o jovem encontre estrat\u00e9gias para manter o equil\u00edbrio emocional.<\/p>\n<p>Ap\u00f3s o acolhimento, \u00e9 poss\u00edvel explorar junto do adolescente as causas da ansiedade. O objetivo \u00e9 promover um desenvolvimento mais tranquilo, est\u00e1vel e saud\u00e1vel, sem press\u00f5es indevidas.<\/p>\n<h3>O papel dos adultos e do ambiente<\/h3>\n<p>Os adultos devem evitar julgamentos ou press\u00f5es desnecess\u00e1rias. A disponibilidade e o afeto consistem em fatores determinantes para que o jovem sinta seguran\u00e7a para partilhar o que o aflige.<\/p>\n<p>Em paralelo, criar rotinas, incentivar atividades saud\u00e1veis e promover recursos de apoio pode reduzir o impacto da ansiedade. A orienta\u00e7\u00e3o profissional pode ser necess\u00e1ria quando os epis\u00f3dios se tornam frequentes ou intensos.<\/p>\n<p>Fonte: psic\u00f3logas C\u00e1tia Lopo e Sara Almeida, Escola do Sentir.<\/p>\n","protected":false},"excerpt":{"rendered":"<ul>\n<li>A adolesc\u00eancia envolve mudan\u00e7as sociais, emocionais e f\u00edsicas.<\/li>\n<li>A ansiedade \u00e9 um sintoma comum nessa fase, expressando confus\u00e3o interna que o jovem pode ter dificuldade em gerir.<\/li>\n<li>Muitos adultos desvalorizam ou atribuem a ansiedade a uma \u201cfase da idade\u201d, mas \u00e9 essencial ouvir com disponibilidade e afeto.<\/li>\n<li>O acolhimento da ansiedade pelos adultos facilita que o adolescente partilhe o que a originou e procure libertar-se dela.<\/li>\n<li>Recomenda\u00e7\u00e3o: n\u00e3o fugir nem desvalorizar a ansiedade; ouvir com afeto e apoiar o jovem a crescer de forma mais equilibrada.<\/li>\n<li>Este artigo \u00e9 das psic\u00f3logas cl\u00ednicas C\u00e1tia Lopo e Sara Almeida, da Escola do Sentir.<\/li>\n<\/ul>\n","protected":false},"author":2,"featured_media":197256,"comment_status":"closed","ping_status":"closed","sticky":false,"template":"","format":"standard","meta":{"footnotes":""},"categories":[1],"tags":[1001,2607,163,64,2249,55],"class_list":["post-197247","post","type-post","status-publish","format-standard","has-post-thumbnail","hentry","category-noticias","tag-adolescencia","tag-comunicacao","tag-educacao","tag-familia","tag-psicologia","tag-saude-mental"],"yoast_head":"<!-- This site is optimized with the Yoast SEO plugin v27.2 - https:\/\/yoast.com\/product\/yoast-seo-wordpress\/ -->\n<title>Ansiedade na adolesc\u00eancia: como lidar com apoio e estrat\u00e9gias - Portal Tela Portugal<\/title>\n<meta name=\"robots\" content=\"index, follow, max-snippet:-1, max-image-preview:large, max-video-preview:-1\" \/>\n<meta property=\"og:locale\" content=\"pt_PT\" \/>\n<meta property=\"og:type\" content=\"article\" \/>\n<meta property=\"og:title\" content=\"Ansiedade na adolesc\u00eancia: como lidar com apoio e estrat\u00e9gias - Portal Tela Portugal\" \/>\n<meta property=\"og:description\" content=\"A adolesc\u00eancia envolve mudan\u00e7as sociais, emocionais e f\u00edsicas. A ansiedade \u00e9 um sintoma comum nessa fase, expressando confus\u00e3o interna que o jovem pode ter dificuldade em gerir. Muitos adultos desvalorizam ou atribuem a ansiedade a uma \u201cfase da idade\u201d, mas \u00e9 essencial ouvir com disponibilidade e afeto. O acolhimento da ansiedade pelos adultos facilita que o adolescente partilhe o que a originou e procure libertar-se dela. Recomenda\u00e7\u00e3o: n\u00e3o fugir nem desvalorizar a ansiedade; ouvir com afeto e apoiar o jovem a crescer de forma mais equilibrada. Este artigo \u00e9 das psic\u00f3logas cl\u00ednicas C\u00e1tia Lopo e Sara Almeida, da Escola do Sentir.\" \/>\n<meta property=\"og:url\" content=\"https:\/\/portaltela.pt\/noticias\/2026\/02\/04\/ansiedade-na-adolescencia-como-lidar-com-apoio-e-estrategias\/\" \/>\n<meta property=\"og:site_name\" content=\"Portal Tela Portugal\" \/>\n<meta property=\"article:published_time\" content=\"2026-02-04T16:00:00+00:00\" \/>\n<meta name=\"author\" content=\"Telinha\" \/>\n<meta name=\"twitter:card\" content=\"summary_large_image\" \/>\n<meta name=\"twitter:label1\" content=\"Escrito por\" \/>\n\t<meta name=\"twitter:data1\" content=\"Telinha\" \/>\n\t<meta name=\"twitter:label2\" content=\"Tempo estimado de leitura\" \/>\n\t<meta name=\"twitter:data2\" content=\"2 minutos\" \/>\n<script type=\"application\/ld+json\" class=\"yoast-schema-graph\">{\"@context\":\"https:\/\/schema.org\",\"@graph\":[{\"@type\":\"Article\",\"@id\":\"https:\/\/portaltela.pt\/noticias\/2026\/02\/04\/ansiedade-na-adolescencia-como-lidar-com-apoio-e-estrategias\/#article\",\"isPartOf\":{\"@id\":\"https:\/\/portaltela.pt\/noticias\/2026\/02\/04\/ansiedade-na-adolescencia-como-lidar-com-apoio-e-estrategias\/\"},\"author\":{\"name\":\"Telinha\",\"@id\":\"https:\/\/portaltela.pt\/#\/schema\/person\/c4278d4a6028830caff9ee44b42d32ed\"},\"headline\":\"Ansiedade na adolesc\u00eancia: como lidar com apoio e estrat\u00e9gias\",\"datePublished\":\"2026-02-04T16:00:00+00:00\",\"mainEntityOfPage\":{\"@id\":\"https:\/\/portaltela.pt\/noticias\/2026\/02\/04\/ansiedade-na-adolescencia-como-lidar-com-apoio-e-estrategias\/\"},\"wordCount\":313,\"image\":{\"@id\":\"https:\/\/portaltela.pt\/noticias\/2026\/02\/04\/ansiedade-na-adolescencia-como-lidar-com-apoio-e-estrategias\/#primaryimage\"},\"thumbnailUrl\":\"https:\/\/portaltela.pt\/s.01k8rhncp4jt1\/2026\/02\/unnamed-file-1294.jpg\",\"keywords\":[\"Adolesc\u00eancia\",\"comunica\u00e7\u00e3o\",\"educa\u00e7\u00e3o\",\"fam\u00edlia\",\"psicologia\",\"sa\u00fade mental\"],\"articleSection\":[\"Not\u00edcias\"],\"inLanguage\":\"pt-PT\"},{\"@type\":\"WebPage\",\"@id\":\"https:\/\/portaltela.pt\/noticias\/2026\/02\/04\/ansiedade-na-adolescencia-como-lidar-com-apoio-e-estrategias\/\",\"url\":\"https:\/\/portaltela.pt\/noticias\/2026\/02\/04\/ansiedade-na-adolescencia-como-lidar-com-apoio-e-estrategias\/\",\"name\":\"Ansiedade na adolesc\u00eancia: como lidar com apoio e estrat\u00e9gias - Portal Tela Portugal\",\"isPartOf\":{\"@id\":\"https:\/\/portaltela.pt\/#website\"},\"primaryImageOfPage\":{\"@id\":\"https:\/\/portaltela.pt\/noticias\/2026\/02\/04\/ansiedade-na-adolescencia-como-lidar-com-apoio-e-estrategias\/#primaryimage\"},\"image\":{\"@id\":\"https:\/\/portaltela.pt\/noticias\/2026\/02\/04\/ansiedade-na-adolescencia-como-lidar-com-apoio-e-estrategias\/#primaryimage\"},\"thumbnailUrl\":\"https:\/\/portaltela.pt\/s.01k8rhncp4jt1\/2026\/02\/unnamed-file-1294.jpg\",\"datePublished\":\"2026-02-04T16:00:00+00:00\",\"author\":{\"@id\":\"https:\/\/portaltela.pt\/#\/schema\/person\/c4278d4a6028830caff9ee44b42d32ed\"},\"breadcrumb\":{\"@id\":\"https:\/\/portaltela.pt\/noticias\/2026\/02\/04\/ansiedade-na-adolescencia-como-lidar-com-apoio-e-estrategias\/#breadcrumb\"},\"inLanguage\":\"pt-PT\",\"potentialAction\":[{\"@type\":\"ReadAction\",\"target\":[\"https:\/\/portaltela.pt\/noticias\/2026\/02\/04\/ansiedade-na-adolescencia-como-lidar-com-apoio-e-estrategias\/\"]}]},{\"@type\":\"ImageObject\",\"inLanguage\":\"pt-PT\",\"@id\":\"https:\/\/portaltela.pt\/noticias\/2026\/02\/04\/ansiedade-na-adolescencia-como-lidar-com-apoio-e-estrategias\/#primaryimage\",\"url\":\"https:\/\/portaltela.pt\/s.01k8rhncp4jt1\/2026\/02\/unnamed-file-1294.jpg\",\"contentUrl\":\"https:\/\/portaltela.pt\/s.01k8rhncp4jt1\/2026\/02\/unnamed-file-1294.jpg\",\"width\":796,\"height\":448,\"caption\":\"Ansiedade na adolesc\u00eancia. Como lidar?\"},{\"@type\":\"BreadcrumbList\",\"@id\":\"https:\/\/portaltela.pt\/noticias\/2026\/02\/04\/ansiedade-na-adolescencia-como-lidar-com-apoio-e-estrategias\/#breadcrumb\",\"itemListElement\":[{\"@type\":\"ListItem\",\"position\":1,\"name\":\"In\u00edcio\",\"item\":\"https:\/\/portaltela.pt\/\"},{\"@type\":\"ListItem\",\"position\":2,\"name\":\"Ansiedade na adolesc\u00eancia: como lidar com apoio e estrat\u00e9gias\"}]},{\"@type\":\"WebSite\",\"@id\":\"https:\/\/portaltela.pt\/#website\",\"url\":\"https:\/\/portaltela.pt\/\",\"name\":\"Portal Tela Portugal\",\"description\":\"\",\"potentialAction\":[{\"@type\":\"SearchAction\",\"target\":{\"@type\":\"EntryPoint\",\"urlTemplate\":\"https:\/\/portaltela.pt\/?s={search_term_string}\"},\"query-input\":{\"@type\":\"PropertyValueSpecification\",\"valueRequired\":true,\"valueName\":\"search_term_string\"}}],\"inLanguage\":\"pt-PT\"},{\"@type\":\"Person\",\"@id\":\"https:\/\/portaltela.pt\/#\/schema\/person\/c4278d4a6028830caff9ee44b42d32ed\",\"name\":\"Telinha\",\"image\":{\"@type\":\"ImageObject\",\"inLanguage\":\"pt-PT\",\"@id\":\"https:\/\/portaltela.pt\/s.01k8rhncp4jt1\/2025\/11\/talking-bot-125x125.png\",\"url\":\"https:\/\/portaltela.pt\/s.01k8rhncp4jt1\/2025\/11\/talking-bot-125x125.png\",\"contentUrl\":\"https:\/\/portaltela.pt\/s.01k8rhncp4jt1\/2025\/11\/talking-bot-125x125.png\",\"caption\":\"Telinha\"},\"sameAs\":[\"https:\/\/portaltela.pt\/\"],\"url\":\"https:\/\/portaltela.pt\/por\/367410592786\/\"}]}<\/script>\n<!-- \/ Yoast SEO plugin. -->","yoast_head_json":{"title":"Ansiedade na adolesc\u00eancia: como lidar com apoio e estrat\u00e9gias - Portal Tela Portugal","robots":{"index":"index","follow":"follow","max-snippet":"max-snippet:-1","max-image-preview":"max-image-preview:large","max-video-preview":"max-video-preview:-1"},"og_locale":"pt_PT","og_type":"article","og_title":"Ansiedade na adolesc\u00eancia: como lidar com apoio e estrat\u00e9gias - Portal Tela Portugal","og_description":"A adolesc\u00eancia envolve mudan\u00e7as sociais, emocionais e f\u00edsicas. A ansiedade \u00e9 um sintoma comum nessa fase, expressando confus\u00e3o interna que o jovem pode ter dificuldade em gerir. Muitos adultos desvalorizam ou atribuem a ansiedade a uma \u201cfase da idade\u201d, mas \u00e9 essencial ouvir com disponibilidade e afeto. O acolhimento da ansiedade pelos adultos facilita que o adolescente partilhe o que a originou e procure libertar-se dela. Recomenda\u00e7\u00e3o: n\u00e3o fugir nem desvalorizar a ansiedade; ouvir com afeto e apoiar o jovem a crescer de forma mais equilibrada. Este artigo \u00e9 das psic\u00f3logas cl\u00ednicas C\u00e1tia Lopo e Sara Almeida, da Escola do Sentir.","og_url":"https:\/\/portaltela.pt\/noticias\/2026\/02\/04\/ansiedade-na-adolescencia-como-lidar-com-apoio-e-estrategias\/","og_site_name":"Portal Tela Portugal","article_published_time":"2026-02-04T16:00:00+00:00","author":"Telinha","twitter_card":"summary_large_image","twitter_misc":{"Escrito por":"Telinha","Tempo estimado de leitura":"2 minutos"},"schema":{"@context":"https:\/\/schema.org","@graph":[{"@type":"Article","@id":"https:\/\/portaltela.pt\/noticias\/2026\/02\/04\/ansiedade-na-adolescencia-como-lidar-com-apoio-e-estrategias\/#article","isPartOf":{"@id":"https:\/\/portaltela.pt\/noticias\/2026\/02\/04\/ansiedade-na-adolescencia-como-lidar-com-apoio-e-estrategias\/"},"author":{"name":"Telinha","@id":"https:\/\/portaltela.pt\/#\/schema\/person\/c4278d4a6028830caff9ee44b42d32ed"},"headline":"Ansiedade na adolesc\u00eancia: como lidar com apoio e estrat\u00e9gias","datePublished":"2026-02-04T16:00:00+00:00","mainEntityOfPage":{"@id":"https:\/\/portaltela.pt\/noticias\/2026\/02\/04\/ansiedade-na-adolescencia-como-lidar-com-apoio-e-estrategias\/"},"wordCount":313,"image":{"@id":"https:\/\/portaltela.pt\/noticias\/2026\/02\/04\/ansiedade-na-adolescencia-como-lidar-com-apoio-e-estrategias\/#primaryimage"},"thumbnailUrl":"https:\/\/portaltela.pt\/s.01k8rhncp4jt1\/2026\/02\/unnamed-file-1294.jpg","keywords":["Adolesc\u00eancia","comunica\u00e7\u00e3o","educa\u00e7\u00e3o","fam\u00edlia","psicologia","sa\u00fade mental"],"articleSection":["Not\u00edcias"],"inLanguage":"pt-PT"},{"@type":"WebPage","@id":"https:\/\/portaltela.pt\/noticias\/2026\/02\/04\/ansiedade-na-adolescencia-como-lidar-com-apoio-e-estrategias\/","url":"https:\/\/portaltela.pt\/noticias\/2026\/02\/04\/ansiedade-na-adolescencia-como-lidar-com-apoio-e-estrategias\/","name":"Ansiedade na adolesc\u00eancia: como lidar com apoio e estrat\u00e9gias - Portal Tela Portugal","isPartOf":{"@id":"https:\/\/portaltela.pt\/#website"},"primaryImageOfPage":{"@id":"https:\/\/portaltela.pt\/noticias\/2026\/02\/04\/ansiedade-na-adolescencia-como-lidar-com-apoio-e-estrategias\/#primaryimage"},"image":{"@id":"https:\/\/portaltela.pt\/noticias\/2026\/02\/04\/ansiedade-na-adolescencia-como-lidar-com-apoio-e-estrategias\/#primaryimage"},"thumbnailUrl":"https:\/\/portaltela.pt\/s.01k8rhncp4jt1\/2026\/02\/unnamed-file-1294.jpg","datePublished":"2026-02-04T16:00:00+00:00","author":{"@id":"https:\/\/portaltela.pt\/#\/schema\/person\/c4278d4a6028830caff9ee44b42d32ed"},"breadcrumb":{"@id":"https:\/\/portaltela.pt\/noticias\/2026\/02\/04\/ansiedade-na-adolescencia-como-lidar-com-apoio-e-estrategias\/#breadcrumb"},"inLanguage":"pt-PT","potentialAction":[{"@type":"ReadAction","target":["https:\/\/portaltela.pt\/noticias\/2026\/02\/04\/ansiedade-na-adolescencia-como-lidar-com-apoio-e-estrategias\/"]}]},{"@type":"ImageObject","inLanguage":"pt-PT","@id":"https:\/\/portaltela.pt\/noticias\/2026\/02\/04\/ansiedade-na-adolescencia-como-lidar-com-apoio-e-estrategias\/#primaryimage","url":"https:\/\/portaltela.pt\/s.01k8rhncp4jt1\/2026\/02\/unnamed-file-1294.jpg","contentUrl":"https:\/\/portaltela.pt\/s.01k8rhncp4jt1\/2026\/02\/unnamed-file-1294.jpg","width":796,"height":448,"caption":"Ansiedade na adolesc\u00eancia. Como lidar?"},{"@type":"BreadcrumbList","@id":"https:\/\/portaltela.pt\/noticias\/2026\/02\/04\/ansiedade-na-adolescencia-como-lidar-com-apoio-e-estrategias\/#breadcrumb","itemListElement":[{"@type":"ListItem","position":1,"name":"In\u00edcio","item":"https:\/\/portaltela.pt\/"},{"@type":"ListItem","position":2,"name":"Ansiedade na adolesc\u00eancia: como lidar com apoio e estrat\u00e9gias"}]},{"@type":"WebSite","@id":"https:\/\/portaltela.pt\/#website","url":"https:\/\/portaltela.pt\/","name":"Portal Tela Portugal","description":"","potentialAction":[{"@type":"SearchAction","target":{"@type":"EntryPoint","urlTemplate":"https:\/\/portaltela.pt\/?s={search_term_string}"},"query-input":{"@type":"PropertyValueSpecification","valueRequired":true,"valueName":"search_term_string"}}],"inLanguage":"pt-PT"},{"@type":"Person","@id":"https:\/\/portaltela.pt\/#\/schema\/person\/c4278d4a6028830caff9ee44b42d32ed","name":"Telinha","image":{"@type":"ImageObject","inLanguage":"pt-PT","@id":"https:\/\/portaltela.pt\/s.01k8rhncp4jt1\/2025\/11\/talking-bot-125x125.png","url":"https:\/\/portaltela.pt\/s.01k8rhncp4jt1\/2025\/11\/talking-bot-125x125.png","contentUrl":"https:\/\/portaltela.pt\/s.01k8rhncp4jt1\/2025\/11\/talking-bot-125x125.png","caption":"Telinha"},"sameAs":["https:\/\/portaltela.pt\/"],"url":"https:\/\/portaltela.pt\/por\/367410592786\/"}]}},"_links":{"self":[{"href":"https:\/\/portaltela.pt\/api\/wp\/v2\/posts\/197247","targetHints":{"allow":["GET"]}}],"collection":[{"href":"https:\/\/portaltela.pt\/api\/wp\/v2\/posts"}],"about":[{"href":"https:\/\/portaltela.pt\/api\/wp\/v2\/types\/post"}],"author":[{"embeddable":true,"href":"https:\/\/portaltela.pt\/api\/wp\/v2\/users\/2"}],"replies":[{"embeddable":true,"href":"https:\/\/portaltela.pt\/api\/wp\/v2\/comments?post=197247"}],"version-history":[{"count":0,"href":"https:\/\/portaltela.pt\/api\/wp\/v2\/posts\/197247\/revisions"}],"wp:featuredmedia":[{"embeddable":true,"href":"https:\/\/portaltela.pt\/api\/wp\/v2\/media\/197256"}],"wp:attachment":[{"href":"https:\/\/portaltela.pt\/api\/wp\/v2\/media?parent=197247"}],"wp:term":[{"taxonomy":"category","embeddable":true,"href":"https:\/\/portaltela.pt\/api\/wp\/v2\/categories?post=197247"},{"taxonomy":"post_tag","embeddable":true,"href":"https:\/\/portaltela.pt\/api\/wp\/v2\/tags?post=197247"}],"curies":[{"name":"wp","href":"https:\/\/api.w.org\/{rel}","templated":true}]}}