{"id":197245,"date":"2026-02-04T13:19:00","date_gmt":"2026-02-04T16:19:00","guid":{"rendered":"https:\/\/portaltela.pt\/noticias\/2026\/02\/04\/empresarios-de-leiria-apelam-a-construtoras-para-a-recuperacao-pos-kristin\/"},"modified":"2026-02-04T13:19:00","modified_gmt":"2026-02-04T16:19:00","slug":"empresarios-de-leiria-apelam-a-construtoras-para-a-recuperacao-pos-kristin","status":"publish","type":"post","link":"https:\/\/portaltela.pt\/noticias\/economia\/2026\/02\/04\/empresarios-de-leiria-apelam-a-construtoras-para-a-recuperacao-pos-kristin\/","title":{"rendered":"Empres\u00e1rios de Leiria apelam a construtoras para a recupera\u00e7\u00e3o p\u00f3s-Kristin"},"content":{"rendered":"<p>O que aconteceu, quem est\u00e1 envolvido, quando e onde: uma semana ap\u00f3s a tempestade Kristin ter devastado a regi\u00e3o centro, empres\u00e1rios de Leiria apelam \u00e0s construtoras para ajudarem na recupera\u00e7\u00e3o. A associa\u00e7\u00e3o NERLEI aponta d\u00e9fice de m\u00e3o-de-obra como o principal entrave. O esfor\u00e7o visa acelerar a reconstru\u00e7\u00e3o de habita\u00e7\u00f5es, com\u00e9rcio e ind\u00fastria afetados.<\/p>\n<p>Quem est\u00e1 envolvido: a NERLEI, Associa\u00e7\u00e3o Empresarial da Regi\u00e3o de Leiria, e o sector da constru\u00e7\u00e3o. Henrique Carvalho, director executivo, afirma que a mobiliza\u00e7\u00e3o \u00e9 essencial para evitar o agravamento dos preju\u00edzos e para responder \u00e0s necessidades urgentes da regi\u00e3o.<\/p>\n<p>Quando e onde: o apelo surge uma semana depois de Kristin, na regi\u00e3o centro de Portugal, com foco na \u00e1rea de Leiria. A ideia \u00e9 mobilizar empresas de constru\u00e7\u00e3o para refor\u00e7ar a resposta r\u00e1pida \u00e0s mesmas zonas atingidas.<\/p>\n<p>Porqu\u00ea: segundo a NERLEI, a disponibilidade de materiais est\u00e1 a manter-se est\u00e1vel, apesar de alguma especula\u00e7\u00e3o. O grande problema \u00e9 a falta de m\u00e3o-de-obra que projeta atrasos maiores, caso n\u00e3o haja interven\u00e7\u00e3o coordenada.<\/p>\n<p>O que se segue: o director executivo pede ao Governo uma suspens\u00e3o de prazos do PRR por pelo menos seis meses para facilitar a mobiliza\u00e7\u00e3o de obras. A medida permitiria realocar empresas para a regi\u00e3o.<\/p>\n<p>Assist\u00eancia e obst\u00e1culos: h\u00e1 ainda atrasos na perce\u00e7\u00e3o de apoios anunciados, especialmente na Seguran\u00e7a Social, com dificuldades de acesso atrav\u00e9s de plataformas online. A associa\u00e7\u00e3o quer acelerar a chegada de apoio pr\u00e1tico ao terreno.<\/p>\n<p>Perspectivas: a NERLEI planeia encontros com a Estrutura de Miss\u00e3o para a Reconstru\u00e7\u00e3o da regi\u00e3o centro do pa\u00eds e com empres\u00e1rios locais. O objetivo \u00e9 clarificar a operacionaliza\u00e7\u00e3o dos apoios e facilitar a recupera\u00e7\u00e3o.<\/p>\n","protected":false},"excerpt":{"rendered":"<ul>\n<li>A Associa\u00e7\u00e3o Empresarial da Regi\u00e3o de Leiria (NERLEI) pediu \u00e0s construtoras que participem na recupera\u00e7\u00e3o ap\u00f3s a tempestade Kristin.<\/li>\n<li>A falta de m\u00e3o-de-obra \u00e9 apontada como o principal entrave; os materiais de constru\u00e7\u00e3o v\u00e3o aparecendo no mercado, apesar de alguma especula\u00e7\u00e3o.<\/li>\n<li>O diretor executivo, Henrique Carvalho, pediu ao Governo uma suspens\u00e3o de prazos do Plano de Recupera\u00e7\u00e3o e Resili\u00eancia por pelo menos seis meses para facilitar a mobiliza\u00e7\u00e3o de empresas.<\/li>\n<li>O objetivo \u00e9 desviar empresas de constru\u00e7\u00e3o para a regi\u00e3o e acelerar obras, com apoio r\u00e1pido e menos burocracia; foram relatadas dificuldades de acesso a apoios via Seguran\u00e7a Social.<\/li>\n<li>A NERLEI pretende reunir ainda esta semana a Estrutura de Reconstru\u00e7\u00e3o da regi\u00e3o centro e marcar encontro com empres\u00e1rios da regi\u00e3o para clarificar a operacionaliza\u00e7\u00e3o dos apoios.<\/li>\n<\/ul>\n","protected":false},"author":2,"featured_media":197248,"comment_status":"closed","ping_status":"closed","sticky":false,"template":"","format":"standard","meta":{"footnotes":""},"categories":[2,1],"tags":[3106,150,255,1385,5031,4650],"class_list":["post-197245","post","type-post","status-publish","format-standard","has-post-thumbnail","hentry","category-economia","category-noticias","tag-construcao-de-edificios","tag-habitacao","tag-industria","tag-leiria","tag-reconstrucao-urbana","tag-regiao-centro"],"yoast_head":"<!-- This site is optimized with the Yoast SEO plugin v27.2 - https:\/\/yoast.com\/product\/yoast-seo-wordpress\/ -->\n<title>Empres\u00e1rios de Leiria apelam a construtoras para a recupera\u00e7\u00e3o p\u00f3s-Kristin - Portal Tela Portugal<\/title>\n<meta name=\"robots\" content=\"index, follow, max-snippet:-1, max-image-preview:large, max-video-preview:-1\" \/>\n<meta property=\"og:locale\" content=\"pt_PT\" \/>\n<meta property=\"og:type\" content=\"article\" \/>\n<meta property=\"og:title\" content=\"Empres\u00e1rios de Leiria apelam a construtoras para a recupera\u00e7\u00e3o p\u00f3s-Kristin - Portal Tela Portugal\" \/>\n<meta property=\"og:description\" content=\"A Associa\u00e7\u00e3o Empresarial da Regi\u00e3o de Leiria (NERLEI) pediu \u00e0s construtoras que participem na recupera\u00e7\u00e3o ap\u00f3s a tempestade Kristin. A falta de m\u00e3o-de-obra \u00e9 apontada como o principal entrave; os materiais de constru\u00e7\u00e3o v\u00e3o aparecendo no mercado, apesar de alguma especula\u00e7\u00e3o. O diretor executivo, Henrique Carvalho, pediu ao Governo uma suspens\u00e3o de prazos do Plano de Recupera\u00e7\u00e3o e Resili\u00eancia por pelo menos seis meses para facilitar a mobiliza\u00e7\u00e3o de empresas. O objetivo \u00e9 desviar empresas de constru\u00e7\u00e3o para a regi\u00e3o e acelerar obras, com apoio r\u00e1pido e menos burocracia; foram relatadas dificuldades de acesso a apoios via Seguran\u00e7a Social. A NERLEI pretende reunir ainda esta semana a Estrutura de Reconstru\u00e7\u00e3o da regi\u00e3o centro e marcar encontro com empres\u00e1rios da regi\u00e3o para clarificar a operacionaliza\u00e7\u00e3o dos apoios.\" \/>\n<meta property=\"og:url\" content=\"https:\/\/portaltela.pt\/noticias\/2026\/02\/04\/empresarios-de-leiria-apelam-a-construtoras-para-a-recuperacao-pos-kristin\/\" \/>\n<meta property=\"og:site_name\" content=\"Portal Tela Portugal\" \/>\n<meta property=\"article:published_time\" content=\"2026-02-04T16:19:00+00:00\" \/>\n<meta name=\"author\" content=\"Telinha\" \/>\n<meta name=\"twitter:card\" content=\"summary_large_image\" \/>\n<meta name=\"twitter:label1\" content=\"Escrito por\" \/>\n\t<meta name=\"twitter:data1\" content=\"Telinha\" \/>\n\t<meta name=\"twitter:label2\" content=\"Tempo estimado de leitura\" \/>\n\t<meta name=\"twitter:data2\" content=\"2 minutos\" \/>\n<script type=\"application\/ld+json\" class=\"yoast-schema-graph\">{\"@context\":\"https:\/\/schema.org\",\"@graph\":[{\"@type\":\"Article\",\"@id\":\"https:\/\/portaltela.pt\/noticias\/2026\/02\/04\/empresarios-de-leiria-apelam-a-construtoras-para-a-recuperacao-pos-kristin\/#article\",\"isPartOf\":{\"@id\":\"https:\/\/portaltela.pt\/noticias\/2026\/02\/04\/empresarios-de-leiria-apelam-a-construtoras-para-a-recuperacao-pos-kristin\/\"},\"author\":{\"name\":\"Telinha\",\"@id\":\"https:\/\/portaltela.pt\/#\/schema\/person\/c4278d4a6028830caff9ee44b42d32ed\"},\"headline\":\"Empres\u00e1rios de Leiria apelam a construtoras para a recupera\u00e7\u00e3o p\u00f3s-Kristin\",\"datePublished\":\"2026-02-04T16:19:00+00:00\",\"mainEntityOfPage\":{\"@id\":\"https:\/\/portaltela.pt\/noticias\/2026\/02\/04\/empresarios-de-leiria-apelam-a-construtoras-para-a-recuperacao-pos-kristin\/\"},\"wordCount\":320,\"image\":{\"@id\":\"https:\/\/portaltela.pt\/noticias\/2026\/02\/04\/empresarios-de-leiria-apelam-a-construtoras-para-a-recuperacao-pos-kristin\/#primaryimage\"},\"thumbnailUrl\":\"https:\/\/portaltela.pt\/s.01k8rhncp4jt1\/2026\/02\/2064474.jpg\",\"keywords\":[\"constru\u00e7\u00e3o de edif\u00edcios\",\"habita\u00e7\u00e3o\",\"ind\u00fastria\",\"Leiria\",\"reconstru\u00e7\u00e3o urbana\",\"Regi\u00e3o Centro\"],\"articleSection\":[\"Economia\",\"Not\u00edcias\"],\"inLanguage\":\"pt-PT\"},{\"@type\":\"WebPage\",\"@id\":\"https:\/\/portaltela.pt\/noticias\/2026\/02\/04\/empresarios-de-leiria-apelam-a-construtoras-para-a-recuperacao-pos-kristin\/\",\"url\":\"https:\/\/portaltela.pt\/noticias\/2026\/02\/04\/empresarios-de-leiria-apelam-a-construtoras-para-a-recuperacao-pos-kristin\/\",\"name\":\"Empres\u00e1rios de Leiria apelam a construtoras para a recupera\u00e7\u00e3o p\u00f3s-Kristin - Portal Tela Portugal\",\"isPartOf\":{\"@id\":\"https:\/\/portaltela.pt\/#website\"},\"primaryImageOfPage\":{\"@id\":\"https:\/\/portaltela.pt\/noticias\/2026\/02\/04\/empresarios-de-leiria-apelam-a-construtoras-para-a-recuperacao-pos-kristin\/#primaryimage\"},\"image\":{\"@id\":\"https:\/\/portaltela.pt\/noticias\/2026\/02\/04\/empresarios-de-leiria-apelam-a-construtoras-para-a-recuperacao-pos-kristin\/#primaryimage\"},\"thumbnailUrl\":\"https:\/\/portaltela.pt\/s.01k8rhncp4jt1\/2026\/02\/2064474.jpg\",\"datePublished\":\"2026-02-04T16:19:00+00:00\",\"author\":{\"@id\":\"https:\/\/portaltela.pt\/#\/schema\/person\/c4278d4a6028830caff9ee44b42d32ed\"},\"breadcrumb\":{\"@id\":\"https:\/\/portaltela.pt\/noticias\/2026\/02\/04\/empresarios-de-leiria-apelam-a-construtoras-para-a-recuperacao-pos-kristin\/#breadcrumb\"},\"inLanguage\":\"pt-PT\",\"potentialAction\":[{\"@type\":\"ReadAction\",\"target\":[\"https:\/\/portaltela.pt\/noticias\/2026\/02\/04\/empresarios-de-leiria-apelam-a-construtoras-para-a-recuperacao-pos-kristin\/\"]}]},{\"@type\":\"ImageObject\",\"inLanguage\":\"pt-PT\",\"@id\":\"https:\/\/portaltela.pt\/noticias\/2026\/02\/04\/empresarios-de-leiria-apelam-a-construtoras-para-a-recuperacao-pos-kristin\/#primaryimage\",\"url\":\"https:\/\/portaltela.pt\/s.01k8rhncp4jt1\/2026\/02\/2064474.jpg\",\"contentUrl\":\"https:\/\/portaltela.pt\/s.01k8rhncp4jt1\/2026\/02\/2064474.jpg\",\"width\":796,\"height\":448,\"caption\":\"Depress\u00e3o Kristin destruiu centenas de unidades industriais\"},{\"@type\":\"BreadcrumbList\",\"@id\":\"https:\/\/portaltela.pt\/noticias\/2026\/02\/04\/empresarios-de-leiria-apelam-a-construtoras-para-a-recuperacao-pos-kristin\/#breadcrumb\",\"itemListElement\":[{\"@type\":\"ListItem\",\"position\":1,\"name\":\"In\u00edcio\",\"item\":\"https:\/\/portaltela.pt\/\"},{\"@type\":\"ListItem\",\"position\":2,\"name\":\"Empres\u00e1rios de Leiria apelam a construtoras para a recupera\u00e7\u00e3o p\u00f3s-Kristin\"}]},{\"@type\":\"WebSite\",\"@id\":\"https:\/\/portaltela.pt\/#website\",\"url\":\"https:\/\/portaltela.pt\/\",\"name\":\"Portal Tela Portugal\",\"description\":\"\",\"potentialAction\":[{\"@type\":\"SearchAction\",\"target\":{\"@type\":\"EntryPoint\",\"urlTemplate\":\"https:\/\/portaltela.pt\/?s={search_term_string}\"},\"query-input\":{\"@type\":\"PropertyValueSpecification\",\"valueRequired\":true,\"valueName\":\"search_term_string\"}}],\"inLanguage\":\"pt-PT\"},{\"@type\":\"Person\",\"@id\":\"https:\/\/portaltela.pt\/#\/schema\/person\/c4278d4a6028830caff9ee44b42d32ed\",\"name\":\"Telinha\",\"image\":{\"@type\":\"ImageObject\",\"inLanguage\":\"pt-PT\",\"@id\":\"https:\/\/portaltela.pt\/s.01k8rhncp4jt1\/2025\/11\/talking-bot-125x125.png\",\"url\":\"https:\/\/portaltela.pt\/s.01k8rhncp4jt1\/2025\/11\/talking-bot-125x125.png\",\"contentUrl\":\"https:\/\/portaltela.pt\/s.01k8rhncp4jt1\/2025\/11\/talking-bot-125x125.png\",\"caption\":\"Telinha\"},\"sameAs\":[\"https:\/\/portaltela.pt\/\"],\"url\":\"https:\/\/portaltela.pt\/por\/367410592786\/\"}]}<\/script>\n<!-- \/ Yoast SEO plugin. -->","yoast_head_json":{"title":"Empres\u00e1rios de Leiria apelam a construtoras para a recupera\u00e7\u00e3o p\u00f3s-Kristin - Portal Tela Portugal","robots":{"index":"index","follow":"follow","max-snippet":"max-snippet:-1","max-image-preview":"max-image-preview:large","max-video-preview":"max-video-preview:-1"},"og_locale":"pt_PT","og_type":"article","og_title":"Empres\u00e1rios de Leiria apelam a construtoras para a recupera\u00e7\u00e3o p\u00f3s-Kristin - Portal Tela Portugal","og_description":"A Associa\u00e7\u00e3o Empresarial da Regi\u00e3o de Leiria (NERLEI) pediu \u00e0s construtoras que participem na recupera\u00e7\u00e3o ap\u00f3s a tempestade Kristin. A falta de m\u00e3o-de-obra \u00e9 apontada como o principal entrave; os materiais de constru\u00e7\u00e3o v\u00e3o aparecendo no mercado, apesar de alguma especula\u00e7\u00e3o. O diretor executivo, Henrique Carvalho, pediu ao Governo uma suspens\u00e3o de prazos do Plano de Recupera\u00e7\u00e3o e Resili\u00eancia por pelo menos seis meses para facilitar a mobiliza\u00e7\u00e3o de empresas. O objetivo \u00e9 desviar empresas de constru\u00e7\u00e3o para a regi\u00e3o e acelerar obras, com apoio r\u00e1pido e menos burocracia; foram relatadas dificuldades de acesso a apoios via Seguran\u00e7a Social. A NERLEI pretende reunir ainda esta semana a Estrutura de Reconstru\u00e7\u00e3o da regi\u00e3o centro e marcar encontro com empres\u00e1rios da regi\u00e3o para clarificar a operacionaliza\u00e7\u00e3o dos apoios.","og_url":"https:\/\/portaltela.pt\/noticias\/2026\/02\/04\/empresarios-de-leiria-apelam-a-construtoras-para-a-recuperacao-pos-kristin\/","og_site_name":"Portal Tela Portugal","article_published_time":"2026-02-04T16:19:00+00:00","author":"Telinha","twitter_card":"summary_large_image","twitter_misc":{"Escrito por":"Telinha","Tempo estimado de leitura":"2 minutos"},"schema":{"@context":"https:\/\/schema.org","@graph":[{"@type":"Article","@id":"https:\/\/portaltela.pt\/noticias\/2026\/02\/04\/empresarios-de-leiria-apelam-a-construtoras-para-a-recuperacao-pos-kristin\/#article","isPartOf":{"@id":"https:\/\/portaltela.pt\/noticias\/2026\/02\/04\/empresarios-de-leiria-apelam-a-construtoras-para-a-recuperacao-pos-kristin\/"},"author":{"name":"Telinha","@id":"https:\/\/portaltela.pt\/#\/schema\/person\/c4278d4a6028830caff9ee44b42d32ed"},"headline":"Empres\u00e1rios de Leiria apelam a construtoras para a recupera\u00e7\u00e3o p\u00f3s-Kristin","datePublished":"2026-02-04T16:19:00+00:00","mainEntityOfPage":{"@id":"https:\/\/portaltela.pt\/noticias\/2026\/02\/04\/empresarios-de-leiria-apelam-a-construtoras-para-a-recuperacao-pos-kristin\/"},"wordCount":320,"image":{"@id":"https:\/\/portaltela.pt\/noticias\/2026\/02\/04\/empresarios-de-leiria-apelam-a-construtoras-para-a-recuperacao-pos-kristin\/#primaryimage"},"thumbnailUrl":"https:\/\/portaltela.pt\/s.01k8rhncp4jt1\/2026\/02\/2064474.jpg","keywords":["constru\u00e7\u00e3o de edif\u00edcios","habita\u00e7\u00e3o","ind\u00fastria","Leiria","reconstru\u00e7\u00e3o urbana","Regi\u00e3o Centro"],"articleSection":["Economia","Not\u00edcias"],"inLanguage":"pt-PT"},{"@type":"WebPage","@id":"https:\/\/portaltela.pt\/noticias\/2026\/02\/04\/empresarios-de-leiria-apelam-a-construtoras-para-a-recuperacao-pos-kristin\/","url":"https:\/\/portaltela.pt\/noticias\/2026\/02\/04\/empresarios-de-leiria-apelam-a-construtoras-para-a-recuperacao-pos-kristin\/","name":"Empres\u00e1rios de Leiria apelam a construtoras para a recupera\u00e7\u00e3o p\u00f3s-Kristin - Portal Tela Portugal","isPartOf":{"@id":"https:\/\/portaltela.pt\/#website"},"primaryImageOfPage":{"@id":"https:\/\/portaltela.pt\/noticias\/2026\/02\/04\/empresarios-de-leiria-apelam-a-construtoras-para-a-recuperacao-pos-kristin\/#primaryimage"},"image":{"@id":"https:\/\/portaltela.pt\/noticias\/2026\/02\/04\/empresarios-de-leiria-apelam-a-construtoras-para-a-recuperacao-pos-kristin\/#primaryimage"},"thumbnailUrl":"https:\/\/portaltela.pt\/s.01k8rhncp4jt1\/2026\/02\/2064474.jpg","datePublished":"2026-02-04T16:19:00+00:00","author":{"@id":"https:\/\/portaltela.pt\/#\/schema\/person\/c4278d4a6028830caff9ee44b42d32ed"},"breadcrumb":{"@id":"https:\/\/portaltela.pt\/noticias\/2026\/02\/04\/empresarios-de-leiria-apelam-a-construtoras-para-a-recuperacao-pos-kristin\/#breadcrumb"},"inLanguage":"pt-PT","potentialAction":[{"@type":"ReadAction","target":["https:\/\/portaltela.pt\/noticias\/2026\/02\/04\/empresarios-de-leiria-apelam-a-construtoras-para-a-recuperacao-pos-kristin\/"]}]},{"@type":"ImageObject","inLanguage":"pt-PT","@id":"https:\/\/portaltela.pt\/noticias\/2026\/02\/04\/empresarios-de-leiria-apelam-a-construtoras-para-a-recuperacao-pos-kristin\/#primaryimage","url":"https:\/\/portaltela.pt\/s.01k8rhncp4jt1\/2026\/02\/2064474.jpg","contentUrl":"https:\/\/portaltela.pt\/s.01k8rhncp4jt1\/2026\/02\/2064474.jpg","width":796,"height":448,"caption":"Depress\u00e3o Kristin destruiu centenas de unidades industriais"},{"@type":"BreadcrumbList","@id":"https:\/\/portaltela.pt\/noticias\/2026\/02\/04\/empresarios-de-leiria-apelam-a-construtoras-para-a-recuperacao-pos-kristin\/#breadcrumb","itemListElement":[{"@type":"ListItem","position":1,"name":"In\u00edcio","item":"https:\/\/portaltela.pt\/"},{"@type":"ListItem","position":2,"name":"Empres\u00e1rios de Leiria apelam a construtoras para a recupera\u00e7\u00e3o p\u00f3s-Kristin"}]},{"@type":"WebSite","@id":"https:\/\/portaltela.pt\/#website","url":"https:\/\/portaltela.pt\/","name":"Portal Tela Portugal","description":"","potentialAction":[{"@type":"SearchAction","target":{"@type":"EntryPoint","urlTemplate":"https:\/\/portaltela.pt\/?s={search_term_string}"},"query-input":{"@type":"PropertyValueSpecification","valueRequired":true,"valueName":"search_term_string"}}],"inLanguage":"pt-PT"},{"@type":"Person","@id":"https:\/\/portaltela.pt\/#\/schema\/person\/c4278d4a6028830caff9ee44b42d32ed","name":"Telinha","image":{"@type":"ImageObject","inLanguage":"pt-PT","@id":"https:\/\/portaltela.pt\/s.01k8rhncp4jt1\/2025\/11\/talking-bot-125x125.png","url":"https:\/\/portaltela.pt\/s.01k8rhncp4jt1\/2025\/11\/talking-bot-125x125.png","contentUrl":"https:\/\/portaltela.pt\/s.01k8rhncp4jt1\/2025\/11\/talking-bot-125x125.png","caption":"Telinha"},"sameAs":["https:\/\/portaltela.pt\/"],"url":"https:\/\/portaltela.pt\/por\/367410592786\/"}]}},"_links":{"self":[{"href":"https:\/\/portaltela.pt\/api\/wp\/v2\/posts\/197245","targetHints":{"allow":["GET"]}}],"collection":[{"href":"https:\/\/portaltela.pt\/api\/wp\/v2\/posts"}],"about":[{"href":"https:\/\/portaltela.pt\/api\/wp\/v2\/types\/post"}],"author":[{"embeddable":true,"href":"https:\/\/portaltela.pt\/api\/wp\/v2\/users\/2"}],"replies":[{"embeddable":true,"href":"https:\/\/portaltela.pt\/api\/wp\/v2\/comments?post=197245"}],"version-history":[{"count":0,"href":"https:\/\/portaltela.pt\/api\/wp\/v2\/posts\/197245\/revisions"}],"wp:featuredmedia":[{"embeddable":true,"href":"https:\/\/portaltela.pt\/api\/wp\/v2\/media\/197248"}],"wp:attachment":[{"href":"https:\/\/portaltela.pt\/api\/wp\/v2\/media?parent=197245"}],"wp:term":[{"taxonomy":"category","embeddable":true,"href":"https:\/\/portaltela.pt\/api\/wp\/v2\/categories?post=197245"},{"taxonomy":"post_tag","embeddable":true,"href":"https:\/\/portaltela.pt\/api\/wp\/v2\/tags?post=197245"}],"curies":[{"name":"wp","href":"https:\/\/api.w.org\/{rel}","templated":true}]}}