{"id":197243,"date":"2026-02-04T13:00:00","date_gmt":"2026-02-04T16:00:00","guid":{"rendered":"https:\/\/portaltela.pt\/noticias\/2026\/02\/04\/moura-abre-inscricoes-de-expositores-na-feira-nacional-de-olivicultura-ate-13-3\/"},"modified":"2026-02-04T13:00:00","modified_gmt":"2026-02-04T16:00:00","slug":"moura-abre-inscricoes-de-expositores-na-feira-nacional-de-olivicultura-ate-13-3","status":"publish","type":"post","link":"https:\/\/portaltela.pt\/noticias\/2026\/02\/04\/moura-abre-inscricoes-de-expositores-na-feira-nacional-de-olivicultura-ate-13-3\/","title":{"rendered":"Moura abre inscri\u00e7\u00f5es de expositores na Feira Nacional de Olivicultura at\u00e9 13\/3"},"content":{"rendered":"<p>A C\u00e2mara Municipal de Moura abriu as candidaturas para expositores na Feira de Maio \u2013 XVII Olivomoura | Feira Nacional de Olivicultura, que decorre entre 7 e 10 de maio. O evento \u00e9 realizado em parceria com v\u00e1rias entidades locais. Os stands destinam-se a empresas e institui\u00e7\u00f5es ligadas \u00e0 agricultura, pecu\u00e1ria e turismo.<\/p>\n<p>A autarquia destaca que o espa\u00e7o \u00e9 limitado e a sele\u00e7\u00e3o obedece \u00e0 ordem de entrada das inscri\u00e7\u00f5es. Expositores de outras \u00e1reas poder\u00e3o ser aceites consoante a capacidade dos Pavilh\u00f5es de Exposi\u00e7\u00f5es. O objetivo \u00e9 promover, divulga\u00e7\u00f5es oliv\u00edcolas e agroalimentares da regi\u00e3o e do pa\u00eds.<\/p>\n<p>Entre os objetivos est\u00e1 fomentar inova\u00e7\u00e3o e empreendedorismo no setor agroalimentar, com foco em tecnologias e solu\u00e7\u00f5es inovadoras. O certame pretende tamb\u00e9m criar oportunidades de neg\u00f3cio e apoiar o desenvolvimento tur\u00edstico.<\/p>\n<h3>Como apresentar candidatura<\/h3>\n<p>As entidades interessadas devem preencher a ficha de inscri\u00e7\u00e3o e enviar \u00e0 C\u00e2mara Municipal de Moura, em Moura, ou por email para cmmoura@cm-moura.pt ou moura.turismo@cm-moura.pt. O prazo vai at\u00e9 13 de mar\u00e7o.<\/p>\n","protected":false},"excerpt":{"rendered":"<ul>\n<li>A C\u00e2mara Municipal de Moura organiza a Feira de Maio \u2013 XVII Olivomoura | Feira Nacional de Olivicultura, de 7 a 10 de maio, com colabora\u00e7\u00e3o de v\u00e1rias entidades.<\/li>\n<li>O prazo para candidaturas aos stands \u00e9 at\u00e9 13 de mar\u00e7o; podem inscrever-se empresas e institui\u00e7\u00f5es ligadas \u00e0 agricultura, pecu\u00e1ria e turismo, com prioridade \u00e0 ordem de entrada.<\/li>\n<li>Expositores de outras tem\u00e1ticas podem ver a participa\u00e7\u00e3o condicionada \u00e0 capacidade dos pavilh\u00f5es.<\/li>\n<li>Os espa\u00e7os visam promover as potencialidades oliv\u00edcolas, ole\u00edcolas e agroalimentares da regi\u00e3o e refor\u00e7ar a identidade da marca Moura: Terra M\u00e3e do Azeite do Alentejo; fomentar inova\u00e7\u00e3o e empreendedorismo no setor.<\/li>\n<li>As candidaturas devem ser enviadas preenchendo a ficha de inscri\u00e7\u00e3o para a C\u00e2mara Municipal de Moura, na Pra\u00e7a Sacadura Cabral, ou por email para cmmoura@cm-moura.pt ou moura.turismo@cm-moura.pt.<\/li>\n<\/ul>\n","protected":false},"author":2,"featured_media":197251,"comment_status":"closed","ping_status":"closed","sticky":false,"template":"","format":"standard","meta":{"footnotes":""},"categories":[1],"tags":[179,760,4387,33,2396,169],"class_list":["post-197243","post","type-post","status-publish","format-standard","has-post-thumbnail","hentry","category-noticias","tag-agricultura","tag-agroalimentar","tag-feiras-internacionais","tag-inovacao","tag-moura","tag-turismo"],"yoast_head":"<!-- This site is optimized with the Yoast SEO plugin v27.2 - https:\/\/yoast.com\/product\/yoast-seo-wordpress\/ -->\n<title>Moura abre inscri\u00e7\u00f5es de expositores na Feira Nacional de Olivicultura at\u00e9 13\/3 - Portal Tela Portugal<\/title>\n<meta name=\"robots\" content=\"index, follow, max-snippet:-1, max-image-preview:large, max-video-preview:-1\" \/>\n<meta property=\"og:locale\" content=\"pt_PT\" \/>\n<meta property=\"og:type\" content=\"article\" \/>\n<meta property=\"og:title\" content=\"Moura abre inscri\u00e7\u00f5es de expositores na Feira Nacional de Olivicultura at\u00e9 13\/3 - Portal Tela Portugal\" \/>\n<meta property=\"og:description\" content=\"A C\u00e2mara Municipal de Moura organiza a Feira de Maio \u2013 XVII Olivomoura | Feira Nacional de Olivicultura, de 7 a 10 de maio, com colabora\u00e7\u00e3o de v\u00e1rias entidades. O prazo para candidaturas aos stands \u00e9 at\u00e9 13 de mar\u00e7o; podem inscrever-se empresas e institui\u00e7\u00f5es ligadas \u00e0 agricultura, pecu\u00e1ria e turismo, com prioridade \u00e0 ordem de entrada. Expositores de outras tem\u00e1ticas podem ver a participa\u00e7\u00e3o condicionada \u00e0 capacidade dos pavilh\u00f5es. Os espa\u00e7os visam promover as potencialidades oliv\u00edcolas, ole\u00edcolas e agroalimentares da regi\u00e3o e refor\u00e7ar a identidade da marca Moura: Terra M\u00e3e do Azeite do Alentejo; fomentar inova\u00e7\u00e3o e empreendedorismo no setor. As candidaturas devem ser enviadas preenchendo a ficha de inscri\u00e7\u00e3o para a C\u00e2mara Municipal de Moura, na Pra\u00e7a Sacadura Cabral, ou por email para cmmoura@cm-moura.pt ou moura.turismo@cm-moura.pt.\" \/>\n<meta property=\"og:url\" content=\"https:\/\/portaltela.pt\/noticias\/2026\/02\/04\/moura-abre-inscricoes-de-expositores-na-feira-nacional-de-olivicultura-ate-13-3\/\" \/>\n<meta property=\"og:site_name\" content=\"Portal Tela Portugal\" \/>\n<meta property=\"article:published_time\" content=\"2026-02-04T16:00:00+00:00\" \/>\n<meta name=\"author\" content=\"Telinha\" \/>\n<meta name=\"twitter:card\" content=\"summary_large_image\" \/>\n<meta name=\"twitter:label1\" content=\"Escrito por\" \/>\n\t<meta name=\"twitter:data1\" content=\"Telinha\" \/>\n\t<meta name=\"twitter:label2\" content=\"Tempo estimado de leitura\" \/>\n\t<meta name=\"twitter:data2\" content=\"1 minuto\" \/>\n<script type=\"application\/ld+json\" class=\"yoast-schema-graph\">{\"@context\":\"https:\/\/schema.org\",\"@graph\":[{\"@type\":\"Article\",\"@id\":\"https:\/\/portaltela.pt\/noticias\/2026\/02\/04\/moura-abre-inscricoes-de-expositores-na-feira-nacional-de-olivicultura-ate-13-3\/#article\",\"isPartOf\":{\"@id\":\"https:\/\/portaltela.pt\/noticias\/2026\/02\/04\/moura-abre-inscricoes-de-expositores-na-feira-nacional-de-olivicultura-ate-13-3\/\"},\"author\":{\"name\":\"Telinha\",\"@id\":\"https:\/\/portaltela.pt\/#\/schema\/person\/c4278d4a6028830caff9ee44b42d32ed\"},\"headline\":\"Moura abre inscri\u00e7\u00f5es de expositores na Feira Nacional de Olivicultura at\u00e9 13\/3\",\"datePublished\":\"2026-02-04T16:00:00+00:00\",\"mainEntityOfPage\":{\"@id\":\"https:\/\/portaltela.pt\/noticias\/2026\/02\/04\/moura-abre-inscricoes-de-expositores-na-feira-nacional-de-olivicultura-ate-13-3\/\"},\"wordCount\":192,\"image\":{\"@id\":\"https:\/\/portaltela.pt\/noticias\/2026\/02\/04\/moura-abre-inscricoes-de-expositores-na-feira-nacional-de-olivicultura-ate-13-3\/#primaryimage\"},\"thumbnailUrl\":\"https:\/\/portaltela.pt\/s.01k8rhncp4jt1\/2026\/02\/unnamed-file-1292.jpg\",\"keywords\":[\"agricultura\",\"agroalimentar\",\"feiras internacionais\",\"inova\u00e7\u00e3o\",\"Moura\",\"turismo\"],\"articleSection\":[\"Not\u00edcias\"],\"inLanguage\":\"pt-PT\"},{\"@type\":\"WebPage\",\"@id\":\"https:\/\/portaltela.pt\/noticias\/2026\/02\/04\/moura-abre-inscricoes-de-expositores-na-feira-nacional-de-olivicultura-ate-13-3\/\",\"url\":\"https:\/\/portaltela.pt\/noticias\/2026\/02\/04\/moura-abre-inscricoes-de-expositores-na-feira-nacional-de-olivicultura-ate-13-3\/\",\"name\":\"Moura abre inscri\u00e7\u00f5es de expositores na Feira Nacional de Olivicultura at\u00e9 13\/3 - Portal Tela Portugal\",\"isPartOf\":{\"@id\":\"https:\/\/portaltela.pt\/#website\"},\"primaryImageOfPage\":{\"@id\":\"https:\/\/portaltela.pt\/noticias\/2026\/02\/04\/moura-abre-inscricoes-de-expositores-na-feira-nacional-de-olivicultura-ate-13-3\/#primaryimage\"},\"image\":{\"@id\":\"https:\/\/portaltela.pt\/noticias\/2026\/02\/04\/moura-abre-inscricoes-de-expositores-na-feira-nacional-de-olivicultura-ate-13-3\/#primaryimage\"},\"thumbnailUrl\":\"https:\/\/portaltela.pt\/s.01k8rhncp4jt1\/2026\/02\/unnamed-file-1292.jpg\",\"datePublished\":\"2026-02-04T16:00:00+00:00\",\"author\":{\"@id\":\"https:\/\/portaltela.pt\/#\/schema\/person\/c4278d4a6028830caff9ee44b42d32ed\"},\"breadcrumb\":{\"@id\":\"https:\/\/portaltela.pt\/noticias\/2026\/02\/04\/moura-abre-inscricoes-de-expositores-na-feira-nacional-de-olivicultura-ate-13-3\/#breadcrumb\"},\"inLanguage\":\"pt-PT\",\"potentialAction\":[{\"@type\":\"ReadAction\",\"target\":[\"https:\/\/portaltela.pt\/noticias\/2026\/02\/04\/moura-abre-inscricoes-de-expositores-na-feira-nacional-de-olivicultura-ate-13-3\/\"]}]},{\"@type\":\"ImageObject\",\"inLanguage\":\"pt-PT\",\"@id\":\"https:\/\/portaltela.pt\/noticias\/2026\/02\/04\/moura-abre-inscricoes-de-expositores-na-feira-nacional-de-olivicultura-ate-13-3\/#primaryimage\",\"url\":\"https:\/\/portaltela.pt\/s.01k8rhncp4jt1\/2026\/02\/unnamed-file-1292.jpg\",\"contentUrl\":\"https:\/\/portaltela.pt\/s.01k8rhncp4jt1\/2026\/02\/unnamed-file-1292.jpg\",\"width\":796,\"height\":448,\"caption\":\"Moura abre inscri\u00e7\u00f5es para expositores na Feira Nacional de Olivicultura at\u00e9 13 de mar\u00e7o\"},{\"@type\":\"BreadcrumbList\",\"@id\":\"https:\/\/portaltela.pt\/noticias\/2026\/02\/04\/moura-abre-inscricoes-de-expositores-na-feira-nacional-de-olivicultura-ate-13-3\/#breadcrumb\",\"itemListElement\":[{\"@type\":\"ListItem\",\"position\":1,\"name\":\"In\u00edcio\",\"item\":\"https:\/\/portaltela.pt\/\"},{\"@type\":\"ListItem\",\"position\":2,\"name\":\"Moura abre inscri\u00e7\u00f5es de expositores na Feira Nacional de Olivicultura at\u00e9 13\/3\"}]},{\"@type\":\"WebSite\",\"@id\":\"https:\/\/portaltela.pt\/#website\",\"url\":\"https:\/\/portaltela.pt\/\",\"name\":\"Portal Tela Portugal\",\"description\":\"\",\"potentialAction\":[{\"@type\":\"SearchAction\",\"target\":{\"@type\":\"EntryPoint\",\"urlTemplate\":\"https:\/\/portaltela.pt\/?s={search_term_string}\"},\"query-input\":{\"@type\":\"PropertyValueSpecification\",\"valueRequired\":true,\"valueName\":\"search_term_string\"}}],\"inLanguage\":\"pt-PT\"},{\"@type\":\"Person\",\"@id\":\"https:\/\/portaltela.pt\/#\/schema\/person\/c4278d4a6028830caff9ee44b42d32ed\",\"name\":\"Telinha\",\"image\":{\"@type\":\"ImageObject\",\"inLanguage\":\"pt-PT\",\"@id\":\"https:\/\/portaltela.pt\/s.01k8rhncp4jt1\/2025\/11\/talking-bot-125x125.png\",\"url\":\"https:\/\/portaltela.pt\/s.01k8rhncp4jt1\/2025\/11\/talking-bot-125x125.png\",\"contentUrl\":\"https:\/\/portaltela.pt\/s.01k8rhncp4jt1\/2025\/11\/talking-bot-125x125.png\",\"caption\":\"Telinha\"},\"sameAs\":[\"https:\/\/portaltela.pt\/\"],\"url\":\"https:\/\/portaltela.pt\/por\/367410592786\/\"}]}<\/script>\n<!-- \/ Yoast SEO plugin. -->","yoast_head_json":{"title":"Moura abre inscri\u00e7\u00f5es de expositores na Feira Nacional de Olivicultura at\u00e9 13\/3 - Portal Tela Portugal","robots":{"index":"index","follow":"follow","max-snippet":"max-snippet:-1","max-image-preview":"max-image-preview:large","max-video-preview":"max-video-preview:-1"},"og_locale":"pt_PT","og_type":"article","og_title":"Moura abre inscri\u00e7\u00f5es de expositores na Feira Nacional de Olivicultura at\u00e9 13\/3 - Portal Tela Portugal","og_description":"A C\u00e2mara Municipal de Moura organiza a Feira de Maio \u2013 XVII Olivomoura | Feira Nacional de Olivicultura, de 7 a 10 de maio, com colabora\u00e7\u00e3o de v\u00e1rias entidades. O prazo para candidaturas aos stands \u00e9 at\u00e9 13 de mar\u00e7o; podem inscrever-se empresas e institui\u00e7\u00f5es ligadas \u00e0 agricultura, pecu\u00e1ria e turismo, com prioridade \u00e0 ordem de entrada. Expositores de outras tem\u00e1ticas podem ver a participa\u00e7\u00e3o condicionada \u00e0 capacidade dos pavilh\u00f5es. Os espa\u00e7os visam promover as potencialidades oliv\u00edcolas, ole\u00edcolas e agroalimentares da regi\u00e3o e refor\u00e7ar a identidade da marca Moura: Terra M\u00e3e do Azeite do Alentejo; fomentar inova\u00e7\u00e3o e empreendedorismo no setor. As candidaturas devem ser enviadas preenchendo a ficha de inscri\u00e7\u00e3o para a C\u00e2mara Municipal de Moura, na Pra\u00e7a Sacadura Cabral, ou por email para cmmoura@cm-moura.pt ou moura.turismo@cm-moura.pt.","og_url":"https:\/\/portaltela.pt\/noticias\/2026\/02\/04\/moura-abre-inscricoes-de-expositores-na-feira-nacional-de-olivicultura-ate-13-3\/","og_site_name":"Portal Tela Portugal","article_published_time":"2026-02-04T16:00:00+00:00","author":"Telinha","twitter_card":"summary_large_image","twitter_misc":{"Escrito por":"Telinha","Tempo estimado de leitura":"1 minuto"},"schema":{"@context":"https:\/\/schema.org","@graph":[{"@type":"Article","@id":"https:\/\/portaltela.pt\/noticias\/2026\/02\/04\/moura-abre-inscricoes-de-expositores-na-feira-nacional-de-olivicultura-ate-13-3\/#article","isPartOf":{"@id":"https:\/\/portaltela.pt\/noticias\/2026\/02\/04\/moura-abre-inscricoes-de-expositores-na-feira-nacional-de-olivicultura-ate-13-3\/"},"author":{"name":"Telinha","@id":"https:\/\/portaltela.pt\/#\/schema\/person\/c4278d4a6028830caff9ee44b42d32ed"},"headline":"Moura abre inscri\u00e7\u00f5es de expositores na Feira Nacional de Olivicultura at\u00e9 13\/3","datePublished":"2026-02-04T16:00:00+00:00","mainEntityOfPage":{"@id":"https:\/\/portaltela.pt\/noticias\/2026\/02\/04\/moura-abre-inscricoes-de-expositores-na-feira-nacional-de-olivicultura-ate-13-3\/"},"wordCount":192,"image":{"@id":"https:\/\/portaltela.pt\/noticias\/2026\/02\/04\/moura-abre-inscricoes-de-expositores-na-feira-nacional-de-olivicultura-ate-13-3\/#primaryimage"},"thumbnailUrl":"https:\/\/portaltela.pt\/s.01k8rhncp4jt1\/2026\/02\/unnamed-file-1292.jpg","keywords":["agricultura","agroalimentar","feiras internacionais","inova\u00e7\u00e3o","Moura","turismo"],"articleSection":["Not\u00edcias"],"inLanguage":"pt-PT"},{"@type":"WebPage","@id":"https:\/\/portaltela.pt\/noticias\/2026\/02\/04\/moura-abre-inscricoes-de-expositores-na-feira-nacional-de-olivicultura-ate-13-3\/","url":"https:\/\/portaltela.pt\/noticias\/2026\/02\/04\/moura-abre-inscricoes-de-expositores-na-feira-nacional-de-olivicultura-ate-13-3\/","name":"Moura abre inscri\u00e7\u00f5es de expositores na Feira Nacional de Olivicultura at\u00e9 13\/3 - Portal Tela Portugal","isPartOf":{"@id":"https:\/\/portaltela.pt\/#website"},"primaryImageOfPage":{"@id":"https:\/\/portaltela.pt\/noticias\/2026\/02\/04\/moura-abre-inscricoes-de-expositores-na-feira-nacional-de-olivicultura-ate-13-3\/#primaryimage"},"image":{"@id":"https:\/\/portaltela.pt\/noticias\/2026\/02\/04\/moura-abre-inscricoes-de-expositores-na-feira-nacional-de-olivicultura-ate-13-3\/#primaryimage"},"thumbnailUrl":"https:\/\/portaltela.pt\/s.01k8rhncp4jt1\/2026\/02\/unnamed-file-1292.jpg","datePublished":"2026-02-04T16:00:00+00:00","author":{"@id":"https:\/\/portaltela.pt\/#\/schema\/person\/c4278d4a6028830caff9ee44b42d32ed"},"breadcrumb":{"@id":"https:\/\/portaltela.pt\/noticias\/2026\/02\/04\/moura-abre-inscricoes-de-expositores-na-feira-nacional-de-olivicultura-ate-13-3\/#breadcrumb"},"inLanguage":"pt-PT","potentialAction":[{"@type":"ReadAction","target":["https:\/\/portaltela.pt\/noticias\/2026\/02\/04\/moura-abre-inscricoes-de-expositores-na-feira-nacional-de-olivicultura-ate-13-3\/"]}]},{"@type":"ImageObject","inLanguage":"pt-PT","@id":"https:\/\/portaltela.pt\/noticias\/2026\/02\/04\/moura-abre-inscricoes-de-expositores-na-feira-nacional-de-olivicultura-ate-13-3\/#primaryimage","url":"https:\/\/portaltela.pt\/s.01k8rhncp4jt1\/2026\/02\/unnamed-file-1292.jpg","contentUrl":"https:\/\/portaltela.pt\/s.01k8rhncp4jt1\/2026\/02\/unnamed-file-1292.jpg","width":796,"height":448,"caption":"Moura abre inscri\u00e7\u00f5es para expositores na Feira Nacional de Olivicultura at\u00e9 13 de mar\u00e7o"},{"@type":"BreadcrumbList","@id":"https:\/\/portaltela.pt\/noticias\/2026\/02\/04\/moura-abre-inscricoes-de-expositores-na-feira-nacional-de-olivicultura-ate-13-3\/#breadcrumb","itemListElement":[{"@type":"ListItem","position":1,"name":"In\u00edcio","item":"https:\/\/portaltela.pt\/"},{"@type":"ListItem","position":2,"name":"Moura abre inscri\u00e7\u00f5es de expositores na Feira Nacional de Olivicultura at\u00e9 13\/3"}]},{"@type":"WebSite","@id":"https:\/\/portaltela.pt\/#website","url":"https:\/\/portaltela.pt\/","name":"Portal Tela Portugal","description":"","potentialAction":[{"@type":"SearchAction","target":{"@type":"EntryPoint","urlTemplate":"https:\/\/portaltela.pt\/?s={search_term_string}"},"query-input":{"@type":"PropertyValueSpecification","valueRequired":true,"valueName":"search_term_string"}}],"inLanguage":"pt-PT"},{"@type":"Person","@id":"https:\/\/portaltela.pt\/#\/schema\/person\/c4278d4a6028830caff9ee44b42d32ed","name":"Telinha","image":{"@type":"ImageObject","inLanguage":"pt-PT","@id":"https:\/\/portaltela.pt\/s.01k8rhncp4jt1\/2025\/11\/talking-bot-125x125.png","url":"https:\/\/portaltela.pt\/s.01k8rhncp4jt1\/2025\/11\/talking-bot-125x125.png","contentUrl":"https:\/\/portaltela.pt\/s.01k8rhncp4jt1\/2025\/11\/talking-bot-125x125.png","caption":"Telinha"},"sameAs":["https:\/\/portaltela.pt\/"],"url":"https:\/\/portaltela.pt\/por\/367410592786\/"}]}},"_links":{"self":[{"href":"https:\/\/portaltela.pt\/api\/wp\/v2\/posts\/197243","targetHints":{"allow":["GET"]}}],"collection":[{"href":"https:\/\/portaltela.pt\/api\/wp\/v2\/posts"}],"about":[{"href":"https:\/\/portaltela.pt\/api\/wp\/v2\/types\/post"}],"author":[{"embeddable":true,"href":"https:\/\/portaltela.pt\/api\/wp\/v2\/users\/2"}],"replies":[{"embeddable":true,"href":"https:\/\/portaltela.pt\/api\/wp\/v2\/comments?post=197243"}],"version-history":[{"count":0,"href":"https:\/\/portaltela.pt\/api\/wp\/v2\/posts\/197243\/revisions"}],"wp:featuredmedia":[{"embeddable":true,"href":"https:\/\/portaltela.pt\/api\/wp\/v2\/media\/197251"}],"wp:attachment":[{"href":"https:\/\/portaltela.pt\/api\/wp\/v2\/media?parent=197243"}],"wp:term":[{"taxonomy":"category","embeddable":true,"href":"https:\/\/portaltela.pt\/api\/wp\/v2\/categories?post=197243"},{"taxonomy":"post_tag","embeddable":true,"href":"https:\/\/portaltela.pt\/api\/wp\/v2\/tags?post=197243"}],"curies":[{"name":"wp","href":"https:\/\/api.w.org\/{rel}","templated":true}]}}