{"id":197241,"date":"2026-02-04T12:58:30","date_gmt":"2026-02-04T15:58:30","guid":{"rendered":"https:\/\/portaltela.pt\/noticias\/2026\/02\/04\/riba-d-ave-joga-em-italia-na-proxima-jornada-europeia\/"},"modified":"2026-02-04T12:58:30","modified_gmt":"2026-02-04T15:58:30","slug":"riba-d-ave-joga-em-italia-na-proxima-jornada-europeia","status":"publish","type":"post","link":"https:\/\/portaltela.pt\/desporto\/2026\/02\/04\/riba-d-ave-joga-em-italia-na-proxima-jornada-europeia\/","title":{"rendered":"Riba d\u2019Ave joga em It\u00e1lia na pr\u00f3xima jornada europeia"},"content":{"rendered":"<p>O Riba d` Ave H\u00f3quei Clube segue para a It\u00e1lia, onde enfrenta o Monza na segunda m\u00e3o dos quartos de final da WSE Cup. A eliminat\u00f3ria come\u00e7ou com uma vit\u00f3ria dos ribadavenses por 4-3, na primeira m\u00e3o.<\/p>\n<p>A equipa portuguesa buscou manter a vantagem obtida fora de casa, numa desloca\u00e7\u00e3o que se realiza no pr\u00f3ximo s\u00e1bado. O objetivo \u00e9 confirmar a passagem \u00e0 final four da competi\u00e7\u00e3o europeia pela segunda vez consecutiva.<\/p>\n<p>A figura t\u00e9cnica do clube, Jorge Ferreira, destacou que a posi\u00e7\u00e3o ap\u00f3s o primeiro encontro \u00e9 favor\u00e1vel, mas exige concentra\u00e7\u00e3o para evitar surpresas. O treinador reconhece o equil\u00edbrio entre as equipas e refor\u00e7a a necessidade de manter o foco.<\/p>\n<p>Para os Ribadavenses, a participa\u00e7\u00e3o europeia surge como experi\u00eancia que ajuda no esfor\u00e7o desportivo global do clube. O t\u00e9cnico acrescenta que os jogadores j\u00e1 lidam com o patamar continental, o que refor\u00e7a o trabalho desenvolvido.<\/p>\n<p>O est\u00e1gio europeu tamb\u00e9m \u00e9 visto pela dire\u00e7\u00e3o como oportunidade de notoriedade internacional e de impulso para as competi\u00e7\u00f5es internas. O presidente Bruno de Carvalho sublinha o valor estrat\u00e9gico da presen\u00e7a em eventos europeus.<\/p>\n<p>A dire\u00e7\u00e3o envolve ainda a forma\u00e7\u00e3o, com a ideia de inspirar jovens atletas a manterem o percurso at\u00e9 \u00e0 equipa principal. O clube tem vindo a trabalhar para melhorar infraestruturas e condi\u00e7\u00f5es de treino para os escal\u00f5es de base.<\/p>\n<p>Sobre as instala\u00e7\u00f5es, o clube aponta a necessidade de mais tempo de treino di\u00e1rio. O Pavilh\u00e3o das T\u00edlias \u00e9 utilizado de forma limitada, enquanto o aproveitamento do Pavilh\u00e3o do Externato poder\u00e1 ampliar o espa\u00e7o dispon\u00edvel.<\/p>\n<p>O Munic\u00edpio confirmou apoio financeiro \u00e0 desloca\u00e7\u00e3o at\u00e9 It\u00e1lia, mantendo o contributo que ronda os cinco mil euros. A C\u00e2mara destaca o prest\u00edgio do Riba d` Ave no desporto local e no panorama do h\u00f3quei em patins.<\/p>\n<p>Bruno de Carvalho lembra que, para j\u00e1, o objetivo principal continua a manter o clube na elite do H\u00f3quei Clube. \u00c0 14\u00aa jornada da competi\u00e7\u00e3o interna, o Riba d` Ave ocupa o 10.\u00ba lugar, com 14 pontos.<\/p>\n","protected":false},"excerpt":{"rendered":"<ul>\n<li>O Riba d` Ave H\u00f3quei Clube joga a segunda m\u00e3o dos quartos de final da WSE Cup frente ao Monza, em It\u00e1lia, no pr\u00f3ximo s\u00e1bado, depois de vencerem a primeira m\u00e3o por 4-3.<\/li>\n<li>Se evitar a derrota por menos de dois golos, o clube pode apurar-se para a final four da competi\u00e7\u00e3o europeia pela segunda vez consecutiva.<\/li>\n<li>O treinador Jorge Ferreira destacou que a vantagem de um golo pode n\u00e3o ser suficiente e que v\u00e3o tentar o melhor dentro da estrat\u00e9gia de cada equipa.<\/li>\n<li>A dire\u00e7\u00e3o v\u00ea a participa\u00e7\u00e3o europeia como prest\u00edgio e acredita que contribui para o desenvolvimento da forma\u00e7\u00e3o, com melhorias previstas nas condi\u00e7\u00f5es de treino e infraestruturas.<\/li>\n<li>A C\u00e2mara Municipal vai apoiar a desloca\u00e7\u00e3o com cerca de cinco mil euros e aponta que o Pavilh\u00e3o do Externato pode abrir novas possibilidades para os escal\u00f5es de base; o Riba d` Ave est\u00e1, na generalidade, focado em manter-se no principal escal\u00e3o do h\u00f3quei em patins.<\/li>\n<\/ul>\n","protected":false},"author":2,"featured_media":197253,"comment_status":"closed","ping_status":"closed","sticky":false,"template":"","format":"standard","meta":{"footnotes":""},"categories":[21],"tags":[1059,2681,2487,273,171,1857],"class_list":["post-197241","post","type-post","status-publish","format-standard","has-post-thumbnail","hentry","category-desporto","tag-aveiro","tag-desporto-internacional","tag-europa","tag-hoquei","tag-hoquei-em-patins","tag-italia"],"yoast_head":"<!-- This site is optimized with the Yoast SEO plugin v27.2 - https:\/\/yoast.com\/product\/yoast-seo-wordpress\/ -->\n<title>Riba d\u2019Ave joga em It\u00e1lia na pr\u00f3xima jornada europeia - Portal Tela Portugal<\/title>\n<meta name=\"robots\" content=\"index, follow, max-snippet:-1, max-image-preview:large, max-video-preview:-1\" \/>\n<meta property=\"og:locale\" content=\"pt_PT\" \/>\n<meta property=\"og:type\" content=\"article\" \/>\n<meta property=\"og:title\" content=\"Riba d\u2019Ave joga em It\u00e1lia na pr\u00f3xima jornada europeia - Portal Tela Portugal\" \/>\n<meta property=\"og:description\" content=\"O Riba d` Ave H\u00f3quei Clube joga a segunda m\u00e3o dos quartos de final da WSE Cup frente ao Monza, em It\u00e1lia, no pr\u00f3ximo s\u00e1bado, depois de vencerem a primeira m\u00e3o por 4-3. Se evitar a derrota por menos de dois golos, o clube pode apurar-se para a final four da competi\u00e7\u00e3o europeia pela segunda vez consecutiva. O treinador Jorge Ferreira destacou que a vantagem de um golo pode n\u00e3o ser suficiente e que v\u00e3o tentar o melhor dentro da estrat\u00e9gia de cada equipa. A dire\u00e7\u00e3o v\u00ea a participa\u00e7\u00e3o europeia como prest\u00edgio e acredita que contribui para o desenvolvimento da forma\u00e7\u00e3o, com melhorias previstas nas condi\u00e7\u00f5es de treino e infraestruturas. A C\u00e2mara Municipal vai apoiar a desloca\u00e7\u00e3o com cerca de cinco mil euros e aponta que o Pavilh\u00e3o do Externato pode abrir novas possibilidades para os escal\u00f5es de base; o Riba d` Ave est\u00e1, na generalidade, focado em manter-se no principal escal\u00e3o do h\u00f3quei em patins.\" \/>\n<meta property=\"og:url\" content=\"https:\/\/portaltela.pt\/noticias\/2026\/02\/04\/riba-d-ave-joga-em-italia-na-proxima-jornada-europeia\/\" \/>\n<meta property=\"og:site_name\" content=\"Portal Tela Portugal\" \/>\n<meta property=\"article:published_time\" content=\"2026-02-04T15:58:30+00:00\" \/>\n<meta name=\"author\" content=\"Telinha\" \/>\n<meta name=\"twitter:card\" content=\"summary_large_image\" \/>\n<meta name=\"twitter:label1\" content=\"Escrito por\" \/>\n\t<meta name=\"twitter:data1\" content=\"Telinha\" \/>\n\t<meta name=\"twitter:label2\" content=\"Tempo estimado de leitura\" \/>\n\t<meta name=\"twitter:data2\" content=\"2 minutos\" \/>\n<script type=\"application\/ld+json\" class=\"yoast-schema-graph\">{\"@context\":\"https:\/\/schema.org\",\"@graph\":[{\"@type\":\"Article\",\"@id\":\"https:\/\/portaltela.pt\/noticias\/2026\/02\/04\/riba-d-ave-joga-em-italia-na-proxima-jornada-europeia\/#article\",\"isPartOf\":{\"@id\":\"https:\/\/portaltela.pt\/noticias\/2026\/02\/04\/riba-d-ave-joga-em-italia-na-proxima-jornada-europeia\/\"},\"author\":{\"name\":\"Telinha\",\"@id\":\"https:\/\/portaltela.pt\/#\/schema\/person\/c4278d4a6028830caff9ee44b42d32ed\"},\"headline\":\"Riba d\u2019Ave joga em It\u00e1lia na pr\u00f3xima jornada europeia\",\"datePublished\":\"2026-02-04T15:58:30+00:00\",\"mainEntityOfPage\":{\"@id\":\"https:\/\/portaltela.pt\/noticias\/2026\/02\/04\/riba-d-ave-joga-em-italia-na-proxima-jornada-europeia\/\"},\"wordCount\":377,\"image\":{\"@id\":\"https:\/\/portaltela.pt\/noticias\/2026\/02\/04\/riba-d-ave-joga-em-italia-na-proxima-jornada-europeia\/#primaryimage\"},\"thumbnailUrl\":\"https:\/\/portaltela.pt\/s.01k8rhncp4jt1\/2026\/02\/unnamed-file-1293.jpg\",\"keywords\":[\"Aveiro\",\"desporto internacional\",\"Europa\",\"h\u00f3quei\",\"h\u00f3quei em patins\",\"It\u00e1lia\"],\"articleSection\":[\"Desporto\"],\"inLanguage\":\"pt-PT\"},{\"@type\":\"WebPage\",\"@id\":\"https:\/\/portaltela.pt\/noticias\/2026\/02\/04\/riba-d-ave-joga-em-italia-na-proxima-jornada-europeia\/\",\"url\":\"https:\/\/portaltela.pt\/noticias\/2026\/02\/04\/riba-d-ave-joga-em-italia-na-proxima-jornada-europeia\/\",\"name\":\"Riba d\u2019Ave joga em It\u00e1lia na pr\u00f3xima jornada europeia - Portal Tela Portugal\",\"isPartOf\":{\"@id\":\"https:\/\/portaltela.pt\/#website\"},\"primaryImageOfPage\":{\"@id\":\"https:\/\/portaltela.pt\/noticias\/2026\/02\/04\/riba-d-ave-joga-em-italia-na-proxima-jornada-europeia\/#primaryimage\"},\"image\":{\"@id\":\"https:\/\/portaltela.pt\/noticias\/2026\/02\/04\/riba-d-ave-joga-em-italia-na-proxima-jornada-europeia\/#primaryimage\"},\"thumbnailUrl\":\"https:\/\/portaltela.pt\/s.01k8rhncp4jt1\/2026\/02\/unnamed-file-1293.jpg\",\"datePublished\":\"2026-02-04T15:58:30+00:00\",\"author\":{\"@id\":\"https:\/\/portaltela.pt\/#\/schema\/person\/c4278d4a6028830caff9ee44b42d32ed\"},\"breadcrumb\":{\"@id\":\"https:\/\/portaltela.pt\/noticias\/2026\/02\/04\/riba-d-ave-joga-em-italia-na-proxima-jornada-europeia\/#breadcrumb\"},\"inLanguage\":\"pt-PT\",\"potentialAction\":[{\"@type\":\"ReadAction\",\"target\":[\"https:\/\/portaltela.pt\/noticias\/2026\/02\/04\/riba-d-ave-joga-em-italia-na-proxima-jornada-europeia\/\"]}]},{\"@type\":\"ImageObject\",\"inLanguage\":\"pt-PT\",\"@id\":\"https:\/\/portaltela.pt\/noticias\/2026\/02\/04\/riba-d-ave-joga-em-italia-na-proxima-jornada-europeia\/#primaryimage\",\"url\":\"https:\/\/portaltela.pt\/s.01k8rhncp4jt1\/2026\/02\/unnamed-file-1293.jpg\",\"contentUrl\":\"https:\/\/portaltela.pt\/s.01k8rhncp4jt1\/2026\/02\/unnamed-file-1293.jpg\",\"width\":796,\"height\":448,\"caption\":\"Famalic\u00e3o: Riba d\u00b4Ave joga em It\u00e1lia mais uma jornada europeia\"},{\"@type\":\"BreadcrumbList\",\"@id\":\"https:\/\/portaltela.pt\/noticias\/2026\/02\/04\/riba-d-ave-joga-em-italia-na-proxima-jornada-europeia\/#breadcrumb\",\"itemListElement\":[{\"@type\":\"ListItem\",\"position\":1,\"name\":\"In\u00edcio\",\"item\":\"https:\/\/portaltela.pt\/\"},{\"@type\":\"ListItem\",\"position\":2,\"name\":\"Riba d\u2019Ave joga em It\u00e1lia na pr\u00f3xima jornada europeia\"}]},{\"@type\":\"WebSite\",\"@id\":\"https:\/\/portaltela.pt\/#website\",\"url\":\"https:\/\/portaltela.pt\/\",\"name\":\"Portal Tela Portugal\",\"description\":\"\",\"potentialAction\":[{\"@type\":\"SearchAction\",\"target\":{\"@type\":\"EntryPoint\",\"urlTemplate\":\"https:\/\/portaltela.pt\/?s={search_term_string}\"},\"query-input\":{\"@type\":\"PropertyValueSpecification\",\"valueRequired\":true,\"valueName\":\"search_term_string\"}}],\"inLanguage\":\"pt-PT\"},{\"@type\":\"Person\",\"@id\":\"https:\/\/portaltela.pt\/#\/schema\/person\/c4278d4a6028830caff9ee44b42d32ed\",\"name\":\"Telinha\",\"image\":{\"@type\":\"ImageObject\",\"inLanguage\":\"pt-PT\",\"@id\":\"https:\/\/portaltela.pt\/s.01k8rhncp4jt1\/2025\/11\/talking-bot-125x125.png\",\"url\":\"https:\/\/portaltela.pt\/s.01k8rhncp4jt1\/2025\/11\/talking-bot-125x125.png\",\"contentUrl\":\"https:\/\/portaltela.pt\/s.01k8rhncp4jt1\/2025\/11\/talking-bot-125x125.png\",\"caption\":\"Telinha\"},\"sameAs\":[\"https:\/\/portaltela.pt\/\"],\"url\":\"https:\/\/portaltela.pt\/por\/367410592786\/\"}]}<\/script>\n<!-- \/ Yoast SEO plugin. -->","yoast_head_json":{"title":"Riba d\u2019Ave joga em It\u00e1lia na pr\u00f3xima jornada europeia - Portal Tela Portugal","robots":{"index":"index","follow":"follow","max-snippet":"max-snippet:-1","max-image-preview":"max-image-preview:large","max-video-preview":"max-video-preview:-1"},"og_locale":"pt_PT","og_type":"article","og_title":"Riba d\u2019Ave joga em It\u00e1lia na pr\u00f3xima jornada europeia - Portal Tela Portugal","og_description":"O Riba d` Ave H\u00f3quei Clube joga a segunda m\u00e3o dos quartos de final da WSE Cup frente ao Monza, em It\u00e1lia, no pr\u00f3ximo s\u00e1bado, depois de vencerem a primeira m\u00e3o por 4-3. Se evitar a derrota por menos de dois golos, o clube pode apurar-se para a final four da competi\u00e7\u00e3o europeia pela segunda vez consecutiva. O treinador Jorge Ferreira destacou que a vantagem de um golo pode n\u00e3o ser suficiente e que v\u00e3o tentar o melhor dentro da estrat\u00e9gia de cada equipa. A dire\u00e7\u00e3o v\u00ea a participa\u00e7\u00e3o europeia como prest\u00edgio e acredita que contribui para o desenvolvimento da forma\u00e7\u00e3o, com melhorias previstas nas condi\u00e7\u00f5es de treino e infraestruturas. A C\u00e2mara Municipal vai apoiar a desloca\u00e7\u00e3o com cerca de cinco mil euros e aponta que o Pavilh\u00e3o do Externato pode abrir novas possibilidades para os escal\u00f5es de base; o Riba d` Ave est\u00e1, na generalidade, focado em manter-se no principal escal\u00e3o do h\u00f3quei em patins.","og_url":"https:\/\/portaltela.pt\/noticias\/2026\/02\/04\/riba-d-ave-joga-em-italia-na-proxima-jornada-europeia\/","og_site_name":"Portal Tela Portugal","article_published_time":"2026-02-04T15:58:30+00:00","author":"Telinha","twitter_card":"summary_large_image","twitter_misc":{"Escrito por":"Telinha","Tempo estimado de leitura":"2 minutos"},"schema":{"@context":"https:\/\/schema.org","@graph":[{"@type":"Article","@id":"https:\/\/portaltela.pt\/noticias\/2026\/02\/04\/riba-d-ave-joga-em-italia-na-proxima-jornada-europeia\/#article","isPartOf":{"@id":"https:\/\/portaltela.pt\/noticias\/2026\/02\/04\/riba-d-ave-joga-em-italia-na-proxima-jornada-europeia\/"},"author":{"name":"Telinha","@id":"https:\/\/portaltela.pt\/#\/schema\/person\/c4278d4a6028830caff9ee44b42d32ed"},"headline":"Riba d\u2019Ave joga em It\u00e1lia na pr\u00f3xima jornada europeia","datePublished":"2026-02-04T15:58:30+00:00","mainEntityOfPage":{"@id":"https:\/\/portaltela.pt\/noticias\/2026\/02\/04\/riba-d-ave-joga-em-italia-na-proxima-jornada-europeia\/"},"wordCount":377,"image":{"@id":"https:\/\/portaltela.pt\/noticias\/2026\/02\/04\/riba-d-ave-joga-em-italia-na-proxima-jornada-europeia\/#primaryimage"},"thumbnailUrl":"https:\/\/portaltela.pt\/s.01k8rhncp4jt1\/2026\/02\/unnamed-file-1293.jpg","keywords":["Aveiro","desporto internacional","Europa","h\u00f3quei","h\u00f3quei em patins","It\u00e1lia"],"articleSection":["Desporto"],"inLanguage":"pt-PT"},{"@type":"WebPage","@id":"https:\/\/portaltela.pt\/noticias\/2026\/02\/04\/riba-d-ave-joga-em-italia-na-proxima-jornada-europeia\/","url":"https:\/\/portaltela.pt\/noticias\/2026\/02\/04\/riba-d-ave-joga-em-italia-na-proxima-jornada-europeia\/","name":"Riba d\u2019Ave joga em It\u00e1lia na pr\u00f3xima jornada europeia - Portal Tela Portugal","isPartOf":{"@id":"https:\/\/portaltela.pt\/#website"},"primaryImageOfPage":{"@id":"https:\/\/portaltela.pt\/noticias\/2026\/02\/04\/riba-d-ave-joga-em-italia-na-proxima-jornada-europeia\/#primaryimage"},"image":{"@id":"https:\/\/portaltela.pt\/noticias\/2026\/02\/04\/riba-d-ave-joga-em-italia-na-proxima-jornada-europeia\/#primaryimage"},"thumbnailUrl":"https:\/\/portaltela.pt\/s.01k8rhncp4jt1\/2026\/02\/unnamed-file-1293.jpg","datePublished":"2026-02-04T15:58:30+00:00","author":{"@id":"https:\/\/portaltela.pt\/#\/schema\/person\/c4278d4a6028830caff9ee44b42d32ed"},"breadcrumb":{"@id":"https:\/\/portaltela.pt\/noticias\/2026\/02\/04\/riba-d-ave-joga-em-italia-na-proxima-jornada-europeia\/#breadcrumb"},"inLanguage":"pt-PT","potentialAction":[{"@type":"ReadAction","target":["https:\/\/portaltela.pt\/noticias\/2026\/02\/04\/riba-d-ave-joga-em-italia-na-proxima-jornada-europeia\/"]}]},{"@type":"ImageObject","inLanguage":"pt-PT","@id":"https:\/\/portaltela.pt\/noticias\/2026\/02\/04\/riba-d-ave-joga-em-italia-na-proxima-jornada-europeia\/#primaryimage","url":"https:\/\/portaltela.pt\/s.01k8rhncp4jt1\/2026\/02\/unnamed-file-1293.jpg","contentUrl":"https:\/\/portaltela.pt\/s.01k8rhncp4jt1\/2026\/02\/unnamed-file-1293.jpg","width":796,"height":448,"caption":"Famalic\u00e3o: Riba d\u00b4Ave joga em It\u00e1lia mais uma jornada europeia"},{"@type":"BreadcrumbList","@id":"https:\/\/portaltela.pt\/noticias\/2026\/02\/04\/riba-d-ave-joga-em-italia-na-proxima-jornada-europeia\/#breadcrumb","itemListElement":[{"@type":"ListItem","position":1,"name":"In\u00edcio","item":"https:\/\/portaltela.pt\/"},{"@type":"ListItem","position":2,"name":"Riba d\u2019Ave joga em It\u00e1lia na pr\u00f3xima jornada europeia"}]},{"@type":"WebSite","@id":"https:\/\/portaltela.pt\/#website","url":"https:\/\/portaltela.pt\/","name":"Portal Tela Portugal","description":"","potentialAction":[{"@type":"SearchAction","target":{"@type":"EntryPoint","urlTemplate":"https:\/\/portaltela.pt\/?s={search_term_string}"},"query-input":{"@type":"PropertyValueSpecification","valueRequired":true,"valueName":"search_term_string"}}],"inLanguage":"pt-PT"},{"@type":"Person","@id":"https:\/\/portaltela.pt\/#\/schema\/person\/c4278d4a6028830caff9ee44b42d32ed","name":"Telinha","image":{"@type":"ImageObject","inLanguage":"pt-PT","@id":"https:\/\/portaltela.pt\/s.01k8rhncp4jt1\/2025\/11\/talking-bot-125x125.png","url":"https:\/\/portaltela.pt\/s.01k8rhncp4jt1\/2025\/11\/talking-bot-125x125.png","contentUrl":"https:\/\/portaltela.pt\/s.01k8rhncp4jt1\/2025\/11\/talking-bot-125x125.png","caption":"Telinha"},"sameAs":["https:\/\/portaltela.pt\/"],"url":"https:\/\/portaltela.pt\/por\/367410592786\/"}]}},"_links":{"self":[{"href":"https:\/\/portaltela.pt\/api\/wp\/v2\/posts\/197241","targetHints":{"allow":["GET"]}}],"collection":[{"href":"https:\/\/portaltela.pt\/api\/wp\/v2\/posts"}],"about":[{"href":"https:\/\/portaltela.pt\/api\/wp\/v2\/types\/post"}],"author":[{"embeddable":true,"href":"https:\/\/portaltela.pt\/api\/wp\/v2\/users\/2"}],"replies":[{"embeddable":true,"href":"https:\/\/portaltela.pt\/api\/wp\/v2\/comments?post=197241"}],"version-history":[{"count":0,"href":"https:\/\/portaltela.pt\/api\/wp\/v2\/posts\/197241\/revisions"}],"wp:featuredmedia":[{"embeddable":true,"href":"https:\/\/portaltela.pt\/api\/wp\/v2\/media\/197253"}],"wp:attachment":[{"href":"https:\/\/portaltela.pt\/api\/wp\/v2\/media?parent=197241"}],"wp:term":[{"taxonomy":"category","embeddable":true,"href":"https:\/\/portaltela.pt\/api\/wp\/v2\/categories?post=197241"},{"taxonomy":"post_tag","embeddable":true,"href":"https:\/\/portaltela.pt\/api\/wp\/v2\/tags?post=197241"}],"curies":[{"name":"wp","href":"https:\/\/api.w.org\/{rel}","templated":true}]}}