{"id":197183,"date":"2026-02-04T12:53:28","date_gmt":"2026-02-04T15:53:28","guid":{"rendered":"https:\/\/portaltela.pt\/noticias\/2026\/02\/04\/sns-regista-queda-de-28-em-dias-com-urgencias-fechadas-em-janeiro\/"},"modified":"2026-02-04T12:53:28","modified_gmt":"2026-02-04T15:53:28","slug":"sns-regista-queda-de-28-em-dias-com-urgencias-fechadas-em-janeiro","status":"publish","type":"post","link":"https:\/\/portaltela.pt\/noticias\/2026\/02\/04\/sns-regista-queda-de-28-em-dias-com-urgencias-fechadas-em-janeiro\/","title":{"rendered":"SNS regista queda de 28% em dias com urg\u00eancias fechadas em janeiro"},"content":{"rendered":"<p>O SNS registou uma redu\u00e7\u00e3o de 28% nos dias com urg\u00eancias encerradas em janeiro, face a 2025. O dado foi apresentado pelo diretor executivo do SNS na comiss\u00e3o parlamentar de Sa\u00fade, a pedido do Chega.<\/p>\n<p>\u00c1lvaro Almeida indicou que, em 2025, os encerramentos diminu\u00edram 37% face a 2024, e que, em janeiro de 2026, a queda face a 2025 manteve-se em 28%. O resumo aponta uma tend\u00eancia de melhoria.<\/p>\n<p>Entre janeiro de 2026 e janeiro de 2024, a redu\u00e7\u00e3o acumulada chega a cerca de 60% nos dias de encerramento de urg\u00eancias, segundo o respons\u00e1vel. A not\u00edcia foi partilhada durante a reuni\u00e3o, em que foi discutida a capacidade de resposta do SNS.<\/p>\n<p>Foi tamb\u00e9m reportada uma descida de 3% nos tempos de espera entre triagem e primeira observa\u00e7\u00e3o nas urg\u00eancias entre 1 de outubro de 2025 e 31 de janeiro, depois de j\u00e1 ter havido uma redu\u00e7\u00e3o de 17% face a 2023\/24.<\/p>\n<p>A melhoria \u00e9 atribu\u00edda, em parte, ao aumento da utiliza\u00e7\u00e3o da linha SNS 24, que permite uma gest\u00e3o mais racional das urg\u00eancias, reduzindo casos n\u00e3o urgentes.<\/p>\n<h3>Redu\u00e7\u00e3o de encerramentos e causas<\/h3>\n<p>Almeida afirmou que, apesar de melhorias, o SNS enfrentou dificuldades durante picos de press\u00e3o, inevit\u00e1veis em sistemas com recursos limitados. Contorn\u00e1-los exige planeamento e conting\u00eancia nas unidades de sa\u00fade.<\/p>\n<p>Ele destacou que a \u00e1rea da capacidade de resposta \u00e9 a prioridade no inverno com gripe intensa, que elevou a procura e os internamentos. O objetivo \u00e9 manter resposta adequada dentro das limita\u00e7\u00f5es.<\/p>\n<h2>Contexto da gripe<\/h2>\n<p>Dados da Dire\u00e7\u00e3o-Geral da Sa\u00fade mostram duplica\u00e7\u00e3o de epis\u00f3dios de urg\u00eancia por s\u00edndrome gripal em rela\u00e7\u00e3o ao habitual, ocorrendo mais cedo no ano. O per\u00edodo cr\u00edtico coincidiu com Natal, passagem de ano e in\u00edcio de janeiro.<\/p>\n<p>Na semana de 22 a 28 de dezembro de 2025, a percentagem de internamentos por gripe em cuidados intensivos atingiu cerca de 20%, o n\u00edvel mais alto desde 2012, segundo o SNS.<\/p>\n<p>Apesar do cen\u00e1rio gripal, as autoridades destacaram que os tempos de espera nas urg\u00eancias reduziram face a anos anteriores, apontando melhoria na resposta global do SNS.<\/p>\n","protected":false},"excerpt":{"rendered":"<ul>\n<li>Em janeiro, o SNS registou uma redu\u00e7\u00e3o de 28% nos dias com urg\u00eancias fechadas face a janeiro de 2025.<\/li>\n<li>Em 2025, os encerramentos diminu\u00edram 37% face a 2024; na compara\u00e7\u00e3o entre janeiro de 2026 e janeiro de 2024, a redu\u00e7\u00e3o acumulada \u00e9 de cerca de 60%.<\/li>\n<li>Os tempos de espera nas urg\u00eancias (da triagem \u00e0 primeira observa\u00e7\u00e3o) baixaram 3% entre 1 de outubro de 2025 e 31 de janeiro de 2026, ap\u00f3s uma redu\u00e7\u00e3o de 17% face a 2023\/24.<\/li>\n<li>O aumento da utiliza\u00e7\u00e3o da linha SNS 24 foi apontado como principal fator da melhoria, ao permitir uma gest\u00e3o mais eficiente das urg\u00eancias e retirar casos n\u00e3o urgentes.<\/li>\n<li>O per\u00edodo de Natal ao in\u00edcio de janeiro coincidiu com pico gripal, levando a mais internamentos em cuidados intensivos (cerca de 20% na semana 52), e a respostas condicionadas pela capacidade limitada de recursos.<\/li>\n<\/ul>\n","protected":false},"author":2,"featured_media":197187,"comment_status":"closed","ping_status":"closed","sticky":false,"template":"","format":"standard","meta":{"footnotes":""},"categories":[1],"tags":[1905,5410,271,1775,1899],"class_list":["post-197183","post","type-post","status-publish","format-standard","has-post-thumbnail","hentry","category-noticias","tag-gripe","tag-internamentos","tag-saude-publica","tag-sns","tag-urgencias"],"yoast_head":"<!-- This site is optimized with the Yoast SEO plugin v27.2 - https:\/\/yoast.com\/product\/yoast-seo-wordpress\/ -->\n<title>SNS regista queda de 28% em dias com urg\u00eancias fechadas em janeiro - Portal Tela Portugal<\/title>\n<meta name=\"robots\" content=\"index, follow, max-snippet:-1, max-image-preview:large, max-video-preview:-1\" \/>\n<meta property=\"og:locale\" content=\"pt_PT\" \/>\n<meta property=\"og:type\" content=\"article\" \/>\n<meta property=\"og:title\" content=\"SNS regista queda de 28% em dias com urg\u00eancias fechadas em janeiro - Portal Tela Portugal\" \/>\n<meta property=\"og:description\" content=\"Em janeiro, o SNS registou uma redu\u00e7\u00e3o de 28% nos dias com urg\u00eancias fechadas face a janeiro de 2025. Em 2025, os encerramentos diminu\u00edram 37% face a 2024; na compara\u00e7\u00e3o entre janeiro de 2026 e janeiro de 2024, a redu\u00e7\u00e3o acumulada \u00e9 de cerca de 60%. Os tempos de espera nas urg\u00eancias (da triagem \u00e0 primeira observa\u00e7\u00e3o) baixaram 3% entre 1 de outubro de 2025 e 31 de janeiro de 2026, ap\u00f3s uma redu\u00e7\u00e3o de 17% face a 2023\/24. O aumento da utiliza\u00e7\u00e3o da linha SNS 24 foi apontado como principal fator da melhoria, ao permitir uma gest\u00e3o mais eficiente das urg\u00eancias e retirar casos n\u00e3o urgentes. O per\u00edodo de Natal ao in\u00edcio de janeiro coincidiu com pico gripal, levando a mais internamentos em cuidados intensivos (cerca de 20% na semana 52), e a respostas condicionadas pela capacidade limitada de recursos.\" \/>\n<meta property=\"og:url\" content=\"https:\/\/portaltela.pt\/noticias\/2026\/02\/04\/sns-regista-queda-de-28-em-dias-com-urgencias-fechadas-em-janeiro\/\" \/>\n<meta property=\"og:site_name\" content=\"Portal Tela Portugal\" \/>\n<meta property=\"article:published_time\" content=\"2026-02-04T15:53:28+00:00\" \/>\n<meta name=\"author\" content=\"Telinha\" \/>\n<meta name=\"twitter:card\" content=\"summary_large_image\" \/>\n<meta name=\"twitter:label1\" content=\"Escrito por\" \/>\n\t<meta name=\"twitter:data1\" content=\"Telinha\" \/>\n\t<meta name=\"twitter:label2\" content=\"Tempo estimado de leitura\" \/>\n\t<meta name=\"twitter:data2\" content=\"2 minutos\" \/>\n<script type=\"application\/ld+json\" class=\"yoast-schema-graph\">{\"@context\":\"https:\/\/schema.org\",\"@graph\":[{\"@type\":\"Article\",\"@id\":\"https:\/\/portaltela.pt\/noticias\/2026\/02\/04\/sns-regista-queda-de-28-em-dias-com-urgencias-fechadas-em-janeiro\/#article\",\"isPartOf\":{\"@id\":\"https:\/\/portaltela.pt\/noticias\/2026\/02\/04\/sns-regista-queda-de-28-em-dias-com-urgencias-fechadas-em-janeiro\/\"},\"author\":{\"name\":\"Telinha\",\"@id\":\"https:\/\/portaltela.pt\/#\/schema\/person\/c4278d4a6028830caff9ee44b42d32ed\"},\"headline\":\"SNS regista queda de 28% em dias com urg\u00eancias fechadas em janeiro\",\"datePublished\":\"2026-02-04T15:53:28+00:00\",\"mainEntityOfPage\":{\"@id\":\"https:\/\/portaltela.pt\/noticias\/2026\/02\/04\/sns-regista-queda-de-28-em-dias-com-urgencias-fechadas-em-janeiro\/\"},\"wordCount\":367,\"image\":{\"@id\":\"https:\/\/portaltela.pt\/noticias\/2026\/02\/04\/sns-regista-queda-de-28-em-dias-com-urgencias-fechadas-em-janeiro\/#primaryimage\"},\"thumbnailUrl\":\"https:\/\/portaltela.pt\/s.01k8rhncp4jt1\/2026\/02\/img_1500x1000uu2024-07-18-18-31-12-1705957.jpg\",\"keywords\":[\"gripe\",\"internamentos\",\"sa\u00fade p\u00fablica\",\"SNS\",\"urg\u00eancias\"],\"articleSection\":[\"Not\u00edcias\"],\"inLanguage\":\"pt-PT\"},{\"@type\":\"WebPage\",\"@id\":\"https:\/\/portaltela.pt\/noticias\/2026\/02\/04\/sns-regista-queda-de-28-em-dias-com-urgencias-fechadas-em-janeiro\/\",\"url\":\"https:\/\/portaltela.pt\/noticias\/2026\/02\/04\/sns-regista-queda-de-28-em-dias-com-urgencias-fechadas-em-janeiro\/\",\"name\":\"SNS regista queda de 28% em dias com urg\u00eancias fechadas em janeiro - Portal Tela Portugal\",\"isPartOf\":{\"@id\":\"https:\/\/portaltela.pt\/#website\"},\"primaryImageOfPage\":{\"@id\":\"https:\/\/portaltela.pt\/noticias\/2026\/02\/04\/sns-regista-queda-de-28-em-dias-com-urgencias-fechadas-em-janeiro\/#primaryimage\"},\"image\":{\"@id\":\"https:\/\/portaltela.pt\/noticias\/2026\/02\/04\/sns-regista-queda-de-28-em-dias-com-urgencias-fechadas-em-janeiro\/#primaryimage\"},\"thumbnailUrl\":\"https:\/\/portaltela.pt\/s.01k8rhncp4jt1\/2026\/02\/img_1500x1000uu2024-07-18-18-31-12-1705957.jpg\",\"datePublished\":\"2026-02-04T15:53:28+00:00\",\"author\":{\"@id\":\"https:\/\/portaltela.pt\/#\/schema\/person\/c4278d4a6028830caff9ee44b42d32ed\"},\"breadcrumb\":{\"@id\":\"https:\/\/portaltela.pt\/noticias\/2026\/02\/04\/sns-regista-queda-de-28-em-dias-com-urgencias-fechadas-em-janeiro\/#breadcrumb\"},\"inLanguage\":\"pt-PT\",\"potentialAction\":[{\"@type\":\"ReadAction\",\"target\":[\"https:\/\/portaltela.pt\/noticias\/2026\/02\/04\/sns-regista-queda-de-28-em-dias-com-urgencias-fechadas-em-janeiro\/\"]}]},{\"@type\":\"ImageObject\",\"inLanguage\":\"pt-PT\",\"@id\":\"https:\/\/portaltela.pt\/noticias\/2026\/02\/04\/sns-regista-queda-de-28-em-dias-com-urgencias-fechadas-em-janeiro\/#primaryimage\",\"url\":\"https:\/\/portaltela.pt\/s.01k8rhncp4jt1\/2026\/02\/img_1500x1000uu2024-07-18-18-31-12-1705957.jpg\",\"contentUrl\":\"https:\/\/portaltela.pt\/s.01k8rhncp4jt1\/2026\/02\/img_1500x1000uu2024-07-18-18-31-12-1705957.jpg\",\"width\":796,\"height\":448,\"caption\":\"Urg\u00eancias\"},{\"@type\":\"BreadcrumbList\",\"@id\":\"https:\/\/portaltela.pt\/noticias\/2026\/02\/04\/sns-regista-queda-de-28-em-dias-com-urgencias-fechadas-em-janeiro\/#breadcrumb\",\"itemListElement\":[{\"@type\":\"ListItem\",\"position\":1,\"name\":\"In\u00edcio\",\"item\":\"https:\/\/portaltela.pt\/\"},{\"@type\":\"ListItem\",\"position\":2,\"name\":\"SNS regista queda de 28% em dias com urg\u00eancias fechadas em janeiro\"}]},{\"@type\":\"WebSite\",\"@id\":\"https:\/\/portaltela.pt\/#website\",\"url\":\"https:\/\/portaltela.pt\/\",\"name\":\"Portal Tela Portugal\",\"description\":\"\",\"potentialAction\":[{\"@type\":\"SearchAction\",\"target\":{\"@type\":\"EntryPoint\",\"urlTemplate\":\"https:\/\/portaltela.pt\/?s={search_term_string}\"},\"query-input\":{\"@type\":\"PropertyValueSpecification\",\"valueRequired\":true,\"valueName\":\"search_term_string\"}}],\"inLanguage\":\"pt-PT\"},{\"@type\":\"Person\",\"@id\":\"https:\/\/portaltela.pt\/#\/schema\/person\/c4278d4a6028830caff9ee44b42d32ed\",\"name\":\"Telinha\",\"image\":{\"@type\":\"ImageObject\",\"inLanguage\":\"pt-PT\",\"@id\":\"https:\/\/portaltela.pt\/s.01k8rhncp4jt1\/2025\/11\/talking-bot-125x125.png\",\"url\":\"https:\/\/portaltela.pt\/s.01k8rhncp4jt1\/2025\/11\/talking-bot-125x125.png\",\"contentUrl\":\"https:\/\/portaltela.pt\/s.01k8rhncp4jt1\/2025\/11\/talking-bot-125x125.png\",\"caption\":\"Telinha\"},\"sameAs\":[\"https:\/\/portaltela.pt\/\"],\"url\":\"https:\/\/portaltela.pt\/por\/367410592786\/\"}]}<\/script>\n<!-- \/ Yoast SEO plugin. -->","yoast_head_json":{"title":"SNS regista queda de 28% em dias com urg\u00eancias fechadas em janeiro - Portal Tela Portugal","robots":{"index":"index","follow":"follow","max-snippet":"max-snippet:-1","max-image-preview":"max-image-preview:large","max-video-preview":"max-video-preview:-1"},"og_locale":"pt_PT","og_type":"article","og_title":"SNS regista queda de 28% em dias com urg\u00eancias fechadas em janeiro - Portal Tela Portugal","og_description":"Em janeiro, o SNS registou uma redu\u00e7\u00e3o de 28% nos dias com urg\u00eancias fechadas face a janeiro de 2025. Em 2025, os encerramentos diminu\u00edram 37% face a 2024; na compara\u00e7\u00e3o entre janeiro de 2026 e janeiro de 2024, a redu\u00e7\u00e3o acumulada \u00e9 de cerca de 60%. Os tempos de espera nas urg\u00eancias (da triagem \u00e0 primeira observa\u00e7\u00e3o) baixaram 3% entre 1 de outubro de 2025 e 31 de janeiro de 2026, ap\u00f3s uma redu\u00e7\u00e3o de 17% face a 2023\/24. O aumento da utiliza\u00e7\u00e3o da linha SNS 24 foi apontado como principal fator da melhoria, ao permitir uma gest\u00e3o mais eficiente das urg\u00eancias e retirar casos n\u00e3o urgentes. O per\u00edodo de Natal ao in\u00edcio de janeiro coincidiu com pico gripal, levando a mais internamentos em cuidados intensivos (cerca de 20% na semana 52), e a respostas condicionadas pela capacidade limitada de recursos.","og_url":"https:\/\/portaltela.pt\/noticias\/2026\/02\/04\/sns-regista-queda-de-28-em-dias-com-urgencias-fechadas-em-janeiro\/","og_site_name":"Portal Tela Portugal","article_published_time":"2026-02-04T15:53:28+00:00","author":"Telinha","twitter_card":"summary_large_image","twitter_misc":{"Escrito por":"Telinha","Tempo estimado de leitura":"2 minutos"},"schema":{"@context":"https:\/\/schema.org","@graph":[{"@type":"Article","@id":"https:\/\/portaltela.pt\/noticias\/2026\/02\/04\/sns-regista-queda-de-28-em-dias-com-urgencias-fechadas-em-janeiro\/#article","isPartOf":{"@id":"https:\/\/portaltela.pt\/noticias\/2026\/02\/04\/sns-regista-queda-de-28-em-dias-com-urgencias-fechadas-em-janeiro\/"},"author":{"name":"Telinha","@id":"https:\/\/portaltela.pt\/#\/schema\/person\/c4278d4a6028830caff9ee44b42d32ed"},"headline":"SNS regista queda de 28% em dias com urg\u00eancias fechadas em janeiro","datePublished":"2026-02-04T15:53:28+00:00","mainEntityOfPage":{"@id":"https:\/\/portaltela.pt\/noticias\/2026\/02\/04\/sns-regista-queda-de-28-em-dias-com-urgencias-fechadas-em-janeiro\/"},"wordCount":367,"image":{"@id":"https:\/\/portaltela.pt\/noticias\/2026\/02\/04\/sns-regista-queda-de-28-em-dias-com-urgencias-fechadas-em-janeiro\/#primaryimage"},"thumbnailUrl":"https:\/\/portaltela.pt\/s.01k8rhncp4jt1\/2026\/02\/img_1500x1000uu2024-07-18-18-31-12-1705957.jpg","keywords":["gripe","internamentos","sa\u00fade p\u00fablica","SNS","urg\u00eancias"],"articleSection":["Not\u00edcias"],"inLanguage":"pt-PT"},{"@type":"WebPage","@id":"https:\/\/portaltela.pt\/noticias\/2026\/02\/04\/sns-regista-queda-de-28-em-dias-com-urgencias-fechadas-em-janeiro\/","url":"https:\/\/portaltela.pt\/noticias\/2026\/02\/04\/sns-regista-queda-de-28-em-dias-com-urgencias-fechadas-em-janeiro\/","name":"SNS regista queda de 28% em dias com urg\u00eancias fechadas em janeiro - Portal Tela Portugal","isPartOf":{"@id":"https:\/\/portaltela.pt\/#website"},"primaryImageOfPage":{"@id":"https:\/\/portaltela.pt\/noticias\/2026\/02\/04\/sns-regista-queda-de-28-em-dias-com-urgencias-fechadas-em-janeiro\/#primaryimage"},"image":{"@id":"https:\/\/portaltela.pt\/noticias\/2026\/02\/04\/sns-regista-queda-de-28-em-dias-com-urgencias-fechadas-em-janeiro\/#primaryimage"},"thumbnailUrl":"https:\/\/portaltela.pt\/s.01k8rhncp4jt1\/2026\/02\/img_1500x1000uu2024-07-18-18-31-12-1705957.jpg","datePublished":"2026-02-04T15:53:28+00:00","author":{"@id":"https:\/\/portaltela.pt\/#\/schema\/person\/c4278d4a6028830caff9ee44b42d32ed"},"breadcrumb":{"@id":"https:\/\/portaltela.pt\/noticias\/2026\/02\/04\/sns-regista-queda-de-28-em-dias-com-urgencias-fechadas-em-janeiro\/#breadcrumb"},"inLanguage":"pt-PT","potentialAction":[{"@type":"ReadAction","target":["https:\/\/portaltela.pt\/noticias\/2026\/02\/04\/sns-regista-queda-de-28-em-dias-com-urgencias-fechadas-em-janeiro\/"]}]},{"@type":"ImageObject","inLanguage":"pt-PT","@id":"https:\/\/portaltela.pt\/noticias\/2026\/02\/04\/sns-regista-queda-de-28-em-dias-com-urgencias-fechadas-em-janeiro\/#primaryimage","url":"https:\/\/portaltela.pt\/s.01k8rhncp4jt1\/2026\/02\/img_1500x1000uu2024-07-18-18-31-12-1705957.jpg","contentUrl":"https:\/\/portaltela.pt\/s.01k8rhncp4jt1\/2026\/02\/img_1500x1000uu2024-07-18-18-31-12-1705957.jpg","width":796,"height":448,"caption":"Urg\u00eancias"},{"@type":"BreadcrumbList","@id":"https:\/\/portaltela.pt\/noticias\/2026\/02\/04\/sns-regista-queda-de-28-em-dias-com-urgencias-fechadas-em-janeiro\/#breadcrumb","itemListElement":[{"@type":"ListItem","position":1,"name":"In\u00edcio","item":"https:\/\/portaltela.pt\/"},{"@type":"ListItem","position":2,"name":"SNS regista queda de 28% em dias com urg\u00eancias fechadas em janeiro"}]},{"@type":"WebSite","@id":"https:\/\/portaltela.pt\/#website","url":"https:\/\/portaltela.pt\/","name":"Portal Tela Portugal","description":"","potentialAction":[{"@type":"SearchAction","target":{"@type":"EntryPoint","urlTemplate":"https:\/\/portaltela.pt\/?s={search_term_string}"},"query-input":{"@type":"PropertyValueSpecification","valueRequired":true,"valueName":"search_term_string"}}],"inLanguage":"pt-PT"},{"@type":"Person","@id":"https:\/\/portaltela.pt\/#\/schema\/person\/c4278d4a6028830caff9ee44b42d32ed","name":"Telinha","image":{"@type":"ImageObject","inLanguage":"pt-PT","@id":"https:\/\/portaltela.pt\/s.01k8rhncp4jt1\/2025\/11\/talking-bot-125x125.png","url":"https:\/\/portaltela.pt\/s.01k8rhncp4jt1\/2025\/11\/talking-bot-125x125.png","contentUrl":"https:\/\/portaltela.pt\/s.01k8rhncp4jt1\/2025\/11\/talking-bot-125x125.png","caption":"Telinha"},"sameAs":["https:\/\/portaltela.pt\/"],"url":"https:\/\/portaltela.pt\/por\/367410592786\/"}]}},"_links":{"self":[{"href":"https:\/\/portaltela.pt\/api\/wp\/v2\/posts\/197183","targetHints":{"allow":["GET"]}}],"collection":[{"href":"https:\/\/portaltela.pt\/api\/wp\/v2\/posts"}],"about":[{"href":"https:\/\/portaltela.pt\/api\/wp\/v2\/types\/post"}],"author":[{"embeddable":true,"href":"https:\/\/portaltela.pt\/api\/wp\/v2\/users\/2"}],"replies":[{"embeddable":true,"href":"https:\/\/portaltela.pt\/api\/wp\/v2\/comments?post=197183"}],"version-history":[{"count":0,"href":"https:\/\/portaltela.pt\/api\/wp\/v2\/posts\/197183\/revisions"}],"wp:featuredmedia":[{"embeddable":true,"href":"https:\/\/portaltela.pt\/api\/wp\/v2\/media\/197187"}],"wp:attachment":[{"href":"https:\/\/portaltela.pt\/api\/wp\/v2\/media?parent=197183"}],"wp:term":[{"taxonomy":"category","embeddable":true,"href":"https:\/\/portaltela.pt\/api\/wp\/v2\/categories?post=197183"},{"taxonomy":"post_tag","embeddable":true,"href":"https:\/\/portaltela.pt\/api\/wp\/v2\/tags?post=197183"}],"curies":[{"name":"wp","href":"https:\/\/api.w.org\/{rel}","templated":true}]}}