{"id":197166,"date":"2026-02-04T12:41:16","date_gmt":"2026-02-04T15:41:16","guid":{"rendered":"https:\/\/portaltela.pt\/noticias\/2026\/02\/04\/marcelo-admite-situacao-de-calamidade-e-confirma-convocacao-do-exercito\/"},"modified":"2026-02-04T12:41:16","modified_gmt":"2026-02-04T15:41:16","slug":"marcelo-admite-situacao-de-calamidade-e-confirma-convocacao-do-exercito","status":"publish","type":"post","link":"https:\/\/portaltela.pt\/noticias\/2026\/02\/04\/marcelo-admite-situacao-de-calamidade-e-confirma-convocacao-do-exercito\/","title":{"rendered":"Marcelo admite situa\u00e7\u00e3o de calamidade e confirma convoca\u00e7\u00e3o do ex\u00e9rcito"},"content":{"rendered":"<p>O Presidente da Rep\u00fablica, Marcelo Rebelo de Sousa, pediu uma liga\u00e7\u00e3o autom\u00e1tica entre a Prote\u00e7\u00e3o Civil e as For\u00e7as Armadas para interven\u00e7\u00f5es r\u00e1pidas em situa\u00e7\u00f5es de calamidade, citando a tempestade Kristin que ter\u00e1 afetado um quinto do pa\u00eds h\u00e1 uma semana.<\/p>\n<p>Em visita ao Servi\u00e7o Municipal de Prote\u00e7\u00e3o Civil de Our\u00e9m, o chefe de Estado sublinhou que a colabora\u00e7\u00e3o com as For\u00e7as Armadas deve existir de forma natural, como j\u00e1 acontece com a Guarda Nacional Republicana na Prote\u00e7\u00e3o Civil.<\/p>\n<p>Diversos autarcas t\u00eam referido atrasos na presen\u00e7a de for\u00e7as militares no terreno para apoiar as popula\u00e7\u00f5es afetadas pela tempestade Kristin, segundo quem \u00e9 fundamental agilizar a mobiliza\u00e7\u00e3o.<\/p>\n<p>Marcelo Rebelo de Sousa destacou que as For\u00e7as Armadas possuem uma estrutura aut\u00f3noma e que o Estado-Maior General das For\u00e7as Armadas passou a ter papel coordenador, refor\u00e7ado ap\u00f3s o regresso do ministro da Defesa Nacional de uma viagem oficial.<\/p>\n<p>O Presidente visitou o Servi\u00e7o Municipal de Our\u00e9m e, depois, uma escola em Pedr\u00f3g\u00e3o Grande, onde verificou a necessidade de material de reconstru\u00e7\u00e3o e de energia el\u00e9trica para algumas fam\u00edlias. Acompanhou, ainda, sinais de retoma da atividade escolar com fornecimento de luz em v\u00e1rias casas.<\/p>\n<p>Questionado sobre a gest\u00e3o governamental da crise, o Presidente admitiu ter havido momentos de avalia\u00e7\u00e3o positiva e outros menos satisfat\u00f3rios, destacando que certas medidas chegaram mais depressa que outras e que a coopera\u00e7\u00e3o entre Governo, munic\u00edpios e freguesias \u00e9 determinante.<\/p>\n<p>Marcelo Rebelo de Sousa reiterou que a prioridade \u00e9 que as medidas decididas a n\u00edvel nacional cheguem efetivamente \u00e0s pessoas, assegurando uma interven\u00e7\u00e3o mais imediata e coordenada no terreno.<\/p>\n","protected":false},"excerpt":{"rendered":"<ul>\n<li>O Presidente da Rep\u00fablica, Marcelo Rebelo de Sousa, defende uma liga\u00e7\u00e3o autom\u00e1tica entre as For\u00e7as Armadas e a Prote\u00e7\u00e3o Civil para interven\u00e7\u00e3o instant\u00e2nea em calamidades, citando a tempestade Kristin que afetou um quinto do pa\u00eds.<\/li>\n<li>H\u00e1 queixas de autarcas de que as For\u00e7as Armadas chegaram mais tarde ao terreno para apoiar as popula\u00e7\u00f5es afetadas.<\/li>\n<li>O Comandante Supremo das For\u00e7as Armadas disse que, no futuro, as For\u00e7as Armadas devem estar automaticamente ligadas \u00e0 Prote\u00e7\u00e3o Civil, sem necessidade de pedido.<\/li>\n<li>Marcelo Rebelo de Sousa visitou o Servi\u00e7o Municipal de Prote\u00e7\u00e3o Civil de Our\u00e9m e, depois, uma escola em Pedr\u00f3g\u00e3o Grande, deixando claro o interesse na aplica\u00e7\u00e3o das medidas do Governo.<\/li>\n<li>O Presidente avaliou a gest\u00e3o do Governo como variando entre momentos \u201cbem\u201d e \u201cmenos bem\u201d, destacando que \u00e9 preciso assegurar que a ajuda chegue de forma efetiva \u00e0s pessoas.<\/li>\n<\/ul>\n","protected":false},"author":2,"featured_media":197179,"comment_status":"closed","ping_status":"closed","sticky":false,"template":"","format":"standard","meta":{"footnotes":""},"categories":[1],"tags":[4687,4966,1779,2357,4860,5099],"class_list":["post-197166","post","type-post","status-publish","format-standard","has-post-thumbnail","hentry","category-noticias","tag-calamidade-publica","tag-calamidades","tag-forcas-armadas","tag-ourem","tag-pedrogao-grande","tag-protecao-civil-municipal"],"yoast_head":"<!-- This site is optimized with the Yoast SEO plugin v27.2 - https:\/\/yoast.com\/product\/yoast-seo-wordpress\/ -->\n<title>Marcelo admite situa\u00e7\u00e3o de calamidade e confirma convoca\u00e7\u00e3o do ex\u00e9rcito - Portal Tela Portugal<\/title>\n<meta name=\"robots\" content=\"index, follow, max-snippet:-1, max-image-preview:large, max-video-preview:-1\" \/>\n<meta property=\"og:locale\" content=\"pt_PT\" \/>\n<meta property=\"og:type\" content=\"article\" \/>\n<meta property=\"og:title\" content=\"Marcelo admite situa\u00e7\u00e3o de calamidade e confirma convoca\u00e7\u00e3o do ex\u00e9rcito - Portal Tela Portugal\" \/>\n<meta property=\"og:description\" content=\"O Presidente da Rep\u00fablica, Marcelo Rebelo de Sousa, defende uma liga\u00e7\u00e3o autom\u00e1tica entre as For\u00e7as Armadas e a Prote\u00e7\u00e3o Civil para interven\u00e7\u00e3o instant\u00e2nea em calamidades, citando a tempestade Kristin que afetou um quinto do pa\u00eds. H\u00e1 queixas de autarcas de que as For\u00e7as Armadas chegaram mais tarde ao terreno para apoiar as popula\u00e7\u00f5es afetadas. O Comandante Supremo das For\u00e7as Armadas disse que, no futuro, as For\u00e7as Armadas devem estar automaticamente ligadas \u00e0 Prote\u00e7\u00e3o Civil, sem necessidade de pedido. Marcelo Rebelo de Sousa visitou o Servi\u00e7o Municipal de Prote\u00e7\u00e3o Civil de Our\u00e9m e, depois, uma escola em Pedr\u00f3g\u00e3o Grande, deixando claro o interesse na aplica\u00e7\u00e3o das medidas do Governo. O Presidente avaliou a gest\u00e3o do Governo como variando entre momentos \u201cbem\u201d e \u201cmenos bem\u201d, destacando que \u00e9 preciso assegurar que a ajuda chegue de forma efetiva \u00e0s pessoas.\" \/>\n<meta property=\"og:url\" content=\"https:\/\/portaltela.pt\/noticias\/2026\/02\/04\/marcelo-admite-situacao-de-calamidade-e-confirma-convocacao-do-exercito\/\" \/>\n<meta property=\"og:site_name\" content=\"Portal Tela Portugal\" \/>\n<meta property=\"article:published_time\" content=\"2026-02-04T15:41:16+00:00\" \/>\n<meta name=\"author\" content=\"Telinha\" \/>\n<meta name=\"twitter:card\" content=\"summary_large_image\" \/>\n<meta name=\"twitter:label1\" content=\"Escrito por\" \/>\n\t<meta name=\"twitter:data1\" content=\"Telinha\" \/>\n\t<meta name=\"twitter:label2\" content=\"Tempo estimado de leitura\" \/>\n\t<meta name=\"twitter:data2\" content=\"1 minuto\" \/>\n<script type=\"application\/ld+json\" class=\"yoast-schema-graph\">{\"@context\":\"https:\/\/schema.org\",\"@graph\":[{\"@type\":\"Article\",\"@id\":\"https:\/\/portaltela.pt\/noticias\/2026\/02\/04\/marcelo-admite-situacao-de-calamidade-e-confirma-convocacao-do-exercito\/#article\",\"isPartOf\":{\"@id\":\"https:\/\/portaltela.pt\/noticias\/2026\/02\/04\/marcelo-admite-situacao-de-calamidade-e-confirma-convocacao-do-exercito\/\"},\"author\":{\"name\":\"Telinha\",\"@id\":\"https:\/\/portaltela.pt\/#\/schema\/person\/c4278d4a6028830caff9ee44b42d32ed\"},\"headline\":\"Marcelo admite situa\u00e7\u00e3o de calamidade e confirma convoca\u00e7\u00e3o do ex\u00e9rcito\",\"datePublished\":\"2026-02-04T15:41:16+00:00\",\"mainEntityOfPage\":{\"@id\":\"https:\/\/portaltela.pt\/noticias\/2026\/02\/04\/marcelo-admite-situacao-de-calamidade-e-confirma-convocacao-do-exercito\/\"},\"wordCount\":309,\"image\":{\"@id\":\"https:\/\/portaltela.pt\/noticias\/2026\/02\/04\/marcelo-admite-situacao-de-calamidade-e-confirma-convocacao-do-exercito\/#primaryimage\"},\"thumbnailUrl\":\"https:\/\/portaltela.pt\/s.01k8rhncp4jt1\/2026\/02\/unnamed-file-1281.jpg\",\"keywords\":[\"calamidade p\u00fablica\",\"calamidades\",\"For\u00e7as Armadas\",\"Our\u00e9m\",\"Pedr\u00f3g\u00e3o Grande\",\"Prote\u00e7\u00e3o Civil Municipal\"],\"articleSection\":[\"Not\u00edcias\"],\"inLanguage\":\"pt-PT\"},{\"@type\":\"WebPage\",\"@id\":\"https:\/\/portaltela.pt\/noticias\/2026\/02\/04\/marcelo-admite-situacao-de-calamidade-e-confirma-convocacao-do-exercito\/\",\"url\":\"https:\/\/portaltela.pt\/noticias\/2026\/02\/04\/marcelo-admite-situacao-de-calamidade-e-confirma-convocacao-do-exercito\/\",\"name\":\"Marcelo admite situa\u00e7\u00e3o de calamidade e confirma convoca\u00e7\u00e3o do ex\u00e9rcito - Portal Tela Portugal\",\"isPartOf\":{\"@id\":\"https:\/\/portaltela.pt\/#website\"},\"primaryImageOfPage\":{\"@id\":\"https:\/\/portaltela.pt\/noticias\/2026\/02\/04\/marcelo-admite-situacao-de-calamidade-e-confirma-convocacao-do-exercito\/#primaryimage\"},\"image\":{\"@id\":\"https:\/\/portaltela.pt\/noticias\/2026\/02\/04\/marcelo-admite-situacao-de-calamidade-e-confirma-convocacao-do-exercito\/#primaryimage\"},\"thumbnailUrl\":\"https:\/\/portaltela.pt\/s.01k8rhncp4jt1\/2026\/02\/unnamed-file-1281.jpg\",\"datePublished\":\"2026-02-04T15:41:16+00:00\",\"author\":{\"@id\":\"https:\/\/portaltela.pt\/#\/schema\/person\/c4278d4a6028830caff9ee44b42d32ed\"},\"breadcrumb\":{\"@id\":\"https:\/\/portaltela.pt\/noticias\/2026\/02\/04\/marcelo-admite-situacao-de-calamidade-e-confirma-convocacao-do-exercito\/#breadcrumb\"},\"inLanguage\":\"pt-PT\",\"potentialAction\":[{\"@type\":\"ReadAction\",\"target\":[\"https:\/\/portaltela.pt\/noticias\/2026\/02\/04\/marcelo-admite-situacao-de-calamidade-e-confirma-convocacao-do-exercito\/\"]}]},{\"@type\":\"ImageObject\",\"inLanguage\":\"pt-PT\",\"@id\":\"https:\/\/portaltela.pt\/noticias\/2026\/02\/04\/marcelo-admite-situacao-de-calamidade-e-confirma-convocacao-do-exercito\/#primaryimage\",\"url\":\"https:\/\/portaltela.pt\/s.01k8rhncp4jt1\/2026\/02\/unnamed-file-1281.jpg\",\"contentUrl\":\"https:\/\/portaltela.pt\/s.01k8rhncp4jt1\/2026\/02\/unnamed-file-1281.jpg\",\"width\":796,\"height\":448,\"caption\":\"Dois dias depois de o primeiro-ministro, Lu\u00eds Montenegro, ter anunciado um pacote de medidas para ajudar as fam\u00edlias e empresas afetadas, Marcelo admitiu receios.\"},{\"@type\":\"BreadcrumbList\",\"@id\":\"https:\/\/portaltela.pt\/noticias\/2026\/02\/04\/marcelo-admite-situacao-de-calamidade-e-confirma-convocacao-do-exercito\/#breadcrumb\",\"itemListElement\":[{\"@type\":\"ListItem\",\"position\":1,\"name\":\"In\u00edcio\",\"item\":\"https:\/\/portaltela.pt\/\"},{\"@type\":\"ListItem\",\"position\":2,\"name\":\"Marcelo admite situa\u00e7\u00e3o de calamidade e confirma convoca\u00e7\u00e3o do ex\u00e9rcito\"}]},{\"@type\":\"WebSite\",\"@id\":\"https:\/\/portaltela.pt\/#website\",\"url\":\"https:\/\/portaltela.pt\/\",\"name\":\"Portal Tela Portugal\",\"description\":\"\",\"potentialAction\":[{\"@type\":\"SearchAction\",\"target\":{\"@type\":\"EntryPoint\",\"urlTemplate\":\"https:\/\/portaltela.pt\/?s={search_term_string}\"},\"query-input\":{\"@type\":\"PropertyValueSpecification\",\"valueRequired\":true,\"valueName\":\"search_term_string\"}}],\"inLanguage\":\"pt-PT\"},{\"@type\":\"Person\",\"@id\":\"https:\/\/portaltela.pt\/#\/schema\/person\/c4278d4a6028830caff9ee44b42d32ed\",\"name\":\"Telinha\",\"image\":{\"@type\":\"ImageObject\",\"inLanguage\":\"pt-PT\",\"@id\":\"https:\/\/portaltela.pt\/s.01k8rhncp4jt1\/2025\/11\/talking-bot-125x125.png\",\"url\":\"https:\/\/portaltela.pt\/s.01k8rhncp4jt1\/2025\/11\/talking-bot-125x125.png\",\"contentUrl\":\"https:\/\/portaltela.pt\/s.01k8rhncp4jt1\/2025\/11\/talking-bot-125x125.png\",\"caption\":\"Telinha\"},\"sameAs\":[\"https:\/\/portaltela.pt\/\"],\"url\":\"https:\/\/portaltela.pt\/por\/367410592786\/\"}]}<\/script>\n<!-- \/ Yoast SEO plugin. -->","yoast_head_json":{"title":"Marcelo admite situa\u00e7\u00e3o de calamidade e confirma convoca\u00e7\u00e3o do ex\u00e9rcito - Portal Tela Portugal","robots":{"index":"index","follow":"follow","max-snippet":"max-snippet:-1","max-image-preview":"max-image-preview:large","max-video-preview":"max-video-preview:-1"},"og_locale":"pt_PT","og_type":"article","og_title":"Marcelo admite situa\u00e7\u00e3o de calamidade e confirma convoca\u00e7\u00e3o do ex\u00e9rcito - Portal Tela Portugal","og_description":"O Presidente da Rep\u00fablica, Marcelo Rebelo de Sousa, defende uma liga\u00e7\u00e3o autom\u00e1tica entre as For\u00e7as Armadas e a Prote\u00e7\u00e3o Civil para interven\u00e7\u00e3o instant\u00e2nea em calamidades, citando a tempestade Kristin que afetou um quinto do pa\u00eds. H\u00e1 queixas de autarcas de que as For\u00e7as Armadas chegaram mais tarde ao terreno para apoiar as popula\u00e7\u00f5es afetadas. O Comandante Supremo das For\u00e7as Armadas disse que, no futuro, as For\u00e7as Armadas devem estar automaticamente ligadas \u00e0 Prote\u00e7\u00e3o Civil, sem necessidade de pedido. Marcelo Rebelo de Sousa visitou o Servi\u00e7o Municipal de Prote\u00e7\u00e3o Civil de Our\u00e9m e, depois, uma escola em Pedr\u00f3g\u00e3o Grande, deixando claro o interesse na aplica\u00e7\u00e3o das medidas do Governo. O Presidente avaliou a gest\u00e3o do Governo como variando entre momentos \u201cbem\u201d e \u201cmenos bem\u201d, destacando que \u00e9 preciso assegurar que a ajuda chegue de forma efetiva \u00e0s pessoas.","og_url":"https:\/\/portaltela.pt\/noticias\/2026\/02\/04\/marcelo-admite-situacao-de-calamidade-e-confirma-convocacao-do-exercito\/","og_site_name":"Portal Tela Portugal","article_published_time":"2026-02-04T15:41:16+00:00","author":"Telinha","twitter_card":"summary_large_image","twitter_misc":{"Escrito por":"Telinha","Tempo estimado de leitura":"1 minuto"},"schema":{"@context":"https:\/\/schema.org","@graph":[{"@type":"Article","@id":"https:\/\/portaltela.pt\/noticias\/2026\/02\/04\/marcelo-admite-situacao-de-calamidade-e-confirma-convocacao-do-exercito\/#article","isPartOf":{"@id":"https:\/\/portaltela.pt\/noticias\/2026\/02\/04\/marcelo-admite-situacao-de-calamidade-e-confirma-convocacao-do-exercito\/"},"author":{"name":"Telinha","@id":"https:\/\/portaltela.pt\/#\/schema\/person\/c4278d4a6028830caff9ee44b42d32ed"},"headline":"Marcelo admite situa\u00e7\u00e3o de calamidade e confirma convoca\u00e7\u00e3o do ex\u00e9rcito","datePublished":"2026-02-04T15:41:16+00:00","mainEntityOfPage":{"@id":"https:\/\/portaltela.pt\/noticias\/2026\/02\/04\/marcelo-admite-situacao-de-calamidade-e-confirma-convocacao-do-exercito\/"},"wordCount":309,"image":{"@id":"https:\/\/portaltela.pt\/noticias\/2026\/02\/04\/marcelo-admite-situacao-de-calamidade-e-confirma-convocacao-do-exercito\/#primaryimage"},"thumbnailUrl":"https:\/\/portaltela.pt\/s.01k8rhncp4jt1\/2026\/02\/unnamed-file-1281.jpg","keywords":["calamidade p\u00fablica","calamidades","For\u00e7as Armadas","Our\u00e9m","Pedr\u00f3g\u00e3o Grande","Prote\u00e7\u00e3o Civil Municipal"],"articleSection":["Not\u00edcias"],"inLanguage":"pt-PT"},{"@type":"WebPage","@id":"https:\/\/portaltela.pt\/noticias\/2026\/02\/04\/marcelo-admite-situacao-de-calamidade-e-confirma-convocacao-do-exercito\/","url":"https:\/\/portaltela.pt\/noticias\/2026\/02\/04\/marcelo-admite-situacao-de-calamidade-e-confirma-convocacao-do-exercito\/","name":"Marcelo admite situa\u00e7\u00e3o de calamidade e confirma convoca\u00e7\u00e3o do ex\u00e9rcito - Portal Tela Portugal","isPartOf":{"@id":"https:\/\/portaltela.pt\/#website"},"primaryImageOfPage":{"@id":"https:\/\/portaltela.pt\/noticias\/2026\/02\/04\/marcelo-admite-situacao-de-calamidade-e-confirma-convocacao-do-exercito\/#primaryimage"},"image":{"@id":"https:\/\/portaltela.pt\/noticias\/2026\/02\/04\/marcelo-admite-situacao-de-calamidade-e-confirma-convocacao-do-exercito\/#primaryimage"},"thumbnailUrl":"https:\/\/portaltela.pt\/s.01k8rhncp4jt1\/2026\/02\/unnamed-file-1281.jpg","datePublished":"2026-02-04T15:41:16+00:00","author":{"@id":"https:\/\/portaltela.pt\/#\/schema\/person\/c4278d4a6028830caff9ee44b42d32ed"},"breadcrumb":{"@id":"https:\/\/portaltela.pt\/noticias\/2026\/02\/04\/marcelo-admite-situacao-de-calamidade-e-confirma-convocacao-do-exercito\/#breadcrumb"},"inLanguage":"pt-PT","potentialAction":[{"@type":"ReadAction","target":["https:\/\/portaltela.pt\/noticias\/2026\/02\/04\/marcelo-admite-situacao-de-calamidade-e-confirma-convocacao-do-exercito\/"]}]},{"@type":"ImageObject","inLanguage":"pt-PT","@id":"https:\/\/portaltela.pt\/noticias\/2026\/02\/04\/marcelo-admite-situacao-de-calamidade-e-confirma-convocacao-do-exercito\/#primaryimage","url":"https:\/\/portaltela.pt\/s.01k8rhncp4jt1\/2026\/02\/unnamed-file-1281.jpg","contentUrl":"https:\/\/portaltela.pt\/s.01k8rhncp4jt1\/2026\/02\/unnamed-file-1281.jpg","width":796,"height":448,"caption":"Dois dias depois de o primeiro-ministro, Lu\u00eds Montenegro, ter anunciado um pacote de medidas para ajudar as fam\u00edlias e empresas afetadas, Marcelo admitiu receios."},{"@type":"BreadcrumbList","@id":"https:\/\/portaltela.pt\/noticias\/2026\/02\/04\/marcelo-admite-situacao-de-calamidade-e-confirma-convocacao-do-exercito\/#breadcrumb","itemListElement":[{"@type":"ListItem","position":1,"name":"In\u00edcio","item":"https:\/\/portaltela.pt\/"},{"@type":"ListItem","position":2,"name":"Marcelo admite situa\u00e7\u00e3o de calamidade e confirma convoca\u00e7\u00e3o do ex\u00e9rcito"}]},{"@type":"WebSite","@id":"https:\/\/portaltela.pt\/#website","url":"https:\/\/portaltela.pt\/","name":"Portal Tela Portugal","description":"","potentialAction":[{"@type":"SearchAction","target":{"@type":"EntryPoint","urlTemplate":"https:\/\/portaltela.pt\/?s={search_term_string}"},"query-input":{"@type":"PropertyValueSpecification","valueRequired":true,"valueName":"search_term_string"}}],"inLanguage":"pt-PT"},{"@type":"Person","@id":"https:\/\/portaltela.pt\/#\/schema\/person\/c4278d4a6028830caff9ee44b42d32ed","name":"Telinha","image":{"@type":"ImageObject","inLanguage":"pt-PT","@id":"https:\/\/portaltela.pt\/s.01k8rhncp4jt1\/2025\/11\/talking-bot-125x125.png","url":"https:\/\/portaltela.pt\/s.01k8rhncp4jt1\/2025\/11\/talking-bot-125x125.png","contentUrl":"https:\/\/portaltela.pt\/s.01k8rhncp4jt1\/2025\/11\/talking-bot-125x125.png","caption":"Telinha"},"sameAs":["https:\/\/portaltela.pt\/"],"url":"https:\/\/portaltela.pt\/por\/367410592786\/"}]}},"_links":{"self":[{"href":"https:\/\/portaltela.pt\/api\/wp\/v2\/posts\/197166","targetHints":{"allow":["GET"]}}],"collection":[{"href":"https:\/\/portaltela.pt\/api\/wp\/v2\/posts"}],"about":[{"href":"https:\/\/portaltela.pt\/api\/wp\/v2\/types\/post"}],"author":[{"embeddable":true,"href":"https:\/\/portaltela.pt\/api\/wp\/v2\/users\/2"}],"replies":[{"embeddable":true,"href":"https:\/\/portaltela.pt\/api\/wp\/v2\/comments?post=197166"}],"version-history":[{"count":0,"href":"https:\/\/portaltela.pt\/api\/wp\/v2\/posts\/197166\/revisions"}],"wp:featuredmedia":[{"embeddable":true,"href":"https:\/\/portaltela.pt\/api\/wp\/v2\/media\/197179"}],"wp:attachment":[{"href":"https:\/\/portaltela.pt\/api\/wp\/v2\/media?parent=197166"}],"wp:term":[{"taxonomy":"category","embeddable":true,"href":"https:\/\/portaltela.pt\/api\/wp\/v2\/categories?post=197166"},{"taxonomy":"post_tag","embeddable":true,"href":"https:\/\/portaltela.pt\/api\/wp\/v2\/tags?post=197166"}],"curies":[{"name":"wp","href":"https:\/\/api.w.org\/{rel}","templated":true}]}}