{"id":197165,"date":"2026-02-04T12:23:15","date_gmt":"2026-02-04T15:23:15","guid":{"rendered":"https:\/\/portaltela.pt\/noticias\/2026\/02\/04\/bill-gates-reage-a-mencao-nos-ficheiros-de-epstein-diz-ter-sido-tolo\/"},"modified":"2026-02-04T12:23:15","modified_gmt":"2026-02-04T15:23:15","slug":"bill-gates-reage-a-mencao-nos-ficheiros-de-epstein-diz-ter-sido-tolo","status":"publish","type":"post","link":"https:\/\/portaltela.pt\/noticias\/2026\/02\/04\/bill-gates-reage-a-mencao-nos-ficheiros-de-epstein-diz-ter-sido-tolo\/","title":{"rendered":"Bill Gates reage a men\u00e7\u00e3o nos ficheiros de Epstein, diz ter sido tolo"},"content":{"rendered":"<p>Bill Gates reagiu \u00e0 men\u00e7\u00e3o do seu nome nos ficheiros relacionados com o caso Jeffrey Epstein, dizendo que se arrepende de ter conhecido o criminoso sexual e que as acusa\u00e7\u00f5es n\u00e3o passam de falsas.<\/p>\n<p>O Departamento de Justi\u00e7a dos EUA divulgou na \u00faltima sexta-feira cerca de 3 milh\u00f5es de documentos sobre Epstein, incluindo v\u00eddeos e imagens, em grande parte de natureza pornogr\u00e1fica. O conte\u00fado cita diversas personalidades, entre elas Gates.<\/p>\n<p>Entre os nomes listados, surgem correspond\u00eancias atribu\u00eddas a Epstein que envolvem supostas comunica\u00e7\u00f5es com Gates. Do material, n\u00e3o est\u00e1 claro se os e-mails foram enviados ou apenas simulados, segundo a CNN.<\/p>\n<p>Bill Gates afirmou que a rela\u00e7\u00e3o com Epstein n\u00e3o era pr\u00f3xima e que n\u00e3o tinha conhecimento do comportamento do criminoso. Em declara\u00e7\u00f5es \u00e0 imprensa, o bilion\u00e1rio explicou que participava apenas em jantares, sem visitas a ilhas ou encontros com mulheres associadas a Epstein.<\/p>\n<p>Em 2011, conforme relatado, a aproxima\u00e7\u00e3o girava em torno de Epstein apresentar contactos com pessoas ricas para angariar doa\u00e7\u00f5es. Gates descreveu o epis\u00f3dio como um erro e disse que se arrepende de ter passado tempo com Epstein.<\/p>\n<h3>O conte\u00fado dos e-mails alegados<\/h3>\n<p>Os dois e-mails atribu\u00eddos a Epstein, enviados para a pr\u00f3pria conta, n\u00e3o mostram uma comunica\u00e7\u00e3o assinada por Gates. Um deles supostamente critica uma demiss\u00e3o ligada \u00e0 Funda\u00e7\u00e3o Gates e menciona medicamentos para lidar com consequ\u00eancias de rela\u00e7\u00f5es com raparigas russas.<\/p>\n<p>O segundo e-mail, que come\u00e7a com uma sauda\u00e7\u00e3o a Bill, afirma que Gates teria encerrado uma amizade e levanta alega\u00e7\u00f5es sobre tentativas de encobrir uma infe\u00e7\u00e3o sexualmente transmiss\u00edvel, envolvendo Melinda Gates.<\/p>\n<h3>Rea\u00e7\u00e3o da Funda\u00e7\u00e3o e contexto<\/h3>\n<p>Um porta-voz de Gates j\u00e1 tinha considerado a men\u00e7\u00e3o nos ficheiros como uma tentativa de difamar o empres\u00e1rio, destacando que Epstein n\u00e3o tinha rela\u00e7\u00f5es cont\u00ednuas com Gates. O porta-voz sublinhou ainda que Gates n\u00e3o foi acusado por v\u00edtimas de Epstein.<\/p>\n<p>Epstein foi encontrado morto numa cela de pris\u00e3o federal em Nova Iorque em 2019, enquanto aguardava julgamento por acusa\u00e7\u00f5es de explora\u00e7\u00e3o sexual de menores. A aut\u00f3psia concluiu, na altura, que o \u00f3bito foi por suic\u00eddio.<\/p>\n","protected":false},"excerpt":{"rendered":"<ul>\n<li>Bill Gates afirmou arrepender-se de ter conhecido Jeffrey Epstein, descrevendo-se como tolo por ter passado tempo com ele.<\/li>\n<li>O Departamento de Justi\u00e7a dos Estados Unidos tornou p\u00fablicos, na passada sexta-feira, tr\u00eas milh\u00f5es de documentos sobre Epstein, incluindo v\u00eddeos e imagens, em grande parte pornografia.<\/li>\n<li>Entre os nomes mencionados est\u00e1 Bill Gates; existem registos de dois e-mails de 18 de julho de 2013, supostamente escritos por Epstein, mas n\u00e3o est\u00e1 claro se foram enviados.<\/li>\n<li>Gates disse que a rela\u00e7\u00e3o n\u00e3o era pr\u00f3xima, que apenas participava em jantares e nunca foi \u00e0 ilha nem conheceu mulheres, sustentando que foi um erro ter conhecido Epstein.<\/li>\n<li>Um porta-voz de Gates afirmou que os documentos demonstram apenas a frustra\u00e7\u00e3o de Epstein e que Gates n\u00e3o foi acusado de irregularidades; Epstein morreu em 2019 na pris\u00e3o.<\/li>\n<\/ul>\n","protected":false},"author":2,"featured_media":197173,"comment_status":"closed","ping_status":"closed","sticky":false,"template":"","format":"standard","meta":{"footnotes":""},"categories":[1],"tags":[4962,147,2442,3682,5194,215],"class_list":["post-197165","post","type-post","status-publish","format-standard","has-post-thumbnail","hentry","category-noticias","tag-bill-gates","tag-crime","tag-difamacao","tag-exploracao-de-menor-dependente-ou-em-situacao-vulneravel","tag-exploracao-de-menores","tag-investigacao"],"yoast_head":"<!-- This site is optimized with the Yoast SEO plugin v27.2 - https:\/\/yoast.com\/product\/yoast-seo-wordpress\/ -->\n<title>Bill Gates reage a men\u00e7\u00e3o nos ficheiros de Epstein, diz ter sido tolo - Portal Tela Portugal<\/title>\n<meta name=\"robots\" content=\"index, follow, max-snippet:-1, max-image-preview:large, max-video-preview:-1\" \/>\n<meta property=\"og:locale\" content=\"pt_PT\" \/>\n<meta property=\"og:type\" content=\"article\" \/>\n<meta property=\"og:title\" content=\"Bill Gates reage a men\u00e7\u00e3o nos ficheiros de Epstein, diz ter sido tolo - Portal Tela Portugal\" \/>\n<meta property=\"og:description\" content=\"Bill Gates afirmou arrepender-se de ter conhecido Jeffrey Epstein, descrevendo-se como tolo por ter passado tempo com ele. O Departamento de Justi\u00e7a dos Estados Unidos tornou p\u00fablicos, na passada sexta-feira, tr\u00eas milh\u00f5es de documentos sobre Epstein, incluindo v\u00eddeos e imagens, em grande parte pornografia. Entre os nomes mencionados est\u00e1 Bill Gates; existem registos de dois e-mails de 18 de julho de 2013, supostamente escritos por Epstein, mas n\u00e3o est\u00e1 claro se foram enviados. Gates disse que a rela\u00e7\u00e3o n\u00e3o era pr\u00f3xima, que apenas participava em jantares e nunca foi \u00e0 ilha nem conheceu mulheres, sustentando que foi um erro ter conhecido Epstein. Um porta-voz de Gates afirmou que os documentos demonstram apenas a frustra\u00e7\u00e3o de Epstein e que Gates n\u00e3o foi acusado de irregularidades; Epstein morreu em 2019 na pris\u00e3o.\" \/>\n<meta property=\"og:url\" content=\"https:\/\/portaltela.pt\/noticias\/2026\/02\/04\/bill-gates-reage-a-mencao-nos-ficheiros-de-epstein-diz-ter-sido-tolo\/\" \/>\n<meta property=\"og:site_name\" content=\"Portal Tela Portugal\" \/>\n<meta property=\"article:published_time\" content=\"2026-02-04T15:23:15+00:00\" \/>\n<meta name=\"author\" content=\"Telinha\" \/>\n<meta name=\"twitter:card\" content=\"summary_large_image\" \/>\n<meta name=\"twitter:label1\" content=\"Escrito por\" \/>\n\t<meta name=\"twitter:data1\" content=\"Telinha\" \/>\n\t<meta name=\"twitter:label2\" content=\"Tempo estimado de leitura\" \/>\n\t<meta name=\"twitter:data2\" content=\"2 minutos\" \/>\n<script type=\"application\/ld+json\" class=\"yoast-schema-graph\">{\"@context\":\"https:\/\/schema.org\",\"@graph\":[{\"@type\":\"Article\",\"@id\":\"https:\/\/portaltela.pt\/noticias\/2026\/02\/04\/bill-gates-reage-a-mencao-nos-ficheiros-de-epstein-diz-ter-sido-tolo\/#article\",\"isPartOf\":{\"@id\":\"https:\/\/portaltela.pt\/noticias\/2026\/02\/04\/bill-gates-reage-a-mencao-nos-ficheiros-de-epstein-diz-ter-sido-tolo\/\"},\"author\":{\"name\":\"Telinha\",\"@id\":\"https:\/\/portaltela.pt\/#\/schema\/person\/c4278d4a6028830caff9ee44b42d32ed\"},\"headline\":\"Bill Gates reage a men\u00e7\u00e3o nos ficheiros de Epstein, diz ter sido tolo\",\"datePublished\":\"2026-02-04T15:23:15+00:00\",\"mainEntityOfPage\":{\"@id\":\"https:\/\/portaltela.pt\/noticias\/2026\/02\/04\/bill-gates-reage-a-mencao-nos-ficheiros-de-epstein-diz-ter-sido-tolo\/\"},\"wordCount\":394,\"image\":{\"@id\":\"https:\/\/portaltela.pt\/noticias\/2026\/02\/04\/bill-gates-reage-a-mencao-nos-ficheiros-de-epstein-diz-ter-sido-tolo\/#primaryimage\"},\"thumbnailUrl\":\"https:\/\/portaltela.pt\/s.01k8rhncp4jt1\/2026\/02\/unnamed-file-1279.jpg\",\"keywords\":[\"Bill Gates\",\"crime\",\"difama\u00e7\u00e3o\",\"explora\u00e7\u00e3o de menor dependente ou em situa\u00e7\u00e3o vulner\u00e1vel\",\"explora\u00e7\u00e3o de menores\",\"investiga\u00e7\u00e3o\"],\"articleSection\":[\"Not\u00edcias\"],\"inLanguage\":\"pt-PT\"},{\"@type\":\"WebPage\",\"@id\":\"https:\/\/portaltela.pt\/noticias\/2026\/02\/04\/bill-gates-reage-a-mencao-nos-ficheiros-de-epstein-diz-ter-sido-tolo\/\",\"url\":\"https:\/\/portaltela.pt\/noticias\/2026\/02\/04\/bill-gates-reage-a-mencao-nos-ficheiros-de-epstein-diz-ter-sido-tolo\/\",\"name\":\"Bill Gates reage a men\u00e7\u00e3o nos ficheiros de Epstein, diz ter sido tolo - Portal Tela Portugal\",\"isPartOf\":{\"@id\":\"https:\/\/portaltela.pt\/#website\"},\"primaryImageOfPage\":{\"@id\":\"https:\/\/portaltela.pt\/noticias\/2026\/02\/04\/bill-gates-reage-a-mencao-nos-ficheiros-de-epstein-diz-ter-sido-tolo\/#primaryimage\"},\"image\":{\"@id\":\"https:\/\/portaltela.pt\/noticias\/2026\/02\/04\/bill-gates-reage-a-mencao-nos-ficheiros-de-epstein-diz-ter-sido-tolo\/#primaryimage\"},\"thumbnailUrl\":\"https:\/\/portaltela.pt\/s.01k8rhncp4jt1\/2026\/02\/unnamed-file-1279.jpg\",\"datePublished\":\"2026-02-04T15:23:15+00:00\",\"author\":{\"@id\":\"https:\/\/portaltela.pt\/#\/schema\/person\/c4278d4a6028830caff9ee44b42d32ed\"},\"breadcrumb\":{\"@id\":\"https:\/\/portaltela.pt\/noticias\/2026\/02\/04\/bill-gates-reage-a-mencao-nos-ficheiros-de-epstein-diz-ter-sido-tolo\/#breadcrumb\"},\"inLanguage\":\"pt-PT\",\"potentialAction\":[{\"@type\":\"ReadAction\",\"target\":[\"https:\/\/portaltela.pt\/noticias\/2026\/02\/04\/bill-gates-reage-a-mencao-nos-ficheiros-de-epstein-diz-ter-sido-tolo\/\"]}]},{\"@type\":\"ImageObject\",\"inLanguage\":\"pt-PT\",\"@id\":\"https:\/\/portaltela.pt\/noticias\/2026\/02\/04\/bill-gates-reage-a-mencao-nos-ficheiros-de-epstein-diz-ter-sido-tolo\/#primaryimage\",\"url\":\"https:\/\/portaltela.pt\/s.01k8rhncp4jt1\/2026\/02\/unnamed-file-1279.jpg\",\"contentUrl\":\"https:\/\/portaltela.pt\/s.01k8rhncp4jt1\/2026\/02\/unnamed-file-1279.jpg\",\"width\":796,\"height\":448,\"caption\":\"Bill Gates nos ficheiros de Epstein. Melinda recorda\"},{\"@type\":\"BreadcrumbList\",\"@id\":\"https:\/\/portaltela.pt\/noticias\/2026\/02\/04\/bill-gates-reage-a-mencao-nos-ficheiros-de-epstein-diz-ter-sido-tolo\/#breadcrumb\",\"itemListElement\":[{\"@type\":\"ListItem\",\"position\":1,\"name\":\"In\u00edcio\",\"item\":\"https:\/\/portaltela.pt\/\"},{\"@type\":\"ListItem\",\"position\":2,\"name\":\"Bill Gates reage a men\u00e7\u00e3o nos ficheiros de Epstein, diz ter sido tolo\"}]},{\"@type\":\"WebSite\",\"@id\":\"https:\/\/portaltela.pt\/#website\",\"url\":\"https:\/\/portaltela.pt\/\",\"name\":\"Portal Tela Portugal\",\"description\":\"\",\"potentialAction\":[{\"@type\":\"SearchAction\",\"target\":{\"@type\":\"EntryPoint\",\"urlTemplate\":\"https:\/\/portaltela.pt\/?s={search_term_string}\"},\"query-input\":{\"@type\":\"PropertyValueSpecification\",\"valueRequired\":true,\"valueName\":\"search_term_string\"}}],\"inLanguage\":\"pt-PT\"},{\"@type\":\"Person\",\"@id\":\"https:\/\/portaltela.pt\/#\/schema\/person\/c4278d4a6028830caff9ee44b42d32ed\",\"name\":\"Telinha\",\"image\":{\"@type\":\"ImageObject\",\"inLanguage\":\"pt-PT\",\"@id\":\"https:\/\/portaltela.pt\/s.01k8rhncp4jt1\/2025\/11\/talking-bot-125x125.png\",\"url\":\"https:\/\/portaltela.pt\/s.01k8rhncp4jt1\/2025\/11\/talking-bot-125x125.png\",\"contentUrl\":\"https:\/\/portaltela.pt\/s.01k8rhncp4jt1\/2025\/11\/talking-bot-125x125.png\",\"caption\":\"Telinha\"},\"sameAs\":[\"https:\/\/portaltela.pt\/\"],\"url\":\"https:\/\/portaltela.pt\/por\/367410592786\/\"}]}<\/script>\n<!-- \/ Yoast SEO plugin. -->","yoast_head_json":{"title":"Bill Gates reage a men\u00e7\u00e3o nos ficheiros de Epstein, diz ter sido tolo - Portal Tela Portugal","robots":{"index":"index","follow":"follow","max-snippet":"max-snippet:-1","max-image-preview":"max-image-preview:large","max-video-preview":"max-video-preview:-1"},"og_locale":"pt_PT","og_type":"article","og_title":"Bill Gates reage a men\u00e7\u00e3o nos ficheiros de Epstein, diz ter sido tolo - Portal Tela Portugal","og_description":"Bill Gates afirmou arrepender-se de ter conhecido Jeffrey Epstein, descrevendo-se como tolo por ter passado tempo com ele. O Departamento de Justi\u00e7a dos Estados Unidos tornou p\u00fablicos, na passada sexta-feira, tr\u00eas milh\u00f5es de documentos sobre Epstein, incluindo v\u00eddeos e imagens, em grande parte pornografia. Entre os nomes mencionados est\u00e1 Bill Gates; existem registos de dois e-mails de 18 de julho de 2013, supostamente escritos por Epstein, mas n\u00e3o est\u00e1 claro se foram enviados. Gates disse que a rela\u00e7\u00e3o n\u00e3o era pr\u00f3xima, que apenas participava em jantares e nunca foi \u00e0 ilha nem conheceu mulheres, sustentando que foi um erro ter conhecido Epstein. Um porta-voz de Gates afirmou que os documentos demonstram apenas a frustra\u00e7\u00e3o de Epstein e que Gates n\u00e3o foi acusado de irregularidades; Epstein morreu em 2019 na pris\u00e3o.","og_url":"https:\/\/portaltela.pt\/noticias\/2026\/02\/04\/bill-gates-reage-a-mencao-nos-ficheiros-de-epstein-diz-ter-sido-tolo\/","og_site_name":"Portal Tela Portugal","article_published_time":"2026-02-04T15:23:15+00:00","author":"Telinha","twitter_card":"summary_large_image","twitter_misc":{"Escrito por":"Telinha","Tempo estimado de leitura":"2 minutos"},"schema":{"@context":"https:\/\/schema.org","@graph":[{"@type":"Article","@id":"https:\/\/portaltela.pt\/noticias\/2026\/02\/04\/bill-gates-reage-a-mencao-nos-ficheiros-de-epstein-diz-ter-sido-tolo\/#article","isPartOf":{"@id":"https:\/\/portaltela.pt\/noticias\/2026\/02\/04\/bill-gates-reage-a-mencao-nos-ficheiros-de-epstein-diz-ter-sido-tolo\/"},"author":{"name":"Telinha","@id":"https:\/\/portaltela.pt\/#\/schema\/person\/c4278d4a6028830caff9ee44b42d32ed"},"headline":"Bill Gates reage a men\u00e7\u00e3o nos ficheiros de Epstein, diz ter sido tolo","datePublished":"2026-02-04T15:23:15+00:00","mainEntityOfPage":{"@id":"https:\/\/portaltela.pt\/noticias\/2026\/02\/04\/bill-gates-reage-a-mencao-nos-ficheiros-de-epstein-diz-ter-sido-tolo\/"},"wordCount":394,"image":{"@id":"https:\/\/portaltela.pt\/noticias\/2026\/02\/04\/bill-gates-reage-a-mencao-nos-ficheiros-de-epstein-diz-ter-sido-tolo\/#primaryimage"},"thumbnailUrl":"https:\/\/portaltela.pt\/s.01k8rhncp4jt1\/2026\/02\/unnamed-file-1279.jpg","keywords":["Bill Gates","crime","difama\u00e7\u00e3o","explora\u00e7\u00e3o de menor dependente ou em situa\u00e7\u00e3o vulner\u00e1vel","explora\u00e7\u00e3o de menores","investiga\u00e7\u00e3o"],"articleSection":["Not\u00edcias"],"inLanguage":"pt-PT"},{"@type":"WebPage","@id":"https:\/\/portaltela.pt\/noticias\/2026\/02\/04\/bill-gates-reage-a-mencao-nos-ficheiros-de-epstein-diz-ter-sido-tolo\/","url":"https:\/\/portaltela.pt\/noticias\/2026\/02\/04\/bill-gates-reage-a-mencao-nos-ficheiros-de-epstein-diz-ter-sido-tolo\/","name":"Bill Gates reage a men\u00e7\u00e3o nos ficheiros de Epstein, diz ter sido tolo - Portal Tela Portugal","isPartOf":{"@id":"https:\/\/portaltela.pt\/#website"},"primaryImageOfPage":{"@id":"https:\/\/portaltela.pt\/noticias\/2026\/02\/04\/bill-gates-reage-a-mencao-nos-ficheiros-de-epstein-diz-ter-sido-tolo\/#primaryimage"},"image":{"@id":"https:\/\/portaltela.pt\/noticias\/2026\/02\/04\/bill-gates-reage-a-mencao-nos-ficheiros-de-epstein-diz-ter-sido-tolo\/#primaryimage"},"thumbnailUrl":"https:\/\/portaltela.pt\/s.01k8rhncp4jt1\/2026\/02\/unnamed-file-1279.jpg","datePublished":"2026-02-04T15:23:15+00:00","author":{"@id":"https:\/\/portaltela.pt\/#\/schema\/person\/c4278d4a6028830caff9ee44b42d32ed"},"breadcrumb":{"@id":"https:\/\/portaltela.pt\/noticias\/2026\/02\/04\/bill-gates-reage-a-mencao-nos-ficheiros-de-epstein-diz-ter-sido-tolo\/#breadcrumb"},"inLanguage":"pt-PT","potentialAction":[{"@type":"ReadAction","target":["https:\/\/portaltela.pt\/noticias\/2026\/02\/04\/bill-gates-reage-a-mencao-nos-ficheiros-de-epstein-diz-ter-sido-tolo\/"]}]},{"@type":"ImageObject","inLanguage":"pt-PT","@id":"https:\/\/portaltela.pt\/noticias\/2026\/02\/04\/bill-gates-reage-a-mencao-nos-ficheiros-de-epstein-diz-ter-sido-tolo\/#primaryimage","url":"https:\/\/portaltela.pt\/s.01k8rhncp4jt1\/2026\/02\/unnamed-file-1279.jpg","contentUrl":"https:\/\/portaltela.pt\/s.01k8rhncp4jt1\/2026\/02\/unnamed-file-1279.jpg","width":796,"height":448,"caption":"Bill Gates nos ficheiros de Epstein. Melinda recorda"},{"@type":"BreadcrumbList","@id":"https:\/\/portaltela.pt\/noticias\/2026\/02\/04\/bill-gates-reage-a-mencao-nos-ficheiros-de-epstein-diz-ter-sido-tolo\/#breadcrumb","itemListElement":[{"@type":"ListItem","position":1,"name":"In\u00edcio","item":"https:\/\/portaltela.pt\/"},{"@type":"ListItem","position":2,"name":"Bill Gates reage a men\u00e7\u00e3o nos ficheiros de Epstein, diz ter sido tolo"}]},{"@type":"WebSite","@id":"https:\/\/portaltela.pt\/#website","url":"https:\/\/portaltela.pt\/","name":"Portal Tela Portugal","description":"","potentialAction":[{"@type":"SearchAction","target":{"@type":"EntryPoint","urlTemplate":"https:\/\/portaltela.pt\/?s={search_term_string}"},"query-input":{"@type":"PropertyValueSpecification","valueRequired":true,"valueName":"search_term_string"}}],"inLanguage":"pt-PT"},{"@type":"Person","@id":"https:\/\/portaltela.pt\/#\/schema\/person\/c4278d4a6028830caff9ee44b42d32ed","name":"Telinha","image":{"@type":"ImageObject","inLanguage":"pt-PT","@id":"https:\/\/portaltela.pt\/s.01k8rhncp4jt1\/2025\/11\/talking-bot-125x125.png","url":"https:\/\/portaltela.pt\/s.01k8rhncp4jt1\/2025\/11\/talking-bot-125x125.png","contentUrl":"https:\/\/portaltela.pt\/s.01k8rhncp4jt1\/2025\/11\/talking-bot-125x125.png","caption":"Telinha"},"sameAs":["https:\/\/portaltela.pt\/"],"url":"https:\/\/portaltela.pt\/por\/367410592786\/"}]}},"_links":{"self":[{"href":"https:\/\/portaltela.pt\/api\/wp\/v2\/posts\/197165","targetHints":{"allow":["GET"]}}],"collection":[{"href":"https:\/\/portaltela.pt\/api\/wp\/v2\/posts"}],"about":[{"href":"https:\/\/portaltela.pt\/api\/wp\/v2\/types\/post"}],"author":[{"embeddable":true,"href":"https:\/\/portaltela.pt\/api\/wp\/v2\/users\/2"}],"replies":[{"embeddable":true,"href":"https:\/\/portaltela.pt\/api\/wp\/v2\/comments?post=197165"}],"version-history":[{"count":0,"href":"https:\/\/portaltela.pt\/api\/wp\/v2\/posts\/197165\/revisions"}],"wp:featuredmedia":[{"embeddable":true,"href":"https:\/\/portaltela.pt\/api\/wp\/v2\/media\/197173"}],"wp:attachment":[{"href":"https:\/\/portaltela.pt\/api\/wp\/v2\/media?parent=197165"}],"wp:term":[{"taxonomy":"category","embeddable":true,"href":"https:\/\/portaltela.pt\/api\/wp\/v2\/categories?post=197165"},{"taxonomy":"post_tag","embeddable":true,"href":"https:\/\/portaltela.pt\/api\/wp\/v2\/tags?post=197165"}],"curies":[{"name":"wp","href":"https:\/\/api.w.org\/{rel}","templated":true}]}}