{"id":197153,"date":"2026-02-04T12:56:00","date_gmt":"2026-02-04T15:56:00","guid":{"rendered":"https:\/\/portaltela.pt\/noticias\/2026\/02\/04\/cantor-leandro-denuncia-burla-afirma-ter-sido-ignorado-e-humilhado\/"},"modified":"2026-02-04T12:56:00","modified_gmt":"2026-02-04T15:56:00","slug":"cantor-leandro-denuncia-burla-afirma-ter-sido-ignorado-e-humilhado","status":"publish","type":"post","link":"https:\/\/portaltela.pt\/noticias\/2026\/02\/04\/cantor-leandro-denuncia-burla-afirma-ter-sido-ignorado-e-humilhado\/","title":{"rendered":"Cantor Leandro denuncia burla, afirma ter sido ignorado e humilhado"},"content":{"rendered":"<p>Leandro recorreu \u00e0s redes sociais para denunciar o que diz ser uma burla por parte de um stand autom\u00f3vel. O cantor partilhou um v\u00eddeo com um texto longo, relatando um lit\u00edgio envolvendo a venda de uma viatura de luxo com graves problemas mec\u00e2nicos.<\/p>\n<p>Segundo o artista, a compra do Range Rover ocorreu por necessidade de um ve\u00edculo maior para as desloca\u00e7\u00f5es profissionais entre o Norte e o Sul do pa\u00eds. O problema agravou-se rapidamente, com o motor a partir cerca de um m\u00eas e meio ap\u00f3s a aquisi\u00e7\u00e3o, apesar de existir garantia total de motor e caixa.<\/p>\n<p>A repara\u00e7\u00e3o prolongou-se por cerca de tr\u00eas meses, per\u00edodo em que Leandro afirma ter sido desatendido pelo stand. O ve\u00edculo de substitui\u00e7\u00e3o oferecido pela empresa n\u00e3o reunia condi\u00e7\u00f5es, levando-o a alugar carros para cumprir compromissos profissionais.<\/p>\n<h3>Desfecho e a\u00e7\u00e3o judicial<\/h3>\n<p>No regresso do carro, o problema reapareceu apenas um m\u00eas depois, quando o motor voltou a partir numa desloca\u00e7\u00e3o para o Porto, para um compromisso profissional. O artista confirmou ter avan\u00e7ado com uma a\u00e7\u00e3o judicial contra o stand, tornando o caso p\u00fablico para alertar outros consumidores.<\/p>\n<p>Al\u00e9m da den\u00fancia p\u00fablica, Leandro aponta que o stand tenta fugir \u00e0s responsabilidades e sugere que a empresa vende sonhos, mas n\u00e3o oferece solu\u00e7\u00f5es adequadas quando surgem falhas. O cantor afirma ter tentado resolver a situa\u00e7\u00e3o de forma discreta, incluindo a sugest\u00e3o de troca por outro ve\u00edculo da mesma gama.<\/p>\n","protected":false},"excerpt":{"rendered":"<ul>\n<li>O cantor Leandro denunciou nas redes sociais um lit\u00edgio com um stand autom\u00f3vel, acusando a empresa de fugir \u00e0s responsabilidades ap\u00f3s vender um Range Rover com graves problemas mec\u00e2nicos.<\/li>\n<li>Segundo o artista, o motor do ve\u00edculo partiu ao fim de um m\u00eas e meio de uso, apesar da garantia total de motor e caixa.<\/li>\n<li>A repara\u00e7\u00e3o durou cerca de tr\u00eas meses, per\u00edodo em que o stand n\u00e3o disponibilizou um carro de substitui\u00e7\u00e3o adequado, obrigando-o a alugar viaturas para cumprir compromissos profissionais.<\/li>\n<li>Um m\u00eas depois de ficar com o carro de novo, o motor voltou a avariar numa viagem para o Porto, em 21 de janeiro.<\/li>\n<li>Leandro j\u00e1 avan\u00e7ou com uma a\u00e7\u00e3o judicial contra o stand e tornou o caso p\u00fablico para alertar outros consumidores, afirmando que o estabelecimento \u201cvende sonhos\u201d e evita responsabilidades.<\/li>\n<\/ul>\n","protected":false},"author":2,"featured_media":197161,"comment_status":"closed","ping_status":"closed","sticky":false,"template":"","format":"standard","meta":{"footnotes":""},"categories":[1],"tags":[2371,4991,2861,215,582,3667],"class_list":["post-197153","post","type-post","status-publish","format-standard","has-post-thumbnail","hentry","category-noticias","tag-automoveis","tag-consumo","tag-denuncia-crime","tag-investigacao","tag-livro-de-reclamacoes","tag-processos"],"yoast_head":"<!-- This site is optimized with the Yoast SEO plugin v27.2 - https:\/\/yoast.com\/product\/yoast-seo-wordpress\/ -->\n<title>Cantor Leandro denuncia burla, afirma ter sido ignorado e humilhado - Portal Tela Portugal<\/title>\n<meta name=\"robots\" content=\"index, follow, max-snippet:-1, max-image-preview:large, max-video-preview:-1\" \/>\n<meta property=\"og:locale\" content=\"pt_PT\" \/>\n<meta property=\"og:type\" content=\"article\" \/>\n<meta property=\"og:title\" content=\"Cantor Leandro denuncia burla, afirma ter sido ignorado e humilhado - Portal Tela Portugal\" \/>\n<meta property=\"og:description\" content=\"O cantor Leandro denunciou nas redes sociais um lit\u00edgio com um stand autom\u00f3vel, acusando a empresa de fugir \u00e0s responsabilidades ap\u00f3s vender um Range Rover com graves problemas mec\u00e2nicos. Segundo o artista, o motor do ve\u00edculo partiu ao fim de um m\u00eas e meio de uso, apesar da garantia total de motor e caixa. A repara\u00e7\u00e3o durou cerca de tr\u00eas meses, per\u00edodo em que o stand n\u00e3o disponibilizou um carro de substitui\u00e7\u00e3o adequado, obrigando-o a alugar viaturas para cumprir compromissos profissionais. Um m\u00eas depois de ficar com o carro de novo, o motor voltou a avariar numa viagem para o Porto, em 21 de janeiro. Leandro j\u00e1 avan\u00e7ou com uma a\u00e7\u00e3o judicial contra o stand e tornou o caso p\u00fablico para alertar outros consumidores, afirmando que o estabelecimento \u201cvende sonhos\u201d e evita responsabilidades.\" \/>\n<meta property=\"og:url\" content=\"https:\/\/portaltela.pt\/noticias\/2026\/02\/04\/cantor-leandro-denuncia-burla-afirma-ter-sido-ignorado-e-humilhado\/\" \/>\n<meta property=\"og:site_name\" content=\"Portal Tela Portugal\" \/>\n<meta property=\"article:published_time\" content=\"2026-02-04T15:56:00+00:00\" \/>\n<meta name=\"author\" content=\"Telinha\" \/>\n<meta name=\"twitter:card\" content=\"summary_large_image\" \/>\n<meta name=\"twitter:label1\" content=\"Escrito por\" \/>\n\t<meta name=\"twitter:data1\" content=\"Telinha\" \/>\n\t<meta name=\"twitter:label2\" content=\"Tempo estimado de leitura\" \/>\n\t<meta name=\"twitter:data2\" content=\"1 minuto\" \/>\n<script type=\"application\/ld+json\" class=\"yoast-schema-graph\">{\"@context\":\"https:\/\/schema.org\",\"@graph\":[{\"@type\":\"Article\",\"@id\":\"https:\/\/portaltela.pt\/noticias\/2026\/02\/04\/cantor-leandro-denuncia-burla-afirma-ter-sido-ignorado-e-humilhado\/#article\",\"isPartOf\":{\"@id\":\"https:\/\/portaltela.pt\/noticias\/2026\/02\/04\/cantor-leandro-denuncia-burla-afirma-ter-sido-ignorado-e-humilhado\/\"},\"author\":{\"name\":\"Telinha\",\"@id\":\"https:\/\/portaltela.pt\/#\/schema\/person\/c4278d4a6028830caff9ee44b42d32ed\"},\"headline\":\"Cantor Leandro denuncia burla, afirma ter sido ignorado e humilhado\",\"datePublished\":\"2026-02-04T15:56:00+00:00\",\"mainEntityOfPage\":{\"@id\":\"https:\/\/portaltela.pt\/noticias\/2026\/02\/04\/cantor-leandro-denuncia-burla-afirma-ter-sido-ignorado-e-humilhado\/\"},\"wordCount\":274,\"image\":{\"@id\":\"https:\/\/portaltela.pt\/noticias\/2026\/02\/04\/cantor-leandro-denuncia-burla-afirma-ter-sido-ignorado-e-humilhado\/#primaryimage\"},\"thumbnailUrl\":\"https:\/\/portaltela.pt\/s.01k8rhncp4jt1\/2026\/02\/img_1500x1000uu2024-07-23-21-54-57-1709672-im-638777473632478266.jpg\",\"keywords\":[\"Autom\u00f3veis\",\"consumo\",\"den\u00fancia-crime\",\"investiga\u00e7\u00e3o\",\"Livro de Reclama\u00e7\u00f5es\",\"processos\"],\"articleSection\":[\"Not\u00edcias\"],\"inLanguage\":\"pt-PT\"},{\"@type\":\"WebPage\",\"@id\":\"https:\/\/portaltela.pt\/noticias\/2026\/02\/04\/cantor-leandro-denuncia-burla-afirma-ter-sido-ignorado-e-humilhado\/\",\"url\":\"https:\/\/portaltela.pt\/noticias\/2026\/02\/04\/cantor-leandro-denuncia-burla-afirma-ter-sido-ignorado-e-humilhado\/\",\"name\":\"Cantor Leandro denuncia burla, afirma ter sido ignorado e humilhado - Portal Tela Portugal\",\"isPartOf\":{\"@id\":\"https:\/\/portaltela.pt\/#website\"},\"primaryImageOfPage\":{\"@id\":\"https:\/\/portaltela.pt\/noticias\/2026\/02\/04\/cantor-leandro-denuncia-burla-afirma-ter-sido-ignorado-e-humilhado\/#primaryimage\"},\"image\":{\"@id\":\"https:\/\/portaltela.pt\/noticias\/2026\/02\/04\/cantor-leandro-denuncia-burla-afirma-ter-sido-ignorado-e-humilhado\/#primaryimage\"},\"thumbnailUrl\":\"https:\/\/portaltela.pt\/s.01k8rhncp4jt1\/2026\/02\/img_1500x1000uu2024-07-23-21-54-57-1709672-im-638777473632478266.jpg\",\"datePublished\":\"2026-02-04T15:56:00+00:00\",\"author\":{\"@id\":\"https:\/\/portaltela.pt\/#\/schema\/person\/c4278d4a6028830caff9ee44b42d32ed\"},\"breadcrumb\":{\"@id\":\"https:\/\/portaltela.pt\/noticias\/2026\/02\/04\/cantor-leandro-denuncia-burla-afirma-ter-sido-ignorado-e-humilhado\/#breadcrumb\"},\"inLanguage\":\"pt-PT\",\"potentialAction\":[{\"@type\":\"ReadAction\",\"target\":[\"https:\/\/portaltela.pt\/noticias\/2026\/02\/04\/cantor-leandro-denuncia-burla-afirma-ter-sido-ignorado-e-humilhado\/\"]}]},{\"@type\":\"ImageObject\",\"inLanguage\":\"pt-PT\",\"@id\":\"https:\/\/portaltela.pt\/noticias\/2026\/02\/04\/cantor-leandro-denuncia-burla-afirma-ter-sido-ignorado-e-humilhado\/#primaryimage\",\"url\":\"https:\/\/portaltela.pt\/s.01k8rhncp4jt1\/2026\/02\/img_1500x1000uu2024-07-23-21-54-57-1709672-im-638777473632478266.jpg\",\"contentUrl\":\"https:\/\/portaltela.pt\/s.01k8rhncp4jt1\/2026\/02\/img_1500x1000uu2024-07-23-21-54-57-1709672-im-638777473632478266.jpg\",\"width\":796,\"height\":448,\"caption\":\"Leandro\"},{\"@type\":\"BreadcrumbList\",\"@id\":\"https:\/\/portaltela.pt\/noticias\/2026\/02\/04\/cantor-leandro-denuncia-burla-afirma-ter-sido-ignorado-e-humilhado\/#breadcrumb\",\"itemListElement\":[{\"@type\":\"ListItem\",\"position\":1,\"name\":\"In\u00edcio\",\"item\":\"https:\/\/portaltela.pt\/\"},{\"@type\":\"ListItem\",\"position\":2,\"name\":\"Cantor Leandro denuncia burla, afirma ter sido ignorado e humilhado\"}]},{\"@type\":\"WebSite\",\"@id\":\"https:\/\/portaltela.pt\/#website\",\"url\":\"https:\/\/portaltela.pt\/\",\"name\":\"Portal Tela Portugal\",\"description\":\"\",\"potentialAction\":[{\"@type\":\"SearchAction\",\"target\":{\"@type\":\"EntryPoint\",\"urlTemplate\":\"https:\/\/portaltela.pt\/?s={search_term_string}\"},\"query-input\":{\"@type\":\"PropertyValueSpecification\",\"valueRequired\":true,\"valueName\":\"search_term_string\"}}],\"inLanguage\":\"pt-PT\"},{\"@type\":\"Person\",\"@id\":\"https:\/\/portaltela.pt\/#\/schema\/person\/c4278d4a6028830caff9ee44b42d32ed\",\"name\":\"Telinha\",\"image\":{\"@type\":\"ImageObject\",\"inLanguage\":\"pt-PT\",\"@id\":\"https:\/\/portaltela.pt\/s.01k8rhncp4jt1\/2025\/11\/talking-bot-125x125.png\",\"url\":\"https:\/\/portaltela.pt\/s.01k8rhncp4jt1\/2025\/11\/talking-bot-125x125.png\",\"contentUrl\":\"https:\/\/portaltela.pt\/s.01k8rhncp4jt1\/2025\/11\/talking-bot-125x125.png\",\"caption\":\"Telinha\"},\"sameAs\":[\"https:\/\/portaltela.pt\/\"],\"url\":\"https:\/\/portaltela.pt\/por\/367410592786\/\"}]}<\/script>\n<!-- \/ Yoast SEO plugin. -->","yoast_head_json":{"title":"Cantor Leandro denuncia burla, afirma ter sido ignorado e humilhado - Portal Tela Portugal","robots":{"index":"index","follow":"follow","max-snippet":"max-snippet:-1","max-image-preview":"max-image-preview:large","max-video-preview":"max-video-preview:-1"},"og_locale":"pt_PT","og_type":"article","og_title":"Cantor Leandro denuncia burla, afirma ter sido ignorado e humilhado - Portal Tela Portugal","og_description":"O cantor Leandro denunciou nas redes sociais um lit\u00edgio com um stand autom\u00f3vel, acusando a empresa de fugir \u00e0s responsabilidades ap\u00f3s vender um Range Rover com graves problemas mec\u00e2nicos. Segundo o artista, o motor do ve\u00edculo partiu ao fim de um m\u00eas e meio de uso, apesar da garantia total de motor e caixa. A repara\u00e7\u00e3o durou cerca de tr\u00eas meses, per\u00edodo em que o stand n\u00e3o disponibilizou um carro de substitui\u00e7\u00e3o adequado, obrigando-o a alugar viaturas para cumprir compromissos profissionais. Um m\u00eas depois de ficar com o carro de novo, o motor voltou a avariar numa viagem para o Porto, em 21 de janeiro. Leandro j\u00e1 avan\u00e7ou com uma a\u00e7\u00e3o judicial contra o stand e tornou o caso p\u00fablico para alertar outros consumidores, afirmando que o estabelecimento \u201cvende sonhos\u201d e evita responsabilidades.","og_url":"https:\/\/portaltela.pt\/noticias\/2026\/02\/04\/cantor-leandro-denuncia-burla-afirma-ter-sido-ignorado-e-humilhado\/","og_site_name":"Portal Tela Portugal","article_published_time":"2026-02-04T15:56:00+00:00","author":"Telinha","twitter_card":"summary_large_image","twitter_misc":{"Escrito por":"Telinha","Tempo estimado de leitura":"1 minuto"},"schema":{"@context":"https:\/\/schema.org","@graph":[{"@type":"Article","@id":"https:\/\/portaltela.pt\/noticias\/2026\/02\/04\/cantor-leandro-denuncia-burla-afirma-ter-sido-ignorado-e-humilhado\/#article","isPartOf":{"@id":"https:\/\/portaltela.pt\/noticias\/2026\/02\/04\/cantor-leandro-denuncia-burla-afirma-ter-sido-ignorado-e-humilhado\/"},"author":{"name":"Telinha","@id":"https:\/\/portaltela.pt\/#\/schema\/person\/c4278d4a6028830caff9ee44b42d32ed"},"headline":"Cantor Leandro denuncia burla, afirma ter sido ignorado e humilhado","datePublished":"2026-02-04T15:56:00+00:00","mainEntityOfPage":{"@id":"https:\/\/portaltela.pt\/noticias\/2026\/02\/04\/cantor-leandro-denuncia-burla-afirma-ter-sido-ignorado-e-humilhado\/"},"wordCount":274,"image":{"@id":"https:\/\/portaltela.pt\/noticias\/2026\/02\/04\/cantor-leandro-denuncia-burla-afirma-ter-sido-ignorado-e-humilhado\/#primaryimage"},"thumbnailUrl":"https:\/\/portaltela.pt\/s.01k8rhncp4jt1\/2026\/02\/img_1500x1000uu2024-07-23-21-54-57-1709672-im-638777473632478266.jpg","keywords":["Autom\u00f3veis","consumo","den\u00fancia-crime","investiga\u00e7\u00e3o","Livro de Reclama\u00e7\u00f5es","processos"],"articleSection":["Not\u00edcias"],"inLanguage":"pt-PT"},{"@type":"WebPage","@id":"https:\/\/portaltela.pt\/noticias\/2026\/02\/04\/cantor-leandro-denuncia-burla-afirma-ter-sido-ignorado-e-humilhado\/","url":"https:\/\/portaltela.pt\/noticias\/2026\/02\/04\/cantor-leandro-denuncia-burla-afirma-ter-sido-ignorado-e-humilhado\/","name":"Cantor Leandro denuncia burla, afirma ter sido ignorado e humilhado - Portal Tela Portugal","isPartOf":{"@id":"https:\/\/portaltela.pt\/#website"},"primaryImageOfPage":{"@id":"https:\/\/portaltela.pt\/noticias\/2026\/02\/04\/cantor-leandro-denuncia-burla-afirma-ter-sido-ignorado-e-humilhado\/#primaryimage"},"image":{"@id":"https:\/\/portaltela.pt\/noticias\/2026\/02\/04\/cantor-leandro-denuncia-burla-afirma-ter-sido-ignorado-e-humilhado\/#primaryimage"},"thumbnailUrl":"https:\/\/portaltela.pt\/s.01k8rhncp4jt1\/2026\/02\/img_1500x1000uu2024-07-23-21-54-57-1709672-im-638777473632478266.jpg","datePublished":"2026-02-04T15:56:00+00:00","author":{"@id":"https:\/\/portaltela.pt\/#\/schema\/person\/c4278d4a6028830caff9ee44b42d32ed"},"breadcrumb":{"@id":"https:\/\/portaltela.pt\/noticias\/2026\/02\/04\/cantor-leandro-denuncia-burla-afirma-ter-sido-ignorado-e-humilhado\/#breadcrumb"},"inLanguage":"pt-PT","potentialAction":[{"@type":"ReadAction","target":["https:\/\/portaltela.pt\/noticias\/2026\/02\/04\/cantor-leandro-denuncia-burla-afirma-ter-sido-ignorado-e-humilhado\/"]}]},{"@type":"ImageObject","inLanguage":"pt-PT","@id":"https:\/\/portaltela.pt\/noticias\/2026\/02\/04\/cantor-leandro-denuncia-burla-afirma-ter-sido-ignorado-e-humilhado\/#primaryimage","url":"https:\/\/portaltela.pt\/s.01k8rhncp4jt1\/2026\/02\/img_1500x1000uu2024-07-23-21-54-57-1709672-im-638777473632478266.jpg","contentUrl":"https:\/\/portaltela.pt\/s.01k8rhncp4jt1\/2026\/02\/img_1500x1000uu2024-07-23-21-54-57-1709672-im-638777473632478266.jpg","width":796,"height":448,"caption":"Leandro"},{"@type":"BreadcrumbList","@id":"https:\/\/portaltela.pt\/noticias\/2026\/02\/04\/cantor-leandro-denuncia-burla-afirma-ter-sido-ignorado-e-humilhado\/#breadcrumb","itemListElement":[{"@type":"ListItem","position":1,"name":"In\u00edcio","item":"https:\/\/portaltela.pt\/"},{"@type":"ListItem","position":2,"name":"Cantor Leandro denuncia burla, afirma ter sido ignorado e humilhado"}]},{"@type":"WebSite","@id":"https:\/\/portaltela.pt\/#website","url":"https:\/\/portaltela.pt\/","name":"Portal Tela Portugal","description":"","potentialAction":[{"@type":"SearchAction","target":{"@type":"EntryPoint","urlTemplate":"https:\/\/portaltela.pt\/?s={search_term_string}"},"query-input":{"@type":"PropertyValueSpecification","valueRequired":true,"valueName":"search_term_string"}}],"inLanguage":"pt-PT"},{"@type":"Person","@id":"https:\/\/portaltela.pt\/#\/schema\/person\/c4278d4a6028830caff9ee44b42d32ed","name":"Telinha","image":{"@type":"ImageObject","inLanguage":"pt-PT","@id":"https:\/\/portaltela.pt\/s.01k8rhncp4jt1\/2025\/11\/talking-bot-125x125.png","url":"https:\/\/portaltela.pt\/s.01k8rhncp4jt1\/2025\/11\/talking-bot-125x125.png","contentUrl":"https:\/\/portaltela.pt\/s.01k8rhncp4jt1\/2025\/11\/talking-bot-125x125.png","caption":"Telinha"},"sameAs":["https:\/\/portaltela.pt\/"],"url":"https:\/\/portaltela.pt\/por\/367410592786\/"}]}},"_links":{"self":[{"href":"https:\/\/portaltela.pt\/api\/wp\/v2\/posts\/197153","targetHints":{"allow":["GET"]}}],"collection":[{"href":"https:\/\/portaltela.pt\/api\/wp\/v2\/posts"}],"about":[{"href":"https:\/\/portaltela.pt\/api\/wp\/v2\/types\/post"}],"author":[{"embeddable":true,"href":"https:\/\/portaltela.pt\/api\/wp\/v2\/users\/2"}],"replies":[{"embeddable":true,"href":"https:\/\/portaltela.pt\/api\/wp\/v2\/comments?post=197153"}],"version-history":[{"count":0,"href":"https:\/\/portaltela.pt\/api\/wp\/v2\/posts\/197153\/revisions"}],"wp:featuredmedia":[{"embeddable":true,"href":"https:\/\/portaltela.pt\/api\/wp\/v2\/media\/197161"}],"wp:attachment":[{"href":"https:\/\/portaltela.pt\/api\/wp\/v2\/media?parent=197153"}],"wp:term":[{"taxonomy":"category","embeddable":true,"href":"https:\/\/portaltela.pt\/api\/wp\/v2\/categories?post=197153"},{"taxonomy":"post_tag","embeddable":true,"href":"https:\/\/portaltela.pt\/api\/wp\/v2\/tags?post=197153"}],"curies":[{"name":"wp","href":"https:\/\/api.w.org\/{rel}","templated":true}]}}