{"id":197140,"date":"2026-02-04T12:36:07","date_gmt":"2026-02-04T15:36:07","guid":{"rendered":"https:\/\/portaltela.pt\/noticias\/2026\/02\/04\/filho-do-ex-ditador-libio-muammar-kadhafi-morto-a-tiro-em-casa\/"},"modified":"2026-02-04T12:36:07","modified_gmt":"2026-02-04T15:36:07","slug":"filho-do-ex-ditador-libio-muammar-kadhafi-morto-a-tiro-em-casa","status":"publish","type":"post","link":"https:\/\/portaltela.pt\/noticias\/internacional\/2026\/02\/04\/filho-do-ex-ditador-libio-muammar-kadhafi-morto-a-tiro-em-casa\/","title":{"rendered":"Filho do ex-ditador l\u00edbio Muammar Kadhafi morto a tiro em casa"},"content":{"rendered":"<p>Saif al-Islam Kadhafi, de 53 anos, filho do ex-ditador Muammar Kadhafi, foi morto a tiro por um grupo de quatro homens armados que invadiu a sua casa na cidade de Zintan, a sudoeste de Tr\u00edpoli. A informa\u00e7\u00e3o foi avan\u00e7ada pela Sky News, com detalhes ainda n\u00e3o totalmente confirmados pelas autoridades locais.<\/p>\n<p>Apesar de n\u00e3o ocupar cargo oficial, Saif al-Islam foi considerado uma das figuras mais influentes do regime de Kadhafi, com peso pol\u00edtico em diplomacia de alto n\u00edvel e em negocia\u00e7\u00f5es estrat\u00e9gicas, incluindo controv\u00e9rsias relacionadas com armas de destrui\u00e7\u00e3o em massa.<\/p>\n<p>Ap\u00f3s a queda do regime em 2011, tornou-se uma das principais faces da repress\u00e3o contra os rebeldes. Em 2015 foi condenado \u00e0 morte por crimes de guerra por um tribunal l\u00edbio, mas foi libertado em 2017. Em 2021 tentou candidatar-se \u00e0 presid\u00eancia da L\u00edbia, mas foi impedido.<\/p>\n<h3>Contexto pol\u00edtico<\/h3>\n<p>Muammar Kadhafi foi morto em outubro de 2011, encerrando quatro d\u00e9cadas de Governo. O per\u00edodo seguinte tem sido marcado por rivalidades entre fac\u00e7\u00f5es, instabilidade e in\u00fameras tentativas de reconstru\u00e7\u00e3o institucional. Saif al-Islam manteve, ao longo dos anos, uma posi\u00e7\u00e3o amb\u00edgua entre o legado do pai e as diferentes for\u00e7as pol\u00edticas do pa\u00eds, o que explicou as v\u00e1rias frentes que enfrentou.<\/p>\n","protected":false},"excerpt":{"rendered":"<ul>\n<li>Saif al-Islam Kadhafi, de 53 anos e filho do ex-ditador Muammar Kadhafi, foi morto a tiro.<\/li>\n<li>O ataque ocorreu na sua casa na cidade de Zintan, no sudoeste de Tr\u00edpoli, segundo a Sky News.<\/li>\n<li>Apesar de n\u00e3o ocupar cargo oficial, foi considerado uma das figuras mais influentes do regime, com papel diplom\u00e1tico e em negocia\u00e7\u00f5es estrat\u00e9gicas.<\/li>\n<li>Condenado \u00e0 morte por crimes de guerra em dois mil e quinze, foi libertado em dois mil e dezassete.<\/li>\n<li>Em dois mil e vinte e um, tentou concorrer \u00e0 presid\u00eancia da L\u00edbia, mas foi impedido.<\/li>\n<\/ul>\n","protected":false},"author":2,"featured_media":197141,"comment_status":"closed","ping_status":"closed","sticky":false,"template":"","format":"standard","meta":{"footnotes":""},"categories":[4,1],"tags":[2198,2819,215,3768,2832,939],"class_list":["post-197140","post","type-post","status-publish","format-standard","has-post-thumbnail","hentry","category-internacional","category-noticias","tag-conflitos-internacionais","tag-crimes-de-guerra","tag-investigacao","tag-libia","tag-politica","tag-violencia"],"yoast_head":"<!-- This site is optimized with the Yoast SEO plugin v27.2 - https:\/\/yoast.com\/product\/yoast-seo-wordpress\/ -->\n<title>Filho do ex-ditador l\u00edbio Muammar Kadhafi morto a tiro em casa - Portal Tela Portugal<\/title>\n<meta name=\"robots\" content=\"index, follow, max-snippet:-1, max-image-preview:large, max-video-preview:-1\" \/>\n<meta property=\"og:locale\" content=\"pt_PT\" \/>\n<meta property=\"og:type\" content=\"article\" \/>\n<meta property=\"og:title\" content=\"Filho do ex-ditador l\u00edbio Muammar Kadhafi morto a tiro em casa - Portal Tela Portugal\" \/>\n<meta property=\"og:description\" content=\"Saif al-Islam Kadhafi, de 53 anos e filho do ex-ditador Muammar Kadhafi, foi morto a tiro. O ataque ocorreu na sua casa na cidade de Zintan, no sudoeste de Tr\u00edpoli, segundo a Sky News. Apesar de n\u00e3o ocupar cargo oficial, foi considerado uma das figuras mais influentes do regime, com papel diplom\u00e1tico e em negocia\u00e7\u00f5es estrat\u00e9gicas. Condenado \u00e0 morte por crimes de guerra em dois mil e quinze, foi libertado em dois mil e dezassete. Em dois mil e vinte e um, tentou concorrer \u00e0 presid\u00eancia da L\u00edbia, mas foi impedido.\" \/>\n<meta property=\"og:url\" content=\"https:\/\/portaltela.pt\/noticias\/2026\/02\/04\/filho-do-ex-ditador-libio-muammar-kadhafi-morto-a-tiro-em-casa\/\" \/>\n<meta property=\"og:site_name\" content=\"Portal Tela Portugal\" \/>\n<meta property=\"article:published_time\" content=\"2026-02-04T15:36:07+00:00\" \/>\n<meta name=\"author\" content=\"Telinha\" \/>\n<meta name=\"twitter:card\" content=\"summary_large_image\" \/>\n<meta name=\"twitter:label1\" content=\"Escrito por\" \/>\n\t<meta name=\"twitter:data1\" content=\"Telinha\" \/>\n\t<meta name=\"twitter:label2\" content=\"Tempo estimado de leitura\" \/>\n\t<meta name=\"twitter:data2\" content=\"1 minuto\" \/>\n<script type=\"application\/ld+json\" class=\"yoast-schema-graph\">{\"@context\":\"https:\/\/schema.org\",\"@graph\":[{\"@type\":\"Article\",\"@id\":\"https:\/\/portaltela.pt\/noticias\/2026\/02\/04\/filho-do-ex-ditador-libio-muammar-kadhafi-morto-a-tiro-em-casa\/#article\",\"isPartOf\":{\"@id\":\"https:\/\/portaltela.pt\/noticias\/2026\/02\/04\/filho-do-ex-ditador-libio-muammar-kadhafi-morto-a-tiro-em-casa\/\"},\"author\":{\"name\":\"Telinha\",\"@id\":\"https:\/\/portaltela.pt\/#\/schema\/person\/c4278d4a6028830caff9ee44b42d32ed\"},\"headline\":\"Filho do ex-ditador l\u00edbio Muammar Kadhafi morto a tiro em casa\",\"datePublished\":\"2026-02-04T15:36:07+00:00\",\"mainEntityOfPage\":{\"@id\":\"https:\/\/portaltela.pt\/noticias\/2026\/02\/04\/filho-do-ex-ditador-libio-muammar-kadhafi-morto-a-tiro-em-casa\/\"},\"wordCount\":232,\"image\":{\"@id\":\"https:\/\/portaltela.pt\/noticias\/2026\/02\/04\/filho-do-ex-ditador-libio-muammar-kadhafi-morto-a-tiro-em-casa\/#primaryimage\"},\"thumbnailUrl\":\"https:\/\/portaltela.pt\/s.01k8rhncp4jt1\/2026\/02\/img_1500x1000uu2011-06-16-11-47-00-189089.jpg\",\"keywords\":[\"conflitos internacionais\",\"crimes de guerra\",\"investiga\u00e7\u00e3o\",\"L\u00edbia\",\"pol\u00edtica\",\"viol\u00eancia\"],\"articleSection\":[\"Internacional\",\"Not\u00edcias\"],\"inLanguage\":\"pt-PT\"},{\"@type\":\"WebPage\",\"@id\":\"https:\/\/portaltela.pt\/noticias\/2026\/02\/04\/filho-do-ex-ditador-libio-muammar-kadhafi-morto-a-tiro-em-casa\/\",\"url\":\"https:\/\/portaltela.pt\/noticias\/2026\/02\/04\/filho-do-ex-ditador-libio-muammar-kadhafi-morto-a-tiro-em-casa\/\",\"name\":\"Filho do ex-ditador l\u00edbio Muammar Kadhafi morto a tiro em casa - Portal Tela Portugal\",\"isPartOf\":{\"@id\":\"https:\/\/portaltela.pt\/#website\"},\"primaryImageOfPage\":{\"@id\":\"https:\/\/portaltela.pt\/noticias\/2026\/02\/04\/filho-do-ex-ditador-libio-muammar-kadhafi-morto-a-tiro-em-casa\/#primaryimage\"},\"image\":{\"@id\":\"https:\/\/portaltela.pt\/noticias\/2026\/02\/04\/filho-do-ex-ditador-libio-muammar-kadhafi-morto-a-tiro-em-casa\/#primaryimage\"},\"thumbnailUrl\":\"https:\/\/portaltela.pt\/s.01k8rhncp4jt1\/2026\/02\/img_1500x1000uu2011-06-16-11-47-00-189089.jpg\",\"datePublished\":\"2026-02-04T15:36:07+00:00\",\"author\":{\"@id\":\"https:\/\/portaltela.pt\/#\/schema\/person\/c4278d4a6028830caff9ee44b42d32ed\"},\"breadcrumb\":{\"@id\":\"https:\/\/portaltela.pt\/noticias\/2026\/02\/04\/filho-do-ex-ditador-libio-muammar-kadhafi-morto-a-tiro-em-casa\/#breadcrumb\"},\"inLanguage\":\"pt-PT\",\"potentialAction\":[{\"@type\":\"ReadAction\",\"target\":[\"https:\/\/portaltela.pt\/noticias\/2026\/02\/04\/filho-do-ex-ditador-libio-muammar-kadhafi-morto-a-tiro-em-casa\/\"]}]},{\"@type\":\"ImageObject\",\"inLanguage\":\"pt-PT\",\"@id\":\"https:\/\/portaltela.pt\/noticias\/2026\/02\/04\/filho-do-ex-ditador-libio-muammar-kadhafi-morto-a-tiro-em-casa\/#primaryimage\",\"url\":\"https:\/\/portaltela.pt\/s.01k8rhncp4jt1\/2026\/02\/img_1500x1000uu2011-06-16-11-47-00-189089.jpg\",\"contentUrl\":\"https:\/\/portaltela.pt\/s.01k8rhncp4jt1\/2026\/02\/img_1500x1000uu2011-06-16-11-47-00-189089.jpg\",\"width\":796,\"height\":448,\"caption\":\"Saif al Islam Kadhafi\"},{\"@type\":\"BreadcrumbList\",\"@id\":\"https:\/\/portaltela.pt\/noticias\/2026\/02\/04\/filho-do-ex-ditador-libio-muammar-kadhafi-morto-a-tiro-em-casa\/#breadcrumb\",\"itemListElement\":[{\"@type\":\"ListItem\",\"position\":1,\"name\":\"In\u00edcio\",\"item\":\"https:\/\/portaltela.pt\/\"},{\"@type\":\"ListItem\",\"position\":2,\"name\":\"Filho do ex-ditador l\u00edbio Muammar Kadhafi morto a tiro em casa\"}]},{\"@type\":\"WebSite\",\"@id\":\"https:\/\/portaltela.pt\/#website\",\"url\":\"https:\/\/portaltela.pt\/\",\"name\":\"Portal Tela Portugal\",\"description\":\"\",\"potentialAction\":[{\"@type\":\"SearchAction\",\"target\":{\"@type\":\"EntryPoint\",\"urlTemplate\":\"https:\/\/portaltela.pt\/?s={search_term_string}\"},\"query-input\":{\"@type\":\"PropertyValueSpecification\",\"valueRequired\":true,\"valueName\":\"search_term_string\"}}],\"inLanguage\":\"pt-PT\"},{\"@type\":\"Person\",\"@id\":\"https:\/\/portaltela.pt\/#\/schema\/person\/c4278d4a6028830caff9ee44b42d32ed\",\"name\":\"Telinha\",\"image\":{\"@type\":\"ImageObject\",\"inLanguage\":\"pt-PT\",\"@id\":\"https:\/\/portaltela.pt\/s.01k8rhncp4jt1\/2025\/11\/talking-bot-125x125.png\",\"url\":\"https:\/\/portaltela.pt\/s.01k8rhncp4jt1\/2025\/11\/talking-bot-125x125.png\",\"contentUrl\":\"https:\/\/portaltela.pt\/s.01k8rhncp4jt1\/2025\/11\/talking-bot-125x125.png\",\"caption\":\"Telinha\"},\"sameAs\":[\"https:\/\/portaltela.pt\/\"],\"url\":\"https:\/\/portaltela.pt\/por\/367410592786\/\"}]}<\/script>\n<!-- \/ Yoast SEO plugin. -->","yoast_head_json":{"title":"Filho do ex-ditador l\u00edbio Muammar Kadhafi morto a tiro em casa - Portal Tela Portugal","robots":{"index":"index","follow":"follow","max-snippet":"max-snippet:-1","max-image-preview":"max-image-preview:large","max-video-preview":"max-video-preview:-1"},"og_locale":"pt_PT","og_type":"article","og_title":"Filho do ex-ditador l\u00edbio Muammar Kadhafi morto a tiro em casa - Portal Tela Portugal","og_description":"Saif al-Islam Kadhafi, de 53 anos e filho do ex-ditador Muammar Kadhafi, foi morto a tiro. O ataque ocorreu na sua casa na cidade de Zintan, no sudoeste de Tr\u00edpoli, segundo a Sky News. Apesar de n\u00e3o ocupar cargo oficial, foi considerado uma das figuras mais influentes do regime, com papel diplom\u00e1tico e em negocia\u00e7\u00f5es estrat\u00e9gicas. Condenado \u00e0 morte por crimes de guerra em dois mil e quinze, foi libertado em dois mil e dezassete. Em dois mil e vinte e um, tentou concorrer \u00e0 presid\u00eancia da L\u00edbia, mas foi impedido.","og_url":"https:\/\/portaltela.pt\/noticias\/2026\/02\/04\/filho-do-ex-ditador-libio-muammar-kadhafi-morto-a-tiro-em-casa\/","og_site_name":"Portal Tela Portugal","article_published_time":"2026-02-04T15:36:07+00:00","author":"Telinha","twitter_card":"summary_large_image","twitter_misc":{"Escrito por":"Telinha","Tempo estimado de leitura":"1 minuto"},"schema":{"@context":"https:\/\/schema.org","@graph":[{"@type":"Article","@id":"https:\/\/portaltela.pt\/noticias\/2026\/02\/04\/filho-do-ex-ditador-libio-muammar-kadhafi-morto-a-tiro-em-casa\/#article","isPartOf":{"@id":"https:\/\/portaltela.pt\/noticias\/2026\/02\/04\/filho-do-ex-ditador-libio-muammar-kadhafi-morto-a-tiro-em-casa\/"},"author":{"name":"Telinha","@id":"https:\/\/portaltela.pt\/#\/schema\/person\/c4278d4a6028830caff9ee44b42d32ed"},"headline":"Filho do ex-ditador l\u00edbio Muammar Kadhafi morto a tiro em casa","datePublished":"2026-02-04T15:36:07+00:00","mainEntityOfPage":{"@id":"https:\/\/portaltela.pt\/noticias\/2026\/02\/04\/filho-do-ex-ditador-libio-muammar-kadhafi-morto-a-tiro-em-casa\/"},"wordCount":232,"image":{"@id":"https:\/\/portaltela.pt\/noticias\/2026\/02\/04\/filho-do-ex-ditador-libio-muammar-kadhafi-morto-a-tiro-em-casa\/#primaryimage"},"thumbnailUrl":"https:\/\/portaltela.pt\/s.01k8rhncp4jt1\/2026\/02\/img_1500x1000uu2011-06-16-11-47-00-189089.jpg","keywords":["conflitos internacionais","crimes de guerra","investiga\u00e7\u00e3o","L\u00edbia","pol\u00edtica","viol\u00eancia"],"articleSection":["Internacional","Not\u00edcias"],"inLanguage":"pt-PT"},{"@type":"WebPage","@id":"https:\/\/portaltela.pt\/noticias\/2026\/02\/04\/filho-do-ex-ditador-libio-muammar-kadhafi-morto-a-tiro-em-casa\/","url":"https:\/\/portaltela.pt\/noticias\/2026\/02\/04\/filho-do-ex-ditador-libio-muammar-kadhafi-morto-a-tiro-em-casa\/","name":"Filho do ex-ditador l\u00edbio Muammar Kadhafi morto a tiro em casa - Portal Tela Portugal","isPartOf":{"@id":"https:\/\/portaltela.pt\/#website"},"primaryImageOfPage":{"@id":"https:\/\/portaltela.pt\/noticias\/2026\/02\/04\/filho-do-ex-ditador-libio-muammar-kadhafi-morto-a-tiro-em-casa\/#primaryimage"},"image":{"@id":"https:\/\/portaltela.pt\/noticias\/2026\/02\/04\/filho-do-ex-ditador-libio-muammar-kadhafi-morto-a-tiro-em-casa\/#primaryimage"},"thumbnailUrl":"https:\/\/portaltela.pt\/s.01k8rhncp4jt1\/2026\/02\/img_1500x1000uu2011-06-16-11-47-00-189089.jpg","datePublished":"2026-02-04T15:36:07+00:00","author":{"@id":"https:\/\/portaltela.pt\/#\/schema\/person\/c4278d4a6028830caff9ee44b42d32ed"},"breadcrumb":{"@id":"https:\/\/portaltela.pt\/noticias\/2026\/02\/04\/filho-do-ex-ditador-libio-muammar-kadhafi-morto-a-tiro-em-casa\/#breadcrumb"},"inLanguage":"pt-PT","potentialAction":[{"@type":"ReadAction","target":["https:\/\/portaltela.pt\/noticias\/2026\/02\/04\/filho-do-ex-ditador-libio-muammar-kadhafi-morto-a-tiro-em-casa\/"]}]},{"@type":"ImageObject","inLanguage":"pt-PT","@id":"https:\/\/portaltela.pt\/noticias\/2026\/02\/04\/filho-do-ex-ditador-libio-muammar-kadhafi-morto-a-tiro-em-casa\/#primaryimage","url":"https:\/\/portaltela.pt\/s.01k8rhncp4jt1\/2026\/02\/img_1500x1000uu2011-06-16-11-47-00-189089.jpg","contentUrl":"https:\/\/portaltela.pt\/s.01k8rhncp4jt1\/2026\/02\/img_1500x1000uu2011-06-16-11-47-00-189089.jpg","width":796,"height":448,"caption":"Saif al Islam Kadhafi"},{"@type":"BreadcrumbList","@id":"https:\/\/portaltela.pt\/noticias\/2026\/02\/04\/filho-do-ex-ditador-libio-muammar-kadhafi-morto-a-tiro-em-casa\/#breadcrumb","itemListElement":[{"@type":"ListItem","position":1,"name":"In\u00edcio","item":"https:\/\/portaltela.pt\/"},{"@type":"ListItem","position":2,"name":"Filho do ex-ditador l\u00edbio Muammar Kadhafi morto a tiro em casa"}]},{"@type":"WebSite","@id":"https:\/\/portaltela.pt\/#website","url":"https:\/\/portaltela.pt\/","name":"Portal Tela Portugal","description":"","potentialAction":[{"@type":"SearchAction","target":{"@type":"EntryPoint","urlTemplate":"https:\/\/portaltela.pt\/?s={search_term_string}"},"query-input":{"@type":"PropertyValueSpecification","valueRequired":true,"valueName":"search_term_string"}}],"inLanguage":"pt-PT"},{"@type":"Person","@id":"https:\/\/portaltela.pt\/#\/schema\/person\/c4278d4a6028830caff9ee44b42d32ed","name":"Telinha","image":{"@type":"ImageObject","inLanguage":"pt-PT","@id":"https:\/\/portaltela.pt\/s.01k8rhncp4jt1\/2025\/11\/talking-bot-125x125.png","url":"https:\/\/portaltela.pt\/s.01k8rhncp4jt1\/2025\/11\/talking-bot-125x125.png","contentUrl":"https:\/\/portaltela.pt\/s.01k8rhncp4jt1\/2025\/11\/talking-bot-125x125.png","caption":"Telinha"},"sameAs":["https:\/\/portaltela.pt\/"],"url":"https:\/\/portaltela.pt\/por\/367410592786\/"}]}},"_links":{"self":[{"href":"https:\/\/portaltela.pt\/api\/wp\/v2\/posts\/197140","targetHints":{"allow":["GET"]}}],"collection":[{"href":"https:\/\/portaltela.pt\/api\/wp\/v2\/posts"}],"about":[{"href":"https:\/\/portaltela.pt\/api\/wp\/v2\/types\/post"}],"author":[{"embeddable":true,"href":"https:\/\/portaltela.pt\/api\/wp\/v2\/users\/2"}],"replies":[{"embeddable":true,"href":"https:\/\/portaltela.pt\/api\/wp\/v2\/comments?post=197140"}],"version-history":[{"count":0,"href":"https:\/\/portaltela.pt\/api\/wp\/v2\/posts\/197140\/revisions"}],"wp:featuredmedia":[{"embeddable":true,"href":"https:\/\/portaltela.pt\/api\/wp\/v2\/media\/197141"}],"wp:attachment":[{"href":"https:\/\/portaltela.pt\/api\/wp\/v2\/media?parent=197140"}],"wp:term":[{"taxonomy":"category","embeddable":true,"href":"https:\/\/portaltela.pt\/api\/wp\/v2\/categories?post=197140"},{"taxonomy":"post_tag","embeddable":true,"href":"https:\/\/portaltela.pt\/api\/wp\/v2\/tags?post=197140"}],"curies":[{"name":"wp","href":"https:\/\/api.w.org\/{rel}","templated":true}]}}