{"id":197133,"date":"2026-02-04T12:36:00","date_gmt":"2026-02-04T15:36:00","guid":{"rendered":"https:\/\/portaltela.pt\/noticias\/2026\/02\/04\/tempestade-kristin-obriga-ao-cancelamento-de-festejos-de-carnaval\/"},"modified":"2026-02-04T12:36:00","modified_gmt":"2026-02-04T15:36:00","slug":"tempestade-kristin-obriga-ao-cancelamento-de-festejos-de-carnaval","status":"publish","type":"post","link":"https:\/\/portaltela.pt\/noticias\/economia\/2026\/02\/04\/tempestade-kristin-obriga-ao-cancelamento-de-festejos-de-carnaval\/","title":{"rendered":"Tempestade Kristin obriga ao cancelamento de festejos de Carnaval"},"content":{"rendered":"<p>O temporal Kristin obrigou a cancelar o Carnaval nas zonas de Pataias, Alcoba\u00e7a e Vila de Rei, anunciaram hoje as organiza\u00e7\u00f5es locais. A decis\u00e3o, tomada pela Comiss\u00e3o Organizadora do Carnaval de Pataias (COCAPA), visa concentrar os esfor\u00e7os na recupera\u00e7\u00e3o das comunidades afetadas.<\/p>\n<p>O mau tempo derrubou o pavilh\u00e3o onde estavam os carros aleg\u00f3ricos, destruiu a tenda da folia e danificou empresas que confecionavam fatos, al\u00e9m de v\u00e1rias estruturas da organiza\u00e7\u00e3o.<\/p>\n<p>O impacto levou ao fim de v\u00e1rios carnavais nas regi\u00f5es mais afetadas, incluindo Pedr\u00f3g\u00e3o Grande, Alvai\u00e1zere, Figueir\u00f3 dos Vinhos e Vila de Rei.<\/p>\n<h3>Desdobramentos regionais<\/h3>\n<p>As organiza\u00e7\u00f5es locais afirmam que n\u00e3o h\u00e1 condi\u00e7\u00f5es para a realiza\u00e7\u00e3o de festejos este ano e que os recursos ser\u00e3o redirecionados para a recupera\u00e7\u00e3o das infraestruturas e comunidades afetadas.<\/p>\n<p>As primeiras a\u00e7\u00f5es priorit\u00e1rias concentram-se na remo\u00e7\u00e3o de detritos, avalia\u00e7\u00e3o de edificado p\u00fablico e apoio \u00e0s pessoas atingidas, com coordena\u00e7\u00e3o entre entidades locais, volunt\u00e1rios e institui\u00e7\u00f5es p\u00fablicas.<\/p>\n","protected":false},"excerpt":{"rendered":"<ul>\n<li>A tempestade Kristin levou ao cancelamento dos festejos de Carnaval em Pataias, Alcoba\u00e7a.<\/li>\n<li>A Comiss\u00e3o Organizadora do Carnaval de Pataias (COCAPA) anunciou que n\u00e3o h\u00e1 condi\u00e7\u00f5es para festejar este ano e foca-se na recupera\u00e7\u00e3o.<\/li>\n<li>O mau tempo destruiu o pavilh\u00e3o dos carros aleg\u00f3ricos, a tenda da folia e danificou empresas que confecionavam fatos.<\/li>\n<li>O impacto estende-se a outras zonas afetadas, com o fim de v\u00e1rios carnavais em Pedr\u00f3g\u00e3o Grande, Alvai\u00e1zere, Figueir\u00f3 dos Vinhos e Vila de Rei.<\/li>\n<li>As palavras de ordem s\u00e3o recupera\u00e7\u00e3o e conten\u00e7\u00e3o de danos, sem planeamentos de celebra\u00e7\u00e3o para este momento.<\/li>\n<\/ul>\n","protected":false},"author":2,"featured_media":197136,"comment_status":"closed","ping_status":"closed","sticky":false,"template":"","format":"standard","meta":{"footnotes":""},"categories":[2,1],"tags":[2148,5215,5288,5407,4860,5408],"class_list":["post-197133","post","type-post","status-publish","format-standard","has-post-thumbnail","hentry","category-economia","category-noticias","tag-alcobaca","tag-catastrofes-naturais","tag-figueiro-dos-vinhos","tag-pataias","tag-pedrogao-grande","tag-vila-de-rei"],"yoast_head":"<!-- This site is optimized with the Yoast SEO plugin v27.2 - https:\/\/yoast.com\/product\/yoast-seo-wordpress\/ -->\n<title>Tempestade Kristin obriga ao cancelamento de festejos de Carnaval - Portal Tela Portugal<\/title>\n<meta name=\"robots\" content=\"index, follow, max-snippet:-1, max-image-preview:large, max-video-preview:-1\" \/>\n<meta property=\"og:locale\" content=\"pt_PT\" \/>\n<meta property=\"og:type\" content=\"article\" \/>\n<meta property=\"og:title\" content=\"Tempestade Kristin obriga ao cancelamento de festejos de Carnaval - Portal Tela Portugal\" \/>\n<meta property=\"og:description\" content=\"A tempestade Kristin levou ao cancelamento dos festejos de Carnaval em Pataias, Alcoba\u00e7a. A Comiss\u00e3o Organizadora do Carnaval de Pataias (COCAPA) anunciou que n\u00e3o h\u00e1 condi\u00e7\u00f5es para festejar este ano e foca-se na recupera\u00e7\u00e3o. O mau tempo destruiu o pavilh\u00e3o dos carros aleg\u00f3ricos, a tenda da folia e danificou empresas que confecionavam fatos. O impacto estende-se a outras zonas afetadas, com o fim de v\u00e1rios carnavais em Pedr\u00f3g\u00e3o Grande, Alvai\u00e1zere, Figueir\u00f3 dos Vinhos e Vila de Rei. As palavras de ordem s\u00e3o recupera\u00e7\u00e3o e conten\u00e7\u00e3o de danos, sem planeamentos de celebra\u00e7\u00e3o para este momento.\" \/>\n<meta property=\"og:url\" content=\"https:\/\/portaltela.pt\/noticias\/2026\/02\/04\/tempestade-kristin-obriga-ao-cancelamento-de-festejos-de-carnaval\/\" \/>\n<meta property=\"og:site_name\" content=\"Portal Tela Portugal\" \/>\n<meta property=\"article:published_time\" content=\"2026-02-04T15:36:00+00:00\" \/>\n<meta name=\"author\" content=\"Telinha\" \/>\n<meta name=\"twitter:card\" content=\"summary_large_image\" \/>\n<meta name=\"twitter:label1\" content=\"Escrito por\" \/>\n\t<meta name=\"twitter:data1\" content=\"Telinha\" \/>\n\t<meta name=\"twitter:label2\" content=\"Tempo estimado de leitura\" \/>\n\t<meta name=\"twitter:data2\" content=\"1 minuto\" \/>\n<script type=\"application\/ld+json\" class=\"yoast-schema-graph\">{\"@context\":\"https:\/\/schema.org\",\"@graph\":[{\"@type\":\"Article\",\"@id\":\"https:\/\/portaltela.pt\/noticias\/2026\/02\/04\/tempestade-kristin-obriga-ao-cancelamento-de-festejos-de-carnaval\/#article\",\"isPartOf\":{\"@id\":\"https:\/\/portaltela.pt\/noticias\/2026\/02\/04\/tempestade-kristin-obriga-ao-cancelamento-de-festejos-de-carnaval\/\"},\"author\":{\"name\":\"Telinha\",\"@id\":\"https:\/\/portaltela.pt\/#\/schema\/person\/c4278d4a6028830caff9ee44b42d32ed\"},\"headline\":\"Tempestade Kristin obriga ao cancelamento de festejos de Carnaval\",\"datePublished\":\"2026-02-04T15:36:00+00:00\",\"mainEntityOfPage\":{\"@id\":\"https:\/\/portaltela.pt\/noticias\/2026\/02\/04\/tempestade-kristin-obriga-ao-cancelamento-de-festejos-de-carnaval\/\"},\"wordCount\":191,\"image\":{\"@id\":\"https:\/\/portaltela.pt\/noticias\/2026\/02\/04\/tempestade-kristin-obriga-ao-cancelamento-de-festejos-de-carnaval\/#primaryimage\"},\"thumbnailUrl\":\"https:\/\/portaltela.pt\/s.01k8rhncp4jt1\/2026\/02\/image-310.jpg\",\"keywords\":[\"Alcoba\u00e7a\",\"cat\u00e1strofes naturais\",\"Figueir\u00f3 dos Vinhos\",\"Pataias\",\"Pedr\u00f3g\u00e3o Grande\",\"Vila de Rei\"],\"articleSection\":[\"Economia\",\"Not\u00edcias\"],\"inLanguage\":\"pt-PT\"},{\"@type\":\"WebPage\",\"@id\":\"https:\/\/portaltela.pt\/noticias\/2026\/02\/04\/tempestade-kristin-obriga-ao-cancelamento-de-festejos-de-carnaval\/\",\"url\":\"https:\/\/portaltela.pt\/noticias\/2026\/02\/04\/tempestade-kristin-obriga-ao-cancelamento-de-festejos-de-carnaval\/\",\"name\":\"Tempestade Kristin obriga ao cancelamento de festejos de Carnaval - Portal Tela Portugal\",\"isPartOf\":{\"@id\":\"https:\/\/portaltela.pt\/#website\"},\"primaryImageOfPage\":{\"@id\":\"https:\/\/portaltela.pt\/noticias\/2026\/02\/04\/tempestade-kristin-obriga-ao-cancelamento-de-festejos-de-carnaval\/#primaryimage\"},\"image\":{\"@id\":\"https:\/\/portaltela.pt\/noticias\/2026\/02\/04\/tempestade-kristin-obriga-ao-cancelamento-de-festejos-de-carnaval\/#primaryimage\"},\"thumbnailUrl\":\"https:\/\/portaltela.pt\/s.01k8rhncp4jt1\/2026\/02\/image-310.jpg\",\"datePublished\":\"2026-02-04T15:36:00+00:00\",\"author\":{\"@id\":\"https:\/\/portaltela.pt\/#\/schema\/person\/c4278d4a6028830caff9ee44b42d32ed\"},\"breadcrumb\":{\"@id\":\"https:\/\/portaltela.pt\/noticias\/2026\/02\/04\/tempestade-kristin-obriga-ao-cancelamento-de-festejos-de-carnaval\/#breadcrumb\"},\"inLanguage\":\"pt-PT\",\"potentialAction\":[{\"@type\":\"ReadAction\",\"target\":[\"https:\/\/portaltela.pt\/noticias\/2026\/02\/04\/tempestade-kristin-obriga-ao-cancelamento-de-festejos-de-carnaval\/\"]}]},{\"@type\":\"ImageObject\",\"inLanguage\":\"pt-PT\",\"@id\":\"https:\/\/portaltela.pt\/noticias\/2026\/02\/04\/tempestade-kristin-obriga-ao-cancelamento-de-festejos-de-carnaval\/#primaryimage\",\"url\":\"https:\/\/portaltela.pt\/s.01k8rhncp4jt1\/2026\/02\/image-310.jpg\",\"contentUrl\":\"https:\/\/portaltela.pt\/s.01k8rhncp4jt1\/2026\/02\/image-310.jpg\",\"width\":796,\"height\":448,\"caption\":\"Na freguesia ainda h\u00e1 pessoas sem energia el\u00e9trica e sem \u00e1gua\"},{\"@type\":\"BreadcrumbList\",\"@id\":\"https:\/\/portaltela.pt\/noticias\/2026\/02\/04\/tempestade-kristin-obriga-ao-cancelamento-de-festejos-de-carnaval\/#breadcrumb\",\"itemListElement\":[{\"@type\":\"ListItem\",\"position\":1,\"name\":\"In\u00edcio\",\"item\":\"https:\/\/portaltela.pt\/\"},{\"@type\":\"ListItem\",\"position\":2,\"name\":\"Tempestade Kristin obriga ao cancelamento de festejos de Carnaval\"}]},{\"@type\":\"WebSite\",\"@id\":\"https:\/\/portaltela.pt\/#website\",\"url\":\"https:\/\/portaltela.pt\/\",\"name\":\"Portal Tela Portugal\",\"description\":\"\",\"potentialAction\":[{\"@type\":\"SearchAction\",\"target\":{\"@type\":\"EntryPoint\",\"urlTemplate\":\"https:\/\/portaltela.pt\/?s={search_term_string}\"},\"query-input\":{\"@type\":\"PropertyValueSpecification\",\"valueRequired\":true,\"valueName\":\"search_term_string\"}}],\"inLanguage\":\"pt-PT\"},{\"@type\":\"Person\",\"@id\":\"https:\/\/portaltela.pt\/#\/schema\/person\/c4278d4a6028830caff9ee44b42d32ed\",\"name\":\"Telinha\",\"image\":{\"@type\":\"ImageObject\",\"inLanguage\":\"pt-PT\",\"@id\":\"https:\/\/portaltela.pt\/s.01k8rhncp4jt1\/2025\/11\/talking-bot-125x125.png\",\"url\":\"https:\/\/portaltela.pt\/s.01k8rhncp4jt1\/2025\/11\/talking-bot-125x125.png\",\"contentUrl\":\"https:\/\/portaltela.pt\/s.01k8rhncp4jt1\/2025\/11\/talking-bot-125x125.png\",\"caption\":\"Telinha\"},\"sameAs\":[\"https:\/\/portaltela.pt\/\"],\"url\":\"https:\/\/portaltela.pt\/por\/367410592786\/\"}]}<\/script>\n<!-- \/ Yoast SEO plugin. -->","yoast_head_json":{"title":"Tempestade Kristin obriga ao cancelamento de festejos de Carnaval - Portal Tela Portugal","robots":{"index":"index","follow":"follow","max-snippet":"max-snippet:-1","max-image-preview":"max-image-preview:large","max-video-preview":"max-video-preview:-1"},"og_locale":"pt_PT","og_type":"article","og_title":"Tempestade Kristin obriga ao cancelamento de festejos de Carnaval - Portal Tela Portugal","og_description":"A tempestade Kristin levou ao cancelamento dos festejos de Carnaval em Pataias, Alcoba\u00e7a. A Comiss\u00e3o Organizadora do Carnaval de Pataias (COCAPA) anunciou que n\u00e3o h\u00e1 condi\u00e7\u00f5es para festejar este ano e foca-se na recupera\u00e7\u00e3o. O mau tempo destruiu o pavilh\u00e3o dos carros aleg\u00f3ricos, a tenda da folia e danificou empresas que confecionavam fatos. O impacto estende-se a outras zonas afetadas, com o fim de v\u00e1rios carnavais em Pedr\u00f3g\u00e3o Grande, Alvai\u00e1zere, Figueir\u00f3 dos Vinhos e Vila de Rei. As palavras de ordem s\u00e3o recupera\u00e7\u00e3o e conten\u00e7\u00e3o de danos, sem planeamentos de celebra\u00e7\u00e3o para este momento.","og_url":"https:\/\/portaltela.pt\/noticias\/2026\/02\/04\/tempestade-kristin-obriga-ao-cancelamento-de-festejos-de-carnaval\/","og_site_name":"Portal Tela Portugal","article_published_time":"2026-02-04T15:36:00+00:00","author":"Telinha","twitter_card":"summary_large_image","twitter_misc":{"Escrito por":"Telinha","Tempo estimado de leitura":"1 minuto"},"schema":{"@context":"https:\/\/schema.org","@graph":[{"@type":"Article","@id":"https:\/\/portaltela.pt\/noticias\/2026\/02\/04\/tempestade-kristin-obriga-ao-cancelamento-de-festejos-de-carnaval\/#article","isPartOf":{"@id":"https:\/\/portaltela.pt\/noticias\/2026\/02\/04\/tempestade-kristin-obriga-ao-cancelamento-de-festejos-de-carnaval\/"},"author":{"name":"Telinha","@id":"https:\/\/portaltela.pt\/#\/schema\/person\/c4278d4a6028830caff9ee44b42d32ed"},"headline":"Tempestade Kristin obriga ao cancelamento de festejos de Carnaval","datePublished":"2026-02-04T15:36:00+00:00","mainEntityOfPage":{"@id":"https:\/\/portaltela.pt\/noticias\/2026\/02\/04\/tempestade-kristin-obriga-ao-cancelamento-de-festejos-de-carnaval\/"},"wordCount":191,"image":{"@id":"https:\/\/portaltela.pt\/noticias\/2026\/02\/04\/tempestade-kristin-obriga-ao-cancelamento-de-festejos-de-carnaval\/#primaryimage"},"thumbnailUrl":"https:\/\/portaltela.pt\/s.01k8rhncp4jt1\/2026\/02\/image-310.jpg","keywords":["Alcoba\u00e7a","cat\u00e1strofes naturais","Figueir\u00f3 dos Vinhos","Pataias","Pedr\u00f3g\u00e3o Grande","Vila de Rei"],"articleSection":["Economia","Not\u00edcias"],"inLanguage":"pt-PT"},{"@type":"WebPage","@id":"https:\/\/portaltela.pt\/noticias\/2026\/02\/04\/tempestade-kristin-obriga-ao-cancelamento-de-festejos-de-carnaval\/","url":"https:\/\/portaltela.pt\/noticias\/2026\/02\/04\/tempestade-kristin-obriga-ao-cancelamento-de-festejos-de-carnaval\/","name":"Tempestade Kristin obriga ao cancelamento de festejos de Carnaval - Portal Tela Portugal","isPartOf":{"@id":"https:\/\/portaltela.pt\/#website"},"primaryImageOfPage":{"@id":"https:\/\/portaltela.pt\/noticias\/2026\/02\/04\/tempestade-kristin-obriga-ao-cancelamento-de-festejos-de-carnaval\/#primaryimage"},"image":{"@id":"https:\/\/portaltela.pt\/noticias\/2026\/02\/04\/tempestade-kristin-obriga-ao-cancelamento-de-festejos-de-carnaval\/#primaryimage"},"thumbnailUrl":"https:\/\/portaltela.pt\/s.01k8rhncp4jt1\/2026\/02\/image-310.jpg","datePublished":"2026-02-04T15:36:00+00:00","author":{"@id":"https:\/\/portaltela.pt\/#\/schema\/person\/c4278d4a6028830caff9ee44b42d32ed"},"breadcrumb":{"@id":"https:\/\/portaltela.pt\/noticias\/2026\/02\/04\/tempestade-kristin-obriga-ao-cancelamento-de-festejos-de-carnaval\/#breadcrumb"},"inLanguage":"pt-PT","potentialAction":[{"@type":"ReadAction","target":["https:\/\/portaltela.pt\/noticias\/2026\/02\/04\/tempestade-kristin-obriga-ao-cancelamento-de-festejos-de-carnaval\/"]}]},{"@type":"ImageObject","inLanguage":"pt-PT","@id":"https:\/\/portaltela.pt\/noticias\/2026\/02\/04\/tempestade-kristin-obriga-ao-cancelamento-de-festejos-de-carnaval\/#primaryimage","url":"https:\/\/portaltela.pt\/s.01k8rhncp4jt1\/2026\/02\/image-310.jpg","contentUrl":"https:\/\/portaltela.pt\/s.01k8rhncp4jt1\/2026\/02\/image-310.jpg","width":796,"height":448,"caption":"Na freguesia ainda h\u00e1 pessoas sem energia el\u00e9trica e sem \u00e1gua"},{"@type":"BreadcrumbList","@id":"https:\/\/portaltela.pt\/noticias\/2026\/02\/04\/tempestade-kristin-obriga-ao-cancelamento-de-festejos-de-carnaval\/#breadcrumb","itemListElement":[{"@type":"ListItem","position":1,"name":"In\u00edcio","item":"https:\/\/portaltela.pt\/"},{"@type":"ListItem","position":2,"name":"Tempestade Kristin obriga ao cancelamento de festejos de Carnaval"}]},{"@type":"WebSite","@id":"https:\/\/portaltela.pt\/#website","url":"https:\/\/portaltela.pt\/","name":"Portal Tela Portugal","description":"","potentialAction":[{"@type":"SearchAction","target":{"@type":"EntryPoint","urlTemplate":"https:\/\/portaltela.pt\/?s={search_term_string}"},"query-input":{"@type":"PropertyValueSpecification","valueRequired":true,"valueName":"search_term_string"}}],"inLanguage":"pt-PT"},{"@type":"Person","@id":"https:\/\/portaltela.pt\/#\/schema\/person\/c4278d4a6028830caff9ee44b42d32ed","name":"Telinha","image":{"@type":"ImageObject","inLanguage":"pt-PT","@id":"https:\/\/portaltela.pt\/s.01k8rhncp4jt1\/2025\/11\/talking-bot-125x125.png","url":"https:\/\/portaltela.pt\/s.01k8rhncp4jt1\/2025\/11\/talking-bot-125x125.png","contentUrl":"https:\/\/portaltela.pt\/s.01k8rhncp4jt1\/2025\/11\/talking-bot-125x125.png","caption":"Telinha"},"sameAs":["https:\/\/portaltela.pt\/"],"url":"https:\/\/portaltela.pt\/por\/367410592786\/"}]}},"_links":{"self":[{"href":"https:\/\/portaltela.pt\/api\/wp\/v2\/posts\/197133","targetHints":{"allow":["GET"]}}],"collection":[{"href":"https:\/\/portaltela.pt\/api\/wp\/v2\/posts"}],"about":[{"href":"https:\/\/portaltela.pt\/api\/wp\/v2\/types\/post"}],"author":[{"embeddable":true,"href":"https:\/\/portaltela.pt\/api\/wp\/v2\/users\/2"}],"replies":[{"embeddable":true,"href":"https:\/\/portaltela.pt\/api\/wp\/v2\/comments?post=197133"}],"version-history":[{"count":0,"href":"https:\/\/portaltela.pt\/api\/wp\/v2\/posts\/197133\/revisions"}],"wp:featuredmedia":[{"embeddable":true,"href":"https:\/\/portaltela.pt\/api\/wp\/v2\/media\/197136"}],"wp:attachment":[{"href":"https:\/\/portaltela.pt\/api\/wp\/v2\/media?parent=197133"}],"wp:term":[{"taxonomy":"category","embeddable":true,"href":"https:\/\/portaltela.pt\/api\/wp\/v2\/categories?post=197133"},{"taxonomy":"post_tag","embeddable":true,"href":"https:\/\/portaltela.pt\/api\/wp\/v2\/tags?post=197133"}],"curies":[{"name":"wp","href":"https:\/\/api.w.org\/{rel}","templated":true}]}}