{"id":197117,"date":"2026-02-04T12:19:17","date_gmt":"2026-02-04T15:19:17","guid":{"rendered":"https:\/\/portaltela.pt\/noticias\/2026\/02\/04\/seguro-defende-valorizacao-do-interior-e-rejeita-territorios-dispensaveis\/"},"modified":"2026-02-04T12:19:17","modified_gmt":"2026-02-04T15:19:17","slug":"seguro-defende-valorizacao-do-interior-e-rejeita-territorios-dispensaveis","status":"publish","type":"post","link":"https:\/\/portaltela.pt\/noticias\/politica\/2026\/02\/04\/seguro-defende-valorizacao-do-interior-e-rejeita-territorios-dispensaveis\/","title":{"rendered":"Seguro defende valoriza\u00e7\u00e3o do interior e rejeita territ\u00f3rios dispens\u00e1veis"},"content":{"rendered":"<p>Ant\u00f3nio Jos\u00e9 Seguro esteve no Alto Alentejo a poucas dias da segunda volta das presidenciais, com paragens em Elvas, Campo Maior e Portalegre. A visita incluiu uma entrevista em direto pela RTP, a partir do Museu da Tape\u00e7aria, seguida de um com\u00edcio no Centro de Artes do Espect\u00e1culo, com cerca de 500 apoiantes.<\/p>\n<p>O candidato defendeu uma estrat\u00e9gia nacional de valoriza\u00e7\u00e3o das regi\u00f5es do interior, afirmando que o interior n\u00e3o \u00e9 fardo nem territ\u00f3rio dispens\u00e1vel. Garantiu que estas zonas t\u00eam talento, intelig\u00eancia e resist\u00eancia, e que a falha est\u00e1 nas pol\u00edticas p\u00fablicas.<\/p>\n<h3>Apoio ao interior e exemplos de sucesso<\/h3>\n<p>Seguro destacou o Grupo Nabeiro \u2013 Delta Caf\u00e9s, com base em Campo Maior, como demonstra\u00e7\u00e3o de prosperidade fora dos grandes centros. Afirmou que \u00e9 poss\u00edvel investir no interior e gerar impacto a n\u00edvel global.<\/p>\n<p>Referiu ainda o empreendimento de Alqueva como caso paradigm\u00e1tico, defendendo que bom casamento entre investimento p\u00fablico e privado gera ganhos para o pa\u00eds. Disse que a \u00e1gua transformou profundamente o Alentejo.<\/p>\n<h3>Compromisso pessoal e defesa de estabilidade<\/h3>\n<p>O candidato destacou a liga\u00e7\u00e3o ao interior, lembrando ter nascido na Beira Baixa. Refor\u00e7ou que continua a investir nos territ\u00f3rios e que o interior \u00e9 uma regi\u00e3o de esperan\u00e7a e futuro, sem abrir m\u00e3o de combater desigualdades.<\/p>\n<p>Jo\u00e3o Manuel Nabeiro, mandat\u00e1rio distrital, pediu estabilidade, confian\u00e7a e uni\u00e3o nacional. Defendeu que a lideran\u00e7a deve colocar as pessoas no centro da a\u00e7\u00e3o pol\u00edtica e valorizar a resist\u00eancia regional.<\/p>\n<h3>Vis\u00e3o para o pa\u00eds e mensagens-chave<\/h3>\n<p>Nabeiro enfatizou que o futuro n\u00e3o se constr\u00f3i com ru\u00eddo, mas com responsabilidade e bases s\u00f3lidas. Seguro apresentou a sua candidatura como uma vis\u00e3o humana e agregadora para o pa\u00eds, orientada para manter Portugal em boas m\u00e3os.<\/p>\n","protected":false},"excerpt":{"rendered":"<ul>\n<li>Ant\u00f3nio Jos\u00e9 Seguro percorreu o Alto Alentejo, come\u00e7ando em Elvas e passando por Campo Maior e Portalegre, antes de um com\u00edcio com cerca de 500 apoiantes.<\/li>\n<li>Defendeu uma estrat\u00e9gia nacional de valoriza\u00e7\u00e3o das regi\u00f5es do interior, afirmando que o interior n\u00e3o \u00e9 um fardo nem territ\u00f3rio dispens\u00e1vel.<\/li>\n<li>Alegou que o desafio reside na falta de pol\u00edticas p\u00fablicas que promovam oportunidades e fixa\u00e7\u00e3o de popula\u00e7\u00e3o, n\u00e3o nos territ\u00f3rios em si.<\/li>\n<li>Destacou exemplos como o Grupo Nabeiro \u2013 Delta Caf\u00e9s, em Campo Maior, e o projeto de Alqueva como refer\u00eancia de desenvolvimento com investimento p\u00fablico e privado.<\/li>\n<li>Reiterou a liga\u00e7\u00e3o ao interior, dizendo que nasceu na Beira Baixa e que continuar\u00e1 a investir nesses territ\u00f3rios para combater desigualdades e promover estabilidade.<\/li>\n<\/ul>\n","protected":false},"author":2,"featured_media":197126,"comment_status":"closed","ping_status":"closed","sticky":false,"template":"","format":"standard","meta":{"footnotes":""},"categories":[1,5],"tags":[883,3346,1089,316,229,1075],"class_list":["post-197117","post","type-post","status-publish","format-standard","has-post-thumbnail","hentry","category-noticias","category-politica","tag-alentejo","tag-campo-maior","tag-elvas","tag-investimento","tag-politica-publica","tag-portalegre"],"yoast_head":"<!-- This site is optimized with the Yoast SEO plugin v27.2 - https:\/\/yoast.com\/product\/yoast-seo-wordpress\/ -->\n<title>Seguro defende valoriza\u00e7\u00e3o do interior e rejeita territ\u00f3rios dispens\u00e1veis - Portal Tela Portugal<\/title>\n<meta name=\"robots\" content=\"index, follow, max-snippet:-1, max-image-preview:large, max-video-preview:-1\" \/>\n<meta property=\"og:locale\" content=\"pt_PT\" \/>\n<meta property=\"og:type\" content=\"article\" \/>\n<meta property=\"og:title\" content=\"Seguro defende valoriza\u00e7\u00e3o do interior e rejeita territ\u00f3rios dispens\u00e1veis - Portal Tela Portugal\" \/>\n<meta property=\"og:description\" content=\"Ant\u00f3nio Jos\u00e9 Seguro percorreu o Alto Alentejo, come\u00e7ando em Elvas e passando por Campo Maior e Portalegre, antes de um com\u00edcio com cerca de 500 apoiantes. Defendeu uma estrat\u00e9gia nacional de valoriza\u00e7\u00e3o das regi\u00f5es do interior, afirmando que o interior n\u00e3o \u00e9 um fardo nem territ\u00f3rio dispens\u00e1vel. Alegou que o desafio reside na falta de pol\u00edticas p\u00fablicas que promovam oportunidades e fixa\u00e7\u00e3o de popula\u00e7\u00e3o, n\u00e3o nos territ\u00f3rios em si. Destacou exemplos como o Grupo Nabeiro \u2013 Delta Caf\u00e9s, em Campo Maior, e o projeto de Alqueva como refer\u00eancia de desenvolvimento com investimento p\u00fablico e privado. Reiterou a liga\u00e7\u00e3o ao interior, dizendo que nasceu na Beira Baixa e que continuar\u00e1 a investir nesses territ\u00f3rios para combater desigualdades e promover estabilidade.\" \/>\n<meta property=\"og:url\" content=\"https:\/\/portaltela.pt\/noticias\/2026\/02\/04\/seguro-defende-valorizacao-do-interior-e-rejeita-territorios-dispensaveis\/\" \/>\n<meta property=\"og:site_name\" content=\"Portal Tela Portugal\" \/>\n<meta property=\"article:published_time\" content=\"2026-02-04T15:19:17+00:00\" \/>\n<meta name=\"author\" content=\"Telinha\" \/>\n<meta name=\"twitter:card\" content=\"summary_large_image\" \/>\n<meta name=\"twitter:label1\" content=\"Escrito por\" \/>\n\t<meta name=\"twitter:data1\" content=\"Telinha\" \/>\n\t<meta name=\"twitter:label2\" content=\"Tempo estimado de leitura\" \/>\n\t<meta name=\"twitter:data2\" content=\"2 minutos\" \/>\n<script type=\"application\/ld+json\" class=\"yoast-schema-graph\">{\"@context\":\"https:\/\/schema.org\",\"@graph\":[{\"@type\":\"Article\",\"@id\":\"https:\/\/portaltela.pt\/noticias\/2026\/02\/04\/seguro-defende-valorizacao-do-interior-e-rejeita-territorios-dispensaveis\/#article\",\"isPartOf\":{\"@id\":\"https:\/\/portaltela.pt\/noticias\/2026\/02\/04\/seguro-defende-valorizacao-do-interior-e-rejeita-territorios-dispensaveis\/\"},\"author\":{\"name\":\"Telinha\",\"@id\":\"https:\/\/portaltela.pt\/#\/schema\/person\/c4278d4a6028830caff9ee44b42d32ed\"},\"headline\":\"Seguro defende valoriza\u00e7\u00e3o do interior e rejeita territ\u00f3rios dispens\u00e1veis\",\"datePublished\":\"2026-02-04T15:19:17+00:00\",\"mainEntityOfPage\":{\"@id\":\"https:\/\/portaltela.pt\/noticias\/2026\/02\/04\/seguro-defende-valorizacao-do-interior-e-rejeita-territorios-dispensaveis\/\"},\"wordCount\":331,\"image\":{\"@id\":\"https:\/\/portaltela.pt\/noticias\/2026\/02\/04\/seguro-defende-valorizacao-do-interior-e-rejeita-territorios-dispensaveis\/#primaryimage\"},\"thumbnailUrl\":\"https:\/\/portaltela.pt\/s.01k8rhncp4jt1\/2026\/02\/unnamed-file-1276.jpg\",\"keywords\":[\"Alentejo\",\"Campo Maior\",\"Elvas\",\"investimento\",\"pol\u00edtica p\u00fablica\",\"Portalegre\"],\"articleSection\":[\"Not\u00edcias\",\"Pol\u00edtica\"],\"inLanguage\":\"pt-PT\"},{\"@type\":\"WebPage\",\"@id\":\"https:\/\/portaltela.pt\/noticias\/2026\/02\/04\/seguro-defende-valorizacao-do-interior-e-rejeita-territorios-dispensaveis\/\",\"url\":\"https:\/\/portaltela.pt\/noticias\/2026\/02\/04\/seguro-defende-valorizacao-do-interior-e-rejeita-territorios-dispensaveis\/\",\"name\":\"Seguro defende valoriza\u00e7\u00e3o do interior e rejeita territ\u00f3rios dispens\u00e1veis - Portal Tela Portugal\",\"isPartOf\":{\"@id\":\"https:\/\/portaltela.pt\/#website\"},\"primaryImageOfPage\":{\"@id\":\"https:\/\/portaltela.pt\/noticias\/2026\/02\/04\/seguro-defende-valorizacao-do-interior-e-rejeita-territorios-dispensaveis\/#primaryimage\"},\"image\":{\"@id\":\"https:\/\/portaltela.pt\/noticias\/2026\/02\/04\/seguro-defende-valorizacao-do-interior-e-rejeita-territorios-dispensaveis\/#primaryimage\"},\"thumbnailUrl\":\"https:\/\/portaltela.pt\/s.01k8rhncp4jt1\/2026\/02\/unnamed-file-1276.jpg\",\"datePublished\":\"2026-02-04T15:19:17+00:00\",\"author\":{\"@id\":\"https:\/\/portaltela.pt\/#\/schema\/person\/c4278d4a6028830caff9ee44b42d32ed\"},\"breadcrumb\":{\"@id\":\"https:\/\/portaltela.pt\/noticias\/2026\/02\/04\/seguro-defende-valorizacao-do-interior-e-rejeita-territorios-dispensaveis\/#breadcrumb\"},\"inLanguage\":\"pt-PT\",\"potentialAction\":[{\"@type\":\"ReadAction\",\"target\":[\"https:\/\/portaltela.pt\/noticias\/2026\/02\/04\/seguro-defende-valorizacao-do-interior-e-rejeita-territorios-dispensaveis\/\"]}]},{\"@type\":\"ImageObject\",\"inLanguage\":\"pt-PT\",\"@id\":\"https:\/\/portaltela.pt\/noticias\/2026\/02\/04\/seguro-defende-valorizacao-do-interior-e-rejeita-territorios-dispensaveis\/#primaryimage\",\"url\":\"https:\/\/portaltela.pt\/s.01k8rhncp4jt1\/2026\/02\/unnamed-file-1276.jpg\",\"contentUrl\":\"https:\/\/portaltela.pt\/s.01k8rhncp4jt1\/2026\/02\/unnamed-file-1276.jpg\",\"width\":796,\"height\":448,\"caption\":\"Photo\"},{\"@type\":\"BreadcrumbList\",\"@id\":\"https:\/\/portaltela.pt\/noticias\/2026\/02\/04\/seguro-defende-valorizacao-do-interior-e-rejeita-territorios-dispensaveis\/#breadcrumb\",\"itemListElement\":[{\"@type\":\"ListItem\",\"position\":1,\"name\":\"In\u00edcio\",\"item\":\"https:\/\/portaltela.pt\/\"},{\"@type\":\"ListItem\",\"position\":2,\"name\":\"Seguro defende valoriza\u00e7\u00e3o do interior e rejeita territ\u00f3rios dispens\u00e1veis\"}]},{\"@type\":\"WebSite\",\"@id\":\"https:\/\/portaltela.pt\/#website\",\"url\":\"https:\/\/portaltela.pt\/\",\"name\":\"Portal Tela Portugal\",\"description\":\"\",\"potentialAction\":[{\"@type\":\"SearchAction\",\"target\":{\"@type\":\"EntryPoint\",\"urlTemplate\":\"https:\/\/portaltela.pt\/?s={search_term_string}\"},\"query-input\":{\"@type\":\"PropertyValueSpecification\",\"valueRequired\":true,\"valueName\":\"search_term_string\"}}],\"inLanguage\":\"pt-PT\"},{\"@type\":\"Person\",\"@id\":\"https:\/\/portaltela.pt\/#\/schema\/person\/c4278d4a6028830caff9ee44b42d32ed\",\"name\":\"Telinha\",\"image\":{\"@type\":\"ImageObject\",\"inLanguage\":\"pt-PT\",\"@id\":\"https:\/\/portaltela.pt\/s.01k8rhncp4jt1\/2025\/11\/talking-bot-125x125.png\",\"url\":\"https:\/\/portaltela.pt\/s.01k8rhncp4jt1\/2025\/11\/talking-bot-125x125.png\",\"contentUrl\":\"https:\/\/portaltela.pt\/s.01k8rhncp4jt1\/2025\/11\/talking-bot-125x125.png\",\"caption\":\"Telinha\"},\"sameAs\":[\"https:\/\/portaltela.pt\/\"],\"url\":\"https:\/\/portaltela.pt\/por\/367410592786\/\"}]}<\/script>\n<!-- \/ Yoast SEO plugin. -->","yoast_head_json":{"title":"Seguro defende valoriza\u00e7\u00e3o do interior e rejeita territ\u00f3rios dispens\u00e1veis - Portal Tela Portugal","robots":{"index":"index","follow":"follow","max-snippet":"max-snippet:-1","max-image-preview":"max-image-preview:large","max-video-preview":"max-video-preview:-1"},"og_locale":"pt_PT","og_type":"article","og_title":"Seguro defende valoriza\u00e7\u00e3o do interior e rejeita territ\u00f3rios dispens\u00e1veis - Portal Tela Portugal","og_description":"Ant\u00f3nio Jos\u00e9 Seguro percorreu o Alto Alentejo, come\u00e7ando em Elvas e passando por Campo Maior e Portalegre, antes de um com\u00edcio com cerca de 500 apoiantes. Defendeu uma estrat\u00e9gia nacional de valoriza\u00e7\u00e3o das regi\u00f5es do interior, afirmando que o interior n\u00e3o \u00e9 um fardo nem territ\u00f3rio dispens\u00e1vel. Alegou que o desafio reside na falta de pol\u00edticas p\u00fablicas que promovam oportunidades e fixa\u00e7\u00e3o de popula\u00e7\u00e3o, n\u00e3o nos territ\u00f3rios em si. Destacou exemplos como o Grupo Nabeiro \u2013 Delta Caf\u00e9s, em Campo Maior, e o projeto de Alqueva como refer\u00eancia de desenvolvimento com investimento p\u00fablico e privado. Reiterou a liga\u00e7\u00e3o ao interior, dizendo que nasceu na Beira Baixa e que continuar\u00e1 a investir nesses territ\u00f3rios para combater desigualdades e promover estabilidade.","og_url":"https:\/\/portaltela.pt\/noticias\/2026\/02\/04\/seguro-defende-valorizacao-do-interior-e-rejeita-territorios-dispensaveis\/","og_site_name":"Portal Tela Portugal","article_published_time":"2026-02-04T15:19:17+00:00","author":"Telinha","twitter_card":"summary_large_image","twitter_misc":{"Escrito por":"Telinha","Tempo estimado de leitura":"2 minutos"},"schema":{"@context":"https:\/\/schema.org","@graph":[{"@type":"Article","@id":"https:\/\/portaltela.pt\/noticias\/2026\/02\/04\/seguro-defende-valorizacao-do-interior-e-rejeita-territorios-dispensaveis\/#article","isPartOf":{"@id":"https:\/\/portaltela.pt\/noticias\/2026\/02\/04\/seguro-defende-valorizacao-do-interior-e-rejeita-territorios-dispensaveis\/"},"author":{"name":"Telinha","@id":"https:\/\/portaltela.pt\/#\/schema\/person\/c4278d4a6028830caff9ee44b42d32ed"},"headline":"Seguro defende valoriza\u00e7\u00e3o do interior e rejeita territ\u00f3rios dispens\u00e1veis","datePublished":"2026-02-04T15:19:17+00:00","mainEntityOfPage":{"@id":"https:\/\/portaltela.pt\/noticias\/2026\/02\/04\/seguro-defende-valorizacao-do-interior-e-rejeita-territorios-dispensaveis\/"},"wordCount":331,"image":{"@id":"https:\/\/portaltela.pt\/noticias\/2026\/02\/04\/seguro-defende-valorizacao-do-interior-e-rejeita-territorios-dispensaveis\/#primaryimage"},"thumbnailUrl":"https:\/\/portaltela.pt\/s.01k8rhncp4jt1\/2026\/02\/unnamed-file-1276.jpg","keywords":["Alentejo","Campo Maior","Elvas","investimento","pol\u00edtica p\u00fablica","Portalegre"],"articleSection":["Not\u00edcias","Pol\u00edtica"],"inLanguage":"pt-PT"},{"@type":"WebPage","@id":"https:\/\/portaltela.pt\/noticias\/2026\/02\/04\/seguro-defende-valorizacao-do-interior-e-rejeita-territorios-dispensaveis\/","url":"https:\/\/portaltela.pt\/noticias\/2026\/02\/04\/seguro-defende-valorizacao-do-interior-e-rejeita-territorios-dispensaveis\/","name":"Seguro defende valoriza\u00e7\u00e3o do interior e rejeita territ\u00f3rios dispens\u00e1veis - Portal Tela Portugal","isPartOf":{"@id":"https:\/\/portaltela.pt\/#website"},"primaryImageOfPage":{"@id":"https:\/\/portaltela.pt\/noticias\/2026\/02\/04\/seguro-defende-valorizacao-do-interior-e-rejeita-territorios-dispensaveis\/#primaryimage"},"image":{"@id":"https:\/\/portaltela.pt\/noticias\/2026\/02\/04\/seguro-defende-valorizacao-do-interior-e-rejeita-territorios-dispensaveis\/#primaryimage"},"thumbnailUrl":"https:\/\/portaltela.pt\/s.01k8rhncp4jt1\/2026\/02\/unnamed-file-1276.jpg","datePublished":"2026-02-04T15:19:17+00:00","author":{"@id":"https:\/\/portaltela.pt\/#\/schema\/person\/c4278d4a6028830caff9ee44b42d32ed"},"breadcrumb":{"@id":"https:\/\/portaltela.pt\/noticias\/2026\/02\/04\/seguro-defende-valorizacao-do-interior-e-rejeita-territorios-dispensaveis\/#breadcrumb"},"inLanguage":"pt-PT","potentialAction":[{"@type":"ReadAction","target":["https:\/\/portaltela.pt\/noticias\/2026\/02\/04\/seguro-defende-valorizacao-do-interior-e-rejeita-territorios-dispensaveis\/"]}]},{"@type":"ImageObject","inLanguage":"pt-PT","@id":"https:\/\/portaltela.pt\/noticias\/2026\/02\/04\/seguro-defende-valorizacao-do-interior-e-rejeita-territorios-dispensaveis\/#primaryimage","url":"https:\/\/portaltela.pt\/s.01k8rhncp4jt1\/2026\/02\/unnamed-file-1276.jpg","contentUrl":"https:\/\/portaltela.pt\/s.01k8rhncp4jt1\/2026\/02\/unnamed-file-1276.jpg","width":796,"height":448,"caption":"Photo"},{"@type":"BreadcrumbList","@id":"https:\/\/portaltela.pt\/noticias\/2026\/02\/04\/seguro-defende-valorizacao-do-interior-e-rejeita-territorios-dispensaveis\/#breadcrumb","itemListElement":[{"@type":"ListItem","position":1,"name":"In\u00edcio","item":"https:\/\/portaltela.pt\/"},{"@type":"ListItem","position":2,"name":"Seguro defende valoriza\u00e7\u00e3o do interior e rejeita territ\u00f3rios dispens\u00e1veis"}]},{"@type":"WebSite","@id":"https:\/\/portaltela.pt\/#website","url":"https:\/\/portaltela.pt\/","name":"Portal Tela Portugal","description":"","potentialAction":[{"@type":"SearchAction","target":{"@type":"EntryPoint","urlTemplate":"https:\/\/portaltela.pt\/?s={search_term_string}"},"query-input":{"@type":"PropertyValueSpecification","valueRequired":true,"valueName":"search_term_string"}}],"inLanguage":"pt-PT"},{"@type":"Person","@id":"https:\/\/portaltela.pt\/#\/schema\/person\/c4278d4a6028830caff9ee44b42d32ed","name":"Telinha","image":{"@type":"ImageObject","inLanguage":"pt-PT","@id":"https:\/\/portaltela.pt\/s.01k8rhncp4jt1\/2025\/11\/talking-bot-125x125.png","url":"https:\/\/portaltela.pt\/s.01k8rhncp4jt1\/2025\/11\/talking-bot-125x125.png","contentUrl":"https:\/\/portaltela.pt\/s.01k8rhncp4jt1\/2025\/11\/talking-bot-125x125.png","caption":"Telinha"},"sameAs":["https:\/\/portaltela.pt\/"],"url":"https:\/\/portaltela.pt\/por\/367410592786\/"}]}},"_links":{"self":[{"href":"https:\/\/portaltela.pt\/api\/wp\/v2\/posts\/197117","targetHints":{"allow":["GET"]}}],"collection":[{"href":"https:\/\/portaltela.pt\/api\/wp\/v2\/posts"}],"about":[{"href":"https:\/\/portaltela.pt\/api\/wp\/v2\/types\/post"}],"author":[{"embeddable":true,"href":"https:\/\/portaltela.pt\/api\/wp\/v2\/users\/2"}],"replies":[{"embeddable":true,"href":"https:\/\/portaltela.pt\/api\/wp\/v2\/comments?post=197117"}],"version-history":[{"count":0,"href":"https:\/\/portaltela.pt\/api\/wp\/v2\/posts\/197117\/revisions"}],"wp:featuredmedia":[{"embeddable":true,"href":"https:\/\/portaltela.pt\/api\/wp\/v2\/media\/197126"}],"wp:attachment":[{"href":"https:\/\/portaltela.pt\/api\/wp\/v2\/media?parent=197117"}],"wp:term":[{"taxonomy":"category","embeddable":true,"href":"https:\/\/portaltela.pt\/api\/wp\/v2\/categories?post=197117"},{"taxonomy":"post_tag","embeddable":true,"href":"https:\/\/portaltela.pt\/api\/wp\/v2\/tags?post=197117"}],"curies":[{"name":"wp","href":"https:\/\/api.w.org\/{rel}","templated":true}]}}