{"id":197106,"date":"2026-02-04T12:17:25","date_gmt":"2026-02-04T15:17:25","guid":{"rendered":"https:\/\/portaltela.pt\/noticias\/2026\/02\/04\/primeira-assinatura-digital-da-comissao-europeia-e-feita-em-portugal\/"},"modified":"2026-02-04T12:17:25","modified_gmt":"2026-02-04T15:17:25","slug":"primeira-assinatura-digital-da-comissao-europeia-e-feita-em-portugal","status":"publish","type":"post","link":"https:\/\/portaltela.pt\/noticias\/2026\/02\/04\/primeira-assinatura-digital-da-comissao-europeia-e-feita-em-portugal\/","title":{"rendered":"Primeira assinatura digital da Comiss\u00e3o Europeia \u00e9 feita em Portugal"},"content":{"rendered":"<p>A DigitalSign, nascida em Guimar\u00e3es, tornou-se a tecnologia por tr\u00e1s da primeira assinatura digital da Comiss\u00e3o Europeia. A empresa ganhou hoje o estatuto de prestadora qualificada de servi\u00e7os de confian\u00e7a digital, assegurando valor legal equivalente ao de documentos em papel, segundo a UE. O marco mostra a aposta de Portugal no centro da Europa digital.<\/p>\n<p>A solu\u00e7\u00e3o central \u00e9 o SigningDesk, plataforma que agrega assinatura eletr\u00f3nica, verifica\u00e7\u00e3o de identidade, certificados digitais, selos temporais e arquivo qualificado. O utilizador percebe a simplicidade, mas o sistema envolve uma cadeia t\u00e9cnica, legal e criptogr\u00e1fica alinhada ao regulamento eIDAS.<\/p>\n<p>O processo de escolha da Comiss\u00e3o Europeia envolveu escrut\u00ednio t\u00e9cnico rigoroso, desde arquitetura criptogr\u00e1fica at\u00e9 processos internos. A DigitalSign passou todos os testes, o que gerou confian\u00e7a no ecossistema p\u00fablico, financeiro e corporativo.<\/p>\n<h3>Solu\u00e7\u00f5es e impactos<\/h3>\n<p>Na banca, o SigningDesk facilita onboarding digital, contrata\u00e7\u00e3o remota e conformidade regulat\u00f3ria. Na sa\u00fade, oferece consentimentos informados com validade legal. Na log\u00edstica, permite provas digitais de entrega e responsabilidade. Em todos os setores atua como orquestrador de confian\u00e7a.<\/p>\n<p>A quest\u00e3o da durabilidade jur\u00eddica dos documentos \u00e9 assegurada pelo arquivo eletr\u00f3nico qualificado, com selos temporais, renova\u00e7\u00e3o criptogr\u00e1fica peri\u00f3dica e preserva\u00e7\u00e3o de formatos. O Long-Term Archive renova automaticamente a validade da assinatura para uso futuro em tribunal.<\/p>\n<p>Miguel Cruz, diretor comercial e de marketing, afirma que a identidade forte substitui passos meramente administrativos. A verifica\u00e7\u00e3o de identidade passa a ser central na arquitetura de seguran\u00e7a digital, evitando fraudes com deepfakes e IA generativa.<\/p>\n<h3>Futuro e soberania europeia<\/h3>\n<p>As carteiras digitais europeias prometem partilhar apenas atributos verific\u00e1veis, aumentando privacidade e efici\u00eancia. A DigitalSign j\u00e1 tem a primeira wallet portuguesa aprovada pela Comiss\u00e3o Europeia, posicionando-se como infraestrutura de confian\u00e7a no ecossistema europeu.<\/p>\n<p>A empresa defende que a DigitalSign \u00e9 exemplo de soberania digital europeia desenvolvida em Portugal, com tecnologia pr\u00f3pria e alinhamento com valores de privacidade, seguran\u00e7a e legalidade. A ambi\u00e7\u00e3o \u00e9 contribuir para a nova economia da confian\u00e7a digital na Europa.<\/p>\n","protected":false},"excerpt":{"rendered":"<ul>\n<li>A DigitalSign, nascida em Guimar\u00e3es, forneceu a tecnologia por tr\u00e1s da primeira assinatura digital da Comiss\u00e3o Europeia.<\/li>\n<li>A empresa foi certificada pela Uni\u00e3o Europeia como prestadora qualificada de servi\u00e7os de confian\u00e7a digital, com valor legal equivalente ao de documentos em papel.<\/li>\n<li>A plataforma SigningDesk integra assinatura eletr\u00f3nica, verifica\u00e7\u00e3o de identidade, certificados digitais, selos temporais e arquivo eletr\u00f3nico qualificado.<\/li>\n<li>O sistema garante identidade forte, conte\u00fado assinado e validade da prova ao longo do tempo, com arquivo eletr\u00f3nico qualificado e renova\u00e7\u00e3o criptogr\u00e1fica peri\u00f3dica para validade futura.<\/li>\n<li>A DigitalSign j\u00e1 tem a primeira wallet portuguesa aprovada pela Comiss\u00e3o Europeia, posicionando\u2011se como infraestrutura de confian\u00e7a no ecossistema europeu.<\/li>\n<\/ul>\n","protected":false},"author":2,"featured_media":197111,"comment_status":"closed","ping_status":"closed","sticky":false,"template":"","format":"standard","meta":{"footnotes":""},"categories":[1],"tags":[4272,1638,4781,5133,1014,2215],"class_list":["post-197106","post","type-post","status-publish","format-standard","has-post-thumbnail","hentry","category-noticias","tag-assinaturas","tag-comissao-europeia","tag-identidade-digital-verificavel","tag-identidade-eletronica","tag-portugal","tag-protecao-da-privacidade"],"yoast_head":"<!-- This site is optimized with the Yoast SEO plugin v27.2 - https:\/\/yoast.com\/product\/yoast-seo-wordpress\/ -->\n<title>Primeira assinatura digital da Comiss\u00e3o Europeia \u00e9 feita em Portugal - Portal Tela Portugal<\/title>\n<meta name=\"robots\" content=\"index, follow, max-snippet:-1, max-image-preview:large, max-video-preview:-1\" \/>\n<meta property=\"og:locale\" content=\"pt_PT\" \/>\n<meta property=\"og:type\" content=\"article\" \/>\n<meta property=\"og:title\" content=\"Primeira assinatura digital da Comiss\u00e3o Europeia \u00e9 feita em Portugal - Portal Tela Portugal\" \/>\n<meta property=\"og:description\" content=\"A DigitalSign, nascida em Guimar\u00e3es, forneceu a tecnologia por tr\u00e1s da primeira assinatura digital da Comiss\u00e3o Europeia. A empresa foi certificada pela Uni\u00e3o Europeia como prestadora qualificada de servi\u00e7os de confian\u00e7a digital, com valor legal equivalente ao de documentos em papel. A plataforma SigningDesk integra assinatura eletr\u00f3nica, verifica\u00e7\u00e3o de identidade, certificados digitais, selos temporais e arquivo eletr\u00f3nico qualificado. O sistema garante identidade forte, conte\u00fado assinado e validade da prova ao longo do tempo, com arquivo eletr\u00f3nico qualificado e renova\u00e7\u00e3o criptogr\u00e1fica peri\u00f3dica para validade futura. A DigitalSign j\u00e1 tem a primeira wallet portuguesa aprovada pela Comiss\u00e3o Europeia, posicionando\u2011se como infraestrutura de confian\u00e7a no ecossistema europeu.\" \/>\n<meta property=\"og:url\" content=\"https:\/\/portaltela.pt\/noticias\/2026\/02\/04\/primeira-assinatura-digital-da-comissao-europeia-e-feita-em-portugal\/\" \/>\n<meta property=\"og:site_name\" content=\"Portal Tela Portugal\" \/>\n<meta property=\"article:published_time\" content=\"2026-02-04T15:17:25+00:00\" \/>\n<meta name=\"author\" content=\"Telinha\" \/>\n<meta name=\"twitter:card\" content=\"summary_large_image\" \/>\n<meta name=\"twitter:label1\" content=\"Escrito por\" \/>\n\t<meta name=\"twitter:data1\" content=\"Telinha\" \/>\n\t<meta name=\"twitter:label2\" content=\"Tempo estimado de leitura\" \/>\n\t<meta name=\"twitter:data2\" content=\"2 minutos\" \/>\n<script type=\"application\/ld+json\" class=\"yoast-schema-graph\">{\"@context\":\"https:\/\/schema.org\",\"@graph\":[{\"@type\":\"Article\",\"@id\":\"https:\/\/portaltela.pt\/noticias\/2026\/02\/04\/primeira-assinatura-digital-da-comissao-europeia-e-feita-em-portugal\/#article\",\"isPartOf\":{\"@id\":\"https:\/\/portaltela.pt\/noticias\/2026\/02\/04\/primeira-assinatura-digital-da-comissao-europeia-e-feita-em-portugal\/\"},\"author\":{\"name\":\"Telinha\",\"@id\":\"https:\/\/portaltela.pt\/#\/schema\/person\/c4278d4a6028830caff9ee44b42d32ed\"},\"headline\":\"Primeira assinatura digital da Comiss\u00e3o Europeia \u00e9 feita em Portugal\",\"datePublished\":\"2026-02-04T15:17:25+00:00\",\"mainEntityOfPage\":{\"@id\":\"https:\/\/portaltela.pt\/noticias\/2026\/02\/04\/primeira-assinatura-digital-da-comissao-europeia-e-feita-em-portugal\/\"},\"wordCount\":364,\"image\":{\"@id\":\"https:\/\/portaltela.pt\/noticias\/2026\/02\/04\/primeira-assinatura-digital-da-comissao-europeia-e-feita-em-portugal\/#primaryimage\"},\"thumbnailUrl\":\"https:\/\/portaltela.pt\/s.01k8rhncp4jt1\/2026\/02\/unnamed-file-1272.jpg\",\"keywords\":[\"assinaturas\",\"Comiss\u00e3o Europeia\",\"identidade digital verific\u00e1vel\",\"Identidade eletr\u00f3nica\",\"Portugal\",\"prote\u00e7\u00e3o da privacidade\"],\"articleSection\":[\"Not\u00edcias\"],\"inLanguage\":\"pt-PT\"},{\"@type\":\"WebPage\",\"@id\":\"https:\/\/portaltela.pt\/noticias\/2026\/02\/04\/primeira-assinatura-digital-da-comissao-europeia-e-feita-em-portugal\/\",\"url\":\"https:\/\/portaltela.pt\/noticias\/2026\/02\/04\/primeira-assinatura-digital-da-comissao-europeia-e-feita-em-portugal\/\",\"name\":\"Primeira assinatura digital da Comiss\u00e3o Europeia \u00e9 feita em Portugal - Portal Tela Portugal\",\"isPartOf\":{\"@id\":\"https:\/\/portaltela.pt\/#website\"},\"primaryImageOfPage\":{\"@id\":\"https:\/\/portaltela.pt\/noticias\/2026\/02\/04\/primeira-assinatura-digital-da-comissao-europeia-e-feita-em-portugal\/#primaryimage\"},\"image\":{\"@id\":\"https:\/\/portaltela.pt\/noticias\/2026\/02\/04\/primeira-assinatura-digital-da-comissao-europeia-e-feita-em-portugal\/#primaryimage\"},\"thumbnailUrl\":\"https:\/\/portaltela.pt\/s.01k8rhncp4jt1\/2026\/02\/unnamed-file-1272.jpg\",\"datePublished\":\"2026-02-04T15:17:25+00:00\",\"author\":{\"@id\":\"https:\/\/portaltela.pt\/#\/schema\/person\/c4278d4a6028830caff9ee44b42d32ed\"},\"breadcrumb\":{\"@id\":\"https:\/\/portaltela.pt\/noticias\/2026\/02\/04\/primeira-assinatura-digital-da-comissao-europeia-e-feita-em-portugal\/#breadcrumb\"},\"inLanguage\":\"pt-PT\",\"potentialAction\":[{\"@type\":\"ReadAction\",\"target\":[\"https:\/\/portaltela.pt\/noticias\/2026\/02\/04\/primeira-assinatura-digital-da-comissao-europeia-e-feita-em-portugal\/\"]}]},{\"@type\":\"ImageObject\",\"inLanguage\":\"pt-PT\",\"@id\":\"https:\/\/portaltela.pt\/noticias\/2026\/02\/04\/primeira-assinatura-digital-da-comissao-europeia-e-feita-em-portugal\/#primaryimage\",\"url\":\"https:\/\/portaltela.pt\/s.01k8rhncp4jt1\/2026\/02\/unnamed-file-1272.jpg\",\"contentUrl\":\"https:\/\/portaltela.pt\/s.01k8rhncp4jt1\/2026\/02\/unnamed-file-1272.jpg\",\"width\":796,\"height\":448,\"caption\":\"A primeira assinatura digital da Comiss\u00e3o Europeia \u00e9 \u201cmade in Portugal\u201d\"},{\"@type\":\"BreadcrumbList\",\"@id\":\"https:\/\/portaltela.pt\/noticias\/2026\/02\/04\/primeira-assinatura-digital-da-comissao-europeia-e-feita-em-portugal\/#breadcrumb\",\"itemListElement\":[{\"@type\":\"ListItem\",\"position\":1,\"name\":\"In\u00edcio\",\"item\":\"https:\/\/portaltela.pt\/\"},{\"@type\":\"ListItem\",\"position\":2,\"name\":\"Primeira assinatura digital da Comiss\u00e3o Europeia \u00e9 feita em Portugal\"}]},{\"@type\":\"WebSite\",\"@id\":\"https:\/\/portaltela.pt\/#website\",\"url\":\"https:\/\/portaltela.pt\/\",\"name\":\"Portal Tela Portugal\",\"description\":\"\",\"potentialAction\":[{\"@type\":\"SearchAction\",\"target\":{\"@type\":\"EntryPoint\",\"urlTemplate\":\"https:\/\/portaltela.pt\/?s={search_term_string}\"},\"query-input\":{\"@type\":\"PropertyValueSpecification\",\"valueRequired\":true,\"valueName\":\"search_term_string\"}}],\"inLanguage\":\"pt-PT\"},{\"@type\":\"Person\",\"@id\":\"https:\/\/portaltela.pt\/#\/schema\/person\/c4278d4a6028830caff9ee44b42d32ed\",\"name\":\"Telinha\",\"image\":{\"@type\":\"ImageObject\",\"inLanguage\":\"pt-PT\",\"@id\":\"https:\/\/portaltela.pt\/s.01k8rhncp4jt1\/2025\/11\/talking-bot-125x125.png\",\"url\":\"https:\/\/portaltela.pt\/s.01k8rhncp4jt1\/2025\/11\/talking-bot-125x125.png\",\"contentUrl\":\"https:\/\/portaltela.pt\/s.01k8rhncp4jt1\/2025\/11\/talking-bot-125x125.png\",\"caption\":\"Telinha\"},\"sameAs\":[\"https:\/\/portaltela.pt\/\"],\"url\":\"https:\/\/portaltela.pt\/por\/367410592786\/\"}]}<\/script>\n<!-- \/ Yoast SEO plugin. -->","yoast_head_json":{"title":"Primeira assinatura digital da Comiss\u00e3o Europeia \u00e9 feita em Portugal - Portal Tela Portugal","robots":{"index":"index","follow":"follow","max-snippet":"max-snippet:-1","max-image-preview":"max-image-preview:large","max-video-preview":"max-video-preview:-1"},"og_locale":"pt_PT","og_type":"article","og_title":"Primeira assinatura digital da Comiss\u00e3o Europeia \u00e9 feita em Portugal - Portal Tela Portugal","og_description":"A DigitalSign, nascida em Guimar\u00e3es, forneceu a tecnologia por tr\u00e1s da primeira assinatura digital da Comiss\u00e3o Europeia. A empresa foi certificada pela Uni\u00e3o Europeia como prestadora qualificada de servi\u00e7os de confian\u00e7a digital, com valor legal equivalente ao de documentos em papel. A plataforma SigningDesk integra assinatura eletr\u00f3nica, verifica\u00e7\u00e3o de identidade, certificados digitais, selos temporais e arquivo eletr\u00f3nico qualificado. O sistema garante identidade forte, conte\u00fado assinado e validade da prova ao longo do tempo, com arquivo eletr\u00f3nico qualificado e renova\u00e7\u00e3o criptogr\u00e1fica peri\u00f3dica para validade futura. A DigitalSign j\u00e1 tem a primeira wallet portuguesa aprovada pela Comiss\u00e3o Europeia, posicionando\u2011se como infraestrutura de confian\u00e7a no ecossistema europeu.","og_url":"https:\/\/portaltela.pt\/noticias\/2026\/02\/04\/primeira-assinatura-digital-da-comissao-europeia-e-feita-em-portugal\/","og_site_name":"Portal Tela Portugal","article_published_time":"2026-02-04T15:17:25+00:00","author":"Telinha","twitter_card":"summary_large_image","twitter_misc":{"Escrito por":"Telinha","Tempo estimado de leitura":"2 minutos"},"schema":{"@context":"https:\/\/schema.org","@graph":[{"@type":"Article","@id":"https:\/\/portaltela.pt\/noticias\/2026\/02\/04\/primeira-assinatura-digital-da-comissao-europeia-e-feita-em-portugal\/#article","isPartOf":{"@id":"https:\/\/portaltela.pt\/noticias\/2026\/02\/04\/primeira-assinatura-digital-da-comissao-europeia-e-feita-em-portugal\/"},"author":{"name":"Telinha","@id":"https:\/\/portaltela.pt\/#\/schema\/person\/c4278d4a6028830caff9ee44b42d32ed"},"headline":"Primeira assinatura digital da Comiss\u00e3o Europeia \u00e9 feita em Portugal","datePublished":"2026-02-04T15:17:25+00:00","mainEntityOfPage":{"@id":"https:\/\/portaltela.pt\/noticias\/2026\/02\/04\/primeira-assinatura-digital-da-comissao-europeia-e-feita-em-portugal\/"},"wordCount":364,"image":{"@id":"https:\/\/portaltela.pt\/noticias\/2026\/02\/04\/primeira-assinatura-digital-da-comissao-europeia-e-feita-em-portugal\/#primaryimage"},"thumbnailUrl":"https:\/\/portaltela.pt\/s.01k8rhncp4jt1\/2026\/02\/unnamed-file-1272.jpg","keywords":["assinaturas","Comiss\u00e3o Europeia","identidade digital verific\u00e1vel","Identidade eletr\u00f3nica","Portugal","prote\u00e7\u00e3o da privacidade"],"articleSection":["Not\u00edcias"],"inLanguage":"pt-PT"},{"@type":"WebPage","@id":"https:\/\/portaltela.pt\/noticias\/2026\/02\/04\/primeira-assinatura-digital-da-comissao-europeia-e-feita-em-portugal\/","url":"https:\/\/portaltela.pt\/noticias\/2026\/02\/04\/primeira-assinatura-digital-da-comissao-europeia-e-feita-em-portugal\/","name":"Primeira assinatura digital da Comiss\u00e3o Europeia \u00e9 feita em Portugal - Portal Tela Portugal","isPartOf":{"@id":"https:\/\/portaltela.pt\/#website"},"primaryImageOfPage":{"@id":"https:\/\/portaltela.pt\/noticias\/2026\/02\/04\/primeira-assinatura-digital-da-comissao-europeia-e-feita-em-portugal\/#primaryimage"},"image":{"@id":"https:\/\/portaltela.pt\/noticias\/2026\/02\/04\/primeira-assinatura-digital-da-comissao-europeia-e-feita-em-portugal\/#primaryimage"},"thumbnailUrl":"https:\/\/portaltela.pt\/s.01k8rhncp4jt1\/2026\/02\/unnamed-file-1272.jpg","datePublished":"2026-02-04T15:17:25+00:00","author":{"@id":"https:\/\/portaltela.pt\/#\/schema\/person\/c4278d4a6028830caff9ee44b42d32ed"},"breadcrumb":{"@id":"https:\/\/portaltela.pt\/noticias\/2026\/02\/04\/primeira-assinatura-digital-da-comissao-europeia-e-feita-em-portugal\/#breadcrumb"},"inLanguage":"pt-PT","potentialAction":[{"@type":"ReadAction","target":["https:\/\/portaltela.pt\/noticias\/2026\/02\/04\/primeira-assinatura-digital-da-comissao-europeia-e-feita-em-portugal\/"]}]},{"@type":"ImageObject","inLanguage":"pt-PT","@id":"https:\/\/portaltela.pt\/noticias\/2026\/02\/04\/primeira-assinatura-digital-da-comissao-europeia-e-feita-em-portugal\/#primaryimage","url":"https:\/\/portaltela.pt\/s.01k8rhncp4jt1\/2026\/02\/unnamed-file-1272.jpg","contentUrl":"https:\/\/portaltela.pt\/s.01k8rhncp4jt1\/2026\/02\/unnamed-file-1272.jpg","width":796,"height":448,"caption":"A primeira assinatura digital da Comiss\u00e3o Europeia \u00e9 \u201cmade in Portugal\u201d"},{"@type":"BreadcrumbList","@id":"https:\/\/portaltela.pt\/noticias\/2026\/02\/04\/primeira-assinatura-digital-da-comissao-europeia-e-feita-em-portugal\/#breadcrumb","itemListElement":[{"@type":"ListItem","position":1,"name":"In\u00edcio","item":"https:\/\/portaltela.pt\/"},{"@type":"ListItem","position":2,"name":"Primeira assinatura digital da Comiss\u00e3o Europeia \u00e9 feita em Portugal"}]},{"@type":"WebSite","@id":"https:\/\/portaltela.pt\/#website","url":"https:\/\/portaltela.pt\/","name":"Portal Tela Portugal","description":"","potentialAction":[{"@type":"SearchAction","target":{"@type":"EntryPoint","urlTemplate":"https:\/\/portaltela.pt\/?s={search_term_string}"},"query-input":{"@type":"PropertyValueSpecification","valueRequired":true,"valueName":"search_term_string"}}],"inLanguage":"pt-PT"},{"@type":"Person","@id":"https:\/\/portaltela.pt\/#\/schema\/person\/c4278d4a6028830caff9ee44b42d32ed","name":"Telinha","image":{"@type":"ImageObject","inLanguage":"pt-PT","@id":"https:\/\/portaltela.pt\/s.01k8rhncp4jt1\/2025\/11\/talking-bot-125x125.png","url":"https:\/\/portaltela.pt\/s.01k8rhncp4jt1\/2025\/11\/talking-bot-125x125.png","contentUrl":"https:\/\/portaltela.pt\/s.01k8rhncp4jt1\/2025\/11\/talking-bot-125x125.png","caption":"Telinha"},"sameAs":["https:\/\/portaltela.pt\/"],"url":"https:\/\/portaltela.pt\/por\/367410592786\/"}]}},"_links":{"self":[{"href":"https:\/\/portaltela.pt\/api\/wp\/v2\/posts\/197106","targetHints":{"allow":["GET"]}}],"collection":[{"href":"https:\/\/portaltela.pt\/api\/wp\/v2\/posts"}],"about":[{"href":"https:\/\/portaltela.pt\/api\/wp\/v2\/types\/post"}],"author":[{"embeddable":true,"href":"https:\/\/portaltela.pt\/api\/wp\/v2\/users\/2"}],"replies":[{"embeddable":true,"href":"https:\/\/portaltela.pt\/api\/wp\/v2\/comments?post=197106"}],"version-history":[{"count":0,"href":"https:\/\/portaltela.pt\/api\/wp\/v2\/posts\/197106\/revisions"}],"wp:featuredmedia":[{"embeddable":true,"href":"https:\/\/portaltela.pt\/api\/wp\/v2\/media\/197111"}],"wp:attachment":[{"href":"https:\/\/portaltela.pt\/api\/wp\/v2\/media?parent=197106"}],"wp:term":[{"taxonomy":"category","embeddable":true,"href":"https:\/\/portaltela.pt\/api\/wp\/v2\/categories?post=197106"},{"taxonomy":"post_tag","embeddable":true,"href":"https:\/\/portaltela.pt\/api\/wp\/v2\/tags?post=197106"}],"curies":[{"name":"wp","href":"https:\/\/api.w.org\/{rel}","templated":true}]}}