{"id":197088,"date":"2026-02-04T12:20:00","date_gmt":"2026-02-04T15:20:00","guid":{"rendered":"https:\/\/portaltela.pt\/noticias\/2026\/02\/04\/antigo-lider-parlamentar-do-cds-pp-nogueira-de-brito-morre-aos-88-anos\/"},"modified":"2026-02-04T12:20:00","modified_gmt":"2026-02-04T15:20:00","slug":"antigo-lider-parlamentar-do-cds-pp-nogueira-de-brito-morre-aos-88-anos","status":"publish","type":"post","link":"https:\/\/portaltela.pt\/noticias\/politica\/2026\/02\/04\/antigo-lider-parlamentar-do-cds-pp-nogueira-de-brito-morre-aos-88-anos\/","title":{"rendered":"Antigo l\u00edder parlamentar do CDS-PP Nogueira de Brito morre aos 88 anos"},"content":{"rendered":"<p>O CDS-PP anunciou hoje a morte de Jos\u00e9 Lu\u00eds Nogueira de Brito, militante, dirigente, deputado e antigo l\u00edder parlamentar, aos 88 anos. O partido descreveu o falecimento como uma perda para a democracia.<\/p>\n<p>Nogueira de Brito foi uma figura central do CDS-PP, atuando como l\u00edder parlamentar em momentos-chave do partido. A confirma\u00e7\u00e3o foi feita pelo CDS-PP, que destacou a relev\u00e2ncia do hist\u00f3rico pol\u00edtico do dirigente.<\/p>\n<p>A equipa do CDS-PP n\u00e3o revelou detalhes sobre a causa ou local de falecimento. O partido expressou pesar pela perda de um rosto colegial do centrista, sem apresentar declara\u00e7\u00f5es adicionais neste momento.<\/p>\n","protected":false},"excerpt":{"rendered":"<ul>\n<li>CDS-PP anunciou a morte de Jos\u00e9 Lu\u00eds Nogueira de Brito, antigo l\u00edder parlamentar, aos 88 anos.<\/li>\n<li>Nogueira de Brito foi militante, dirigente e deputado do CDS-PP.<\/li>\n<li>A not\u00edcia foi publicada pela pr\u00f3pria forma\u00e7\u00e3o pol\u00edtica.<\/li>\n<\/ul>\n","protected":false},"author":2,"featured_media":197094,"comment_status":"closed","ping_status":"closed","sticky":false,"template":"","format":"standard","meta":{"footnotes":""},"categories":[1,5],"tags":[2478,3763,2795,3728,41,2832],"class_list":["post-197088","post","type-post","status-publish","format-standard","has-post-thumbnail","hentry","category-noticias","category-politica","tag-cds","tag-cds-cds","tag-democracia","tag-liderancas","tag-noticia","tag-politica"],"yoast_head":"<!-- This site is optimized with the Yoast SEO plugin v27.2 - https:\/\/yoast.com\/product\/yoast-seo-wordpress\/ -->\n<title>Antigo l\u00edder parlamentar do CDS-PP Nogueira de Brito morre aos 88 anos - Portal Tela Portugal<\/title>\n<meta name=\"robots\" content=\"index, follow, max-snippet:-1, max-image-preview:large, max-video-preview:-1\" \/>\n<meta property=\"og:locale\" content=\"pt_PT\" \/>\n<meta property=\"og:type\" content=\"article\" \/>\n<meta property=\"og:title\" content=\"Antigo l\u00edder parlamentar do CDS-PP Nogueira de Brito morre aos 88 anos - Portal Tela Portugal\" \/>\n<meta property=\"og:description\" content=\"CDS-PP anunciou a morte de Jos\u00e9 Lu\u00eds Nogueira de Brito, antigo l\u00edder parlamentar, aos 88 anos. Nogueira de Brito foi militante, dirigente e deputado do CDS-PP. A not\u00edcia foi publicada pela pr\u00f3pria forma\u00e7\u00e3o pol\u00edtica.\" \/>\n<meta property=\"og:url\" content=\"https:\/\/portaltela.pt\/noticias\/2026\/02\/04\/antigo-lider-parlamentar-do-cds-pp-nogueira-de-brito-morre-aos-88-anos\/\" \/>\n<meta property=\"og:site_name\" content=\"Portal Tela Portugal\" \/>\n<meta property=\"article:published_time\" content=\"2026-02-04T15:20:00+00:00\" \/>\n<meta name=\"author\" content=\"Telinha\" \/>\n<meta name=\"twitter:card\" content=\"summary_large_image\" \/>\n<meta name=\"twitter:label1\" content=\"Escrito por\" \/>\n\t<meta name=\"twitter:data1\" content=\"Telinha\" \/>\n\t<meta name=\"twitter:label2\" content=\"Tempo estimado de leitura\" \/>\n\t<meta name=\"twitter:data2\" content=\"1 minuto\" \/>\n<script type=\"application\/ld+json\" class=\"yoast-schema-graph\">{\"@context\":\"https:\/\/schema.org\",\"@graph\":[{\"@type\":\"Article\",\"@id\":\"https:\/\/portaltela.pt\/noticias\/2026\/02\/04\/antigo-lider-parlamentar-do-cds-pp-nogueira-de-brito-morre-aos-88-anos\/#article\",\"isPartOf\":{\"@id\":\"https:\/\/portaltela.pt\/noticias\/2026\/02\/04\/antigo-lider-parlamentar-do-cds-pp-nogueira-de-brito-morre-aos-88-anos\/\"},\"author\":{\"name\":\"Telinha\",\"@id\":\"https:\/\/portaltela.pt\/#\/schema\/person\/c4278d4a6028830caff9ee44b42d32ed\"},\"headline\":\"Antigo l\u00edder parlamentar do CDS-PP Nogueira de Brito morre aos 88 anos\",\"datePublished\":\"2026-02-04T15:20:00+00:00\",\"mainEntityOfPage\":{\"@id\":\"https:\/\/portaltela.pt\/noticias\/2026\/02\/04\/antigo-lider-parlamentar-do-cds-pp-nogueira-de-brito-morre-aos-88-anos\/\"},\"wordCount\":117,\"image\":{\"@id\":\"https:\/\/portaltela.pt\/noticias\/2026\/02\/04\/antigo-lider-parlamentar-do-cds-pp-nogueira-de-brito-morre-aos-88-anos\/#primaryimage\"},\"thumbnailUrl\":\"https:\/\/portaltela.pt\/s.01k8rhncp4jt1\/2026\/02\/CACHE_780X1200_ANALOG_WATERMARKED_17989843_1726399_02042019105751.jpg\",\"keywords\":[\"CDS\",\"CDS\/CDS\",\"democracia\",\"lideran\u00e7as\",\"not\u00edcia\",\"pol\u00edtica\"],\"articleSection\":[\"Not\u00edcias\",\"Pol\u00edtica\"],\"inLanguage\":\"pt-PT\"},{\"@type\":\"WebPage\",\"@id\":\"https:\/\/portaltela.pt\/noticias\/2026\/02\/04\/antigo-lider-parlamentar-do-cds-pp-nogueira-de-brito-morre-aos-88-anos\/\",\"url\":\"https:\/\/portaltela.pt\/noticias\/2026\/02\/04\/antigo-lider-parlamentar-do-cds-pp-nogueira-de-brito-morre-aos-88-anos\/\",\"name\":\"Antigo l\u00edder parlamentar do CDS-PP Nogueira de Brito morre aos 88 anos - Portal Tela Portugal\",\"isPartOf\":{\"@id\":\"https:\/\/portaltela.pt\/#website\"},\"primaryImageOfPage\":{\"@id\":\"https:\/\/portaltela.pt\/noticias\/2026\/02\/04\/antigo-lider-parlamentar-do-cds-pp-nogueira-de-brito-morre-aos-88-anos\/#primaryimage\"},\"image\":{\"@id\":\"https:\/\/portaltela.pt\/noticias\/2026\/02\/04\/antigo-lider-parlamentar-do-cds-pp-nogueira-de-brito-morre-aos-88-anos\/#primaryimage\"},\"thumbnailUrl\":\"https:\/\/portaltela.pt\/s.01k8rhncp4jt1\/2026\/02\/CACHE_780X1200_ANALOG_WATERMARKED_17989843_1726399_02042019105751.jpg\",\"datePublished\":\"2026-02-04T15:20:00+00:00\",\"author\":{\"@id\":\"https:\/\/portaltela.pt\/#\/schema\/person\/c4278d4a6028830caff9ee44b42d32ed\"},\"breadcrumb\":{\"@id\":\"https:\/\/portaltela.pt\/noticias\/2026\/02\/04\/antigo-lider-parlamentar-do-cds-pp-nogueira-de-brito-morre-aos-88-anos\/#breadcrumb\"},\"inLanguage\":\"pt-PT\",\"potentialAction\":[{\"@type\":\"ReadAction\",\"target\":[\"https:\/\/portaltela.pt\/noticias\/2026\/02\/04\/antigo-lider-parlamentar-do-cds-pp-nogueira-de-brito-morre-aos-88-anos\/\"]}]},{\"@type\":\"ImageObject\",\"inLanguage\":\"pt-PT\",\"@id\":\"https:\/\/portaltela.pt\/noticias\/2026\/02\/04\/antigo-lider-parlamentar-do-cds-pp-nogueira-de-brito-morre-aos-88-anos\/#primaryimage\",\"url\":\"https:\/\/portaltela.pt\/s.01k8rhncp4jt1\/2026\/02\/CACHE_780X1200_ANALOG_WATERMARKED_17989843_1726399_02042019105751.jpg\",\"contentUrl\":\"https:\/\/portaltela.pt\/s.01k8rhncp4jt1\/2026\/02\/CACHE_780X1200_ANALOG_WATERMARKED_17989843_1726399_02042019105751.jpg\",\"width\":768,\"height\":523,\"caption\":\"Antigo l\u00edder parlamentar do CDS-PP Nogueira de Brito morre aos 88 anos\"},{\"@type\":\"BreadcrumbList\",\"@id\":\"https:\/\/portaltela.pt\/noticias\/2026\/02\/04\/antigo-lider-parlamentar-do-cds-pp-nogueira-de-brito-morre-aos-88-anos\/#breadcrumb\",\"itemListElement\":[{\"@type\":\"ListItem\",\"position\":1,\"name\":\"In\u00edcio\",\"item\":\"https:\/\/portaltela.pt\/\"},{\"@type\":\"ListItem\",\"position\":2,\"name\":\"Antigo l\u00edder parlamentar do CDS-PP Nogueira de Brito morre aos 88 anos\"}]},{\"@type\":\"WebSite\",\"@id\":\"https:\/\/portaltela.pt\/#website\",\"url\":\"https:\/\/portaltela.pt\/\",\"name\":\"Portal Tela Portugal\",\"description\":\"\",\"potentialAction\":[{\"@type\":\"SearchAction\",\"target\":{\"@type\":\"EntryPoint\",\"urlTemplate\":\"https:\/\/portaltela.pt\/?s={search_term_string}\"},\"query-input\":{\"@type\":\"PropertyValueSpecification\",\"valueRequired\":true,\"valueName\":\"search_term_string\"}}],\"inLanguage\":\"pt-PT\"},{\"@type\":\"Person\",\"@id\":\"https:\/\/portaltela.pt\/#\/schema\/person\/c4278d4a6028830caff9ee44b42d32ed\",\"name\":\"Telinha\",\"image\":{\"@type\":\"ImageObject\",\"inLanguage\":\"pt-PT\",\"@id\":\"https:\/\/portaltela.pt\/s.01k8rhncp4jt1\/2025\/11\/talking-bot-125x125.png\",\"url\":\"https:\/\/portaltela.pt\/s.01k8rhncp4jt1\/2025\/11\/talking-bot-125x125.png\",\"contentUrl\":\"https:\/\/portaltela.pt\/s.01k8rhncp4jt1\/2025\/11\/talking-bot-125x125.png\",\"caption\":\"Telinha\"},\"sameAs\":[\"https:\/\/portaltela.pt\/\"],\"url\":\"https:\/\/portaltela.pt\/por\/367410592786\/\"}]}<\/script>\n<!-- \/ Yoast SEO plugin. -->","yoast_head_json":{"title":"Antigo l\u00edder parlamentar do CDS-PP Nogueira de Brito morre aos 88 anos - Portal Tela Portugal","robots":{"index":"index","follow":"follow","max-snippet":"max-snippet:-1","max-image-preview":"max-image-preview:large","max-video-preview":"max-video-preview:-1"},"og_locale":"pt_PT","og_type":"article","og_title":"Antigo l\u00edder parlamentar do CDS-PP Nogueira de Brito morre aos 88 anos - Portal Tela Portugal","og_description":"CDS-PP anunciou a morte de Jos\u00e9 Lu\u00eds Nogueira de Brito, antigo l\u00edder parlamentar, aos 88 anos. Nogueira de Brito foi militante, dirigente e deputado do CDS-PP. A not\u00edcia foi publicada pela pr\u00f3pria forma\u00e7\u00e3o pol\u00edtica.","og_url":"https:\/\/portaltela.pt\/noticias\/2026\/02\/04\/antigo-lider-parlamentar-do-cds-pp-nogueira-de-brito-morre-aos-88-anos\/","og_site_name":"Portal Tela Portugal","article_published_time":"2026-02-04T15:20:00+00:00","author":"Telinha","twitter_card":"summary_large_image","twitter_misc":{"Escrito por":"Telinha","Tempo estimado de leitura":"1 minuto"},"schema":{"@context":"https:\/\/schema.org","@graph":[{"@type":"Article","@id":"https:\/\/portaltela.pt\/noticias\/2026\/02\/04\/antigo-lider-parlamentar-do-cds-pp-nogueira-de-brito-morre-aos-88-anos\/#article","isPartOf":{"@id":"https:\/\/portaltela.pt\/noticias\/2026\/02\/04\/antigo-lider-parlamentar-do-cds-pp-nogueira-de-brito-morre-aos-88-anos\/"},"author":{"name":"Telinha","@id":"https:\/\/portaltela.pt\/#\/schema\/person\/c4278d4a6028830caff9ee44b42d32ed"},"headline":"Antigo l\u00edder parlamentar do CDS-PP Nogueira de Brito morre aos 88 anos","datePublished":"2026-02-04T15:20:00+00:00","mainEntityOfPage":{"@id":"https:\/\/portaltela.pt\/noticias\/2026\/02\/04\/antigo-lider-parlamentar-do-cds-pp-nogueira-de-brito-morre-aos-88-anos\/"},"wordCount":117,"image":{"@id":"https:\/\/portaltela.pt\/noticias\/2026\/02\/04\/antigo-lider-parlamentar-do-cds-pp-nogueira-de-brito-morre-aos-88-anos\/#primaryimage"},"thumbnailUrl":"https:\/\/portaltela.pt\/s.01k8rhncp4jt1\/2026\/02\/CACHE_780X1200_ANALOG_WATERMARKED_17989843_1726399_02042019105751.jpg","keywords":["CDS","CDS\/CDS","democracia","lideran\u00e7as","not\u00edcia","pol\u00edtica"],"articleSection":["Not\u00edcias","Pol\u00edtica"],"inLanguage":"pt-PT"},{"@type":"WebPage","@id":"https:\/\/portaltela.pt\/noticias\/2026\/02\/04\/antigo-lider-parlamentar-do-cds-pp-nogueira-de-brito-morre-aos-88-anos\/","url":"https:\/\/portaltela.pt\/noticias\/2026\/02\/04\/antigo-lider-parlamentar-do-cds-pp-nogueira-de-brito-morre-aos-88-anos\/","name":"Antigo l\u00edder parlamentar do CDS-PP Nogueira de Brito morre aos 88 anos - Portal Tela Portugal","isPartOf":{"@id":"https:\/\/portaltela.pt\/#website"},"primaryImageOfPage":{"@id":"https:\/\/portaltela.pt\/noticias\/2026\/02\/04\/antigo-lider-parlamentar-do-cds-pp-nogueira-de-brito-morre-aos-88-anos\/#primaryimage"},"image":{"@id":"https:\/\/portaltela.pt\/noticias\/2026\/02\/04\/antigo-lider-parlamentar-do-cds-pp-nogueira-de-brito-morre-aos-88-anos\/#primaryimage"},"thumbnailUrl":"https:\/\/portaltela.pt\/s.01k8rhncp4jt1\/2026\/02\/CACHE_780X1200_ANALOG_WATERMARKED_17989843_1726399_02042019105751.jpg","datePublished":"2026-02-04T15:20:00+00:00","author":{"@id":"https:\/\/portaltela.pt\/#\/schema\/person\/c4278d4a6028830caff9ee44b42d32ed"},"breadcrumb":{"@id":"https:\/\/portaltela.pt\/noticias\/2026\/02\/04\/antigo-lider-parlamentar-do-cds-pp-nogueira-de-brito-morre-aos-88-anos\/#breadcrumb"},"inLanguage":"pt-PT","potentialAction":[{"@type":"ReadAction","target":["https:\/\/portaltela.pt\/noticias\/2026\/02\/04\/antigo-lider-parlamentar-do-cds-pp-nogueira-de-brito-morre-aos-88-anos\/"]}]},{"@type":"ImageObject","inLanguage":"pt-PT","@id":"https:\/\/portaltela.pt\/noticias\/2026\/02\/04\/antigo-lider-parlamentar-do-cds-pp-nogueira-de-brito-morre-aos-88-anos\/#primaryimage","url":"https:\/\/portaltela.pt\/s.01k8rhncp4jt1\/2026\/02\/CACHE_780X1200_ANALOG_WATERMARKED_17989843_1726399_02042019105751.jpg","contentUrl":"https:\/\/portaltela.pt\/s.01k8rhncp4jt1\/2026\/02\/CACHE_780X1200_ANALOG_WATERMARKED_17989843_1726399_02042019105751.jpg","width":768,"height":523,"caption":"Antigo l\u00edder parlamentar do CDS-PP Nogueira de Brito morre aos 88 anos"},{"@type":"BreadcrumbList","@id":"https:\/\/portaltela.pt\/noticias\/2026\/02\/04\/antigo-lider-parlamentar-do-cds-pp-nogueira-de-brito-morre-aos-88-anos\/#breadcrumb","itemListElement":[{"@type":"ListItem","position":1,"name":"In\u00edcio","item":"https:\/\/portaltela.pt\/"},{"@type":"ListItem","position":2,"name":"Antigo l\u00edder parlamentar do CDS-PP Nogueira de Brito morre aos 88 anos"}]},{"@type":"WebSite","@id":"https:\/\/portaltela.pt\/#website","url":"https:\/\/portaltela.pt\/","name":"Portal Tela Portugal","description":"","potentialAction":[{"@type":"SearchAction","target":{"@type":"EntryPoint","urlTemplate":"https:\/\/portaltela.pt\/?s={search_term_string}"},"query-input":{"@type":"PropertyValueSpecification","valueRequired":true,"valueName":"search_term_string"}}],"inLanguage":"pt-PT"},{"@type":"Person","@id":"https:\/\/portaltela.pt\/#\/schema\/person\/c4278d4a6028830caff9ee44b42d32ed","name":"Telinha","image":{"@type":"ImageObject","inLanguage":"pt-PT","@id":"https:\/\/portaltela.pt\/s.01k8rhncp4jt1\/2025\/11\/talking-bot-125x125.png","url":"https:\/\/portaltela.pt\/s.01k8rhncp4jt1\/2025\/11\/talking-bot-125x125.png","contentUrl":"https:\/\/portaltela.pt\/s.01k8rhncp4jt1\/2025\/11\/talking-bot-125x125.png","caption":"Telinha"},"sameAs":["https:\/\/portaltela.pt\/"],"url":"https:\/\/portaltela.pt\/por\/367410592786\/"}]}},"_links":{"self":[{"href":"https:\/\/portaltela.pt\/api\/wp\/v2\/posts\/197088","targetHints":{"allow":["GET"]}}],"collection":[{"href":"https:\/\/portaltela.pt\/api\/wp\/v2\/posts"}],"about":[{"href":"https:\/\/portaltela.pt\/api\/wp\/v2\/types\/post"}],"author":[{"embeddable":true,"href":"https:\/\/portaltela.pt\/api\/wp\/v2\/users\/2"}],"replies":[{"embeddable":true,"href":"https:\/\/portaltela.pt\/api\/wp\/v2\/comments?post=197088"}],"version-history":[{"count":0,"href":"https:\/\/portaltela.pt\/api\/wp\/v2\/posts\/197088\/revisions"}],"wp:featuredmedia":[{"embeddable":true,"href":"https:\/\/portaltela.pt\/api\/wp\/v2\/media\/197094"}],"wp:attachment":[{"href":"https:\/\/portaltela.pt\/api\/wp\/v2\/media?parent=197088"}],"wp:term":[{"taxonomy":"category","embeddable":true,"href":"https:\/\/portaltela.pt\/api\/wp\/v2\/categories?post=197088"},{"taxonomy":"post_tag","embeddable":true,"href":"https:\/\/portaltela.pt\/api\/wp\/v2\/tags?post=197088"}],"curies":[{"name":"wp","href":"https:\/\/api.w.org\/{rel}","templated":true}]}}