{"id":197074,"date":"2026-02-04T12:29:24","date_gmt":"2026-02-04T15:29:24","guid":{"rendered":"https:\/\/portaltela.pt\/noticias\/2026\/02\/04\/porto-de-mos-enfrenta-problemas-pontuais-por-fogo-em-material-de-energia\/"},"modified":"2026-02-04T12:29:24","modified_gmt":"2026-02-04T15:29:24","slug":"porto-de-mos-enfrenta-problemas-pontuais-por-fogo-em-material-de-energia","status":"publish","type":"post","link":"https:\/\/portaltela.pt\/noticias\/2026\/02\/04\/porto-de-mos-enfrenta-problemas-pontuais-por-fogo-em-material-de-energia\/","title":{"rendered":"Porto de M\u00f3s enfrenta problemas pontuais por fogo em material de energia"},"content":{"rendered":"<p>O munic\u00edpio de Porto de M\u00f3s viu-se confrontado com problemas pontuais de energia ap\u00f3s um fogo ter afetado equipamentos el\u00e9tricos numa \u00e1rea da regi\u00e3o. Na noite de quarta-feira, uma fam\u00edlia de Mira de Aire foi realojada devido \u00e0 interrup\u00e7\u00e3o de fornecimento e a danos em infraestruturas el\u00e9tricas.<\/p>\n<p>Segundo o presidente da C\u00e2mara, Jorge Vala, a a\u00e7\u00e3o social municipal respondeu de imediato, realojando a fam\u00edlia em Mira de Aire. O autarca destacou ainda que houve a explos\u00e3o de um gerador e o inc\u00eandio num posto de transforma\u00e7\u00e3o, com outro gerador a arder num ponto de alimenta\u00e7\u00e3o diferente.<\/p>\n<h3>Impacto e resposta local<\/h3>\n<p>O munic\u00edpio j\u00e1 tinha instalado geradores em alguns postos de transforma\u00e7\u00e3o para abastecer zonas problem\u00e1ticas. Ainda assim, houve lugares com falta de energia el\u00e9trica at\u00e9 hoje, afetando a vida de quem estava sem energia h\u00e1 uma semana.<\/p>\n<p>Vala indicou que tamb\u00e9m houve roubo de gas\u00f3leo, num gerador situado numa \u00e1rea desprotegida, o que agravou a situa\u00e7\u00e3o de abastecimento. No total, a c\u00e2mara estima que cerca de 10% da popula\u00e7\u00e3o permane\u00e7a sem energia.<\/p>\n<p>Apesar dos problemas, as fontes locais asseguram que o abastecimento de \u00e1gua funciona de forma normalizada, com falhas pontuais pontuais associadas \u00e0 instabilidade energ\u00e9tica. As comunica\u00e7\u00f5es no concelho v\u00e3o sendo restabelecidas progressivamente.<\/p>\n<p>O autarca referiu ainda que Porto de M\u00f3s foi gravemente afetado pela adversidade clim\u00e1tica recente, com mais de 200 pessoas a registar danos significativos em habita\u00e7\u00f5es ou empresas, segundo informa\u00e7\u00f5es recebidas junto dos mun\u00edcipes.<\/p>\n<p>As autoridades nacionais destacam que o evento climat\u00e9rico causou destrui\u00e7\u00e3o generalizada na regi\u00e3o, com m\u00faltiplas ocorr\u00eancias em Leiria, Coimbra e Santar\u00e9m. O Governo decretou situa\u00e7\u00e3o de calamidade para 68 concelhos at\u00e9 domingo e anunciou um pacote de apoio de at\u00e9 2,5 mil milh\u00f5es de euros.<\/p>\n","protected":false},"excerpt":{"rendered":"<ul>\n<li>Uma fam\u00edlia foi realojada em Mira de Aire ap\u00f3s fogo ter queimado um gerador, um quadro el\u00e9trico e um posto de transforma\u00e7\u00e3o em Porto de M\u00f3s.<\/li>\n<li>O presidente da C\u00e2mara Municipal, Jorge Vala, afirmou que houve necessidade de resposta r\u00e1pida e que o servi\u00e7o de a\u00e7\u00e3o social est\u00e1 no terreno a ajudar.<\/li>\n<li>Cerca de 10% da popula\u00e7\u00e3o do concelho continua sem energia el\u00e9trica, com alguns locais j\u00e1 a receber apoio de geradores em postos de transforma\u00e7\u00e3o.<\/li>\n<li>O abastecimento de \u00e1gua permanece normal na maioria do concelho, com falhas pontuais associadas \u00e0 instabilidade energ\u00e9tica; as comunica\u00e7\u00f5es tamb\u00e9m est\u00e3o a recuperar.<\/li>\n<li>O munic\u00edpio estima mais de 200 pessoas com danos significativos em habita\u00e7\u00f5es ou empresas; o Governo declarou calamidade para 68 concelhos e lan\u00e7ou um pacote de apoio de at\u00e9 2,5 mil milh\u00f5es de euros.<\/li>\n<\/ul>\n","protected":false},"author":2,"featured_media":197076,"comment_status":"closed","ping_status":"closed","sticky":false,"template":"","format":"standard","meta":{"footnotes":""},"categories":[1],"tags":[2421,4687,174,1438,1385,1081],"class_list":["post-197074","post","type-post","status-publish","format-standard","has-post-thumbnail","hentry","category-noticias","tag-abastecimentos","tag-calamidade-publica","tag-energia","tag-incendio","tag-leiria","tag-mira"],"yoast_head":"<!-- This site is optimized with the Yoast SEO plugin v27.2 - https:\/\/yoast.com\/product\/yoast-seo-wordpress\/ -->\n<title>Porto de M\u00f3s enfrenta problemas pontuais por fogo em material de energia - Portal Tela Portugal<\/title>\n<meta name=\"robots\" content=\"index, follow, max-snippet:-1, max-image-preview:large, max-video-preview:-1\" \/>\n<meta property=\"og:locale\" content=\"pt_PT\" \/>\n<meta property=\"og:type\" content=\"article\" \/>\n<meta property=\"og:title\" content=\"Porto de M\u00f3s enfrenta problemas pontuais por fogo em material de energia - Portal Tela Portugal\" \/>\n<meta property=\"og:description\" content=\"Uma fam\u00edlia foi realojada em Mira de Aire ap\u00f3s fogo ter queimado um gerador, um quadro el\u00e9trico e um posto de transforma\u00e7\u00e3o em Porto de M\u00f3s. O presidente da C\u00e2mara Municipal, Jorge Vala, afirmou que houve necessidade de resposta r\u00e1pida e que o servi\u00e7o de a\u00e7\u00e3o social est\u00e1 no terreno a ajudar. Cerca de 10% da popula\u00e7\u00e3o do concelho continua sem energia el\u00e9trica, com alguns locais j\u00e1 a receber apoio de geradores em postos de transforma\u00e7\u00e3o. O abastecimento de \u00e1gua permanece normal na maioria do concelho, com falhas pontuais associadas \u00e0 instabilidade energ\u00e9tica; as comunica\u00e7\u00f5es tamb\u00e9m est\u00e3o a recuperar. O munic\u00edpio estima mais de 200 pessoas com danos significativos em habita\u00e7\u00f5es ou empresas; o Governo declarou calamidade para 68 concelhos e lan\u00e7ou um pacote de apoio de at\u00e9 2,5 mil milh\u00f5es de euros.\" \/>\n<meta property=\"og:url\" content=\"https:\/\/portaltela.pt\/noticias\/2026\/02\/04\/porto-de-mos-enfrenta-problemas-pontuais-por-fogo-em-material-de-energia\/\" \/>\n<meta property=\"og:site_name\" content=\"Portal Tela Portugal\" \/>\n<meta property=\"article:published_time\" content=\"2026-02-04T15:29:24+00:00\" \/>\n<meta name=\"author\" content=\"Telinha\" \/>\n<meta name=\"twitter:card\" content=\"summary_large_image\" \/>\n<meta name=\"twitter:label1\" content=\"Escrito por\" \/>\n\t<meta name=\"twitter:data1\" content=\"Telinha\" \/>\n\t<meta name=\"twitter:label2\" content=\"Tempo estimado de leitura\" \/>\n\t<meta name=\"twitter:data2\" content=\"2 minutos\" \/>\n<script type=\"application\/ld+json\" class=\"yoast-schema-graph\">{\"@context\":\"https:\/\/schema.org\",\"@graph\":[{\"@type\":\"Article\",\"@id\":\"https:\/\/portaltela.pt\/noticias\/2026\/02\/04\/porto-de-mos-enfrenta-problemas-pontuais-por-fogo-em-material-de-energia\/#article\",\"isPartOf\":{\"@id\":\"https:\/\/portaltela.pt\/noticias\/2026\/02\/04\/porto-de-mos-enfrenta-problemas-pontuais-por-fogo-em-material-de-energia\/\"},\"author\":{\"name\":\"Telinha\",\"@id\":\"https:\/\/portaltela.pt\/#\/schema\/person\/c4278d4a6028830caff9ee44b42d32ed\"},\"headline\":\"Porto de M\u00f3s enfrenta problemas pontuais por fogo em material de energia\",\"datePublished\":\"2026-02-04T15:29:24+00:00\",\"mainEntityOfPage\":{\"@id\":\"https:\/\/portaltela.pt\/noticias\/2026\/02\/04\/porto-de-mos-enfrenta-problemas-pontuais-por-fogo-em-material-de-energia\/\"},\"wordCount\":331,\"image\":{\"@id\":\"https:\/\/portaltela.pt\/noticias\/2026\/02\/04\/porto-de-mos-enfrenta-problemas-pontuais-por-fogo-em-material-de-energia\/#primaryimage\"},\"thumbnailUrl\":\"https:\/\/portaltela.pt\/s.01k8rhncp4jt1\/2026\/02\/img_1500x1000uu2026-01-29-18-04-45-2263419-5.jpg\",\"keywords\":[\"abastecimentos\",\"calamidade p\u00fablica\",\"energia\",\"inc\u00eandio\",\"Leiria\",\"Mira\"],\"articleSection\":[\"Not\u00edcias\"],\"inLanguage\":\"pt-PT\"},{\"@type\":\"WebPage\",\"@id\":\"https:\/\/portaltela.pt\/noticias\/2026\/02\/04\/porto-de-mos-enfrenta-problemas-pontuais-por-fogo-em-material-de-energia\/\",\"url\":\"https:\/\/portaltela.pt\/noticias\/2026\/02\/04\/porto-de-mos-enfrenta-problemas-pontuais-por-fogo-em-material-de-energia\/\",\"name\":\"Porto de M\u00f3s enfrenta problemas pontuais por fogo em material de energia - Portal Tela Portugal\",\"isPartOf\":{\"@id\":\"https:\/\/portaltela.pt\/#website\"},\"primaryImageOfPage\":{\"@id\":\"https:\/\/portaltela.pt\/noticias\/2026\/02\/04\/porto-de-mos-enfrenta-problemas-pontuais-por-fogo-em-material-de-energia\/#primaryimage\"},\"image\":{\"@id\":\"https:\/\/portaltela.pt\/noticias\/2026\/02\/04\/porto-de-mos-enfrenta-problemas-pontuais-por-fogo-em-material-de-energia\/#primaryimage\"},\"thumbnailUrl\":\"https:\/\/portaltela.pt\/s.01k8rhncp4jt1\/2026\/02\/img_1500x1000uu2026-01-29-18-04-45-2263419-5.jpg\",\"datePublished\":\"2026-02-04T15:29:24+00:00\",\"author\":{\"@id\":\"https:\/\/portaltela.pt\/#\/schema\/person\/c4278d4a6028830caff9ee44b42d32ed\"},\"breadcrumb\":{\"@id\":\"https:\/\/portaltela.pt\/noticias\/2026\/02\/04\/porto-de-mos-enfrenta-problemas-pontuais-por-fogo-em-material-de-energia\/#breadcrumb\"},\"inLanguage\":\"pt-PT\",\"potentialAction\":[{\"@type\":\"ReadAction\",\"target\":[\"https:\/\/portaltela.pt\/noticias\/2026\/02\/04\/porto-de-mos-enfrenta-problemas-pontuais-por-fogo-em-material-de-energia\/\"]}]},{\"@type\":\"ImageObject\",\"inLanguage\":\"pt-PT\",\"@id\":\"https:\/\/portaltela.pt\/noticias\/2026\/02\/04\/porto-de-mos-enfrenta-problemas-pontuais-por-fogo-em-material-de-energia\/#primaryimage\",\"url\":\"https:\/\/portaltela.pt\/s.01k8rhncp4jt1\/2026\/02\/img_1500x1000uu2026-01-29-18-04-45-2263419-5.jpg\",\"contentUrl\":\"https:\/\/portaltela.pt\/s.01k8rhncp4jt1\/2026\/02\/img_1500x1000uu2026-01-29-18-04-45-2263419-5.jpg\",\"width\":796,\"height\":448,\"caption\":\"Depress\u00e3o Kristin deixa rasto de destrui\u00e7\u00e3o no distrito de Leiria\"},{\"@type\":\"BreadcrumbList\",\"@id\":\"https:\/\/portaltela.pt\/noticias\/2026\/02\/04\/porto-de-mos-enfrenta-problemas-pontuais-por-fogo-em-material-de-energia\/#breadcrumb\",\"itemListElement\":[{\"@type\":\"ListItem\",\"position\":1,\"name\":\"In\u00edcio\",\"item\":\"https:\/\/portaltela.pt\/\"},{\"@type\":\"ListItem\",\"position\":2,\"name\":\"Porto de M\u00f3s enfrenta problemas pontuais por fogo em material de energia\"}]},{\"@type\":\"WebSite\",\"@id\":\"https:\/\/portaltela.pt\/#website\",\"url\":\"https:\/\/portaltela.pt\/\",\"name\":\"Portal Tela Portugal\",\"description\":\"\",\"potentialAction\":[{\"@type\":\"SearchAction\",\"target\":{\"@type\":\"EntryPoint\",\"urlTemplate\":\"https:\/\/portaltela.pt\/?s={search_term_string}\"},\"query-input\":{\"@type\":\"PropertyValueSpecification\",\"valueRequired\":true,\"valueName\":\"search_term_string\"}}],\"inLanguage\":\"pt-PT\"},{\"@type\":\"Person\",\"@id\":\"https:\/\/portaltela.pt\/#\/schema\/person\/c4278d4a6028830caff9ee44b42d32ed\",\"name\":\"Telinha\",\"image\":{\"@type\":\"ImageObject\",\"inLanguage\":\"pt-PT\",\"@id\":\"https:\/\/portaltela.pt\/s.01k8rhncp4jt1\/2025\/11\/talking-bot-125x125.png\",\"url\":\"https:\/\/portaltela.pt\/s.01k8rhncp4jt1\/2025\/11\/talking-bot-125x125.png\",\"contentUrl\":\"https:\/\/portaltela.pt\/s.01k8rhncp4jt1\/2025\/11\/talking-bot-125x125.png\",\"caption\":\"Telinha\"},\"sameAs\":[\"https:\/\/portaltela.pt\/\"],\"url\":\"https:\/\/portaltela.pt\/por\/367410592786\/\"}]}<\/script>\n<!-- \/ Yoast SEO plugin. -->","yoast_head_json":{"title":"Porto de M\u00f3s enfrenta problemas pontuais por fogo em material de energia - Portal Tela Portugal","robots":{"index":"index","follow":"follow","max-snippet":"max-snippet:-1","max-image-preview":"max-image-preview:large","max-video-preview":"max-video-preview:-1"},"og_locale":"pt_PT","og_type":"article","og_title":"Porto de M\u00f3s enfrenta problemas pontuais por fogo em material de energia - Portal Tela Portugal","og_description":"Uma fam\u00edlia foi realojada em Mira de Aire ap\u00f3s fogo ter queimado um gerador, um quadro el\u00e9trico e um posto de transforma\u00e7\u00e3o em Porto de M\u00f3s. O presidente da C\u00e2mara Municipal, Jorge Vala, afirmou que houve necessidade de resposta r\u00e1pida e que o servi\u00e7o de a\u00e7\u00e3o social est\u00e1 no terreno a ajudar. Cerca de 10% da popula\u00e7\u00e3o do concelho continua sem energia el\u00e9trica, com alguns locais j\u00e1 a receber apoio de geradores em postos de transforma\u00e7\u00e3o. O abastecimento de \u00e1gua permanece normal na maioria do concelho, com falhas pontuais associadas \u00e0 instabilidade energ\u00e9tica; as comunica\u00e7\u00f5es tamb\u00e9m est\u00e3o a recuperar. O munic\u00edpio estima mais de 200 pessoas com danos significativos em habita\u00e7\u00f5es ou empresas; o Governo declarou calamidade para 68 concelhos e lan\u00e7ou um pacote de apoio de at\u00e9 2,5 mil milh\u00f5es de euros.","og_url":"https:\/\/portaltela.pt\/noticias\/2026\/02\/04\/porto-de-mos-enfrenta-problemas-pontuais-por-fogo-em-material-de-energia\/","og_site_name":"Portal Tela Portugal","article_published_time":"2026-02-04T15:29:24+00:00","author":"Telinha","twitter_card":"summary_large_image","twitter_misc":{"Escrito por":"Telinha","Tempo estimado de leitura":"2 minutos"},"schema":{"@context":"https:\/\/schema.org","@graph":[{"@type":"Article","@id":"https:\/\/portaltela.pt\/noticias\/2026\/02\/04\/porto-de-mos-enfrenta-problemas-pontuais-por-fogo-em-material-de-energia\/#article","isPartOf":{"@id":"https:\/\/portaltela.pt\/noticias\/2026\/02\/04\/porto-de-mos-enfrenta-problemas-pontuais-por-fogo-em-material-de-energia\/"},"author":{"name":"Telinha","@id":"https:\/\/portaltela.pt\/#\/schema\/person\/c4278d4a6028830caff9ee44b42d32ed"},"headline":"Porto de M\u00f3s enfrenta problemas pontuais por fogo em material de energia","datePublished":"2026-02-04T15:29:24+00:00","mainEntityOfPage":{"@id":"https:\/\/portaltela.pt\/noticias\/2026\/02\/04\/porto-de-mos-enfrenta-problemas-pontuais-por-fogo-em-material-de-energia\/"},"wordCount":331,"image":{"@id":"https:\/\/portaltela.pt\/noticias\/2026\/02\/04\/porto-de-mos-enfrenta-problemas-pontuais-por-fogo-em-material-de-energia\/#primaryimage"},"thumbnailUrl":"https:\/\/portaltela.pt\/s.01k8rhncp4jt1\/2026\/02\/img_1500x1000uu2026-01-29-18-04-45-2263419-5.jpg","keywords":["abastecimentos","calamidade p\u00fablica","energia","inc\u00eandio","Leiria","Mira"],"articleSection":["Not\u00edcias"],"inLanguage":"pt-PT"},{"@type":"WebPage","@id":"https:\/\/portaltela.pt\/noticias\/2026\/02\/04\/porto-de-mos-enfrenta-problemas-pontuais-por-fogo-em-material-de-energia\/","url":"https:\/\/portaltela.pt\/noticias\/2026\/02\/04\/porto-de-mos-enfrenta-problemas-pontuais-por-fogo-em-material-de-energia\/","name":"Porto de M\u00f3s enfrenta problemas pontuais por fogo em material de energia - Portal Tela Portugal","isPartOf":{"@id":"https:\/\/portaltela.pt\/#website"},"primaryImageOfPage":{"@id":"https:\/\/portaltela.pt\/noticias\/2026\/02\/04\/porto-de-mos-enfrenta-problemas-pontuais-por-fogo-em-material-de-energia\/#primaryimage"},"image":{"@id":"https:\/\/portaltela.pt\/noticias\/2026\/02\/04\/porto-de-mos-enfrenta-problemas-pontuais-por-fogo-em-material-de-energia\/#primaryimage"},"thumbnailUrl":"https:\/\/portaltela.pt\/s.01k8rhncp4jt1\/2026\/02\/img_1500x1000uu2026-01-29-18-04-45-2263419-5.jpg","datePublished":"2026-02-04T15:29:24+00:00","author":{"@id":"https:\/\/portaltela.pt\/#\/schema\/person\/c4278d4a6028830caff9ee44b42d32ed"},"breadcrumb":{"@id":"https:\/\/portaltela.pt\/noticias\/2026\/02\/04\/porto-de-mos-enfrenta-problemas-pontuais-por-fogo-em-material-de-energia\/#breadcrumb"},"inLanguage":"pt-PT","potentialAction":[{"@type":"ReadAction","target":["https:\/\/portaltela.pt\/noticias\/2026\/02\/04\/porto-de-mos-enfrenta-problemas-pontuais-por-fogo-em-material-de-energia\/"]}]},{"@type":"ImageObject","inLanguage":"pt-PT","@id":"https:\/\/portaltela.pt\/noticias\/2026\/02\/04\/porto-de-mos-enfrenta-problemas-pontuais-por-fogo-em-material-de-energia\/#primaryimage","url":"https:\/\/portaltela.pt\/s.01k8rhncp4jt1\/2026\/02\/img_1500x1000uu2026-01-29-18-04-45-2263419-5.jpg","contentUrl":"https:\/\/portaltela.pt\/s.01k8rhncp4jt1\/2026\/02\/img_1500x1000uu2026-01-29-18-04-45-2263419-5.jpg","width":796,"height":448,"caption":"Depress\u00e3o Kristin deixa rasto de destrui\u00e7\u00e3o no distrito de Leiria"},{"@type":"BreadcrumbList","@id":"https:\/\/portaltela.pt\/noticias\/2026\/02\/04\/porto-de-mos-enfrenta-problemas-pontuais-por-fogo-em-material-de-energia\/#breadcrumb","itemListElement":[{"@type":"ListItem","position":1,"name":"In\u00edcio","item":"https:\/\/portaltela.pt\/"},{"@type":"ListItem","position":2,"name":"Porto de M\u00f3s enfrenta problemas pontuais por fogo em material de energia"}]},{"@type":"WebSite","@id":"https:\/\/portaltela.pt\/#website","url":"https:\/\/portaltela.pt\/","name":"Portal Tela Portugal","description":"","potentialAction":[{"@type":"SearchAction","target":{"@type":"EntryPoint","urlTemplate":"https:\/\/portaltela.pt\/?s={search_term_string}"},"query-input":{"@type":"PropertyValueSpecification","valueRequired":true,"valueName":"search_term_string"}}],"inLanguage":"pt-PT"},{"@type":"Person","@id":"https:\/\/portaltela.pt\/#\/schema\/person\/c4278d4a6028830caff9ee44b42d32ed","name":"Telinha","image":{"@type":"ImageObject","inLanguage":"pt-PT","@id":"https:\/\/portaltela.pt\/s.01k8rhncp4jt1\/2025\/11\/talking-bot-125x125.png","url":"https:\/\/portaltela.pt\/s.01k8rhncp4jt1\/2025\/11\/talking-bot-125x125.png","contentUrl":"https:\/\/portaltela.pt\/s.01k8rhncp4jt1\/2025\/11\/talking-bot-125x125.png","caption":"Telinha"},"sameAs":["https:\/\/portaltela.pt\/"],"url":"https:\/\/portaltela.pt\/por\/367410592786\/"}]}},"_links":{"self":[{"href":"https:\/\/portaltela.pt\/api\/wp\/v2\/posts\/197074","targetHints":{"allow":["GET"]}}],"collection":[{"href":"https:\/\/portaltela.pt\/api\/wp\/v2\/posts"}],"about":[{"href":"https:\/\/portaltela.pt\/api\/wp\/v2\/types\/post"}],"author":[{"embeddable":true,"href":"https:\/\/portaltela.pt\/api\/wp\/v2\/users\/2"}],"replies":[{"embeddable":true,"href":"https:\/\/portaltela.pt\/api\/wp\/v2\/comments?post=197074"}],"version-history":[{"count":0,"href":"https:\/\/portaltela.pt\/api\/wp\/v2\/posts\/197074\/revisions"}],"wp:featuredmedia":[{"embeddable":true,"href":"https:\/\/portaltela.pt\/api\/wp\/v2\/media\/197076"}],"wp:attachment":[{"href":"https:\/\/portaltela.pt\/api\/wp\/v2\/media?parent=197074"}],"wp:term":[{"taxonomy":"category","embeddable":true,"href":"https:\/\/portaltela.pt\/api\/wp\/v2\/categories?post=197074"},{"taxonomy":"post_tag","embeddable":true,"href":"https:\/\/portaltela.pt\/api\/wp\/v2\/tags?post=197074"}],"curies":[{"name":"wp","href":"https:\/\/api.w.org\/{rel}","templated":true}]}}