{"id":197065,"date":"2026-02-04T12:17:41","date_gmt":"2026-02-04T15:17:41","guid":{"rendered":"https:\/\/portaltela.pt\/noticias\/2026\/02\/04\/agrupamento-em-leiria-recebeu-os-alunos-mais-novos-previsoes-preocupam\/"},"modified":"2026-02-04T12:17:41","modified_gmt":"2026-02-04T15:17:41","slug":"agrupamento-em-leiria-recebeu-os-alunos-mais-novos-previsoes-preocupam","status":"publish","type":"post","link":"https:\/\/portaltela.pt\/noticias\/2026\/02\/04\/agrupamento-em-leiria-recebeu-os-alunos-mais-novos-previsoes-preocupam\/","title":{"rendered":"Agrupamento em Leiria recebeu os alunos mais novos; previs\u00f5es preocupam"},"content":{"rendered":"<p>O Agrupamento de Escolas Henrique Sommer, em Leiria, reabriu nesta quarta-feira o pr\u00e9-escolar e algumas turmas do 1.\u00ba ciclo, ap\u00f3s a passagem da depress\u00e3o Kristin, mas a maioria dos alunos permanece sem aulas devido ao mau tempo.<\/p>\n<p>O diretor do agrupamento, Jorge Bajouco, disse \u00e0 Lusa que as condi\u00e7\u00f5es de seguran\u00e7a permitiram apenas essas aulas, com outras turmas ainda fora de casa.<\/p>\n<p>Os estragos ocorreram em Maceira, no concelho de Leiria, e, embora os trabalhos tenham come\u00e7ado na quarta-feira, ainda n\u00e3o h\u00e1 data prevista para a normaliza\u00e7\u00e3o das atividades letivas.<\/p>\n","protected":false},"excerpt":{"rendered":"<ul>\n<li>Em Leiria, o Agrupamento de Escolas Henrique Sommer j\u00e1 recebeu alguns dos alunos mais novos, incluindo o pr\u00e9-escolar e algumas turmas do 1.\u00ba ciclo.<\/li>\n<li>A reabertura ocorreu nesta quarta-feira, mas a maioria dos alunos continua sem aulas devido ao mau tempo.<\/li>\n<li>O diretor do agrupamento, Jorge Bajouco, afirmou que s\u00f3 abriram as turmas com condi\u00e7\u00f5es m\u00ednimas de seguran\u00e7a.<\/li>\n<li>As condi\u00e7\u00f5es futuras s\u00e3o incertas, devido \u00e0s previs\u00f5es meteorol\u00f3gicas da depress\u00e3o Kristin.<\/li>\n<li>Os estragos provocados pela depress\u00e3o j\u00e1 obrigaram a iniciar trabalhos de recupera\u00e7\u00e3o em Maceira, e ainda n\u00e3o \u00e9 poss\u00edvel receber todos os alunos.<\/li>\n<\/ul>\n","protected":false},"author":2,"featured_media":197070,"comment_status":"closed","ping_status":"closed","sticky":false,"template":"","format":"standard","meta":{"footnotes":""},"categories":[1],"tags":[3812,5329,163,101,5154,1385],"class_list":["post-197065","post","type-post","status-publish","format-standard","has-post-thumbnail","hentry","category-noticias","tag-alagamentos","tag-chuva","tag-educacao","tag-escolas","tag-estragos","tag-leiria"],"yoast_head":"<!-- This site is optimized with the Yoast SEO plugin v27.2 - https:\/\/yoast.com\/product\/yoast-seo-wordpress\/ -->\n<title>Agrupamento em Leiria recebeu os alunos mais novos; previs\u00f5es preocupam - Portal Tela Portugal<\/title>\n<meta name=\"robots\" content=\"index, follow, max-snippet:-1, max-image-preview:large, max-video-preview:-1\" \/>\n<meta property=\"og:locale\" content=\"pt_PT\" \/>\n<meta property=\"og:type\" content=\"article\" \/>\n<meta property=\"og:title\" content=\"Agrupamento em Leiria recebeu os alunos mais novos; previs\u00f5es preocupam - Portal Tela Portugal\" \/>\n<meta property=\"og:description\" content=\"Em Leiria, o Agrupamento de Escolas Henrique Sommer j\u00e1 recebeu alguns dos alunos mais novos, incluindo o pr\u00e9-escolar e algumas turmas do 1.\u00ba ciclo. A reabertura ocorreu nesta quarta-feira, mas a maioria dos alunos continua sem aulas devido ao mau tempo. O diretor do agrupamento, Jorge Bajouco, afirmou que s\u00f3 abriram as turmas com condi\u00e7\u00f5es m\u00ednimas de seguran\u00e7a. As condi\u00e7\u00f5es futuras s\u00e3o incertas, devido \u00e0s previs\u00f5es meteorol\u00f3gicas da depress\u00e3o Kristin. Os estragos provocados pela depress\u00e3o j\u00e1 obrigaram a iniciar trabalhos de recupera\u00e7\u00e3o em Maceira, e ainda n\u00e3o \u00e9 poss\u00edvel receber todos os alunos.\" \/>\n<meta property=\"og:url\" content=\"https:\/\/portaltela.pt\/noticias\/2026\/02\/04\/agrupamento-em-leiria-recebeu-os-alunos-mais-novos-previsoes-preocupam\/\" \/>\n<meta property=\"og:site_name\" content=\"Portal Tela Portugal\" \/>\n<meta property=\"article:published_time\" content=\"2026-02-04T15:17:41+00:00\" \/>\n<meta name=\"author\" content=\"Telinha\" \/>\n<meta name=\"twitter:card\" content=\"summary_large_image\" \/>\n<meta name=\"twitter:label1\" content=\"Escrito por\" \/>\n\t<meta name=\"twitter:data1\" content=\"Telinha\" \/>\n<script type=\"application\/ld+json\" class=\"yoast-schema-graph\">{\"@context\":\"https:\/\/schema.org\",\"@graph\":[{\"@type\":\"Article\",\"@id\":\"https:\/\/portaltela.pt\/noticias\/2026\/02\/04\/agrupamento-em-leiria-recebeu-os-alunos-mais-novos-previsoes-preocupam\/#article\",\"isPartOf\":{\"@id\":\"https:\/\/portaltela.pt\/noticias\/2026\/02\/04\/agrupamento-em-leiria-recebeu-os-alunos-mais-novos-previsoes-preocupam\/\"},\"author\":{\"name\":\"Telinha\",\"@id\":\"https:\/\/portaltela.pt\/#\/schema\/person\/c4278d4a6028830caff9ee44b42d32ed\"},\"headline\":\"Agrupamento em Leiria recebeu os alunos mais novos; previs\u00f5es preocupam\",\"datePublished\":\"2026-02-04T15:17:41+00:00\",\"mainEntityOfPage\":{\"@id\":\"https:\/\/portaltela.pt\/noticias\/2026\/02\/04\/agrupamento-em-leiria-recebeu-os-alunos-mais-novos-previsoes-preocupam\/\"},\"wordCount\":107,\"image\":{\"@id\":\"https:\/\/portaltela.pt\/noticias\/2026\/02\/04\/agrupamento-em-leiria-recebeu-os-alunos-mais-novos-previsoes-preocupam\/#primaryimage\"},\"thumbnailUrl\":\"https:\/\/portaltela.pt\/s.01k8rhncp4jt1\/2026\/02\/img_1280x721uu2026-02-04-12-34-07-2264666.jpg\",\"keywords\":[\"alagamentos\",\"chuva\",\"educa\u00e7\u00e3o\",\"escolas\",\"Estragos\",\"Leiria\"],\"articleSection\":[\"Not\u00edcias\"],\"inLanguage\":\"pt-PT\"},{\"@type\":\"WebPage\",\"@id\":\"https:\/\/portaltela.pt\/noticias\/2026\/02\/04\/agrupamento-em-leiria-recebeu-os-alunos-mais-novos-previsoes-preocupam\/\",\"url\":\"https:\/\/portaltela.pt\/noticias\/2026\/02\/04\/agrupamento-em-leiria-recebeu-os-alunos-mais-novos-previsoes-preocupam\/\",\"name\":\"Agrupamento em Leiria recebeu os alunos mais novos; previs\u00f5es preocupam - Portal Tela Portugal\",\"isPartOf\":{\"@id\":\"https:\/\/portaltela.pt\/#website\"},\"primaryImageOfPage\":{\"@id\":\"https:\/\/portaltela.pt\/noticias\/2026\/02\/04\/agrupamento-em-leiria-recebeu-os-alunos-mais-novos-previsoes-preocupam\/#primaryimage\"},\"image\":{\"@id\":\"https:\/\/portaltela.pt\/noticias\/2026\/02\/04\/agrupamento-em-leiria-recebeu-os-alunos-mais-novos-previsoes-preocupam\/#primaryimage\"},\"thumbnailUrl\":\"https:\/\/portaltela.pt\/s.01k8rhncp4jt1\/2026\/02\/img_1280x721uu2026-02-04-12-34-07-2264666.jpg\",\"datePublished\":\"2026-02-04T15:17:41+00:00\",\"author\":{\"@id\":\"https:\/\/portaltela.pt\/#\/schema\/person\/c4278d4a6028830caff9ee44b42d32ed\"},\"breadcrumb\":{\"@id\":\"https:\/\/portaltela.pt\/noticias\/2026\/02\/04\/agrupamento-em-leiria-recebeu-os-alunos-mais-novos-previsoes-preocupam\/#breadcrumb\"},\"inLanguage\":\"pt-PT\",\"potentialAction\":[{\"@type\":\"ReadAction\",\"target\":[\"https:\/\/portaltela.pt\/noticias\/2026\/02\/04\/agrupamento-em-leiria-recebeu-os-alunos-mais-novos-previsoes-preocupam\/\"]}]},{\"@type\":\"ImageObject\",\"inLanguage\":\"pt-PT\",\"@id\":\"https:\/\/portaltela.pt\/noticias\/2026\/02\/04\/agrupamento-em-leiria-recebeu-os-alunos-mais-novos-previsoes-preocupam\/#primaryimage\",\"url\":\"https:\/\/portaltela.pt\/s.01k8rhncp4jt1\/2026\/02\/img_1280x721uu2026-02-04-12-34-07-2264666.jpg\",\"contentUrl\":\"https:\/\/portaltela.pt\/s.01k8rhncp4jt1\/2026\/02\/img_1280x721uu2026-02-04-12-34-07-2264666.jpg\",\"width\":796,\"height\":448,\"caption\":\"Escola secund\u00e1ria em Leiria continua encerrada devido \u00e0s consequ\u00eancias do mau tempo\"},{\"@type\":\"BreadcrumbList\",\"@id\":\"https:\/\/portaltela.pt\/noticias\/2026\/02\/04\/agrupamento-em-leiria-recebeu-os-alunos-mais-novos-previsoes-preocupam\/#breadcrumb\",\"itemListElement\":[{\"@type\":\"ListItem\",\"position\":1,\"name\":\"In\u00edcio\",\"item\":\"https:\/\/portaltela.pt\/\"},{\"@type\":\"ListItem\",\"position\":2,\"name\":\"Agrupamento em Leiria recebeu os alunos mais novos; previs\u00f5es preocupam\"}]},{\"@type\":\"WebSite\",\"@id\":\"https:\/\/portaltela.pt\/#website\",\"url\":\"https:\/\/portaltela.pt\/\",\"name\":\"Portal Tela Portugal\",\"description\":\"\",\"potentialAction\":[{\"@type\":\"SearchAction\",\"target\":{\"@type\":\"EntryPoint\",\"urlTemplate\":\"https:\/\/portaltela.pt\/?s={search_term_string}\"},\"query-input\":{\"@type\":\"PropertyValueSpecification\",\"valueRequired\":true,\"valueName\":\"search_term_string\"}}],\"inLanguage\":\"pt-PT\"},{\"@type\":\"Person\",\"@id\":\"https:\/\/portaltela.pt\/#\/schema\/person\/c4278d4a6028830caff9ee44b42d32ed\",\"name\":\"Telinha\",\"image\":{\"@type\":\"ImageObject\",\"inLanguage\":\"pt-PT\",\"@id\":\"https:\/\/portaltela.pt\/s.01k8rhncp4jt1\/2025\/11\/talking-bot-125x125.png\",\"url\":\"https:\/\/portaltela.pt\/s.01k8rhncp4jt1\/2025\/11\/talking-bot-125x125.png\",\"contentUrl\":\"https:\/\/portaltela.pt\/s.01k8rhncp4jt1\/2025\/11\/talking-bot-125x125.png\",\"caption\":\"Telinha\"},\"sameAs\":[\"https:\/\/portaltela.pt\/\"],\"url\":\"https:\/\/portaltela.pt\/por\/367410592786\/\"}]}<\/script>\n<!-- \/ Yoast SEO plugin. -->","yoast_head_json":{"title":"Agrupamento em Leiria recebeu os alunos mais novos; previs\u00f5es preocupam - Portal Tela Portugal","robots":{"index":"index","follow":"follow","max-snippet":"max-snippet:-1","max-image-preview":"max-image-preview:large","max-video-preview":"max-video-preview:-1"},"og_locale":"pt_PT","og_type":"article","og_title":"Agrupamento em Leiria recebeu os alunos mais novos; previs\u00f5es preocupam - Portal Tela Portugal","og_description":"Em Leiria, o Agrupamento de Escolas Henrique Sommer j\u00e1 recebeu alguns dos alunos mais novos, incluindo o pr\u00e9-escolar e algumas turmas do 1.\u00ba ciclo. A reabertura ocorreu nesta quarta-feira, mas a maioria dos alunos continua sem aulas devido ao mau tempo. O diretor do agrupamento, Jorge Bajouco, afirmou que s\u00f3 abriram as turmas com condi\u00e7\u00f5es m\u00ednimas de seguran\u00e7a. As condi\u00e7\u00f5es futuras s\u00e3o incertas, devido \u00e0s previs\u00f5es meteorol\u00f3gicas da depress\u00e3o Kristin. Os estragos provocados pela depress\u00e3o j\u00e1 obrigaram a iniciar trabalhos de recupera\u00e7\u00e3o em Maceira, e ainda n\u00e3o \u00e9 poss\u00edvel receber todos os alunos.","og_url":"https:\/\/portaltela.pt\/noticias\/2026\/02\/04\/agrupamento-em-leiria-recebeu-os-alunos-mais-novos-previsoes-preocupam\/","og_site_name":"Portal Tela Portugal","article_published_time":"2026-02-04T15:17:41+00:00","author":"Telinha","twitter_card":"summary_large_image","twitter_misc":{"Escrito por":"Telinha"},"schema":{"@context":"https:\/\/schema.org","@graph":[{"@type":"Article","@id":"https:\/\/portaltela.pt\/noticias\/2026\/02\/04\/agrupamento-em-leiria-recebeu-os-alunos-mais-novos-previsoes-preocupam\/#article","isPartOf":{"@id":"https:\/\/portaltela.pt\/noticias\/2026\/02\/04\/agrupamento-em-leiria-recebeu-os-alunos-mais-novos-previsoes-preocupam\/"},"author":{"name":"Telinha","@id":"https:\/\/portaltela.pt\/#\/schema\/person\/c4278d4a6028830caff9ee44b42d32ed"},"headline":"Agrupamento em Leiria recebeu os alunos mais novos; previs\u00f5es preocupam","datePublished":"2026-02-04T15:17:41+00:00","mainEntityOfPage":{"@id":"https:\/\/portaltela.pt\/noticias\/2026\/02\/04\/agrupamento-em-leiria-recebeu-os-alunos-mais-novos-previsoes-preocupam\/"},"wordCount":107,"image":{"@id":"https:\/\/portaltela.pt\/noticias\/2026\/02\/04\/agrupamento-em-leiria-recebeu-os-alunos-mais-novos-previsoes-preocupam\/#primaryimage"},"thumbnailUrl":"https:\/\/portaltela.pt\/s.01k8rhncp4jt1\/2026\/02\/img_1280x721uu2026-02-04-12-34-07-2264666.jpg","keywords":["alagamentos","chuva","educa\u00e7\u00e3o","escolas","Estragos","Leiria"],"articleSection":["Not\u00edcias"],"inLanguage":"pt-PT"},{"@type":"WebPage","@id":"https:\/\/portaltela.pt\/noticias\/2026\/02\/04\/agrupamento-em-leiria-recebeu-os-alunos-mais-novos-previsoes-preocupam\/","url":"https:\/\/portaltela.pt\/noticias\/2026\/02\/04\/agrupamento-em-leiria-recebeu-os-alunos-mais-novos-previsoes-preocupam\/","name":"Agrupamento em Leiria recebeu os alunos mais novos; previs\u00f5es preocupam - Portal Tela Portugal","isPartOf":{"@id":"https:\/\/portaltela.pt\/#website"},"primaryImageOfPage":{"@id":"https:\/\/portaltela.pt\/noticias\/2026\/02\/04\/agrupamento-em-leiria-recebeu-os-alunos-mais-novos-previsoes-preocupam\/#primaryimage"},"image":{"@id":"https:\/\/portaltela.pt\/noticias\/2026\/02\/04\/agrupamento-em-leiria-recebeu-os-alunos-mais-novos-previsoes-preocupam\/#primaryimage"},"thumbnailUrl":"https:\/\/portaltela.pt\/s.01k8rhncp4jt1\/2026\/02\/img_1280x721uu2026-02-04-12-34-07-2264666.jpg","datePublished":"2026-02-04T15:17:41+00:00","author":{"@id":"https:\/\/portaltela.pt\/#\/schema\/person\/c4278d4a6028830caff9ee44b42d32ed"},"breadcrumb":{"@id":"https:\/\/portaltela.pt\/noticias\/2026\/02\/04\/agrupamento-em-leiria-recebeu-os-alunos-mais-novos-previsoes-preocupam\/#breadcrumb"},"inLanguage":"pt-PT","potentialAction":[{"@type":"ReadAction","target":["https:\/\/portaltela.pt\/noticias\/2026\/02\/04\/agrupamento-em-leiria-recebeu-os-alunos-mais-novos-previsoes-preocupam\/"]}]},{"@type":"ImageObject","inLanguage":"pt-PT","@id":"https:\/\/portaltela.pt\/noticias\/2026\/02\/04\/agrupamento-em-leiria-recebeu-os-alunos-mais-novos-previsoes-preocupam\/#primaryimage","url":"https:\/\/portaltela.pt\/s.01k8rhncp4jt1\/2026\/02\/img_1280x721uu2026-02-04-12-34-07-2264666.jpg","contentUrl":"https:\/\/portaltela.pt\/s.01k8rhncp4jt1\/2026\/02\/img_1280x721uu2026-02-04-12-34-07-2264666.jpg","width":796,"height":448,"caption":"Escola secund\u00e1ria em Leiria continua encerrada devido \u00e0s consequ\u00eancias do mau tempo"},{"@type":"BreadcrumbList","@id":"https:\/\/portaltela.pt\/noticias\/2026\/02\/04\/agrupamento-em-leiria-recebeu-os-alunos-mais-novos-previsoes-preocupam\/#breadcrumb","itemListElement":[{"@type":"ListItem","position":1,"name":"In\u00edcio","item":"https:\/\/portaltela.pt\/"},{"@type":"ListItem","position":2,"name":"Agrupamento em Leiria recebeu os alunos mais novos; previs\u00f5es preocupam"}]},{"@type":"WebSite","@id":"https:\/\/portaltela.pt\/#website","url":"https:\/\/portaltela.pt\/","name":"Portal Tela Portugal","description":"","potentialAction":[{"@type":"SearchAction","target":{"@type":"EntryPoint","urlTemplate":"https:\/\/portaltela.pt\/?s={search_term_string}"},"query-input":{"@type":"PropertyValueSpecification","valueRequired":true,"valueName":"search_term_string"}}],"inLanguage":"pt-PT"},{"@type":"Person","@id":"https:\/\/portaltela.pt\/#\/schema\/person\/c4278d4a6028830caff9ee44b42d32ed","name":"Telinha","image":{"@type":"ImageObject","inLanguage":"pt-PT","@id":"https:\/\/portaltela.pt\/s.01k8rhncp4jt1\/2025\/11\/talking-bot-125x125.png","url":"https:\/\/portaltela.pt\/s.01k8rhncp4jt1\/2025\/11\/talking-bot-125x125.png","contentUrl":"https:\/\/portaltela.pt\/s.01k8rhncp4jt1\/2025\/11\/talking-bot-125x125.png","caption":"Telinha"},"sameAs":["https:\/\/portaltela.pt\/"],"url":"https:\/\/portaltela.pt\/por\/367410592786\/"}]}},"_links":{"self":[{"href":"https:\/\/portaltela.pt\/api\/wp\/v2\/posts\/197065","targetHints":{"allow":["GET"]}}],"collection":[{"href":"https:\/\/portaltela.pt\/api\/wp\/v2\/posts"}],"about":[{"href":"https:\/\/portaltela.pt\/api\/wp\/v2\/types\/post"}],"author":[{"embeddable":true,"href":"https:\/\/portaltela.pt\/api\/wp\/v2\/users\/2"}],"replies":[{"embeddable":true,"href":"https:\/\/portaltela.pt\/api\/wp\/v2\/comments?post=197065"}],"version-history":[{"count":0,"href":"https:\/\/portaltela.pt\/api\/wp\/v2\/posts\/197065\/revisions"}],"wp:featuredmedia":[{"embeddable":true,"href":"https:\/\/portaltela.pt\/api\/wp\/v2\/media\/197070"}],"wp:attachment":[{"href":"https:\/\/portaltela.pt\/api\/wp\/v2\/media?parent=197065"}],"wp:term":[{"taxonomy":"category","embeddable":true,"href":"https:\/\/portaltela.pt\/api\/wp\/v2\/categories?post=197065"},{"taxonomy":"post_tag","embeddable":true,"href":"https:\/\/portaltela.pt\/api\/wp\/v2\/tags?post=197065"}],"curies":[{"name":"wp","href":"https:\/\/api.w.org\/{rel}","templated":true}]}}