{"id":197063,"date":"2026-02-04T12:17:00","date_gmt":"2026-02-04T15:17:00","guid":{"rendered":"https:\/\/portaltela.pt\/noticias\/2026\/02\/04\/basilica-de-sao-pedro-em-guimaraes-recebe-nova-torre\/"},"modified":"2026-02-04T12:17:00","modified_gmt":"2026-02-04T15:17:00","slug":"basilica-de-sao-pedro-em-guimaraes-recebe-nova-torre","status":"publish","type":"post","link":"https:\/\/portaltela.pt\/noticias\/2026\/02\/04\/basilica-de-sao-pedro-em-guimaraes-recebe-nova-torre\/","title":{"rendered":"Bas\u00edlica de S\u00e3o Pedro em Guimar\u00e3es recebe nova torre"},"content":{"rendered":"<p>A Bas\u00edlica de S\u00e3o Pedro, em Guimar\u00e3es, poder\u00e1 ganhar uma segunda torre sineira. A Irmandade de S\u00e3o Pedro, com sede na bas\u00edlica no Toural, anunciou a tomada de posse dos novos \u00f3rg\u00e3os sociais a 25 de janeiro, para um mandato de quatro anos. O objetivo \u00e9 transformar a antiga utopia em realidade, ap\u00f3s interven\u00e7\u00f5es recentes no carrilh\u00e3o e no rel\u00f3gio.<\/p>\n<p>A torre ainda inacabada domina a fachada da igreja, que come\u00e7ou a ser constru\u00edda em 1737. A capela-mor foi benzida em 1750, e, no ano seguinte, a bas\u00edlica foi elevada pelo Papa Bento IV. A dire\u00e7\u00e3o atual pretende concluir a segunda torre para reviver a imagem hist\u00f3rica do Largo do Toural.<\/p>\n<h3>Avan\u00e7os e interven\u00e7\u00f5es recentes<\/h3>\n<p>A torre sineira existente foi intervencionada em 2024. O rel\u00f3gio mec\u00e2nico foi substitu\u00eddo por um modelo moderno, mantendo o carrilh\u00e3o de 16 sinos j\u00e1 recuperado. A sonoridade do carrilh\u00e3o, com o hino da cidade, volta a ser aud\u00edvel.<\/p>\n<p>A antiga m\u00e1quina que controlava os quatro rel\u00f3gios e o carrilh\u00e3o foi inaugurada em 1938, obra do inventor Manuel Cousinha. Hoje pode ser reconhecida na bas\u00edlica como pe\u00e7a de museu, integrada no patrim\u00f3nio da igreja.<\/p>\n","protected":false},"excerpt":{"rendered":"<ul>\n<li>A Bas\u00edlica de S\u00e3o Pedro, localizada no Largo do Toural, em Guimar\u00e3es, vai receber uma segunda torre sineira, obra j\u00e1 desejada h\u00e1 d\u00e9cadas.<\/li>\n<li>A Irmandade de S\u00e3o Pedro, com sede na bas\u00edlica, tomou posse a 25 de janeiro para um mandato de quatro anos e pretende avan\u00e7ar com o projeto.<\/li>\n<li>J\u00e1 foi conclu\u00edda a reabilita\u00e7\u00e3o do carrilh\u00e3o e a substitui\u00e7\u00e3o do mecanismo do rel\u00f3gio; a torre sineira completa a constru\u00e7\u00e3o original.<\/li>\n<li>A bas\u00edlica come\u00e7ou a ser erguida em 1737, a capela-mor foi benzida em 1750 e, no ano seguinte, foi elevada a bas\u00edlica pelo Papa Bento IV.<\/li>\n<li>A antiga m\u00e1quina mec\u00e2nica que controlava quatro rel\u00f3gios e o carrilh\u00e3o de dezasseis sinos, obra de Manuel Cousinha, inaugurada em 1938, \u00e9 agora oferecida como pe\u00e7a de museu na igreja.<\/li>\n<\/ul>\n","protected":false},"author":2,"featured_media":197067,"comment_status":"closed","ping_status":"closed","sticky":false,"template":"","format":"standard","meta":{"footnotes":""},"categories":[1],"tags":[142,1145,299,4882,814,1175],"class_list":["post-197063","post","type-post","status-publish","format-standard","has-post-thumbnail","hentry","category-noticias","tag-arquitetura","tag-guimaraes","tag-historia","tag-intervencoes","tag-patrimonio","tag-patrimonio-cultural"],"yoast_head":"<!-- This site is optimized with the Yoast SEO plugin v27.2 - https:\/\/yoast.com\/product\/yoast-seo-wordpress\/ -->\n<title>Bas\u00edlica de S\u00e3o Pedro em Guimar\u00e3es recebe nova torre - Portal Tela Portugal<\/title>\n<meta name=\"robots\" content=\"index, follow, max-snippet:-1, max-image-preview:large, max-video-preview:-1\" \/>\n<meta property=\"og:locale\" content=\"pt_PT\" \/>\n<meta property=\"og:type\" content=\"article\" \/>\n<meta property=\"og:title\" content=\"Bas\u00edlica de S\u00e3o Pedro em Guimar\u00e3es recebe nova torre - Portal Tela Portugal\" \/>\n<meta property=\"og:description\" content=\"A Bas\u00edlica de S\u00e3o Pedro, localizada no Largo do Toural, em Guimar\u00e3es, vai receber uma segunda torre sineira, obra j\u00e1 desejada h\u00e1 d\u00e9cadas. A Irmandade de S\u00e3o Pedro, com sede na bas\u00edlica, tomou posse a 25 de janeiro para um mandato de quatro anos e pretende avan\u00e7ar com o projeto. J\u00e1 foi conclu\u00edda a reabilita\u00e7\u00e3o do carrilh\u00e3o e a substitui\u00e7\u00e3o do mecanismo do rel\u00f3gio; a torre sineira completa a constru\u00e7\u00e3o original. A bas\u00edlica come\u00e7ou a ser erguida em 1737, a capela-mor foi benzida em 1750 e, no ano seguinte, foi elevada a bas\u00edlica pelo Papa Bento IV. A antiga m\u00e1quina mec\u00e2nica que controlava quatro rel\u00f3gios e o carrilh\u00e3o de dezasseis sinos, obra de Manuel Cousinha, inaugurada em 1938, \u00e9 agora oferecida como pe\u00e7a de museu na igreja.\" \/>\n<meta property=\"og:url\" content=\"https:\/\/portaltela.pt\/noticias\/2026\/02\/04\/basilica-de-sao-pedro-em-guimaraes-recebe-nova-torre\/\" \/>\n<meta property=\"og:site_name\" content=\"Portal Tela Portugal\" \/>\n<meta property=\"article:published_time\" content=\"2026-02-04T15:17:00+00:00\" \/>\n<meta name=\"author\" content=\"Telinha\" \/>\n<meta name=\"twitter:card\" content=\"summary_large_image\" \/>\n<meta name=\"twitter:label1\" content=\"Escrito por\" \/>\n\t<meta name=\"twitter:data1\" content=\"Telinha\" \/>\n\t<meta name=\"twitter:label2\" content=\"Tempo estimado de leitura\" \/>\n\t<meta name=\"twitter:data2\" content=\"1 minuto\" \/>\n<script type=\"application\/ld+json\" class=\"yoast-schema-graph\">{\"@context\":\"https:\/\/schema.org\",\"@graph\":[{\"@type\":\"Article\",\"@id\":\"https:\/\/portaltela.pt\/noticias\/2026\/02\/04\/basilica-de-sao-pedro-em-guimaraes-recebe-nova-torre\/#article\",\"isPartOf\":{\"@id\":\"https:\/\/portaltela.pt\/noticias\/2026\/02\/04\/basilica-de-sao-pedro-em-guimaraes-recebe-nova-torre\/\"},\"author\":{\"name\":\"Telinha\",\"@id\":\"https:\/\/portaltela.pt\/#\/schema\/person\/c4278d4a6028830caff9ee44b42d32ed\"},\"headline\":\"Bas\u00edlica de S\u00e3o Pedro em Guimar\u00e3es recebe nova torre\",\"datePublished\":\"2026-02-04T15:17:00+00:00\",\"mainEntityOfPage\":{\"@id\":\"https:\/\/portaltela.pt\/noticias\/2026\/02\/04\/basilica-de-sao-pedro-em-guimaraes-recebe-nova-torre\/\"},\"wordCount\":222,\"image\":{\"@id\":\"https:\/\/portaltela.pt\/noticias\/2026\/02\/04\/basilica-de-sao-pedro-em-guimaraes-recebe-nova-torre\/#primaryimage\"},\"thumbnailUrl\":\"https:\/\/portaltela.pt\/s.01k8rhncp4jt1\/2026\/02\/image-309.jpg\",\"keywords\":[\"arquitetura\",\"Guimar\u00e3es\",\"hist\u00f3ria\",\"interven\u00e7\u00f5es\",\"patrim\u00f3nio\",\"Patrim\u00f3nio Cultural\"],\"articleSection\":[\"Not\u00edcias\"],\"inLanguage\":\"pt-PT\"},{\"@type\":\"WebPage\",\"@id\":\"https:\/\/portaltela.pt\/noticias\/2026\/02\/04\/basilica-de-sao-pedro-em-guimaraes-recebe-nova-torre\/\",\"url\":\"https:\/\/portaltela.pt\/noticias\/2026\/02\/04\/basilica-de-sao-pedro-em-guimaraes-recebe-nova-torre\/\",\"name\":\"Bas\u00edlica de S\u00e3o Pedro em Guimar\u00e3es recebe nova torre - Portal Tela Portugal\",\"isPartOf\":{\"@id\":\"https:\/\/portaltela.pt\/#website\"},\"primaryImageOfPage\":{\"@id\":\"https:\/\/portaltela.pt\/noticias\/2026\/02\/04\/basilica-de-sao-pedro-em-guimaraes-recebe-nova-torre\/#primaryimage\"},\"image\":{\"@id\":\"https:\/\/portaltela.pt\/noticias\/2026\/02\/04\/basilica-de-sao-pedro-em-guimaraes-recebe-nova-torre\/#primaryimage\"},\"thumbnailUrl\":\"https:\/\/portaltela.pt\/s.01k8rhncp4jt1\/2026\/02\/image-309.jpg\",\"datePublished\":\"2026-02-04T15:17:00+00:00\",\"author\":{\"@id\":\"https:\/\/portaltela.pt\/#\/schema\/person\/c4278d4a6028830caff9ee44b42d32ed\"},\"breadcrumb\":{\"@id\":\"https:\/\/portaltela.pt\/noticias\/2026\/02\/04\/basilica-de-sao-pedro-em-guimaraes-recebe-nova-torre\/#breadcrumb\"},\"inLanguage\":\"pt-PT\",\"potentialAction\":[{\"@type\":\"ReadAction\",\"target\":[\"https:\/\/portaltela.pt\/noticias\/2026\/02\/04\/basilica-de-sao-pedro-em-guimaraes-recebe-nova-torre\/\"]}]},{\"@type\":\"ImageObject\",\"inLanguage\":\"pt-PT\",\"@id\":\"https:\/\/portaltela.pt\/noticias\/2026\/02\/04\/basilica-de-sao-pedro-em-guimaraes-recebe-nova-torre\/#primaryimage\",\"url\":\"https:\/\/portaltela.pt\/s.01k8rhncp4jt1\/2026\/02\/image-309.jpg\",\"contentUrl\":\"https:\/\/portaltela.pt\/s.01k8rhncp4jt1\/2026\/02\/image-309.jpg\",\"width\":796,\"height\":448,\"caption\":\"A Bas\u00edlica de S\u00e3o Pedro domina a parte baixa do Largo do Toural\"},{\"@type\":\"BreadcrumbList\",\"@id\":\"https:\/\/portaltela.pt\/noticias\/2026\/02\/04\/basilica-de-sao-pedro-em-guimaraes-recebe-nova-torre\/#breadcrumb\",\"itemListElement\":[{\"@type\":\"ListItem\",\"position\":1,\"name\":\"In\u00edcio\",\"item\":\"https:\/\/portaltela.pt\/\"},{\"@type\":\"ListItem\",\"position\":2,\"name\":\"Bas\u00edlica de S\u00e3o Pedro em Guimar\u00e3es recebe nova torre\"}]},{\"@type\":\"WebSite\",\"@id\":\"https:\/\/portaltela.pt\/#website\",\"url\":\"https:\/\/portaltela.pt\/\",\"name\":\"Portal Tela Portugal\",\"description\":\"\",\"potentialAction\":[{\"@type\":\"SearchAction\",\"target\":{\"@type\":\"EntryPoint\",\"urlTemplate\":\"https:\/\/portaltela.pt\/?s={search_term_string}\"},\"query-input\":{\"@type\":\"PropertyValueSpecification\",\"valueRequired\":true,\"valueName\":\"search_term_string\"}}],\"inLanguage\":\"pt-PT\"},{\"@type\":\"Person\",\"@id\":\"https:\/\/portaltela.pt\/#\/schema\/person\/c4278d4a6028830caff9ee44b42d32ed\",\"name\":\"Telinha\",\"image\":{\"@type\":\"ImageObject\",\"inLanguage\":\"pt-PT\",\"@id\":\"https:\/\/portaltela.pt\/s.01k8rhncp4jt1\/2025\/11\/talking-bot-125x125.png\",\"url\":\"https:\/\/portaltela.pt\/s.01k8rhncp4jt1\/2025\/11\/talking-bot-125x125.png\",\"contentUrl\":\"https:\/\/portaltela.pt\/s.01k8rhncp4jt1\/2025\/11\/talking-bot-125x125.png\",\"caption\":\"Telinha\"},\"sameAs\":[\"https:\/\/portaltela.pt\/\"],\"url\":\"https:\/\/portaltela.pt\/por\/367410592786\/\"}]}<\/script>\n<!-- \/ Yoast SEO plugin. -->","yoast_head_json":{"title":"Bas\u00edlica de S\u00e3o Pedro em Guimar\u00e3es recebe nova torre - Portal Tela Portugal","robots":{"index":"index","follow":"follow","max-snippet":"max-snippet:-1","max-image-preview":"max-image-preview:large","max-video-preview":"max-video-preview:-1"},"og_locale":"pt_PT","og_type":"article","og_title":"Bas\u00edlica de S\u00e3o Pedro em Guimar\u00e3es recebe nova torre - Portal Tela Portugal","og_description":"A Bas\u00edlica de S\u00e3o Pedro, localizada no Largo do Toural, em Guimar\u00e3es, vai receber uma segunda torre sineira, obra j\u00e1 desejada h\u00e1 d\u00e9cadas. A Irmandade de S\u00e3o Pedro, com sede na bas\u00edlica, tomou posse a 25 de janeiro para um mandato de quatro anos e pretende avan\u00e7ar com o projeto. J\u00e1 foi conclu\u00edda a reabilita\u00e7\u00e3o do carrilh\u00e3o e a substitui\u00e7\u00e3o do mecanismo do rel\u00f3gio; a torre sineira completa a constru\u00e7\u00e3o original. A bas\u00edlica come\u00e7ou a ser erguida em 1737, a capela-mor foi benzida em 1750 e, no ano seguinte, foi elevada a bas\u00edlica pelo Papa Bento IV. A antiga m\u00e1quina mec\u00e2nica que controlava quatro rel\u00f3gios e o carrilh\u00e3o de dezasseis sinos, obra de Manuel Cousinha, inaugurada em 1938, \u00e9 agora oferecida como pe\u00e7a de museu na igreja.","og_url":"https:\/\/portaltela.pt\/noticias\/2026\/02\/04\/basilica-de-sao-pedro-em-guimaraes-recebe-nova-torre\/","og_site_name":"Portal Tela Portugal","article_published_time":"2026-02-04T15:17:00+00:00","author":"Telinha","twitter_card":"summary_large_image","twitter_misc":{"Escrito por":"Telinha","Tempo estimado de leitura":"1 minuto"},"schema":{"@context":"https:\/\/schema.org","@graph":[{"@type":"Article","@id":"https:\/\/portaltela.pt\/noticias\/2026\/02\/04\/basilica-de-sao-pedro-em-guimaraes-recebe-nova-torre\/#article","isPartOf":{"@id":"https:\/\/portaltela.pt\/noticias\/2026\/02\/04\/basilica-de-sao-pedro-em-guimaraes-recebe-nova-torre\/"},"author":{"name":"Telinha","@id":"https:\/\/portaltela.pt\/#\/schema\/person\/c4278d4a6028830caff9ee44b42d32ed"},"headline":"Bas\u00edlica de S\u00e3o Pedro em Guimar\u00e3es recebe nova torre","datePublished":"2026-02-04T15:17:00+00:00","mainEntityOfPage":{"@id":"https:\/\/portaltela.pt\/noticias\/2026\/02\/04\/basilica-de-sao-pedro-em-guimaraes-recebe-nova-torre\/"},"wordCount":222,"image":{"@id":"https:\/\/portaltela.pt\/noticias\/2026\/02\/04\/basilica-de-sao-pedro-em-guimaraes-recebe-nova-torre\/#primaryimage"},"thumbnailUrl":"https:\/\/portaltela.pt\/s.01k8rhncp4jt1\/2026\/02\/image-309.jpg","keywords":["arquitetura","Guimar\u00e3es","hist\u00f3ria","interven\u00e7\u00f5es","patrim\u00f3nio","Patrim\u00f3nio Cultural"],"articleSection":["Not\u00edcias"],"inLanguage":"pt-PT"},{"@type":"WebPage","@id":"https:\/\/portaltela.pt\/noticias\/2026\/02\/04\/basilica-de-sao-pedro-em-guimaraes-recebe-nova-torre\/","url":"https:\/\/portaltela.pt\/noticias\/2026\/02\/04\/basilica-de-sao-pedro-em-guimaraes-recebe-nova-torre\/","name":"Bas\u00edlica de S\u00e3o Pedro em Guimar\u00e3es recebe nova torre - Portal Tela Portugal","isPartOf":{"@id":"https:\/\/portaltela.pt\/#website"},"primaryImageOfPage":{"@id":"https:\/\/portaltela.pt\/noticias\/2026\/02\/04\/basilica-de-sao-pedro-em-guimaraes-recebe-nova-torre\/#primaryimage"},"image":{"@id":"https:\/\/portaltela.pt\/noticias\/2026\/02\/04\/basilica-de-sao-pedro-em-guimaraes-recebe-nova-torre\/#primaryimage"},"thumbnailUrl":"https:\/\/portaltela.pt\/s.01k8rhncp4jt1\/2026\/02\/image-309.jpg","datePublished":"2026-02-04T15:17:00+00:00","author":{"@id":"https:\/\/portaltela.pt\/#\/schema\/person\/c4278d4a6028830caff9ee44b42d32ed"},"breadcrumb":{"@id":"https:\/\/portaltela.pt\/noticias\/2026\/02\/04\/basilica-de-sao-pedro-em-guimaraes-recebe-nova-torre\/#breadcrumb"},"inLanguage":"pt-PT","potentialAction":[{"@type":"ReadAction","target":["https:\/\/portaltela.pt\/noticias\/2026\/02\/04\/basilica-de-sao-pedro-em-guimaraes-recebe-nova-torre\/"]}]},{"@type":"ImageObject","inLanguage":"pt-PT","@id":"https:\/\/portaltela.pt\/noticias\/2026\/02\/04\/basilica-de-sao-pedro-em-guimaraes-recebe-nova-torre\/#primaryimage","url":"https:\/\/portaltela.pt\/s.01k8rhncp4jt1\/2026\/02\/image-309.jpg","contentUrl":"https:\/\/portaltela.pt\/s.01k8rhncp4jt1\/2026\/02\/image-309.jpg","width":796,"height":448,"caption":"A Bas\u00edlica de S\u00e3o Pedro domina a parte baixa do Largo do Toural"},{"@type":"BreadcrumbList","@id":"https:\/\/portaltela.pt\/noticias\/2026\/02\/04\/basilica-de-sao-pedro-em-guimaraes-recebe-nova-torre\/#breadcrumb","itemListElement":[{"@type":"ListItem","position":1,"name":"In\u00edcio","item":"https:\/\/portaltela.pt\/"},{"@type":"ListItem","position":2,"name":"Bas\u00edlica de S\u00e3o Pedro em Guimar\u00e3es recebe nova torre"}]},{"@type":"WebSite","@id":"https:\/\/portaltela.pt\/#website","url":"https:\/\/portaltela.pt\/","name":"Portal Tela Portugal","description":"","potentialAction":[{"@type":"SearchAction","target":{"@type":"EntryPoint","urlTemplate":"https:\/\/portaltela.pt\/?s={search_term_string}"},"query-input":{"@type":"PropertyValueSpecification","valueRequired":true,"valueName":"search_term_string"}}],"inLanguage":"pt-PT"},{"@type":"Person","@id":"https:\/\/portaltela.pt\/#\/schema\/person\/c4278d4a6028830caff9ee44b42d32ed","name":"Telinha","image":{"@type":"ImageObject","inLanguage":"pt-PT","@id":"https:\/\/portaltela.pt\/s.01k8rhncp4jt1\/2025\/11\/talking-bot-125x125.png","url":"https:\/\/portaltela.pt\/s.01k8rhncp4jt1\/2025\/11\/talking-bot-125x125.png","contentUrl":"https:\/\/portaltela.pt\/s.01k8rhncp4jt1\/2025\/11\/talking-bot-125x125.png","caption":"Telinha"},"sameAs":["https:\/\/portaltela.pt\/"],"url":"https:\/\/portaltela.pt\/por\/367410592786\/"}]}},"_links":{"self":[{"href":"https:\/\/portaltela.pt\/api\/wp\/v2\/posts\/197063","targetHints":{"allow":["GET"]}}],"collection":[{"href":"https:\/\/portaltela.pt\/api\/wp\/v2\/posts"}],"about":[{"href":"https:\/\/portaltela.pt\/api\/wp\/v2\/types\/post"}],"author":[{"embeddable":true,"href":"https:\/\/portaltela.pt\/api\/wp\/v2\/users\/2"}],"replies":[{"embeddable":true,"href":"https:\/\/portaltela.pt\/api\/wp\/v2\/comments?post=197063"}],"version-history":[{"count":0,"href":"https:\/\/portaltela.pt\/api\/wp\/v2\/posts\/197063\/revisions"}],"wp:featuredmedia":[{"embeddable":true,"href":"https:\/\/portaltela.pt\/api\/wp\/v2\/media\/197067"}],"wp:attachment":[{"href":"https:\/\/portaltela.pt\/api\/wp\/v2\/media?parent=197063"}],"wp:term":[{"taxonomy":"category","embeddable":true,"href":"https:\/\/portaltela.pt\/api\/wp\/v2\/categories?post=197063"},{"taxonomy":"post_tag","embeddable":true,"href":"https:\/\/portaltela.pt\/api\/wp\/v2\/tags?post=197063"}],"curies":[{"name":"wp","href":"https:\/\/api.w.org\/{rel}","templated":true}]}}