{"id":197025,"date":"2026-02-04T12:10:00","date_gmt":"2026-02-04T15:10:00","guid":{"rendered":"https:\/\/portaltela.pt\/noticias\/2026\/02\/04\/mandatario-de-seguro-colega-de-ventura-diz-nao-ter-aprendido-discurso-de-odio\/"},"modified":"2026-02-04T12:10:00","modified_gmt":"2026-02-04T15:10:00","slug":"mandatario-de-seguro-colega-de-ventura-diz-nao-ter-aprendido-discurso-de-odio","status":"publish","type":"post","link":"https:\/\/portaltela.pt\/noticias\/politica\/2026\/02\/04\/mandatario-de-seguro-colega-de-ventura-diz-nao-ter-aprendido-discurso-de-odio\/","title":{"rendered":"Mandat\u00e1rio de Seguro, colega de Ventura, diz n\u00e3o ter aprendido discurso de \u00f3dio"},"content":{"rendered":"<p>Ricardo Namorado Costa, mandat\u00e1rio de Ant\u00f3nio Jos\u00e9 Seguro, afirmou durante um almo\u00e7o de campanha em Castro Verde que o advers\u00e1rio de Seguro n\u00e3o aprendeu o discurso de divis\u00e3o e \u00f3dio ao longo do pr\u00e9-semin\u00e1rio que partilharam. Disse que n\u00e3o foi l\u00e1 que esse discurso se formou.<\/p>\n<p>O mandat\u00e1rio tamb\u00e9m revelou ser vizinho do presidente do Chega, em Lisboa, e defendeu que a diversidade de ideias deve ser encarada como saud\u00e1vel dentro do espa\u00e7o p\u00fablico. Garantiu que a pluralidade ajuda a justificar o debate pol\u00edtico.<\/p>\n<p>Costa fez refer\u00eancia \u00e0 Jornada Mundial da Juventude de 2023, em Lisboa, ao mencionar o Papa Francisco. Pediram que Seguro seja presidente de todos, incluindo os que j\u00e1 vivem no pa\u00eds e os que ainda ir\u00e3o chegar, sublinhando que, segundo ele, o l\u00edder deve governar sem excluir ningu\u00e9m.<\/p>\n","protected":false},"excerpt":{"rendered":"<ul>\n<li>Ricardo Namorado Costa, mandat\u00e1rio de Ant\u00f3nio Jos\u00e9 Seguro, afirmou ter sido colega do advers\u00e1rio de Seguro no pr\u00e9-semin\u00e1rio, mas disse que n\u00e3o aprendeu ali o discurso de \u00f3dio.<\/li>\n<li>O\u6ce8 candidato afirmou que a diverg\u00eancia de ideias \u00e9 saud\u00e1vel e que n\u00e3o foi no semin\u00e1rio que esse discurso se formou.<\/li>\n<li>Namorado Costa revelou ainda que \u00e9 vizinho do presidente do Chega em Lisboa.<\/li>\n<li>Durante um almo\u00e7o de campanha em Castro Verde, pediu que Seguro seja \u201cpresidente de todos, todos, sem exce\u00e7\u00e3o\u201d, citando a Jornada Mundial da Juventude de 2023 e o Papa Francisco.<\/li>\n<li>Referiu a visita do Papa a Lisboa e pediu que o presidente seja inclusivo com todos, incluindo quem est\u00e1 c\u00e1 e quem ainda n\u00e3o est\u00e1.<\/li>\n<\/ul>\n","protected":false},"author":2,"featured_media":197031,"comment_status":"closed","ping_status":"closed","sticky":false,"template":"","format":"standard","meta":{"footnotes":""},"categories":[1,5],"tags":[5055,1904,4088,981,2832,104],"class_list":["post-197025","post","type-post","status-publish","format-standard","has-post-thumbnail","hentry","category-noticias","category-politica","tag-castro-verde","tag-discurso-de-odio","tag-diversidade-acesso-e-inclusao","tag-lisboa","tag-politica","tag-religiao"],"yoast_head":"<!-- This site is optimized with the Yoast SEO plugin v27.2 - https:\/\/yoast.com\/product\/yoast-seo-wordpress\/ -->\n<title>Mandat\u00e1rio de Seguro, colega de Ventura, diz n\u00e3o ter aprendido discurso de \u00f3dio - Portal Tela Portugal<\/title>\n<meta name=\"robots\" content=\"index, follow, max-snippet:-1, max-image-preview:large, max-video-preview:-1\" \/>\n<meta property=\"og:locale\" content=\"pt_PT\" \/>\n<meta property=\"og:type\" content=\"article\" \/>\n<meta property=\"og:title\" content=\"Mandat\u00e1rio de Seguro, colega de Ventura, diz n\u00e3o ter aprendido discurso de \u00f3dio - Portal Tela Portugal\" \/>\n<meta property=\"og:description\" content=\"Ricardo Namorado Costa, mandat\u00e1rio de Ant\u00f3nio Jos\u00e9 Seguro, afirmou ter sido colega do advers\u00e1rio de Seguro no pr\u00e9-semin\u00e1rio, mas disse que n\u00e3o aprendeu ali o discurso de \u00f3dio. O\u6ce8 candidato afirmou que a diverg\u00eancia de ideias \u00e9 saud\u00e1vel e que n\u00e3o foi no semin\u00e1rio que esse discurso se formou. Namorado Costa revelou ainda que \u00e9 vizinho do presidente do Chega em Lisboa. Durante um almo\u00e7o de campanha em Castro Verde, pediu que Seguro seja \u201cpresidente de todos, todos, sem exce\u00e7\u00e3o\u201d, citando a Jornada Mundial da Juventude de 2023 e o Papa Francisco. Referiu a visita do Papa a Lisboa e pediu que o presidente seja inclusivo com todos, incluindo quem est\u00e1 c\u00e1 e quem ainda n\u00e3o est\u00e1.\" \/>\n<meta property=\"og:url\" content=\"https:\/\/portaltela.pt\/noticias\/2026\/02\/04\/mandatario-de-seguro-colega-de-ventura-diz-nao-ter-aprendido-discurso-de-odio\/\" \/>\n<meta property=\"og:site_name\" content=\"Portal Tela Portugal\" \/>\n<meta property=\"article:published_time\" content=\"2026-02-04T15:10:00+00:00\" \/>\n<meta name=\"author\" content=\"Telinha\" \/>\n<meta name=\"twitter:card\" content=\"summary_large_image\" \/>\n<meta name=\"twitter:label1\" content=\"Escrito por\" \/>\n\t<meta name=\"twitter:data1\" content=\"Telinha\" \/>\n\t<meta name=\"twitter:label2\" content=\"Tempo estimado de leitura\" \/>\n\t<meta name=\"twitter:data2\" content=\"1 minuto\" \/>\n<script type=\"application\/ld+json\" class=\"yoast-schema-graph\">{\"@context\":\"https:\/\/schema.org\",\"@graph\":[{\"@type\":\"Article\",\"@id\":\"https:\/\/portaltela.pt\/noticias\/2026\/02\/04\/mandatario-de-seguro-colega-de-ventura-diz-nao-ter-aprendido-discurso-de-odio\/#article\",\"isPartOf\":{\"@id\":\"https:\/\/portaltela.pt\/noticias\/2026\/02\/04\/mandatario-de-seguro-colega-de-ventura-diz-nao-ter-aprendido-discurso-de-odio\/\"},\"author\":{\"name\":\"Telinha\",\"@id\":\"https:\/\/portaltela.pt\/#\/schema\/person\/c4278d4a6028830caff9ee44b42d32ed\"},\"headline\":\"Mandat\u00e1rio de Seguro, colega de Ventura, diz n\u00e3o ter aprendido discurso de \u00f3dio\",\"datePublished\":\"2026-02-04T15:10:00+00:00\",\"mainEntityOfPage\":{\"@id\":\"https:\/\/portaltela.pt\/noticias\/2026\/02\/04\/mandatario-de-seguro-colega-de-ventura-diz-nao-ter-aprendido-discurso-de-odio\/\"},\"wordCount\":165,\"image\":{\"@id\":\"https:\/\/portaltela.pt\/noticias\/2026\/02\/04\/mandatario-de-seguro-colega-de-ventura-diz-nao-ter-aprendido-discurso-de-odio\/#primaryimage\"},\"thumbnailUrl\":\"https:\/\/portaltela.pt\/s.01k8rhncp4jt1\/2026\/02\/image-20.webp\",\"keywords\":[\"Castro Verde\",\"discurso de \u00f3dio\",\"Diversidade, Acesso e Inclus\u00e3o\",\"Lisboa\",\"pol\u00edtica\",\"religi\u00e3o\"],\"articleSection\":[\"Not\u00edcias\",\"Pol\u00edtica\"],\"inLanguage\":\"pt-PT\"},{\"@type\":\"WebPage\",\"@id\":\"https:\/\/portaltela.pt\/noticias\/2026\/02\/04\/mandatario-de-seguro-colega-de-ventura-diz-nao-ter-aprendido-discurso-de-odio\/\",\"url\":\"https:\/\/portaltela.pt\/noticias\/2026\/02\/04\/mandatario-de-seguro-colega-de-ventura-diz-nao-ter-aprendido-discurso-de-odio\/\",\"name\":\"Mandat\u00e1rio de Seguro, colega de Ventura, diz n\u00e3o ter aprendido discurso de \u00f3dio - Portal Tela Portugal\",\"isPartOf\":{\"@id\":\"https:\/\/portaltela.pt\/#website\"},\"primaryImageOfPage\":{\"@id\":\"https:\/\/portaltela.pt\/noticias\/2026\/02\/04\/mandatario-de-seguro-colega-de-ventura-diz-nao-ter-aprendido-discurso-de-odio\/#primaryimage\"},\"image\":{\"@id\":\"https:\/\/portaltela.pt\/noticias\/2026\/02\/04\/mandatario-de-seguro-colega-de-ventura-diz-nao-ter-aprendido-discurso-de-odio\/#primaryimage\"},\"thumbnailUrl\":\"https:\/\/portaltela.pt\/s.01k8rhncp4jt1\/2026\/02\/image-20.webp\",\"datePublished\":\"2026-02-04T15:10:00+00:00\",\"author\":{\"@id\":\"https:\/\/portaltela.pt\/#\/schema\/person\/c4278d4a6028830caff9ee44b42d32ed\"},\"breadcrumb\":{\"@id\":\"https:\/\/portaltela.pt\/noticias\/2026\/02\/04\/mandatario-de-seguro-colega-de-ventura-diz-nao-ter-aprendido-discurso-de-odio\/#breadcrumb\"},\"inLanguage\":\"pt-PT\",\"potentialAction\":[{\"@type\":\"ReadAction\",\"target\":[\"https:\/\/portaltela.pt\/noticias\/2026\/02\/04\/mandatario-de-seguro-colega-de-ventura-diz-nao-ter-aprendido-discurso-de-odio\/\"]}]},{\"@type\":\"ImageObject\",\"inLanguage\":\"pt-PT\",\"@id\":\"https:\/\/portaltela.pt\/noticias\/2026\/02\/04\/mandatario-de-seguro-colega-de-ventura-diz-nao-ter-aprendido-discurso-de-odio\/#primaryimage\",\"url\":\"https:\/\/portaltela.pt\/s.01k8rhncp4jt1\/2026\/02\/image-20.webp\",\"contentUrl\":\"https:\/\/portaltela.pt\/s.01k8rhncp4jt1\/2026\/02\/image-20.webp\",\"width\":1200,\"height\":800,\"caption\":\"Seguro num almo\u00e7o com apoiantes em Castro Verde\"},{\"@type\":\"BreadcrumbList\",\"@id\":\"https:\/\/portaltela.pt\/noticias\/2026\/02\/04\/mandatario-de-seguro-colega-de-ventura-diz-nao-ter-aprendido-discurso-de-odio\/#breadcrumb\",\"itemListElement\":[{\"@type\":\"ListItem\",\"position\":1,\"name\":\"In\u00edcio\",\"item\":\"https:\/\/portaltela.pt\/\"},{\"@type\":\"ListItem\",\"position\":2,\"name\":\"Mandat\u00e1rio de Seguro, colega de Ventura, diz n\u00e3o ter aprendido discurso de \u00f3dio\"}]},{\"@type\":\"WebSite\",\"@id\":\"https:\/\/portaltela.pt\/#website\",\"url\":\"https:\/\/portaltela.pt\/\",\"name\":\"Portal Tela Portugal\",\"description\":\"\",\"potentialAction\":[{\"@type\":\"SearchAction\",\"target\":{\"@type\":\"EntryPoint\",\"urlTemplate\":\"https:\/\/portaltela.pt\/?s={search_term_string}\"},\"query-input\":{\"@type\":\"PropertyValueSpecification\",\"valueRequired\":true,\"valueName\":\"search_term_string\"}}],\"inLanguage\":\"pt-PT\"},{\"@type\":\"Person\",\"@id\":\"https:\/\/portaltela.pt\/#\/schema\/person\/c4278d4a6028830caff9ee44b42d32ed\",\"name\":\"Telinha\",\"image\":{\"@type\":\"ImageObject\",\"inLanguage\":\"pt-PT\",\"@id\":\"https:\/\/portaltela.pt\/s.01k8rhncp4jt1\/2025\/11\/talking-bot-125x125.png\",\"url\":\"https:\/\/portaltela.pt\/s.01k8rhncp4jt1\/2025\/11\/talking-bot-125x125.png\",\"contentUrl\":\"https:\/\/portaltela.pt\/s.01k8rhncp4jt1\/2025\/11\/talking-bot-125x125.png\",\"caption\":\"Telinha\"},\"sameAs\":[\"https:\/\/portaltela.pt\/\"],\"url\":\"https:\/\/portaltela.pt\/por\/367410592786\/\"}]}<\/script>\n<!-- \/ Yoast SEO plugin. -->","yoast_head_json":{"title":"Mandat\u00e1rio de Seguro, colega de Ventura, diz n\u00e3o ter aprendido discurso de \u00f3dio - Portal Tela Portugal","robots":{"index":"index","follow":"follow","max-snippet":"max-snippet:-1","max-image-preview":"max-image-preview:large","max-video-preview":"max-video-preview:-1"},"og_locale":"pt_PT","og_type":"article","og_title":"Mandat\u00e1rio de Seguro, colega de Ventura, diz n\u00e3o ter aprendido discurso de \u00f3dio - Portal Tela Portugal","og_description":"Ricardo Namorado Costa, mandat\u00e1rio de Ant\u00f3nio Jos\u00e9 Seguro, afirmou ter sido colega do advers\u00e1rio de Seguro no pr\u00e9-semin\u00e1rio, mas disse que n\u00e3o aprendeu ali o discurso de \u00f3dio. O\u6ce8 candidato afirmou que a diverg\u00eancia de ideias \u00e9 saud\u00e1vel e que n\u00e3o foi no semin\u00e1rio que esse discurso se formou. Namorado Costa revelou ainda que \u00e9 vizinho do presidente do Chega em Lisboa. Durante um almo\u00e7o de campanha em Castro Verde, pediu que Seguro seja \u201cpresidente de todos, todos, sem exce\u00e7\u00e3o\u201d, citando a Jornada Mundial da Juventude de 2023 e o Papa Francisco. Referiu a visita do Papa a Lisboa e pediu que o presidente seja inclusivo com todos, incluindo quem est\u00e1 c\u00e1 e quem ainda n\u00e3o est\u00e1.","og_url":"https:\/\/portaltela.pt\/noticias\/2026\/02\/04\/mandatario-de-seguro-colega-de-ventura-diz-nao-ter-aprendido-discurso-de-odio\/","og_site_name":"Portal Tela Portugal","article_published_time":"2026-02-04T15:10:00+00:00","author":"Telinha","twitter_card":"summary_large_image","twitter_misc":{"Escrito por":"Telinha","Tempo estimado de leitura":"1 minuto"},"schema":{"@context":"https:\/\/schema.org","@graph":[{"@type":"Article","@id":"https:\/\/portaltela.pt\/noticias\/2026\/02\/04\/mandatario-de-seguro-colega-de-ventura-diz-nao-ter-aprendido-discurso-de-odio\/#article","isPartOf":{"@id":"https:\/\/portaltela.pt\/noticias\/2026\/02\/04\/mandatario-de-seguro-colega-de-ventura-diz-nao-ter-aprendido-discurso-de-odio\/"},"author":{"name":"Telinha","@id":"https:\/\/portaltela.pt\/#\/schema\/person\/c4278d4a6028830caff9ee44b42d32ed"},"headline":"Mandat\u00e1rio de Seguro, colega de Ventura, diz n\u00e3o ter aprendido discurso de \u00f3dio","datePublished":"2026-02-04T15:10:00+00:00","mainEntityOfPage":{"@id":"https:\/\/portaltela.pt\/noticias\/2026\/02\/04\/mandatario-de-seguro-colega-de-ventura-diz-nao-ter-aprendido-discurso-de-odio\/"},"wordCount":165,"image":{"@id":"https:\/\/portaltela.pt\/noticias\/2026\/02\/04\/mandatario-de-seguro-colega-de-ventura-diz-nao-ter-aprendido-discurso-de-odio\/#primaryimage"},"thumbnailUrl":"https:\/\/portaltela.pt\/s.01k8rhncp4jt1\/2026\/02\/image-20.webp","keywords":["Castro Verde","discurso de \u00f3dio","Diversidade, Acesso e Inclus\u00e3o","Lisboa","pol\u00edtica","religi\u00e3o"],"articleSection":["Not\u00edcias","Pol\u00edtica"],"inLanguage":"pt-PT"},{"@type":"WebPage","@id":"https:\/\/portaltela.pt\/noticias\/2026\/02\/04\/mandatario-de-seguro-colega-de-ventura-diz-nao-ter-aprendido-discurso-de-odio\/","url":"https:\/\/portaltela.pt\/noticias\/2026\/02\/04\/mandatario-de-seguro-colega-de-ventura-diz-nao-ter-aprendido-discurso-de-odio\/","name":"Mandat\u00e1rio de Seguro, colega de Ventura, diz n\u00e3o ter aprendido discurso de \u00f3dio - Portal Tela Portugal","isPartOf":{"@id":"https:\/\/portaltela.pt\/#website"},"primaryImageOfPage":{"@id":"https:\/\/portaltela.pt\/noticias\/2026\/02\/04\/mandatario-de-seguro-colega-de-ventura-diz-nao-ter-aprendido-discurso-de-odio\/#primaryimage"},"image":{"@id":"https:\/\/portaltela.pt\/noticias\/2026\/02\/04\/mandatario-de-seguro-colega-de-ventura-diz-nao-ter-aprendido-discurso-de-odio\/#primaryimage"},"thumbnailUrl":"https:\/\/portaltela.pt\/s.01k8rhncp4jt1\/2026\/02\/image-20.webp","datePublished":"2026-02-04T15:10:00+00:00","author":{"@id":"https:\/\/portaltela.pt\/#\/schema\/person\/c4278d4a6028830caff9ee44b42d32ed"},"breadcrumb":{"@id":"https:\/\/portaltela.pt\/noticias\/2026\/02\/04\/mandatario-de-seguro-colega-de-ventura-diz-nao-ter-aprendido-discurso-de-odio\/#breadcrumb"},"inLanguage":"pt-PT","potentialAction":[{"@type":"ReadAction","target":["https:\/\/portaltela.pt\/noticias\/2026\/02\/04\/mandatario-de-seguro-colega-de-ventura-diz-nao-ter-aprendido-discurso-de-odio\/"]}]},{"@type":"ImageObject","inLanguage":"pt-PT","@id":"https:\/\/portaltela.pt\/noticias\/2026\/02\/04\/mandatario-de-seguro-colega-de-ventura-diz-nao-ter-aprendido-discurso-de-odio\/#primaryimage","url":"https:\/\/portaltela.pt\/s.01k8rhncp4jt1\/2026\/02\/image-20.webp","contentUrl":"https:\/\/portaltela.pt\/s.01k8rhncp4jt1\/2026\/02\/image-20.webp","width":1200,"height":800,"caption":"Seguro num almo\u00e7o com apoiantes em Castro Verde"},{"@type":"BreadcrumbList","@id":"https:\/\/portaltela.pt\/noticias\/2026\/02\/04\/mandatario-de-seguro-colega-de-ventura-diz-nao-ter-aprendido-discurso-de-odio\/#breadcrumb","itemListElement":[{"@type":"ListItem","position":1,"name":"In\u00edcio","item":"https:\/\/portaltela.pt\/"},{"@type":"ListItem","position":2,"name":"Mandat\u00e1rio de Seguro, colega de Ventura, diz n\u00e3o ter aprendido discurso de \u00f3dio"}]},{"@type":"WebSite","@id":"https:\/\/portaltela.pt\/#website","url":"https:\/\/portaltela.pt\/","name":"Portal Tela Portugal","description":"","potentialAction":[{"@type":"SearchAction","target":{"@type":"EntryPoint","urlTemplate":"https:\/\/portaltela.pt\/?s={search_term_string}"},"query-input":{"@type":"PropertyValueSpecification","valueRequired":true,"valueName":"search_term_string"}}],"inLanguage":"pt-PT"},{"@type":"Person","@id":"https:\/\/portaltela.pt\/#\/schema\/person\/c4278d4a6028830caff9ee44b42d32ed","name":"Telinha","image":{"@type":"ImageObject","inLanguage":"pt-PT","@id":"https:\/\/portaltela.pt\/s.01k8rhncp4jt1\/2025\/11\/talking-bot-125x125.png","url":"https:\/\/portaltela.pt\/s.01k8rhncp4jt1\/2025\/11\/talking-bot-125x125.png","contentUrl":"https:\/\/portaltela.pt\/s.01k8rhncp4jt1\/2025\/11\/talking-bot-125x125.png","caption":"Telinha"},"sameAs":["https:\/\/portaltela.pt\/"],"url":"https:\/\/portaltela.pt\/por\/367410592786\/"}]}},"_links":{"self":[{"href":"https:\/\/portaltela.pt\/api\/wp\/v2\/posts\/197025","targetHints":{"allow":["GET"]}}],"collection":[{"href":"https:\/\/portaltela.pt\/api\/wp\/v2\/posts"}],"about":[{"href":"https:\/\/portaltela.pt\/api\/wp\/v2\/types\/post"}],"author":[{"embeddable":true,"href":"https:\/\/portaltela.pt\/api\/wp\/v2\/users\/2"}],"replies":[{"embeddable":true,"href":"https:\/\/portaltela.pt\/api\/wp\/v2\/comments?post=197025"}],"version-history":[{"count":0,"href":"https:\/\/portaltela.pt\/api\/wp\/v2\/posts\/197025\/revisions"}],"wp:featuredmedia":[{"embeddable":true,"href":"https:\/\/portaltela.pt\/api\/wp\/v2\/media\/197031"}],"wp:attachment":[{"href":"https:\/\/portaltela.pt\/api\/wp\/v2\/media?parent=197025"}],"wp:term":[{"taxonomy":"category","embeddable":true,"href":"https:\/\/portaltela.pt\/api\/wp\/v2\/categories?post=197025"},{"taxonomy":"post_tag","embeddable":true,"href":"https:\/\/portaltela.pt\/api\/wp\/v2\/tags?post=197025"}],"curies":[{"name":"wp","href":"https:\/\/api.w.org\/{rel}","templated":true}]}}