{"id":196987,"date":"2026-02-04T11:54:00","date_gmt":"2026-02-04T14:54:00","guid":{"rendered":"https:\/\/portaltela.pt\/noticias\/2026\/02\/04\/falece-jose-luis-nogueira-de-brito-historico-dirigente-do-cds\/"},"modified":"2026-02-04T11:54:00","modified_gmt":"2026-02-04T14:54:00","slug":"falece-jose-luis-nogueira-de-brito-historico-dirigente-do-cds","status":"publish","type":"post","link":"https:\/\/portaltela.pt\/noticias\/politica\/2026\/02\/04\/falece-jose-luis-nogueira-de-brito-historico-dirigente-do-cds\/","title":{"rendered":"Falece Jos\u00e9 Lu\u00eds Nogueira de Brito, hist\u00f3rico dirigente do CDS"},"content":{"rendered":"<p>Jos\u00e9 Lu\u00eds Nogueira de Brito, antigo l\u00edder parlamentar do CDS-PP, morreu nesta quarta-feira aos 88 anos. O partido confirmou a not\u00edcia e assinalou a sua import\u00e2ncia para a democracia portuguesa.<\/p>\n<p>O CDS-PP descreve-o como uma refer\u00eancia do partido, da democracia e de Portugal, destacando a dec\u00eancia, integridade e eleva\u00e7\u00e3o do seu percurso pol\u00edtico e p\u00fablico.<\/p>\n<p>Licenciado em Direito pela Universidade de Coimbra, Nogueira de Brito foi eleito deputado pelo c\u00edrculo de Braga em 1983. Natural de Barcelos, liderou a Comiss\u00e3o de Sa\u00fade, Seguran\u00e7a Social e Fam\u00edlia e integrou a bancada na III legislatura.<\/p>\n<p>Ao longo da carreira, ocupou ainda v\u00e1rias fun\u00e7\u00f5es no CDS-PP, incluindo vice-presidente do grupo parlamentar, vice-presidente da Comiss\u00e3o Pol\u00edtica e presidente do Conselho Nacional. Renunciou ao mandato em 1995.<\/p>\n<p>No Governo, foi subsecret\u00e1rio de Estado do Trabalho e da Presid\u00eancia (1969-1972) e secret\u00e1rio de Estado do Urbanismo e Habita\u00e7\u00e3o (1972-1974). Em 2003 tomou posse como presidente da Cruz Vermelha Portuguesa, cargo que exerceu at\u00e9 2005.<\/p>\n<p>O CDS-PP expressa condol\u00eancias \u00e0 fam\u00edlia e afirma que a democracia ficou mais pobre com a sua morte, destacando o legado de humanismo e servi\u00e7o p\u00fablico.<\/p>\n","protected":false},"excerpt":{"rendered":"<ul>\n<li>Morreu aos 88 anos Jos\u00e9 Lu\u00eds Nogueira de Brito, antigo l\u00edder parlamentar e deputado do CDS-PP.<\/li>\n<li>Foi eleito deputado \u00e0 Assembleia da Rep\u00fablica em 1983 pelo c\u00edrculo de Braga e presidiu a Comiss\u00e3o de Sa\u00fade, Seguran\u00e7a Social e Fam\u00edlia.<\/li>\n<li>Liderou a bancada parlamentar do CDS-PP na III legislatura e ocupou cargos como vice\u2011presidente do grupo parlamentar e presidente do Conselho Nacional do partido.<\/li>\n<li>Desempenhou fun\u00e7\u00f5es de sub-secret\u00e1rio de Estado do Trabalho e da Presid\u00eancia (1969\u20111972) e de secret\u00e1rio de Estado do Urbanismo e Habita\u00e7\u00e3o (1972\u20111974).<\/li>\n<li>Em 2003 tornou\u2011se presidente da Cruz Vermelha Portuguesa, cargo que desempenhou at\u00e9 2005; o CDS\u2011PP destacou o seu legado de humanismo e democracia.<\/li>\n<\/ul>\n","protected":false},"author":2,"featured_media":196995,"comment_status":"closed","ping_status":"closed","sticky":false,"template":"","format":"standard","meta":{"footnotes":""},"categories":[1,5],"tags":[1027,1207,2478,2795,1748,2832],"class_list":["post-196987","post","type-post","status-publish","format-standard","has-post-thumbnail","hentry","category-noticias","category-politica","tag-barcelos","tag-braga","tag-cds","tag-democracia","tag-dirigentes","tag-politica"],"yoast_head":"<!-- This site is optimized with the Yoast SEO plugin v27.2 - https:\/\/yoast.com\/product\/yoast-seo-wordpress\/ -->\n<title>Falece Jos\u00e9 Lu\u00eds Nogueira de Brito, hist\u00f3rico dirigente do CDS - Portal Tela Portugal<\/title>\n<meta name=\"robots\" content=\"index, follow, max-snippet:-1, max-image-preview:large, max-video-preview:-1\" \/>\n<meta property=\"og:locale\" content=\"pt_PT\" \/>\n<meta property=\"og:type\" content=\"article\" \/>\n<meta property=\"og:title\" content=\"Falece Jos\u00e9 Lu\u00eds Nogueira de Brito, hist\u00f3rico dirigente do CDS - Portal Tela Portugal\" \/>\n<meta property=\"og:description\" content=\"Morreu aos 88 anos Jos\u00e9 Lu\u00eds Nogueira de Brito, antigo l\u00edder parlamentar e deputado do CDS-PP. Foi eleito deputado \u00e0 Assembleia da Rep\u00fablica em 1983 pelo c\u00edrculo de Braga e presidiu a Comiss\u00e3o de Sa\u00fade, Seguran\u00e7a Social e Fam\u00edlia. Liderou a bancada parlamentar do CDS-PP na III legislatura e ocupou cargos como vice\u2011presidente do grupo parlamentar e presidente do Conselho Nacional do partido. Desempenhou fun\u00e7\u00f5es de sub-secret\u00e1rio de Estado do Trabalho e da Presid\u00eancia (1969\u20111972) e de secret\u00e1rio de Estado do Urbanismo e Habita\u00e7\u00e3o (1972\u20111974). Em 2003 tornou\u2011se presidente da Cruz Vermelha Portuguesa, cargo que desempenhou at\u00e9 2005; o CDS\u2011PP destacou o seu legado de humanismo e democracia.\" \/>\n<meta property=\"og:url\" content=\"https:\/\/portaltela.pt\/noticias\/2026\/02\/04\/falece-jose-luis-nogueira-de-brito-historico-dirigente-do-cds\/\" \/>\n<meta property=\"og:site_name\" content=\"Portal Tela Portugal\" \/>\n<meta property=\"article:published_time\" content=\"2026-02-04T14:54:00+00:00\" \/>\n<meta name=\"author\" content=\"Telinha\" \/>\n<meta name=\"twitter:card\" content=\"summary_large_image\" \/>\n<meta name=\"twitter:label1\" content=\"Escrito por\" \/>\n\t<meta name=\"twitter:data1\" content=\"Telinha\" \/>\n\t<meta name=\"twitter:label2\" content=\"Tempo estimado de leitura\" \/>\n\t<meta name=\"twitter:data2\" content=\"1 minuto\" \/>\n<script type=\"application\/ld+json\" class=\"yoast-schema-graph\">{\"@context\":\"https:\/\/schema.org\",\"@graph\":[{\"@type\":\"Article\",\"@id\":\"https:\/\/portaltela.pt\/noticias\/2026\/02\/04\/falece-jose-luis-nogueira-de-brito-historico-dirigente-do-cds\/#article\",\"isPartOf\":{\"@id\":\"https:\/\/portaltela.pt\/noticias\/2026\/02\/04\/falece-jose-luis-nogueira-de-brito-historico-dirigente-do-cds\/\"},\"author\":{\"name\":\"Telinha\",\"@id\":\"https:\/\/portaltela.pt\/#\/schema\/person\/c4278d4a6028830caff9ee44b42d32ed\"},\"headline\":\"Falece Jos\u00e9 Lu\u00eds Nogueira de Brito, hist\u00f3rico dirigente do CDS\",\"datePublished\":\"2026-02-04T14:54:00+00:00\",\"mainEntityOfPage\":{\"@id\":\"https:\/\/portaltela.pt\/noticias\/2026\/02\/04\/falece-jose-luis-nogueira-de-brito-historico-dirigente-do-cds\/\"},\"wordCount\":216,\"image\":{\"@id\":\"https:\/\/portaltela.pt\/noticias\/2026\/02\/04\/falece-jose-luis-nogueira-de-brito-historico-dirigente-do-cds\/#primaryimage\"},\"thumbnailUrl\":\"https:\/\/portaltela.pt\/s.01k8rhncp4jt1\/2026\/02\/2064449.jpg\",\"keywords\":[\"Barcelos\",\"Braga\",\"CDS\",\"democracia\",\"Dirigentes\",\"pol\u00edtica\"],\"articleSection\":[\"Not\u00edcias\",\"Pol\u00edtica\"],\"inLanguage\":\"pt-PT\"},{\"@type\":\"WebPage\",\"@id\":\"https:\/\/portaltela.pt\/noticias\/2026\/02\/04\/falece-jose-luis-nogueira-de-brito-historico-dirigente-do-cds\/\",\"url\":\"https:\/\/portaltela.pt\/noticias\/2026\/02\/04\/falece-jose-luis-nogueira-de-brito-historico-dirigente-do-cds\/\",\"name\":\"Falece Jos\u00e9 Lu\u00eds Nogueira de Brito, hist\u00f3rico dirigente do CDS - Portal Tela Portugal\",\"isPartOf\":{\"@id\":\"https:\/\/portaltela.pt\/#website\"},\"primaryImageOfPage\":{\"@id\":\"https:\/\/portaltela.pt\/noticias\/2026\/02\/04\/falece-jose-luis-nogueira-de-brito-historico-dirigente-do-cds\/#primaryimage\"},\"image\":{\"@id\":\"https:\/\/portaltela.pt\/noticias\/2026\/02\/04\/falece-jose-luis-nogueira-de-brito-historico-dirigente-do-cds\/#primaryimage\"},\"thumbnailUrl\":\"https:\/\/portaltela.pt\/s.01k8rhncp4jt1\/2026\/02\/2064449.jpg\",\"datePublished\":\"2026-02-04T14:54:00+00:00\",\"author\":{\"@id\":\"https:\/\/portaltela.pt\/#\/schema\/person\/c4278d4a6028830caff9ee44b42d32ed\"},\"breadcrumb\":{\"@id\":\"https:\/\/portaltela.pt\/noticias\/2026\/02\/04\/falece-jose-luis-nogueira-de-brito-historico-dirigente-do-cds\/#breadcrumb\"},\"inLanguage\":\"pt-PT\",\"potentialAction\":[{\"@type\":\"ReadAction\",\"target\":[\"https:\/\/portaltela.pt\/noticias\/2026\/02\/04\/falece-jose-luis-nogueira-de-brito-historico-dirigente-do-cds\/\"]}]},{\"@type\":\"ImageObject\",\"inLanguage\":\"pt-PT\",\"@id\":\"https:\/\/portaltela.pt\/noticias\/2026\/02\/04\/falece-jose-luis-nogueira-de-brito-historico-dirigente-do-cds\/#primaryimage\",\"url\":\"https:\/\/portaltela.pt\/s.01k8rhncp4jt1\/2026\/02\/2064449.jpg\",\"contentUrl\":\"https:\/\/portaltela.pt\/s.01k8rhncp4jt1\/2026\/02\/2064449.jpg\",\"width\":796,\"height\":448,\"caption\":\"Jos\u00e9 Lu\u00eds Nogueira de Brito na tomada de posse como presidente da Cruz Vermelha Portuguesa. Morreu nesta quarta-feira, aos 88 anos\"},{\"@type\":\"BreadcrumbList\",\"@id\":\"https:\/\/portaltela.pt\/noticias\/2026\/02\/04\/falece-jose-luis-nogueira-de-brito-historico-dirigente-do-cds\/#breadcrumb\",\"itemListElement\":[{\"@type\":\"ListItem\",\"position\":1,\"name\":\"In\u00edcio\",\"item\":\"https:\/\/portaltela.pt\/\"},{\"@type\":\"ListItem\",\"position\":2,\"name\":\"Falece Jos\u00e9 Lu\u00eds Nogueira de Brito, hist\u00f3rico dirigente do CDS\"}]},{\"@type\":\"WebSite\",\"@id\":\"https:\/\/portaltela.pt\/#website\",\"url\":\"https:\/\/portaltela.pt\/\",\"name\":\"Portal Tela Portugal\",\"description\":\"\",\"potentialAction\":[{\"@type\":\"SearchAction\",\"target\":{\"@type\":\"EntryPoint\",\"urlTemplate\":\"https:\/\/portaltela.pt\/?s={search_term_string}\"},\"query-input\":{\"@type\":\"PropertyValueSpecification\",\"valueRequired\":true,\"valueName\":\"search_term_string\"}}],\"inLanguage\":\"pt-PT\"},{\"@type\":\"Person\",\"@id\":\"https:\/\/portaltela.pt\/#\/schema\/person\/c4278d4a6028830caff9ee44b42d32ed\",\"name\":\"Telinha\",\"image\":{\"@type\":\"ImageObject\",\"inLanguage\":\"pt-PT\",\"@id\":\"https:\/\/portaltela.pt\/s.01k8rhncp4jt1\/2025\/11\/talking-bot-125x125.png\",\"url\":\"https:\/\/portaltela.pt\/s.01k8rhncp4jt1\/2025\/11\/talking-bot-125x125.png\",\"contentUrl\":\"https:\/\/portaltela.pt\/s.01k8rhncp4jt1\/2025\/11\/talking-bot-125x125.png\",\"caption\":\"Telinha\"},\"sameAs\":[\"https:\/\/portaltela.pt\/\"],\"url\":\"https:\/\/portaltela.pt\/por\/367410592786\/\"}]}<\/script>\n<!-- \/ Yoast SEO plugin. -->","yoast_head_json":{"title":"Falece Jos\u00e9 Lu\u00eds Nogueira de Brito, hist\u00f3rico dirigente do CDS - Portal Tela Portugal","robots":{"index":"index","follow":"follow","max-snippet":"max-snippet:-1","max-image-preview":"max-image-preview:large","max-video-preview":"max-video-preview:-1"},"og_locale":"pt_PT","og_type":"article","og_title":"Falece Jos\u00e9 Lu\u00eds Nogueira de Brito, hist\u00f3rico dirigente do CDS - Portal Tela Portugal","og_description":"Morreu aos 88 anos Jos\u00e9 Lu\u00eds Nogueira de Brito, antigo l\u00edder parlamentar e deputado do CDS-PP. Foi eleito deputado \u00e0 Assembleia da Rep\u00fablica em 1983 pelo c\u00edrculo de Braga e presidiu a Comiss\u00e3o de Sa\u00fade, Seguran\u00e7a Social e Fam\u00edlia. Liderou a bancada parlamentar do CDS-PP na III legislatura e ocupou cargos como vice\u2011presidente do grupo parlamentar e presidente do Conselho Nacional do partido. Desempenhou fun\u00e7\u00f5es de sub-secret\u00e1rio de Estado do Trabalho e da Presid\u00eancia (1969\u20111972) e de secret\u00e1rio de Estado do Urbanismo e Habita\u00e7\u00e3o (1972\u20111974). Em 2003 tornou\u2011se presidente da Cruz Vermelha Portuguesa, cargo que desempenhou at\u00e9 2005; o CDS\u2011PP destacou o seu legado de humanismo e democracia.","og_url":"https:\/\/portaltela.pt\/noticias\/2026\/02\/04\/falece-jose-luis-nogueira-de-brito-historico-dirigente-do-cds\/","og_site_name":"Portal Tela Portugal","article_published_time":"2026-02-04T14:54:00+00:00","author":"Telinha","twitter_card":"summary_large_image","twitter_misc":{"Escrito por":"Telinha","Tempo estimado de leitura":"1 minuto"},"schema":{"@context":"https:\/\/schema.org","@graph":[{"@type":"Article","@id":"https:\/\/portaltela.pt\/noticias\/2026\/02\/04\/falece-jose-luis-nogueira-de-brito-historico-dirigente-do-cds\/#article","isPartOf":{"@id":"https:\/\/portaltela.pt\/noticias\/2026\/02\/04\/falece-jose-luis-nogueira-de-brito-historico-dirigente-do-cds\/"},"author":{"name":"Telinha","@id":"https:\/\/portaltela.pt\/#\/schema\/person\/c4278d4a6028830caff9ee44b42d32ed"},"headline":"Falece Jos\u00e9 Lu\u00eds Nogueira de Brito, hist\u00f3rico dirigente do CDS","datePublished":"2026-02-04T14:54:00+00:00","mainEntityOfPage":{"@id":"https:\/\/portaltela.pt\/noticias\/2026\/02\/04\/falece-jose-luis-nogueira-de-brito-historico-dirigente-do-cds\/"},"wordCount":216,"image":{"@id":"https:\/\/portaltela.pt\/noticias\/2026\/02\/04\/falece-jose-luis-nogueira-de-brito-historico-dirigente-do-cds\/#primaryimage"},"thumbnailUrl":"https:\/\/portaltela.pt\/s.01k8rhncp4jt1\/2026\/02\/2064449.jpg","keywords":["Barcelos","Braga","CDS","democracia","Dirigentes","pol\u00edtica"],"articleSection":["Not\u00edcias","Pol\u00edtica"],"inLanguage":"pt-PT"},{"@type":"WebPage","@id":"https:\/\/portaltela.pt\/noticias\/2026\/02\/04\/falece-jose-luis-nogueira-de-brito-historico-dirigente-do-cds\/","url":"https:\/\/portaltela.pt\/noticias\/2026\/02\/04\/falece-jose-luis-nogueira-de-brito-historico-dirigente-do-cds\/","name":"Falece Jos\u00e9 Lu\u00eds Nogueira de Brito, hist\u00f3rico dirigente do CDS - Portal Tela Portugal","isPartOf":{"@id":"https:\/\/portaltela.pt\/#website"},"primaryImageOfPage":{"@id":"https:\/\/portaltela.pt\/noticias\/2026\/02\/04\/falece-jose-luis-nogueira-de-brito-historico-dirigente-do-cds\/#primaryimage"},"image":{"@id":"https:\/\/portaltela.pt\/noticias\/2026\/02\/04\/falece-jose-luis-nogueira-de-brito-historico-dirigente-do-cds\/#primaryimage"},"thumbnailUrl":"https:\/\/portaltela.pt\/s.01k8rhncp4jt1\/2026\/02\/2064449.jpg","datePublished":"2026-02-04T14:54:00+00:00","author":{"@id":"https:\/\/portaltela.pt\/#\/schema\/person\/c4278d4a6028830caff9ee44b42d32ed"},"breadcrumb":{"@id":"https:\/\/portaltela.pt\/noticias\/2026\/02\/04\/falece-jose-luis-nogueira-de-brito-historico-dirigente-do-cds\/#breadcrumb"},"inLanguage":"pt-PT","potentialAction":[{"@type":"ReadAction","target":["https:\/\/portaltela.pt\/noticias\/2026\/02\/04\/falece-jose-luis-nogueira-de-brito-historico-dirigente-do-cds\/"]}]},{"@type":"ImageObject","inLanguage":"pt-PT","@id":"https:\/\/portaltela.pt\/noticias\/2026\/02\/04\/falece-jose-luis-nogueira-de-brito-historico-dirigente-do-cds\/#primaryimage","url":"https:\/\/portaltela.pt\/s.01k8rhncp4jt1\/2026\/02\/2064449.jpg","contentUrl":"https:\/\/portaltela.pt\/s.01k8rhncp4jt1\/2026\/02\/2064449.jpg","width":796,"height":448,"caption":"Jos\u00e9 Lu\u00eds Nogueira de Brito na tomada de posse como presidente da Cruz Vermelha Portuguesa. Morreu nesta quarta-feira, aos 88 anos"},{"@type":"BreadcrumbList","@id":"https:\/\/portaltela.pt\/noticias\/2026\/02\/04\/falece-jose-luis-nogueira-de-brito-historico-dirigente-do-cds\/#breadcrumb","itemListElement":[{"@type":"ListItem","position":1,"name":"In\u00edcio","item":"https:\/\/portaltela.pt\/"},{"@type":"ListItem","position":2,"name":"Falece Jos\u00e9 Lu\u00eds Nogueira de Brito, hist\u00f3rico dirigente do CDS"}]},{"@type":"WebSite","@id":"https:\/\/portaltela.pt\/#website","url":"https:\/\/portaltela.pt\/","name":"Portal Tela Portugal","description":"","potentialAction":[{"@type":"SearchAction","target":{"@type":"EntryPoint","urlTemplate":"https:\/\/portaltela.pt\/?s={search_term_string}"},"query-input":{"@type":"PropertyValueSpecification","valueRequired":true,"valueName":"search_term_string"}}],"inLanguage":"pt-PT"},{"@type":"Person","@id":"https:\/\/portaltela.pt\/#\/schema\/person\/c4278d4a6028830caff9ee44b42d32ed","name":"Telinha","image":{"@type":"ImageObject","inLanguage":"pt-PT","@id":"https:\/\/portaltela.pt\/s.01k8rhncp4jt1\/2025\/11\/talking-bot-125x125.png","url":"https:\/\/portaltela.pt\/s.01k8rhncp4jt1\/2025\/11\/talking-bot-125x125.png","contentUrl":"https:\/\/portaltela.pt\/s.01k8rhncp4jt1\/2025\/11\/talking-bot-125x125.png","caption":"Telinha"},"sameAs":["https:\/\/portaltela.pt\/"],"url":"https:\/\/portaltela.pt\/por\/367410592786\/"}]}},"_links":{"self":[{"href":"https:\/\/portaltela.pt\/api\/wp\/v2\/posts\/196987","targetHints":{"allow":["GET"]}}],"collection":[{"href":"https:\/\/portaltela.pt\/api\/wp\/v2\/posts"}],"about":[{"href":"https:\/\/portaltela.pt\/api\/wp\/v2\/types\/post"}],"author":[{"embeddable":true,"href":"https:\/\/portaltela.pt\/api\/wp\/v2\/users\/2"}],"replies":[{"embeddable":true,"href":"https:\/\/portaltela.pt\/api\/wp\/v2\/comments?post=196987"}],"version-history":[{"count":0,"href":"https:\/\/portaltela.pt\/api\/wp\/v2\/posts\/196987\/revisions"}],"wp:featuredmedia":[{"embeddable":true,"href":"https:\/\/portaltela.pt\/api\/wp\/v2\/media\/196995"}],"wp:attachment":[{"href":"https:\/\/portaltela.pt\/api\/wp\/v2\/media?parent=196987"}],"wp:term":[{"taxonomy":"category","embeddable":true,"href":"https:\/\/portaltela.pt\/api\/wp\/v2\/categories?post=196987"},{"taxonomy":"post_tag","embeddable":true,"href":"https:\/\/portaltela.pt\/api\/wp\/v2\/tags?post=196987"}],"curies":[{"name":"wp","href":"https:\/\/api.w.org\/{rel}","templated":true}]}}