{"id":196983,"date":"2026-02-04T11:44:50","date_gmt":"2026-02-04T14:44:50","guid":{"rendered":"https:\/\/portaltela.pt\/noticias\/2026\/02\/04\/feira-do-queijo-serra-da-estrela-aponta-seia-como-produtora-de-queijo-de-ovelha\/"},"modified":"2026-02-04T11:44:50","modified_gmt":"2026-02-04T14:44:50","slug":"feira-do-queijo-serra-da-estrela-aponta-seia-como-produtora-de-queijo-de-ovelha","status":"publish","type":"post","link":"https:\/\/portaltela.pt\/noticias\/2026\/02\/04\/feira-do-queijo-serra-da-estrela-aponta-seia-como-produtora-de-queijo-de-ovelha\/","title":{"rendered":"Feira do Queijo Serra da Estrela aponta Seia como produtora de queijo de ovelha"},"content":{"rendered":"<p>A Feira do Queijo Serra da Estrela, promovida pelo munic\u00edpio de Seia, realiza a 49.\u00aa edi\u00e7\u00e3o entre 14 e 17 de fevereiro. O evento \u00e9 apresentado como refer\u00eancia nacional na valoriza\u00e7\u00e3o do queijo com DOP, destacando Seia como o maior produtor nacional de queijo de ovelha. O certame decorre no Mercado Municipal e na \u00e1rea envolvente, com foco na produ\u00e7\u00e3o, transforma\u00e7\u00e3o e promo\u00e7\u00e3o do sector.<\/p>\n<p>Ao longo de quatro dias, a feira refor\u00e7a a liga\u00e7\u00e3o entre produto, territ\u00f3rio e cultura, mantendo-se como espa\u00e7o de compra direta ao produtor e de partilha de saberes. O certame evidencia a relev\u00e2ncia do sector prim\u00e1rio para a economia local, criando emprego e impacto regional.<\/p>\n<p>A edi\u00e7\u00e3o de 2026 introduz novidades que alargam a perspetiva de territ\u00f3rio, com \u00eanfase na experi\u00eancia e no conhecimento associados ao queijo Serra da Estrela. No dia anterior \u00e0 abertura, realiza-se a confer\u00eancia L\u00e3: de res\u00edduo a recurso, coordenada pela Rede das Aldeias de Montanha, para debater pastor\u00edcia, economia circular e inova\u00e7\u00e3o na valoriza\u00e7\u00e3o de recursos.<\/p>\n<p>No programa h\u00e1 atividades de contacto com a paisagem, em parceria com operadores tur\u00edsticos. No dia 15 de fevereiro, a Mais Trilhos prop\u00f5e um percurso pedestre pelos caminhos do queijo, enquanto a Estrela Ativa organiza um passeio de bicicletas el\u00e9tricas pela Serra da Estrela no dia 16.<\/p>\n<p>A feira mant\u00e9m os elementos estruturantes que a tornaram refer\u00eancia: produ\u00e7\u00e3o ao vivo do Maior Queijo de Ovelha de Seia, demonstra\u00e7\u00f5es de fabrico tradicional, cozinha ao vivo e saberes sobre o Queijo Serra da Estrela DOP, vinhos do D\u00e3o e azeite, al\u00e9m da Quinta do Pastor.<\/p>\n<p>A programa\u00e7\u00e3o inclui o Concurso de Ovinos e Caprinos, organizado pela ANCOSE, que evidencia o trabalho dos pastores com momentos de ordenha e tosquia da Ovelha Serra da Estrela. A participa\u00e7\u00e3o da LICRASE com o C\u00e3o Serra da Estrela refor\u00e7a a liga\u00e7\u00e3o ao patrim\u00f3nio vivo.<\/p>\n<p>O certame acolhe ainda uma mostra de artesanato, tasquinhas tradicionais e um programa musical com coletividades locais, que anima o recinto e envolve a comunidade. Com mais de uma centena de expositores, a Feira do Queijo Serra da Estrela oferece compras diretas ao produtor e quatro dias de celebra\u00e7\u00e3o e inova\u00e7\u00e3o.<\/p>\n","protected":false},"excerpt":{"rendered":"<ul>\n<li>Seia acolhe a 49.\u00aa edi\u00e7\u00e3o da Feira do Queijo Serra da Estrela, de 14 a 17 de fevereiro, maior produtora nacional de queijo de ovelha.<\/li>\n<li>O certame consolida-se como polo de valoriza\u00e7\u00e3o da fileira, desde a produ\u00e7\u00e3o com Denomina\u00e7\u00e3o de Origem Protegida (DOP) at\u00e9 ao fabrico industrial, reunindo produtores, pastores e empresas.<\/li>\n<li>Mant\u00e9m o modelo habitual no Mercado Municipal de Seia, promovendo compra direta ao produtor, saberes tradicionais e inova\u00e7\u00e3o no setor.<\/li>\n<li>Em 2026, estreia-se uma confer\u00eancia sobre l\u00e3 e economia circular, com atividades complementares de turismo rural e experi\u00eancias na paisagem da Serra da Estrela.<\/li>\n<li>O programa inclui demonstra\u00e7\u00f5es de fabrico, concursos de ovinos e caprinos, mostra de C\u00e3o Serra da Estrela, tasquinhas, artesanato, programa musical e mais de 100 expositores.<\/li>\n<\/ul>\n","protected":false},"author":2,"featured_media":196996,"comment_status":"closed","ping_status":"closed","sticky":false,"template":"","format":"standard","meta":{"footnotes":""},"categories":[1],"tags":[760,3118,2899,4820,3954,779],"class_list":["post-196983","post","type-post","status-publish","format-standard","has-post-thumbnail","hentry","category-noticias","tag-agroalimentar","tag-agropecuaria","tag-azeites","tag-queijos","tag-seia","tag-vinhos"],"yoast_head":"<!-- This site is optimized with the Yoast SEO plugin v27.2 - https:\/\/yoast.com\/product\/yoast-seo-wordpress\/ -->\n<title>Feira do Queijo Serra da Estrela aponta Seia como produtora de queijo de ovelha - Portal Tela Portugal<\/title>\n<meta name=\"robots\" content=\"index, follow, max-snippet:-1, max-image-preview:large, max-video-preview:-1\" \/>\n<meta property=\"og:locale\" content=\"pt_PT\" \/>\n<meta property=\"og:type\" content=\"article\" \/>\n<meta property=\"og:title\" content=\"Feira do Queijo Serra da Estrela aponta Seia como produtora de queijo de ovelha - Portal Tela Portugal\" \/>\n<meta property=\"og:description\" content=\"Seia acolhe a 49.\u00aa edi\u00e7\u00e3o da Feira do Queijo Serra da Estrela, de 14 a 17 de fevereiro, maior produtora nacional de queijo de ovelha. O certame consolida-se como polo de valoriza\u00e7\u00e3o da fileira, desde a produ\u00e7\u00e3o com Denomina\u00e7\u00e3o de Origem Protegida (DOP) at\u00e9 ao fabrico industrial, reunindo produtores, pastores e empresas. Mant\u00e9m o modelo habitual no Mercado Municipal de Seia, promovendo compra direta ao produtor, saberes tradicionais e inova\u00e7\u00e3o no setor. Em 2026, estreia-se uma confer\u00eancia sobre l\u00e3 e economia circular, com atividades complementares de turismo rural e experi\u00eancias na paisagem da Serra da Estrela. O programa inclui demonstra\u00e7\u00f5es de fabrico, concursos de ovinos e caprinos, mostra de C\u00e3o Serra da Estrela, tasquinhas, artesanato, programa musical e mais de 100 expositores.\" \/>\n<meta property=\"og:url\" content=\"https:\/\/portaltela.pt\/noticias\/2026\/02\/04\/feira-do-queijo-serra-da-estrela-aponta-seia-como-produtora-de-queijo-de-ovelha\/\" \/>\n<meta property=\"og:site_name\" content=\"Portal Tela Portugal\" \/>\n<meta property=\"article:published_time\" content=\"2026-02-04T14:44:50+00:00\" \/>\n<meta name=\"author\" content=\"Telinha\" \/>\n<meta name=\"twitter:card\" content=\"summary_large_image\" \/>\n<meta name=\"twitter:label1\" content=\"Escrito por\" \/>\n\t<meta name=\"twitter:data1\" content=\"Telinha\" \/>\n\t<meta name=\"twitter:label2\" content=\"Tempo estimado de leitura\" \/>\n\t<meta name=\"twitter:data2\" content=\"2 minutos\" \/>\n<script type=\"application\/ld+json\" class=\"yoast-schema-graph\">{\"@context\":\"https:\/\/schema.org\",\"@graph\":[{\"@type\":\"Article\",\"@id\":\"https:\/\/portaltela.pt\/noticias\/2026\/02\/04\/feira-do-queijo-serra-da-estrela-aponta-seia-como-produtora-de-queijo-de-ovelha\/#article\",\"isPartOf\":{\"@id\":\"https:\/\/portaltela.pt\/noticias\/2026\/02\/04\/feira-do-queijo-serra-da-estrela-aponta-seia-como-produtora-de-queijo-de-ovelha\/\"},\"author\":{\"name\":\"Telinha\",\"@id\":\"https:\/\/portaltela.pt\/#\/schema\/person\/c4278d4a6028830caff9ee44b42d32ed\"},\"headline\":\"Feira do Queijo Serra da Estrela aponta Seia como produtora de queijo de ovelha\",\"datePublished\":\"2026-02-04T14:44:50+00:00\",\"mainEntityOfPage\":{\"@id\":\"https:\/\/portaltela.pt\/noticias\/2026\/02\/04\/feira-do-queijo-serra-da-estrela-aponta-seia-como-produtora-de-queijo-de-ovelha\/\"},\"wordCount\":399,\"image\":{\"@id\":\"https:\/\/portaltela.pt\/noticias\/2026\/02\/04\/feira-do-queijo-serra-da-estrela-aponta-seia-como-produtora-de-queijo-de-ovelha\/#primaryimage\"},\"thumbnailUrl\":\"https:\/\/portaltela.pt\/s.01k8rhncp4jt1\/2026\/02\/unnamed-file-1257.jpg\",\"keywords\":[\"agroalimentar\",\"agropecu\u00e1ria\",\"azeites\",\"queijos\",\"Seia\",\"vinhos\"],\"articleSection\":[\"Not\u00edcias\"],\"inLanguage\":\"pt-PT\"},{\"@type\":\"WebPage\",\"@id\":\"https:\/\/portaltela.pt\/noticias\/2026\/02\/04\/feira-do-queijo-serra-da-estrela-aponta-seia-como-produtora-de-queijo-de-ovelha\/\",\"url\":\"https:\/\/portaltela.pt\/noticias\/2026\/02\/04\/feira-do-queijo-serra-da-estrela-aponta-seia-como-produtora-de-queijo-de-ovelha\/\",\"name\":\"Feira do Queijo Serra da Estrela aponta Seia como produtora de queijo de ovelha - Portal Tela Portugal\",\"isPartOf\":{\"@id\":\"https:\/\/portaltela.pt\/#website\"},\"primaryImageOfPage\":{\"@id\":\"https:\/\/portaltela.pt\/noticias\/2026\/02\/04\/feira-do-queijo-serra-da-estrela-aponta-seia-como-produtora-de-queijo-de-ovelha\/#primaryimage\"},\"image\":{\"@id\":\"https:\/\/portaltela.pt\/noticias\/2026\/02\/04\/feira-do-queijo-serra-da-estrela-aponta-seia-como-produtora-de-queijo-de-ovelha\/#primaryimage\"},\"thumbnailUrl\":\"https:\/\/portaltela.pt\/s.01k8rhncp4jt1\/2026\/02\/unnamed-file-1257.jpg\",\"datePublished\":\"2026-02-04T14:44:50+00:00\",\"author\":{\"@id\":\"https:\/\/portaltela.pt\/#\/schema\/person\/c4278d4a6028830caff9ee44b42d32ed\"},\"breadcrumb\":{\"@id\":\"https:\/\/portaltela.pt\/noticias\/2026\/02\/04\/feira-do-queijo-serra-da-estrela-aponta-seia-como-produtora-de-queijo-de-ovelha\/#breadcrumb\"},\"inLanguage\":\"pt-PT\",\"potentialAction\":[{\"@type\":\"ReadAction\",\"target\":[\"https:\/\/portaltela.pt\/noticias\/2026\/02\/04\/feira-do-queijo-serra-da-estrela-aponta-seia-como-produtora-de-queijo-de-ovelha\/\"]}]},{\"@type\":\"ImageObject\",\"inLanguage\":\"pt-PT\",\"@id\":\"https:\/\/portaltela.pt\/noticias\/2026\/02\/04\/feira-do-queijo-serra-da-estrela-aponta-seia-como-produtora-de-queijo-de-ovelha\/#primaryimage\",\"url\":\"https:\/\/portaltela.pt\/s.01k8rhncp4jt1\/2026\/02\/unnamed-file-1257.jpg\",\"contentUrl\":\"https:\/\/portaltela.pt\/s.01k8rhncp4jt1\/2026\/02\/unnamed-file-1257.jpg\",\"width\":796,\"height\":448,\"caption\":\"Feira do Queijo Serra da Estrela afirma Seia como maior produtor de queijo de ovelha\"},{\"@type\":\"BreadcrumbList\",\"@id\":\"https:\/\/portaltela.pt\/noticias\/2026\/02\/04\/feira-do-queijo-serra-da-estrela-aponta-seia-como-produtora-de-queijo-de-ovelha\/#breadcrumb\",\"itemListElement\":[{\"@type\":\"ListItem\",\"position\":1,\"name\":\"In\u00edcio\",\"item\":\"https:\/\/portaltela.pt\/\"},{\"@type\":\"ListItem\",\"position\":2,\"name\":\"Feira do Queijo Serra da Estrela aponta Seia como produtora de queijo de ovelha\"}]},{\"@type\":\"WebSite\",\"@id\":\"https:\/\/portaltela.pt\/#website\",\"url\":\"https:\/\/portaltela.pt\/\",\"name\":\"Portal Tela Portugal\",\"description\":\"\",\"potentialAction\":[{\"@type\":\"SearchAction\",\"target\":{\"@type\":\"EntryPoint\",\"urlTemplate\":\"https:\/\/portaltela.pt\/?s={search_term_string}\"},\"query-input\":{\"@type\":\"PropertyValueSpecification\",\"valueRequired\":true,\"valueName\":\"search_term_string\"}}],\"inLanguage\":\"pt-PT\"},{\"@type\":\"Person\",\"@id\":\"https:\/\/portaltela.pt\/#\/schema\/person\/c4278d4a6028830caff9ee44b42d32ed\",\"name\":\"Telinha\",\"image\":{\"@type\":\"ImageObject\",\"inLanguage\":\"pt-PT\",\"@id\":\"https:\/\/portaltela.pt\/s.01k8rhncp4jt1\/2025\/11\/talking-bot-125x125.png\",\"url\":\"https:\/\/portaltela.pt\/s.01k8rhncp4jt1\/2025\/11\/talking-bot-125x125.png\",\"contentUrl\":\"https:\/\/portaltela.pt\/s.01k8rhncp4jt1\/2025\/11\/talking-bot-125x125.png\",\"caption\":\"Telinha\"},\"sameAs\":[\"https:\/\/portaltela.pt\/\"],\"url\":\"https:\/\/portaltela.pt\/por\/367410592786\/\"}]}<\/script>\n<!-- \/ Yoast SEO plugin. -->","yoast_head_json":{"title":"Feira do Queijo Serra da Estrela aponta Seia como produtora de queijo de ovelha - Portal Tela Portugal","robots":{"index":"index","follow":"follow","max-snippet":"max-snippet:-1","max-image-preview":"max-image-preview:large","max-video-preview":"max-video-preview:-1"},"og_locale":"pt_PT","og_type":"article","og_title":"Feira do Queijo Serra da Estrela aponta Seia como produtora de queijo de ovelha - Portal Tela Portugal","og_description":"Seia acolhe a 49.\u00aa edi\u00e7\u00e3o da Feira do Queijo Serra da Estrela, de 14 a 17 de fevereiro, maior produtora nacional de queijo de ovelha. O certame consolida-se como polo de valoriza\u00e7\u00e3o da fileira, desde a produ\u00e7\u00e3o com Denomina\u00e7\u00e3o de Origem Protegida (DOP) at\u00e9 ao fabrico industrial, reunindo produtores, pastores e empresas. Mant\u00e9m o modelo habitual no Mercado Municipal de Seia, promovendo compra direta ao produtor, saberes tradicionais e inova\u00e7\u00e3o no setor. Em 2026, estreia-se uma confer\u00eancia sobre l\u00e3 e economia circular, com atividades complementares de turismo rural e experi\u00eancias na paisagem da Serra da Estrela. O programa inclui demonstra\u00e7\u00f5es de fabrico, concursos de ovinos e caprinos, mostra de C\u00e3o Serra da Estrela, tasquinhas, artesanato, programa musical e mais de 100 expositores.","og_url":"https:\/\/portaltela.pt\/noticias\/2026\/02\/04\/feira-do-queijo-serra-da-estrela-aponta-seia-como-produtora-de-queijo-de-ovelha\/","og_site_name":"Portal Tela Portugal","article_published_time":"2026-02-04T14:44:50+00:00","author":"Telinha","twitter_card":"summary_large_image","twitter_misc":{"Escrito por":"Telinha","Tempo estimado de leitura":"2 minutos"},"schema":{"@context":"https:\/\/schema.org","@graph":[{"@type":"Article","@id":"https:\/\/portaltela.pt\/noticias\/2026\/02\/04\/feira-do-queijo-serra-da-estrela-aponta-seia-como-produtora-de-queijo-de-ovelha\/#article","isPartOf":{"@id":"https:\/\/portaltela.pt\/noticias\/2026\/02\/04\/feira-do-queijo-serra-da-estrela-aponta-seia-como-produtora-de-queijo-de-ovelha\/"},"author":{"name":"Telinha","@id":"https:\/\/portaltela.pt\/#\/schema\/person\/c4278d4a6028830caff9ee44b42d32ed"},"headline":"Feira do Queijo Serra da Estrela aponta Seia como produtora de queijo de ovelha","datePublished":"2026-02-04T14:44:50+00:00","mainEntityOfPage":{"@id":"https:\/\/portaltela.pt\/noticias\/2026\/02\/04\/feira-do-queijo-serra-da-estrela-aponta-seia-como-produtora-de-queijo-de-ovelha\/"},"wordCount":399,"image":{"@id":"https:\/\/portaltela.pt\/noticias\/2026\/02\/04\/feira-do-queijo-serra-da-estrela-aponta-seia-como-produtora-de-queijo-de-ovelha\/#primaryimage"},"thumbnailUrl":"https:\/\/portaltela.pt\/s.01k8rhncp4jt1\/2026\/02\/unnamed-file-1257.jpg","keywords":["agroalimentar","agropecu\u00e1ria","azeites","queijos","Seia","vinhos"],"articleSection":["Not\u00edcias"],"inLanguage":"pt-PT"},{"@type":"WebPage","@id":"https:\/\/portaltela.pt\/noticias\/2026\/02\/04\/feira-do-queijo-serra-da-estrela-aponta-seia-como-produtora-de-queijo-de-ovelha\/","url":"https:\/\/portaltela.pt\/noticias\/2026\/02\/04\/feira-do-queijo-serra-da-estrela-aponta-seia-como-produtora-de-queijo-de-ovelha\/","name":"Feira do Queijo Serra da Estrela aponta Seia como produtora de queijo de ovelha - Portal Tela Portugal","isPartOf":{"@id":"https:\/\/portaltela.pt\/#website"},"primaryImageOfPage":{"@id":"https:\/\/portaltela.pt\/noticias\/2026\/02\/04\/feira-do-queijo-serra-da-estrela-aponta-seia-como-produtora-de-queijo-de-ovelha\/#primaryimage"},"image":{"@id":"https:\/\/portaltela.pt\/noticias\/2026\/02\/04\/feira-do-queijo-serra-da-estrela-aponta-seia-como-produtora-de-queijo-de-ovelha\/#primaryimage"},"thumbnailUrl":"https:\/\/portaltela.pt\/s.01k8rhncp4jt1\/2026\/02\/unnamed-file-1257.jpg","datePublished":"2026-02-04T14:44:50+00:00","author":{"@id":"https:\/\/portaltela.pt\/#\/schema\/person\/c4278d4a6028830caff9ee44b42d32ed"},"breadcrumb":{"@id":"https:\/\/portaltela.pt\/noticias\/2026\/02\/04\/feira-do-queijo-serra-da-estrela-aponta-seia-como-produtora-de-queijo-de-ovelha\/#breadcrumb"},"inLanguage":"pt-PT","potentialAction":[{"@type":"ReadAction","target":["https:\/\/portaltela.pt\/noticias\/2026\/02\/04\/feira-do-queijo-serra-da-estrela-aponta-seia-como-produtora-de-queijo-de-ovelha\/"]}]},{"@type":"ImageObject","inLanguage":"pt-PT","@id":"https:\/\/portaltela.pt\/noticias\/2026\/02\/04\/feira-do-queijo-serra-da-estrela-aponta-seia-como-produtora-de-queijo-de-ovelha\/#primaryimage","url":"https:\/\/portaltela.pt\/s.01k8rhncp4jt1\/2026\/02\/unnamed-file-1257.jpg","contentUrl":"https:\/\/portaltela.pt\/s.01k8rhncp4jt1\/2026\/02\/unnamed-file-1257.jpg","width":796,"height":448,"caption":"Feira do Queijo Serra da Estrela afirma Seia como maior produtor de queijo de ovelha"},{"@type":"BreadcrumbList","@id":"https:\/\/portaltela.pt\/noticias\/2026\/02\/04\/feira-do-queijo-serra-da-estrela-aponta-seia-como-produtora-de-queijo-de-ovelha\/#breadcrumb","itemListElement":[{"@type":"ListItem","position":1,"name":"In\u00edcio","item":"https:\/\/portaltela.pt\/"},{"@type":"ListItem","position":2,"name":"Feira do Queijo Serra da Estrela aponta Seia como produtora de queijo de ovelha"}]},{"@type":"WebSite","@id":"https:\/\/portaltela.pt\/#website","url":"https:\/\/portaltela.pt\/","name":"Portal Tela Portugal","description":"","potentialAction":[{"@type":"SearchAction","target":{"@type":"EntryPoint","urlTemplate":"https:\/\/portaltela.pt\/?s={search_term_string}"},"query-input":{"@type":"PropertyValueSpecification","valueRequired":true,"valueName":"search_term_string"}}],"inLanguage":"pt-PT"},{"@type":"Person","@id":"https:\/\/portaltela.pt\/#\/schema\/person\/c4278d4a6028830caff9ee44b42d32ed","name":"Telinha","image":{"@type":"ImageObject","inLanguage":"pt-PT","@id":"https:\/\/portaltela.pt\/s.01k8rhncp4jt1\/2025\/11\/talking-bot-125x125.png","url":"https:\/\/portaltela.pt\/s.01k8rhncp4jt1\/2025\/11\/talking-bot-125x125.png","contentUrl":"https:\/\/portaltela.pt\/s.01k8rhncp4jt1\/2025\/11\/talking-bot-125x125.png","caption":"Telinha"},"sameAs":["https:\/\/portaltela.pt\/"],"url":"https:\/\/portaltela.pt\/por\/367410592786\/"}]}},"_links":{"self":[{"href":"https:\/\/portaltela.pt\/api\/wp\/v2\/posts\/196983","targetHints":{"allow":["GET"]}}],"collection":[{"href":"https:\/\/portaltela.pt\/api\/wp\/v2\/posts"}],"about":[{"href":"https:\/\/portaltela.pt\/api\/wp\/v2\/types\/post"}],"author":[{"embeddable":true,"href":"https:\/\/portaltela.pt\/api\/wp\/v2\/users\/2"}],"replies":[{"embeddable":true,"href":"https:\/\/portaltela.pt\/api\/wp\/v2\/comments?post=196983"}],"version-history":[{"count":0,"href":"https:\/\/portaltela.pt\/api\/wp\/v2\/posts\/196983\/revisions"}],"wp:featuredmedia":[{"embeddable":true,"href":"https:\/\/portaltela.pt\/api\/wp\/v2\/media\/196996"}],"wp:attachment":[{"href":"https:\/\/portaltela.pt\/api\/wp\/v2\/media?parent=196983"}],"wp:term":[{"taxonomy":"category","embeddable":true,"href":"https:\/\/portaltela.pt\/api\/wp\/v2\/categories?post=196983"},{"taxonomy":"post_tag","embeddable":true,"href":"https:\/\/portaltela.pt\/api\/wp\/v2\/tags?post=196983"}],"curies":[{"name":"wp","href":"https:\/\/api.w.org\/{rel}","templated":true}]}}