{"id":196979,"date":"2026-02-04T11:42:00","date_gmt":"2026-02-04T14:42:00","guid":{"rendered":"https:\/\/portaltela.pt\/noticias\/2026\/02\/04\/hfa-mobiliza-comunidade-para-apoiar-municipios-ainda-sem-ajuda-apos-intemperies\/"},"modified":"2026-02-04T11:42:00","modified_gmt":"2026-02-04T14:42:00","slug":"hfa-mobiliza-comunidade-para-apoiar-municipios-ainda-sem-ajuda-apos-intemperies","status":"publish","type":"post","link":"https:\/\/portaltela.pt\/noticias\/2026\/02\/04\/hfa-mobiliza-comunidade-para-apoiar-municipios-ainda-sem-ajuda-apos-intemperies\/","title":{"rendered":"HFA mobiliza comunidade para apoiar munic\u00edpios ainda sem ajuda ap\u00f3s intemp\u00e9ries"},"content":{"rendered":"<p>A HFA lan\u00e7ou uma angaria\u00e7\u00e3o solid\u00e1ria aberta \u00e0 comunidade para apoiar munic\u00edpios que ainda n\u00e3o receberam aux\u00edlio ap\u00f3s os recentes epis\u00f3dios de mau tempo que afectaram v\u00e1rias regi\u00f5es do pa\u00eds. A iniciativa visa responder \u00e0s necessidades imediatas no terreno.<\/p>\n<p>A iniciativa, inicialmente pensada para mobiliza\u00e7\u00e3o interna, foi alargada \u00e0 popula\u00e7\u00e3o em geral, sobretudo da regi\u00e3o Norte, permitindo que qualquer pessoa possa contribuir, independentemente do montante. Cada gesto conta, mesmo os mais pequenos.<\/p>\n<p>No \u00e2mbito da a\u00e7\u00e3o solid\u00e1ria, est\u00e3o a ser recolhidos bens considerados essenciais para as necessidades imediatas. Entre os itens solicitados est\u00e3o \u00e1gua, alimentos n\u00e3o perec\u00edveis, higiene pessoal, limpeza para casa e loi\u00e7a, lanternas, pilhas, bem como materiais de cobertura como lonas, telhas e pl\u00e1sticos. Tamb\u00e9m s\u00e3o solicitados materiais de constru\u00e7\u00e3o civil.<\/p>\n<p>A entrega dos donativos deve ocorrer na entrada principal das instala\u00e7\u00f5es da HFA, com o prazo de recolha definido at\u00e9 ao dia 5 de fevereiro. Na pr\u00f3xima sexta-feira, a empresa mobilizar\u00e1 uma carrinha para distribuir os bens angariados junto dos munic\u00edpios ainda sem apoio.<\/p>\n<p>Em comunicado divulgado nas redes sociais, a HFA refor\u00e7a o apelo \u00e0 solidariedade e destaca o papel da comunidade na resposta a situa\u00e7\u00f5es de emerg\u00eancia. A empresa agradece antecipadamente a quem se associa \u00e0 iniciativa, sublinhando a coopera\u00e7\u00e3o entre privados, cidad\u00e3os e autarquias como determinante para uma resposta mais c\u00e9lere.<\/p>\n","protected":false},"excerpt":{"rendered":"<ul>\n<li>A HFA lan\u00e7ou uma angaria\u00e7\u00e3o solid\u00e1ria para apoiar munic\u00edpios que, at\u00e9 ao momento, n\u00e3o receberam qualquer aux\u00edlio ap\u00f3s os epis\u00f3dios de mau tempo.<\/li>\n<li>A iniciativa, inicialmente interna, foi aberta \u00e0 comunidade em geral, sobretudo na regi\u00e3o Norte, permitindo contribui\u00e7\u00f5es de qualquer valor.<\/li>\n<li>A recolha foca-se em bens essenciais: \u00e1gua, alimentos n\u00e3o perec\u00edveis, produtos de higiene, limpeza, ilumina\u00e7\u00e3o (lanternas e pilhas), lonas, telhas, pl\u00e1sticos e materiais de constru\u00e7\u00e3o como blocos, tijolos e cimento.<\/li>\n<li>As contribui\u00e7\u00f5es devem ser entregues na entrada principal das instala\u00e7\u00f5es da HFA e o prazo vai at\u00e9 ao dia 5 de fevereiro.<\/li>\n<li>Na pr\u00f3xima sexta-feira, a empresa vai mobilizar uma carrinha para distribuir os donativos junto dos munic\u00edpios que permanecem sem apoio.<\/li>\n<\/ul>\n","protected":false},"author":2,"featured_media":196980,"comment_status":"closed","ping_status":"closed","sticky":false,"template":"","format":"standard","meta":{"footnotes":""},"categories":[1],"tags":[1084,3820,2172,5215,320,4071],"class_list":["post-196979","post","type-post","status-publish","format-standard","has-post-thumbnail","hentry","category-noticias","tag-acao-social","tag-acoes-comunitarias","tag-assistencia-social","tag-catastrofes-naturais","tag-protecao-civil","tag-solidariedade-social"],"yoast_head":"<!-- This site is optimized with the Yoast SEO plugin v27.2 - https:\/\/yoast.com\/product\/yoast-seo-wordpress\/ -->\n<title>HFA mobiliza comunidade para apoiar munic\u00edpios ainda sem ajuda ap\u00f3s intemp\u00e9ries - Portal Tela Portugal<\/title>\n<meta name=\"robots\" content=\"index, follow, max-snippet:-1, max-image-preview:large, max-video-preview:-1\" \/>\n<meta property=\"og:locale\" content=\"pt_PT\" \/>\n<meta property=\"og:type\" content=\"article\" \/>\n<meta property=\"og:title\" content=\"HFA mobiliza comunidade para apoiar munic\u00edpios ainda sem ajuda ap\u00f3s intemp\u00e9ries - Portal Tela Portugal\" \/>\n<meta property=\"og:description\" content=\"A HFA lan\u00e7ou uma angaria\u00e7\u00e3o solid\u00e1ria para apoiar munic\u00edpios que, at\u00e9 ao momento, n\u00e3o receberam qualquer aux\u00edlio ap\u00f3s os epis\u00f3dios de mau tempo. A iniciativa, inicialmente interna, foi aberta \u00e0 comunidade em geral, sobretudo na regi\u00e3o Norte, permitindo contribui\u00e7\u00f5es de qualquer valor. A recolha foca-se em bens essenciais: \u00e1gua, alimentos n\u00e3o perec\u00edveis, produtos de higiene, limpeza, ilumina\u00e7\u00e3o (lanternas e pilhas), lonas, telhas, pl\u00e1sticos e materiais de constru\u00e7\u00e3o como blocos, tijolos e cimento. As contribui\u00e7\u00f5es devem ser entregues na entrada principal das instala\u00e7\u00f5es da HFA e o prazo vai at\u00e9 ao dia 5 de fevereiro. Na pr\u00f3xima sexta-feira, a empresa vai mobilizar uma carrinha para distribuir os donativos junto dos munic\u00edpios que permanecem sem apoio.\" \/>\n<meta property=\"og:url\" content=\"https:\/\/portaltela.pt\/noticias\/2026\/02\/04\/hfa-mobiliza-comunidade-para-apoiar-municipios-ainda-sem-ajuda-apos-intemperies\/\" \/>\n<meta property=\"og:site_name\" content=\"Portal Tela Portugal\" \/>\n<meta property=\"article:published_time\" content=\"2026-02-04T14:42:00+00:00\" \/>\n<meta name=\"author\" content=\"Telinha\" \/>\n<meta name=\"twitter:card\" content=\"summary_large_image\" \/>\n<meta name=\"twitter:label1\" content=\"Escrito por\" \/>\n\t<meta name=\"twitter:data1\" content=\"Telinha\" \/>\n\t<meta name=\"twitter:label2\" content=\"Tempo estimado de leitura\" \/>\n\t<meta name=\"twitter:data2\" content=\"1 minuto\" \/>\n<script type=\"application\/ld+json\" class=\"yoast-schema-graph\">{\"@context\":\"https:\/\/schema.org\",\"@graph\":[{\"@type\":\"Article\",\"@id\":\"https:\/\/portaltela.pt\/noticias\/2026\/02\/04\/hfa-mobiliza-comunidade-para-apoiar-municipios-ainda-sem-ajuda-apos-intemperies\/#article\",\"isPartOf\":{\"@id\":\"https:\/\/portaltela.pt\/noticias\/2026\/02\/04\/hfa-mobiliza-comunidade-para-apoiar-municipios-ainda-sem-ajuda-apos-intemperies\/\"},\"author\":{\"name\":\"Telinha\",\"@id\":\"https:\/\/portaltela.pt\/#\/schema\/person\/c4278d4a6028830caff9ee44b42d32ed\"},\"headline\":\"HFA mobiliza comunidade para apoiar munic\u00edpios ainda sem ajuda ap\u00f3s intemp\u00e9ries\",\"datePublished\":\"2026-02-04T14:42:00+00:00\",\"mainEntityOfPage\":{\"@id\":\"https:\/\/portaltela.pt\/noticias\/2026\/02\/04\/hfa-mobiliza-comunidade-para-apoiar-municipios-ainda-sem-ajuda-apos-intemperies\/\"},\"wordCount\":260,\"image\":{\"@id\":\"https:\/\/portaltela.pt\/noticias\/2026\/02\/04\/hfa-mobiliza-comunidade-para-apoiar-municipios-ainda-sem-ajuda-apos-intemperies\/#primaryimage\"},\"thumbnailUrl\":\"https:\/\/portaltela.pt\/s.01k8rhncp4jt1\/2026\/02\/transferir.jpg\",\"keywords\":[\"A\u00e7\u00e3o Social\",\"a\u00e7\u00f5es comunit\u00e1rias\",\"assist\u00eancia social\",\"cat\u00e1strofes naturais\",\"prote\u00e7\u00e3o civil\",\"Solidariedade Social\"],\"articleSection\":[\"Not\u00edcias\"],\"inLanguage\":\"pt-PT\"},{\"@type\":\"WebPage\",\"@id\":\"https:\/\/portaltela.pt\/noticias\/2026\/02\/04\/hfa-mobiliza-comunidade-para-apoiar-municipios-ainda-sem-ajuda-apos-intemperies\/\",\"url\":\"https:\/\/portaltela.pt\/noticias\/2026\/02\/04\/hfa-mobiliza-comunidade-para-apoiar-municipios-ainda-sem-ajuda-apos-intemperies\/\",\"name\":\"HFA mobiliza comunidade para apoiar munic\u00edpios ainda sem ajuda ap\u00f3s intemp\u00e9ries - Portal Tela Portugal\",\"isPartOf\":{\"@id\":\"https:\/\/portaltela.pt\/#website\"},\"primaryImageOfPage\":{\"@id\":\"https:\/\/portaltela.pt\/noticias\/2026\/02\/04\/hfa-mobiliza-comunidade-para-apoiar-municipios-ainda-sem-ajuda-apos-intemperies\/#primaryimage\"},\"image\":{\"@id\":\"https:\/\/portaltela.pt\/noticias\/2026\/02\/04\/hfa-mobiliza-comunidade-para-apoiar-municipios-ainda-sem-ajuda-apos-intemperies\/#primaryimage\"},\"thumbnailUrl\":\"https:\/\/portaltela.pt\/s.01k8rhncp4jt1\/2026\/02\/transferir.jpg\",\"datePublished\":\"2026-02-04T14:42:00+00:00\",\"author\":{\"@id\":\"https:\/\/portaltela.pt\/#\/schema\/person\/c4278d4a6028830caff9ee44b42d32ed\"},\"breadcrumb\":{\"@id\":\"https:\/\/portaltela.pt\/noticias\/2026\/02\/04\/hfa-mobiliza-comunidade-para-apoiar-municipios-ainda-sem-ajuda-apos-intemperies\/#breadcrumb\"},\"inLanguage\":\"pt-PT\",\"potentialAction\":[{\"@type\":\"ReadAction\",\"target\":[\"https:\/\/portaltela.pt\/noticias\/2026\/02\/04\/hfa-mobiliza-comunidade-para-apoiar-municipios-ainda-sem-ajuda-apos-intemperies\/\"]}]},{\"@type\":\"ImageObject\",\"inLanguage\":\"pt-PT\",\"@id\":\"https:\/\/portaltela.pt\/noticias\/2026\/02\/04\/hfa-mobiliza-comunidade-para-apoiar-municipios-ainda-sem-ajuda-apos-intemperies\/#primaryimage\",\"url\":\"https:\/\/portaltela.pt\/s.01k8rhncp4jt1\/2026\/02\/transferir.jpg\",\"contentUrl\":\"https:\/\/portaltela.pt\/s.01k8rhncp4jt1\/2026\/02\/transferir.jpg\",\"width\":796,\"height\":448,\"caption\":\"HFA mobiliza comunidade para apoiar munic\u00edpios ainda sem ajuda ap\u00f3s intemp\u00e9ries\"},{\"@type\":\"BreadcrumbList\",\"@id\":\"https:\/\/portaltela.pt\/noticias\/2026\/02\/04\/hfa-mobiliza-comunidade-para-apoiar-municipios-ainda-sem-ajuda-apos-intemperies\/#breadcrumb\",\"itemListElement\":[{\"@type\":\"ListItem\",\"position\":1,\"name\":\"In\u00edcio\",\"item\":\"https:\/\/portaltela.pt\/\"},{\"@type\":\"ListItem\",\"position\":2,\"name\":\"HFA mobiliza comunidade para apoiar munic\u00edpios ainda sem ajuda ap\u00f3s intemp\u00e9ries\"}]},{\"@type\":\"WebSite\",\"@id\":\"https:\/\/portaltela.pt\/#website\",\"url\":\"https:\/\/portaltela.pt\/\",\"name\":\"Portal Tela Portugal\",\"description\":\"\",\"potentialAction\":[{\"@type\":\"SearchAction\",\"target\":{\"@type\":\"EntryPoint\",\"urlTemplate\":\"https:\/\/portaltela.pt\/?s={search_term_string}\"},\"query-input\":{\"@type\":\"PropertyValueSpecification\",\"valueRequired\":true,\"valueName\":\"search_term_string\"}}],\"inLanguage\":\"pt-PT\"},{\"@type\":\"Person\",\"@id\":\"https:\/\/portaltela.pt\/#\/schema\/person\/c4278d4a6028830caff9ee44b42d32ed\",\"name\":\"Telinha\",\"image\":{\"@type\":\"ImageObject\",\"inLanguage\":\"pt-PT\",\"@id\":\"https:\/\/portaltela.pt\/s.01k8rhncp4jt1\/2025\/11\/talking-bot-125x125.png\",\"url\":\"https:\/\/portaltela.pt\/s.01k8rhncp4jt1\/2025\/11\/talking-bot-125x125.png\",\"contentUrl\":\"https:\/\/portaltela.pt\/s.01k8rhncp4jt1\/2025\/11\/talking-bot-125x125.png\",\"caption\":\"Telinha\"},\"sameAs\":[\"https:\/\/portaltela.pt\/\"],\"url\":\"https:\/\/portaltela.pt\/por\/367410592786\/\"}]}<\/script>\n<!-- \/ Yoast SEO plugin. -->","yoast_head_json":{"title":"HFA mobiliza comunidade para apoiar munic\u00edpios ainda sem ajuda ap\u00f3s intemp\u00e9ries - Portal Tela Portugal","robots":{"index":"index","follow":"follow","max-snippet":"max-snippet:-1","max-image-preview":"max-image-preview:large","max-video-preview":"max-video-preview:-1"},"og_locale":"pt_PT","og_type":"article","og_title":"HFA mobiliza comunidade para apoiar munic\u00edpios ainda sem ajuda ap\u00f3s intemp\u00e9ries - Portal Tela Portugal","og_description":"A HFA lan\u00e7ou uma angaria\u00e7\u00e3o solid\u00e1ria para apoiar munic\u00edpios que, at\u00e9 ao momento, n\u00e3o receberam qualquer aux\u00edlio ap\u00f3s os epis\u00f3dios de mau tempo. A iniciativa, inicialmente interna, foi aberta \u00e0 comunidade em geral, sobretudo na regi\u00e3o Norte, permitindo contribui\u00e7\u00f5es de qualquer valor. A recolha foca-se em bens essenciais: \u00e1gua, alimentos n\u00e3o perec\u00edveis, produtos de higiene, limpeza, ilumina\u00e7\u00e3o (lanternas e pilhas), lonas, telhas, pl\u00e1sticos e materiais de constru\u00e7\u00e3o como blocos, tijolos e cimento. As contribui\u00e7\u00f5es devem ser entregues na entrada principal das instala\u00e7\u00f5es da HFA e o prazo vai at\u00e9 ao dia 5 de fevereiro. Na pr\u00f3xima sexta-feira, a empresa vai mobilizar uma carrinha para distribuir os donativos junto dos munic\u00edpios que permanecem sem apoio.","og_url":"https:\/\/portaltela.pt\/noticias\/2026\/02\/04\/hfa-mobiliza-comunidade-para-apoiar-municipios-ainda-sem-ajuda-apos-intemperies\/","og_site_name":"Portal Tela Portugal","article_published_time":"2026-02-04T14:42:00+00:00","author":"Telinha","twitter_card":"summary_large_image","twitter_misc":{"Escrito por":"Telinha","Tempo estimado de leitura":"1 minuto"},"schema":{"@context":"https:\/\/schema.org","@graph":[{"@type":"Article","@id":"https:\/\/portaltela.pt\/noticias\/2026\/02\/04\/hfa-mobiliza-comunidade-para-apoiar-municipios-ainda-sem-ajuda-apos-intemperies\/#article","isPartOf":{"@id":"https:\/\/portaltela.pt\/noticias\/2026\/02\/04\/hfa-mobiliza-comunidade-para-apoiar-municipios-ainda-sem-ajuda-apos-intemperies\/"},"author":{"name":"Telinha","@id":"https:\/\/portaltela.pt\/#\/schema\/person\/c4278d4a6028830caff9ee44b42d32ed"},"headline":"HFA mobiliza comunidade para apoiar munic\u00edpios ainda sem ajuda ap\u00f3s intemp\u00e9ries","datePublished":"2026-02-04T14:42:00+00:00","mainEntityOfPage":{"@id":"https:\/\/portaltela.pt\/noticias\/2026\/02\/04\/hfa-mobiliza-comunidade-para-apoiar-municipios-ainda-sem-ajuda-apos-intemperies\/"},"wordCount":260,"image":{"@id":"https:\/\/portaltela.pt\/noticias\/2026\/02\/04\/hfa-mobiliza-comunidade-para-apoiar-municipios-ainda-sem-ajuda-apos-intemperies\/#primaryimage"},"thumbnailUrl":"https:\/\/portaltela.pt\/s.01k8rhncp4jt1\/2026\/02\/transferir.jpg","keywords":["A\u00e7\u00e3o Social","a\u00e7\u00f5es comunit\u00e1rias","assist\u00eancia social","cat\u00e1strofes naturais","prote\u00e7\u00e3o civil","Solidariedade Social"],"articleSection":["Not\u00edcias"],"inLanguage":"pt-PT"},{"@type":"WebPage","@id":"https:\/\/portaltela.pt\/noticias\/2026\/02\/04\/hfa-mobiliza-comunidade-para-apoiar-municipios-ainda-sem-ajuda-apos-intemperies\/","url":"https:\/\/portaltela.pt\/noticias\/2026\/02\/04\/hfa-mobiliza-comunidade-para-apoiar-municipios-ainda-sem-ajuda-apos-intemperies\/","name":"HFA mobiliza comunidade para apoiar munic\u00edpios ainda sem ajuda ap\u00f3s intemp\u00e9ries - Portal Tela Portugal","isPartOf":{"@id":"https:\/\/portaltela.pt\/#website"},"primaryImageOfPage":{"@id":"https:\/\/portaltela.pt\/noticias\/2026\/02\/04\/hfa-mobiliza-comunidade-para-apoiar-municipios-ainda-sem-ajuda-apos-intemperies\/#primaryimage"},"image":{"@id":"https:\/\/portaltela.pt\/noticias\/2026\/02\/04\/hfa-mobiliza-comunidade-para-apoiar-municipios-ainda-sem-ajuda-apos-intemperies\/#primaryimage"},"thumbnailUrl":"https:\/\/portaltela.pt\/s.01k8rhncp4jt1\/2026\/02\/transferir.jpg","datePublished":"2026-02-04T14:42:00+00:00","author":{"@id":"https:\/\/portaltela.pt\/#\/schema\/person\/c4278d4a6028830caff9ee44b42d32ed"},"breadcrumb":{"@id":"https:\/\/portaltela.pt\/noticias\/2026\/02\/04\/hfa-mobiliza-comunidade-para-apoiar-municipios-ainda-sem-ajuda-apos-intemperies\/#breadcrumb"},"inLanguage":"pt-PT","potentialAction":[{"@type":"ReadAction","target":["https:\/\/portaltela.pt\/noticias\/2026\/02\/04\/hfa-mobiliza-comunidade-para-apoiar-municipios-ainda-sem-ajuda-apos-intemperies\/"]}]},{"@type":"ImageObject","inLanguage":"pt-PT","@id":"https:\/\/portaltela.pt\/noticias\/2026\/02\/04\/hfa-mobiliza-comunidade-para-apoiar-municipios-ainda-sem-ajuda-apos-intemperies\/#primaryimage","url":"https:\/\/portaltela.pt\/s.01k8rhncp4jt1\/2026\/02\/transferir.jpg","contentUrl":"https:\/\/portaltela.pt\/s.01k8rhncp4jt1\/2026\/02\/transferir.jpg","width":796,"height":448,"caption":"HFA mobiliza comunidade para apoiar munic\u00edpios ainda sem ajuda ap\u00f3s intemp\u00e9ries"},{"@type":"BreadcrumbList","@id":"https:\/\/portaltela.pt\/noticias\/2026\/02\/04\/hfa-mobiliza-comunidade-para-apoiar-municipios-ainda-sem-ajuda-apos-intemperies\/#breadcrumb","itemListElement":[{"@type":"ListItem","position":1,"name":"In\u00edcio","item":"https:\/\/portaltela.pt\/"},{"@type":"ListItem","position":2,"name":"HFA mobiliza comunidade para apoiar munic\u00edpios ainda sem ajuda ap\u00f3s intemp\u00e9ries"}]},{"@type":"WebSite","@id":"https:\/\/portaltela.pt\/#website","url":"https:\/\/portaltela.pt\/","name":"Portal Tela Portugal","description":"","potentialAction":[{"@type":"SearchAction","target":{"@type":"EntryPoint","urlTemplate":"https:\/\/portaltela.pt\/?s={search_term_string}"},"query-input":{"@type":"PropertyValueSpecification","valueRequired":true,"valueName":"search_term_string"}}],"inLanguage":"pt-PT"},{"@type":"Person","@id":"https:\/\/portaltela.pt\/#\/schema\/person\/c4278d4a6028830caff9ee44b42d32ed","name":"Telinha","image":{"@type":"ImageObject","inLanguage":"pt-PT","@id":"https:\/\/portaltela.pt\/s.01k8rhncp4jt1\/2025\/11\/talking-bot-125x125.png","url":"https:\/\/portaltela.pt\/s.01k8rhncp4jt1\/2025\/11\/talking-bot-125x125.png","contentUrl":"https:\/\/portaltela.pt\/s.01k8rhncp4jt1\/2025\/11\/talking-bot-125x125.png","caption":"Telinha"},"sameAs":["https:\/\/portaltela.pt\/"],"url":"https:\/\/portaltela.pt\/por\/367410592786\/"}]}},"_links":{"self":[{"href":"https:\/\/portaltela.pt\/api\/wp\/v2\/posts\/196979","targetHints":{"allow":["GET"]}}],"collection":[{"href":"https:\/\/portaltela.pt\/api\/wp\/v2\/posts"}],"about":[{"href":"https:\/\/portaltela.pt\/api\/wp\/v2\/types\/post"}],"author":[{"embeddable":true,"href":"https:\/\/portaltela.pt\/api\/wp\/v2\/users\/2"}],"replies":[{"embeddable":true,"href":"https:\/\/portaltela.pt\/api\/wp\/v2\/comments?post=196979"}],"version-history":[{"count":0,"href":"https:\/\/portaltela.pt\/api\/wp\/v2\/posts\/196979\/revisions"}],"wp:featuredmedia":[{"embeddable":true,"href":"https:\/\/portaltela.pt\/api\/wp\/v2\/media\/196980"}],"wp:attachment":[{"href":"https:\/\/portaltela.pt\/api\/wp\/v2\/media?parent=196979"}],"wp:term":[{"taxonomy":"category","embeddable":true,"href":"https:\/\/portaltela.pt\/api\/wp\/v2\/categories?post=196979"},{"taxonomy":"post_tag","embeddable":true,"href":"https:\/\/portaltela.pt\/api\/wp\/v2\/tags?post=196979"}],"curies":[{"name":"wp","href":"https:\/\/api.w.org\/{rel}","templated":true}]}}