{"id":196916,"date":"2026-02-04T11:31:04","date_gmt":"2026-02-04T14:31:04","guid":{"rendered":"https:\/\/portaltela.pt\/noticias\/2026\/02\/04\/trump-reage-a-documentos-de-epstein-e-afasta-ligacoes-ao-caso\/"},"modified":"2026-02-04T11:31:04","modified_gmt":"2026-02-04T14:31:04","slug":"trump-reage-a-documentos-de-epstein-e-afasta-ligacoes-ao-caso","status":"publish","type":"post","link":"https:\/\/portaltela.pt\/noticias\/politica\/2026\/02\/04\/trump-reage-a-documentos-de-epstein-e-afasta-ligacoes-ao-caso\/","title":{"rendered":"Trump reage a documentos de Epstein e afasta liga\u00e7\u00f5es ao caso"},"content":{"rendered":"<p>Donald Trump, presidente dos EUA, afirmou nesta ter\u00e7a-feira que os documentos do caso Jeffrey Epstein o mencionam apenas numa alegada conspira\u00e7\u00e3o para o prejudicar politicamente. A declara\u00e7\u00e3o foi feita nos Estados Unidos, em tom de defesa, e o ex-presidente descreveu o tema como um problema dos democratas.<\/p>\n<p>Segundo Trump, os pap\u00e9is n\u00e3o indicam outras liga\u00e7\u00f5es relevantes para o caso, apenas sugerem uma iniciativa para o enfraquecer politicamente. A leitura do material, conforme afirmou, seria distorcida para fins eleitorais.<\/p>\n<p>O coment\u00e1rio foi feito na manh\u00e3 de 4 de fevereiro de 2026, em meio \u00e0 cobertura de ag\u00eancias internacionais. O tema envolve acusa\u00e7\u00f5es hist\u00f3ricas ligadas a Epstein e a tentativa de associar Trump, segundo o que foi divulgado pelo material em an\u00e1lise.<\/p>\n<h3>Contexto<\/h3>\n<ul>\n<li>A AP reportou o posicionamento de Trump, que busca dissociar-se de v\u00ednculos diretos com o caso Epstein.<\/li>\n<li>O epis\u00f3dio ocorre em meio a tens\u00f5es pol\u00edticas internas nos Estados Unidos, com o foco em narrativas sobre conspirac\u00f5es e uso de documentos para benef\u00edcio pol\u00edtico.<\/li>\n<\/ul>\n","protected":false},"excerpt":{"rendered":"<ul>\n<li>Donald Trump afirmou que os documentos do caso Jeffrey Epstein o mencionam apenas numa alegada conspira\u00e7\u00e3o para prejudic\u00e1-lo politicamente.<\/li>\n<li>A declara\u00e7\u00e3o foi feita numa ter\u00e7a-feira, 4 de fevereiro de 2026, segundo a Associated Press (AP).<\/li>\n<li>Trump descreveu o material como um \u201cproblema dos democratas\u201d ao reagir ao conte\u00fado dos documentos.<\/li>\n<li>A not\u00edcia indica que as liga\u00e7\u00f5es ao caso Epstein foram afastadas por Trump, mantendo o foco na alegada conspira\u00e7\u00e3o pol\u00edtica.<\/li>\n<\/ul>\n","protected":false},"author":2,"featured_media":196918,"comment_status":"closed","ping_status":"closed","sticky":false,"template":"","format":"standard","meta":{"footnotes":""},"categories":[1,5],"tags":[2560,4953,1600,81,2832],"class_list":["post-196916","post","type-post","status-publish","format-standard","has-post-thumbnail","hentry","category-noticias","category-politica","tag-conspiracao-internacional","tag-donald-trump","tag-estados-unidos","tag-internacionais","tag-politica"],"yoast_head":"<!-- This site is optimized with the Yoast SEO plugin v27.2 - https:\/\/yoast.com\/product\/yoast-seo-wordpress\/ -->\n<title>Trump reage a documentos de Epstein e afasta liga\u00e7\u00f5es ao caso - Portal Tela Portugal<\/title>\n<meta name=\"robots\" content=\"index, follow, max-snippet:-1, max-image-preview:large, max-video-preview:-1\" \/>\n<meta property=\"og:locale\" content=\"pt_PT\" \/>\n<meta property=\"og:type\" content=\"article\" \/>\n<meta property=\"og:title\" content=\"Trump reage a documentos de Epstein e afasta liga\u00e7\u00f5es ao caso - Portal Tela Portugal\" \/>\n<meta property=\"og:description\" content=\"Donald Trump afirmou que os documentos do caso Jeffrey Epstein o mencionam apenas numa alegada conspira\u00e7\u00e3o para prejudic\u00e1-lo politicamente. A declara\u00e7\u00e3o foi feita numa ter\u00e7a-feira, 4 de fevereiro de 2026, segundo a Associated Press (AP). Trump descreveu o material como um \u201cproblema dos democratas\u201d ao reagir ao conte\u00fado dos documentos. A not\u00edcia indica que as liga\u00e7\u00f5es ao caso Epstein foram afastadas por Trump, mantendo o foco na alegada conspira\u00e7\u00e3o pol\u00edtica.\" \/>\n<meta property=\"og:url\" content=\"https:\/\/portaltela.pt\/noticias\/2026\/02\/04\/trump-reage-a-documentos-de-epstein-e-afasta-ligacoes-ao-caso\/\" \/>\n<meta property=\"og:site_name\" content=\"Portal Tela Portugal\" \/>\n<meta property=\"article:published_time\" content=\"2026-02-04T14:31:04+00:00\" \/>\n<meta name=\"author\" content=\"Telinha\" \/>\n<meta name=\"twitter:card\" content=\"summary_large_image\" \/>\n<meta name=\"twitter:label1\" content=\"Escrito por\" \/>\n\t<meta name=\"twitter:data1\" content=\"Telinha\" \/>\n\t<meta name=\"twitter:label2\" content=\"Tempo estimado de leitura\" \/>\n\t<meta name=\"twitter:data2\" content=\"1 minuto\" \/>\n<script type=\"application\/ld+json\" class=\"yoast-schema-graph\">{\"@context\":\"https:\/\/schema.org\",\"@graph\":[{\"@type\":\"Article\",\"@id\":\"https:\/\/portaltela.pt\/noticias\/2026\/02\/04\/trump-reage-a-documentos-de-epstein-e-afasta-ligacoes-ao-caso\/#article\",\"isPartOf\":{\"@id\":\"https:\/\/portaltela.pt\/noticias\/2026\/02\/04\/trump-reage-a-documentos-de-epstein-e-afasta-ligacoes-ao-caso\/\"},\"author\":{\"name\":\"Telinha\",\"@id\":\"https:\/\/portaltela.pt\/#\/schema\/person\/c4278d4a6028830caff9ee44b42d32ed\"},\"headline\":\"Trump reage a documentos de Epstein e afasta liga\u00e7\u00f5es ao caso\",\"datePublished\":\"2026-02-04T14:31:04+00:00\",\"mainEntityOfPage\":{\"@id\":\"https:\/\/portaltela.pt\/noticias\/2026\/02\/04\/trump-reage-a-documentos-de-epstein-e-afasta-ligacoes-ao-caso\/\"},\"wordCount\":191,\"image\":{\"@id\":\"https:\/\/portaltela.pt\/noticias\/2026\/02\/04\/trump-reage-a-documentos-de-epstein-e-afasta-ligacoes-ao-caso\/#primaryimage\"},\"thumbnailUrl\":\"https:\/\/portaltela.pt\/s.01k8rhncp4jt1\/2026\/02\/img_1280x722uu2026-02-04-14-29-11-2264695.jpg\",\"keywords\":[\"conspira\u00e7\u00e3o internacional\",\"Donald Trump\",\"Estados Unidos\",\"internacionais\",\"pol\u00edtica\"],\"articleSection\":[\"Not\u00edcias\",\"Pol\u00edtica\"],\"inLanguage\":\"pt-PT\"},{\"@type\":\"WebPage\",\"@id\":\"https:\/\/portaltela.pt\/noticias\/2026\/02\/04\/trump-reage-a-documentos-de-epstein-e-afasta-ligacoes-ao-caso\/\",\"url\":\"https:\/\/portaltela.pt\/noticias\/2026\/02\/04\/trump-reage-a-documentos-de-epstein-e-afasta-ligacoes-ao-caso\/\",\"name\":\"Trump reage a documentos de Epstein e afasta liga\u00e7\u00f5es ao caso - Portal Tela Portugal\",\"isPartOf\":{\"@id\":\"https:\/\/portaltela.pt\/#website\"},\"primaryImageOfPage\":{\"@id\":\"https:\/\/portaltela.pt\/noticias\/2026\/02\/04\/trump-reage-a-documentos-de-epstein-e-afasta-ligacoes-ao-caso\/#primaryimage\"},\"image\":{\"@id\":\"https:\/\/portaltela.pt\/noticias\/2026\/02\/04\/trump-reage-a-documentos-de-epstein-e-afasta-ligacoes-ao-caso\/#primaryimage\"},\"thumbnailUrl\":\"https:\/\/portaltela.pt\/s.01k8rhncp4jt1\/2026\/02\/img_1280x722uu2026-02-04-14-29-11-2264695.jpg\",\"datePublished\":\"2026-02-04T14:31:04+00:00\",\"author\":{\"@id\":\"https:\/\/portaltela.pt\/#\/schema\/person\/c4278d4a6028830caff9ee44b42d32ed\"},\"breadcrumb\":{\"@id\":\"https:\/\/portaltela.pt\/noticias\/2026\/02\/04\/trump-reage-a-documentos-de-epstein-e-afasta-ligacoes-ao-caso\/#breadcrumb\"},\"inLanguage\":\"pt-PT\",\"potentialAction\":[{\"@type\":\"ReadAction\",\"target\":[\"https:\/\/portaltela.pt\/noticias\/2026\/02\/04\/trump-reage-a-documentos-de-epstein-e-afasta-ligacoes-ao-caso\/\"]}]},{\"@type\":\"ImageObject\",\"inLanguage\":\"pt-PT\",\"@id\":\"https:\/\/portaltela.pt\/noticias\/2026\/02\/04\/trump-reage-a-documentos-de-epstein-e-afasta-ligacoes-ao-caso\/#primaryimage\",\"url\":\"https:\/\/portaltela.pt\/s.01k8rhncp4jt1\/2026\/02\/img_1280x722uu2026-02-04-14-29-11-2264695.jpg\",\"contentUrl\":\"https:\/\/portaltela.pt\/s.01k8rhncp4jt1\/2026\/02\/img_1280x722uu2026-02-04-14-29-11-2264695.jpg\",\"width\":796,\"height\":448,\"caption\":\"Donald Trump, presidente dos EUA, garantiu, esta ter\u00e7a-feira, que os documentos do caso de Jeffrey Epstein apenas o referem numa alegada conspira\u00e7\u00e3o para o prejudicar politicamente.\"},{\"@type\":\"BreadcrumbList\",\"@id\":\"https:\/\/portaltela.pt\/noticias\/2026\/02\/04\/trump-reage-a-documentos-de-epstein-e-afasta-ligacoes-ao-caso\/#breadcrumb\",\"itemListElement\":[{\"@type\":\"ListItem\",\"position\":1,\"name\":\"In\u00edcio\",\"item\":\"https:\/\/portaltela.pt\/\"},{\"@type\":\"ListItem\",\"position\":2,\"name\":\"Trump reage a documentos de Epstein e afasta liga\u00e7\u00f5es ao caso\"}]},{\"@type\":\"WebSite\",\"@id\":\"https:\/\/portaltela.pt\/#website\",\"url\":\"https:\/\/portaltela.pt\/\",\"name\":\"Portal Tela Portugal\",\"description\":\"\",\"potentialAction\":[{\"@type\":\"SearchAction\",\"target\":{\"@type\":\"EntryPoint\",\"urlTemplate\":\"https:\/\/portaltela.pt\/?s={search_term_string}\"},\"query-input\":{\"@type\":\"PropertyValueSpecification\",\"valueRequired\":true,\"valueName\":\"search_term_string\"}}],\"inLanguage\":\"pt-PT\"},{\"@type\":\"Person\",\"@id\":\"https:\/\/portaltela.pt\/#\/schema\/person\/c4278d4a6028830caff9ee44b42d32ed\",\"name\":\"Telinha\",\"image\":{\"@type\":\"ImageObject\",\"inLanguage\":\"pt-PT\",\"@id\":\"https:\/\/portaltela.pt\/s.01k8rhncp4jt1\/2025\/11\/talking-bot-125x125.png\",\"url\":\"https:\/\/portaltela.pt\/s.01k8rhncp4jt1\/2025\/11\/talking-bot-125x125.png\",\"contentUrl\":\"https:\/\/portaltela.pt\/s.01k8rhncp4jt1\/2025\/11\/talking-bot-125x125.png\",\"caption\":\"Telinha\"},\"sameAs\":[\"https:\/\/portaltela.pt\/\"],\"url\":\"https:\/\/portaltela.pt\/por\/367410592786\/\"}]}<\/script>\n<!-- \/ Yoast SEO plugin. -->","yoast_head_json":{"title":"Trump reage a documentos de Epstein e afasta liga\u00e7\u00f5es ao caso - Portal Tela Portugal","robots":{"index":"index","follow":"follow","max-snippet":"max-snippet:-1","max-image-preview":"max-image-preview:large","max-video-preview":"max-video-preview:-1"},"og_locale":"pt_PT","og_type":"article","og_title":"Trump reage a documentos de Epstein e afasta liga\u00e7\u00f5es ao caso - Portal Tela Portugal","og_description":"Donald Trump afirmou que os documentos do caso Jeffrey Epstein o mencionam apenas numa alegada conspira\u00e7\u00e3o para prejudic\u00e1-lo politicamente. A declara\u00e7\u00e3o foi feita numa ter\u00e7a-feira, 4 de fevereiro de 2026, segundo a Associated Press (AP). Trump descreveu o material como um \u201cproblema dos democratas\u201d ao reagir ao conte\u00fado dos documentos. A not\u00edcia indica que as liga\u00e7\u00f5es ao caso Epstein foram afastadas por Trump, mantendo o foco na alegada conspira\u00e7\u00e3o pol\u00edtica.","og_url":"https:\/\/portaltela.pt\/noticias\/2026\/02\/04\/trump-reage-a-documentos-de-epstein-e-afasta-ligacoes-ao-caso\/","og_site_name":"Portal Tela Portugal","article_published_time":"2026-02-04T14:31:04+00:00","author":"Telinha","twitter_card":"summary_large_image","twitter_misc":{"Escrito por":"Telinha","Tempo estimado de leitura":"1 minuto"},"schema":{"@context":"https:\/\/schema.org","@graph":[{"@type":"Article","@id":"https:\/\/portaltela.pt\/noticias\/2026\/02\/04\/trump-reage-a-documentos-de-epstein-e-afasta-ligacoes-ao-caso\/#article","isPartOf":{"@id":"https:\/\/portaltela.pt\/noticias\/2026\/02\/04\/trump-reage-a-documentos-de-epstein-e-afasta-ligacoes-ao-caso\/"},"author":{"name":"Telinha","@id":"https:\/\/portaltela.pt\/#\/schema\/person\/c4278d4a6028830caff9ee44b42d32ed"},"headline":"Trump reage a documentos de Epstein e afasta liga\u00e7\u00f5es ao caso","datePublished":"2026-02-04T14:31:04+00:00","mainEntityOfPage":{"@id":"https:\/\/portaltela.pt\/noticias\/2026\/02\/04\/trump-reage-a-documentos-de-epstein-e-afasta-ligacoes-ao-caso\/"},"wordCount":191,"image":{"@id":"https:\/\/portaltela.pt\/noticias\/2026\/02\/04\/trump-reage-a-documentos-de-epstein-e-afasta-ligacoes-ao-caso\/#primaryimage"},"thumbnailUrl":"https:\/\/portaltela.pt\/s.01k8rhncp4jt1\/2026\/02\/img_1280x722uu2026-02-04-14-29-11-2264695.jpg","keywords":["conspira\u00e7\u00e3o internacional","Donald Trump","Estados Unidos","internacionais","pol\u00edtica"],"articleSection":["Not\u00edcias","Pol\u00edtica"],"inLanguage":"pt-PT"},{"@type":"WebPage","@id":"https:\/\/portaltela.pt\/noticias\/2026\/02\/04\/trump-reage-a-documentos-de-epstein-e-afasta-ligacoes-ao-caso\/","url":"https:\/\/portaltela.pt\/noticias\/2026\/02\/04\/trump-reage-a-documentos-de-epstein-e-afasta-ligacoes-ao-caso\/","name":"Trump reage a documentos de Epstein e afasta liga\u00e7\u00f5es ao caso - Portal Tela Portugal","isPartOf":{"@id":"https:\/\/portaltela.pt\/#website"},"primaryImageOfPage":{"@id":"https:\/\/portaltela.pt\/noticias\/2026\/02\/04\/trump-reage-a-documentos-de-epstein-e-afasta-ligacoes-ao-caso\/#primaryimage"},"image":{"@id":"https:\/\/portaltela.pt\/noticias\/2026\/02\/04\/trump-reage-a-documentos-de-epstein-e-afasta-ligacoes-ao-caso\/#primaryimage"},"thumbnailUrl":"https:\/\/portaltela.pt\/s.01k8rhncp4jt1\/2026\/02\/img_1280x722uu2026-02-04-14-29-11-2264695.jpg","datePublished":"2026-02-04T14:31:04+00:00","author":{"@id":"https:\/\/portaltela.pt\/#\/schema\/person\/c4278d4a6028830caff9ee44b42d32ed"},"breadcrumb":{"@id":"https:\/\/portaltela.pt\/noticias\/2026\/02\/04\/trump-reage-a-documentos-de-epstein-e-afasta-ligacoes-ao-caso\/#breadcrumb"},"inLanguage":"pt-PT","potentialAction":[{"@type":"ReadAction","target":["https:\/\/portaltela.pt\/noticias\/2026\/02\/04\/trump-reage-a-documentos-de-epstein-e-afasta-ligacoes-ao-caso\/"]}]},{"@type":"ImageObject","inLanguage":"pt-PT","@id":"https:\/\/portaltela.pt\/noticias\/2026\/02\/04\/trump-reage-a-documentos-de-epstein-e-afasta-ligacoes-ao-caso\/#primaryimage","url":"https:\/\/portaltela.pt\/s.01k8rhncp4jt1\/2026\/02\/img_1280x722uu2026-02-04-14-29-11-2264695.jpg","contentUrl":"https:\/\/portaltela.pt\/s.01k8rhncp4jt1\/2026\/02\/img_1280x722uu2026-02-04-14-29-11-2264695.jpg","width":796,"height":448,"caption":"Donald Trump, presidente dos EUA, garantiu, esta ter\u00e7a-feira, que os documentos do caso de Jeffrey Epstein apenas o referem numa alegada conspira\u00e7\u00e3o para o prejudicar politicamente."},{"@type":"BreadcrumbList","@id":"https:\/\/portaltela.pt\/noticias\/2026\/02\/04\/trump-reage-a-documentos-de-epstein-e-afasta-ligacoes-ao-caso\/#breadcrumb","itemListElement":[{"@type":"ListItem","position":1,"name":"In\u00edcio","item":"https:\/\/portaltela.pt\/"},{"@type":"ListItem","position":2,"name":"Trump reage a documentos de Epstein e afasta liga\u00e7\u00f5es ao caso"}]},{"@type":"WebSite","@id":"https:\/\/portaltela.pt\/#website","url":"https:\/\/portaltela.pt\/","name":"Portal Tela Portugal","description":"","potentialAction":[{"@type":"SearchAction","target":{"@type":"EntryPoint","urlTemplate":"https:\/\/portaltela.pt\/?s={search_term_string}"},"query-input":{"@type":"PropertyValueSpecification","valueRequired":true,"valueName":"search_term_string"}}],"inLanguage":"pt-PT"},{"@type":"Person","@id":"https:\/\/portaltela.pt\/#\/schema\/person\/c4278d4a6028830caff9ee44b42d32ed","name":"Telinha","image":{"@type":"ImageObject","inLanguage":"pt-PT","@id":"https:\/\/portaltela.pt\/s.01k8rhncp4jt1\/2025\/11\/talking-bot-125x125.png","url":"https:\/\/portaltela.pt\/s.01k8rhncp4jt1\/2025\/11\/talking-bot-125x125.png","contentUrl":"https:\/\/portaltela.pt\/s.01k8rhncp4jt1\/2025\/11\/talking-bot-125x125.png","caption":"Telinha"},"sameAs":["https:\/\/portaltela.pt\/"],"url":"https:\/\/portaltela.pt\/por\/367410592786\/"}]}},"_links":{"self":[{"href":"https:\/\/portaltela.pt\/api\/wp\/v2\/posts\/196916","targetHints":{"allow":["GET"]}}],"collection":[{"href":"https:\/\/portaltela.pt\/api\/wp\/v2\/posts"}],"about":[{"href":"https:\/\/portaltela.pt\/api\/wp\/v2\/types\/post"}],"author":[{"embeddable":true,"href":"https:\/\/portaltela.pt\/api\/wp\/v2\/users\/2"}],"replies":[{"embeddable":true,"href":"https:\/\/portaltela.pt\/api\/wp\/v2\/comments?post=196916"}],"version-history":[{"count":0,"href":"https:\/\/portaltela.pt\/api\/wp\/v2\/posts\/196916\/revisions"}],"wp:featuredmedia":[{"embeddable":true,"href":"https:\/\/portaltela.pt\/api\/wp\/v2\/media\/196918"}],"wp:attachment":[{"href":"https:\/\/portaltela.pt\/api\/wp\/v2\/media?parent=196916"}],"wp:term":[{"taxonomy":"category","embeddable":true,"href":"https:\/\/portaltela.pt\/api\/wp\/v2\/categories?post=196916"},{"taxonomy":"post_tag","embeddable":true,"href":"https:\/\/portaltela.pt\/api\/wp\/v2\/tags?post=196916"}],"curies":[{"name":"wp","href":"https:\/\/api.w.org\/{rel}","templated":true}]}}