{"id":196889,"date":"2026-02-04T11:16:12","date_gmt":"2026-02-04T14:16:12","guid":{"rendered":"https:\/\/portaltela.pt\/noticias\/2026\/02\/04\/ministro-servio-julgado-por-suspeita-de-ilegalidade-em-projeto-ligado-a-trump\/"},"modified":"2026-02-04T11:16:12","modified_gmt":"2026-02-04T14:16:12","slug":"ministro-servio-julgado-por-suspeita-de-ilegalidade-em-projeto-ligado-a-trump","status":"publish","type":"post","link":"https:\/\/portaltela.pt\/noticias\/2026\/02\/04\/ministro-servio-julgado-por-suspeita-de-ilegalidade-em-projeto-ligado-a-trump\/","title":{"rendered":"Ministro s\u00e9rvio julgado por suspeita de ilegalidade em projeto ligado a Trump"},"content":{"rendered":"<p>A justi\u00e7a s\u00e9rvia iniciou hoje o julgamento do ministro da Cultura, Nikola Selakovic, por suspeita de abuso de poder e falsifica\u00e7\u00e3o de documento na aprova\u00e7\u00e3o de um projeto hoteleiro em Belgrado. O caso envolve a remo\u00e7\u00e3o do estatuto de patrim\u00f4nio de um antigo quartel-general do ex\u00e9rcito jugoslavo.<\/p>\n<p>Selakovic, que renunciou \u00e0 imunidade ministerial, compareceu ao tribunal acompanhado de tr\u00eas co-r\u00e9us. Ao entrarem, foram recebidos por dezenas de manifestantes que os querearam, chamando-os de ladr\u00f5es e solicitando responsabiliza\u00e7\u00e3o.<\/p>\n<p>O projeto liga-se a Jared Kushner, genro do presidente dos EUA, e envolve a Affinity Partners, que assinou em 2024 um contrato de arrendamento de 99 anos com o governo s\u00e9rvio para requalifica\u00e7\u00e3o do local. O plano foi suspenso em maio por alega\u00e7\u00f5es de falsifica\u00e7\u00e3o do documento que retirou o edif\u00edcio do estatuto de patrim\u00f3nio.<\/p>\n<p>O Minist\u00e9rio P\u00fablico acusa os arguidos de abuso de poder e de falsifica\u00e7\u00e3o do documento oficial. Todos os r\u00e9us afirmaram ser inocentes.<\/p>\n<p>O caso ocorre em contexto de controv\u00e9rsia sobre decis\u00f5es urban\u00edsticas sens\u00edveis em Belgrado, onde o complexo hist\u00f3rico j\u00e1 foi alvo de debates p\u00fablicos intensos. A audi\u00eancia tamb\u00e9m repercutiu entre apoiantes e cr\u00edticos de Vucic.<\/p>\n<p>Vucic e membros do governo t\u00eam reiterado cr\u00edticas a casos de suposta corrup\u00e7\u00e3o, destacando outros processos ligados a a\u00e7\u00f5es do Estado. O julgamento continua a desenrolar-se perante o Tribunal Especial para o Crime Organizado.<\/p>\n","protected":false},"excerpt":{"rendered":"<ul>\n<li>O ministro da Cultura da S\u00e9rvia, Nikola Selakovi\u0107, est\u00e1 a ser julgado por presun\u00e7\u00e3o de ilegalidade na aprova\u00e7\u00e3o de um projeto hoteleiro ligado a Jared Kushner, genro do presidente norte-americano, em antigos pr\u00e9dios do ex\u00e9rcito jugoslavo bombardeados pela NATO.<\/li>\n<li>O julgamento, que decorre num tribunal especial, ocorreu na presen\u00e7a de dezenas de manifestantes que o vaiaram e chamaram de ladr\u00f5es.<\/li>\n<li>Selakovi\u0107 renunciou \u00e0 imunidade ministerial, tornando-se no m\u00ednimo a primeira vez em d\u00e9cadas em que um ministro em fun\u00e7\u00f5es vai a tribunal na S\u00e9rvia.<\/li>\n<li>O plano de demolir o antigo quartel-general do ex\u00e9rcito para construir o hotel foi suspenso em maio, ap\u00f3s alega\u00e7\u00f5es de que o estatuto de edif\u00edcio protegido foi revogado com base num documento alegadamente falsificado.<\/li>\n<li>A Affinity Partners, empresa de Kushner, assinou em 2024 um contrato de arrendamento de 99 anos com o governo s\u00e9rvio para requalificar o local; a empresa anunciou a retirada do projeto em sinal de respeito pela cidade de Belgrado.<\/li>\n<\/ul>\n","protected":false},"author":2,"featured_media":196903,"comment_status":"closed","ping_status":"closed","sticky":false,"template":"","format":"standard","meta":{"footnotes":""},"categories":[1],"tags":[212,147,3283,352,2832,52],"class_list":["post-196889","post","type-post","status-publish","format-standard","has-post-thumbnail","hentry","category-noticias","tag-abuso-de-poder","tag-crime","tag-falsificacao-de-documento","tag-organizacao-criminosa","tag-politica","tag-tribunal"],"yoast_head":"<!-- This site is optimized with the Yoast SEO plugin v27.2 - https:\/\/yoast.com\/product\/yoast-seo-wordpress\/ -->\n<title>Ministro s\u00e9rvio julgado por suspeita de ilegalidade em projeto ligado a Trump - Portal Tela Portugal<\/title>\n<meta name=\"robots\" content=\"index, follow, max-snippet:-1, max-image-preview:large, max-video-preview:-1\" \/>\n<meta property=\"og:locale\" content=\"pt_PT\" \/>\n<meta property=\"og:type\" content=\"article\" \/>\n<meta property=\"og:title\" content=\"Ministro s\u00e9rvio julgado por suspeita de ilegalidade em projeto ligado a Trump - Portal Tela Portugal\" \/>\n<meta property=\"og:description\" content=\"O ministro da Cultura da S\u00e9rvia, Nikola Selakovi\u0107, est\u00e1 a ser julgado por presun\u00e7\u00e3o de ilegalidade na aprova\u00e7\u00e3o de um projeto hoteleiro ligado a Jared Kushner, genro do presidente norte-americano, em antigos pr\u00e9dios do ex\u00e9rcito jugoslavo bombardeados pela NATO. O julgamento, que decorre num tribunal especial, ocorreu na presen\u00e7a de dezenas de manifestantes que o vaiaram e chamaram de ladr\u00f5es. Selakovi\u0107 renunciou \u00e0 imunidade ministerial, tornando-se no m\u00ednimo a primeira vez em d\u00e9cadas em que um ministro em fun\u00e7\u00f5es vai a tribunal na S\u00e9rvia. O plano de demolir o antigo quartel-general do ex\u00e9rcito para construir o hotel foi suspenso em maio, ap\u00f3s alega\u00e7\u00f5es de que o estatuto de edif\u00edcio protegido foi revogado com base num documento alegadamente falsificado. A Affinity Partners, empresa de Kushner, assinou em 2024 um contrato de arrendamento de 99 anos com o governo s\u00e9rvio para requalificar o local; a empresa anunciou a retirada do projeto em sinal de respeito pela cidade de Belgrado.\" \/>\n<meta property=\"og:url\" content=\"https:\/\/portaltela.pt\/noticias\/2026\/02\/04\/ministro-servio-julgado-por-suspeita-de-ilegalidade-em-projeto-ligado-a-trump\/\" \/>\n<meta property=\"og:site_name\" content=\"Portal Tela Portugal\" \/>\n<meta property=\"article:published_time\" content=\"2026-02-04T14:16:12+00:00\" \/>\n<meta name=\"author\" content=\"Telinha\" \/>\n<meta name=\"twitter:card\" content=\"summary_large_image\" \/>\n<meta name=\"twitter:label1\" content=\"Escrito por\" \/>\n\t<meta name=\"twitter:data1\" content=\"Telinha\" \/>\n\t<meta name=\"twitter:label2\" content=\"Tempo estimado de leitura\" \/>\n\t<meta name=\"twitter:data2\" content=\"1 minuto\" \/>\n<script type=\"application\/ld+json\" class=\"yoast-schema-graph\">{\"@context\":\"https:\/\/schema.org\",\"@graph\":[{\"@type\":\"Article\",\"@id\":\"https:\/\/portaltela.pt\/noticias\/2026\/02\/04\/ministro-servio-julgado-por-suspeita-de-ilegalidade-em-projeto-ligado-a-trump\/#article\",\"isPartOf\":{\"@id\":\"https:\/\/portaltela.pt\/noticias\/2026\/02\/04\/ministro-servio-julgado-por-suspeita-de-ilegalidade-em-projeto-ligado-a-trump\/\"},\"author\":{\"name\":\"Telinha\",\"@id\":\"https:\/\/portaltela.pt\/#\/schema\/person\/c4278d4a6028830caff9ee44b42d32ed\"},\"headline\":\"Ministro s\u00e9rvio julgado por suspeita de ilegalidade em projeto ligado a Trump\",\"datePublished\":\"2026-02-04T14:16:12+00:00\",\"mainEntityOfPage\":{\"@id\":\"https:\/\/portaltela.pt\/noticias\/2026\/02\/04\/ministro-servio-julgado-por-suspeita-de-ilegalidade-em-projeto-ligado-a-trump\/\"},\"wordCount\":266,\"image\":{\"@id\":\"https:\/\/portaltela.pt\/noticias\/2026\/02\/04\/ministro-servio-julgado-por-suspeita-de-ilegalidade-em-projeto-ligado-a-trump\/#primaryimage\"},\"thumbnailUrl\":\"https:\/\/portaltela.pt\/s.01k8rhncp4jt1\/2026\/02\/unnamed-file-1247.jpg\",\"keywords\":[\"abuso de poder\",\"crime\",\"falsifica\u00e7\u00e3o de documento\",\"organiza\u00e7\u00e3o criminosa\",\"pol\u00edtica\",\"tribunal\"],\"articleSection\":[\"Not\u00edcias\"],\"inLanguage\":\"pt-PT\"},{\"@type\":\"WebPage\",\"@id\":\"https:\/\/portaltela.pt\/noticias\/2026\/02\/04\/ministro-servio-julgado-por-suspeita-de-ilegalidade-em-projeto-ligado-a-trump\/\",\"url\":\"https:\/\/portaltela.pt\/noticias\/2026\/02\/04\/ministro-servio-julgado-por-suspeita-de-ilegalidade-em-projeto-ligado-a-trump\/\",\"name\":\"Ministro s\u00e9rvio julgado por suspeita de ilegalidade em projeto ligado a Trump - Portal Tela Portugal\",\"isPartOf\":{\"@id\":\"https:\/\/portaltela.pt\/#website\"},\"primaryImageOfPage\":{\"@id\":\"https:\/\/portaltela.pt\/noticias\/2026\/02\/04\/ministro-servio-julgado-por-suspeita-de-ilegalidade-em-projeto-ligado-a-trump\/#primaryimage\"},\"image\":{\"@id\":\"https:\/\/portaltela.pt\/noticias\/2026\/02\/04\/ministro-servio-julgado-por-suspeita-de-ilegalidade-em-projeto-ligado-a-trump\/#primaryimage\"},\"thumbnailUrl\":\"https:\/\/portaltela.pt\/s.01k8rhncp4jt1\/2026\/02\/unnamed-file-1247.jpg\",\"datePublished\":\"2026-02-04T14:16:12+00:00\",\"author\":{\"@id\":\"https:\/\/portaltela.pt\/#\/schema\/person\/c4278d4a6028830caff9ee44b42d32ed\"},\"breadcrumb\":{\"@id\":\"https:\/\/portaltela.pt\/noticias\/2026\/02\/04\/ministro-servio-julgado-por-suspeita-de-ilegalidade-em-projeto-ligado-a-trump\/#breadcrumb\"},\"inLanguage\":\"pt-PT\",\"potentialAction\":[{\"@type\":\"ReadAction\",\"target\":[\"https:\/\/portaltela.pt\/noticias\/2026\/02\/04\/ministro-servio-julgado-por-suspeita-de-ilegalidade-em-projeto-ligado-a-trump\/\"]}]},{\"@type\":\"ImageObject\",\"inLanguage\":\"pt-PT\",\"@id\":\"https:\/\/portaltela.pt\/noticias\/2026\/02\/04\/ministro-servio-julgado-por-suspeita-de-ilegalidade-em-projeto-ligado-a-trump\/#primaryimage\",\"url\":\"https:\/\/portaltela.pt\/s.01k8rhncp4jt1\/2026\/02\/unnamed-file-1247.jpg\",\"contentUrl\":\"https:\/\/portaltela.pt\/s.01k8rhncp4jt1\/2026\/02\/unnamed-file-1247.jpg\",\"width\":796,\"height\":448,\"caption\":\"Ministro s\u00e9rvio julgado por suspeita de ilegalidade em controverso projeto ligado a Trump\"},{\"@type\":\"BreadcrumbList\",\"@id\":\"https:\/\/portaltela.pt\/noticias\/2026\/02\/04\/ministro-servio-julgado-por-suspeita-de-ilegalidade-em-projeto-ligado-a-trump\/#breadcrumb\",\"itemListElement\":[{\"@type\":\"ListItem\",\"position\":1,\"name\":\"In\u00edcio\",\"item\":\"https:\/\/portaltela.pt\/\"},{\"@type\":\"ListItem\",\"position\":2,\"name\":\"Ministro s\u00e9rvio julgado por suspeita de ilegalidade em projeto ligado a Trump\"}]},{\"@type\":\"WebSite\",\"@id\":\"https:\/\/portaltela.pt\/#website\",\"url\":\"https:\/\/portaltela.pt\/\",\"name\":\"Portal Tela Portugal\",\"description\":\"\",\"potentialAction\":[{\"@type\":\"SearchAction\",\"target\":{\"@type\":\"EntryPoint\",\"urlTemplate\":\"https:\/\/portaltela.pt\/?s={search_term_string}\"},\"query-input\":{\"@type\":\"PropertyValueSpecification\",\"valueRequired\":true,\"valueName\":\"search_term_string\"}}],\"inLanguage\":\"pt-PT\"},{\"@type\":\"Person\",\"@id\":\"https:\/\/portaltela.pt\/#\/schema\/person\/c4278d4a6028830caff9ee44b42d32ed\",\"name\":\"Telinha\",\"image\":{\"@type\":\"ImageObject\",\"inLanguage\":\"pt-PT\",\"@id\":\"https:\/\/portaltela.pt\/s.01k8rhncp4jt1\/2025\/11\/talking-bot-125x125.png\",\"url\":\"https:\/\/portaltela.pt\/s.01k8rhncp4jt1\/2025\/11\/talking-bot-125x125.png\",\"contentUrl\":\"https:\/\/portaltela.pt\/s.01k8rhncp4jt1\/2025\/11\/talking-bot-125x125.png\",\"caption\":\"Telinha\"},\"sameAs\":[\"https:\/\/portaltela.pt\/\"],\"url\":\"https:\/\/portaltela.pt\/por\/367410592786\/\"}]}<\/script>\n<!-- \/ Yoast SEO plugin. -->","yoast_head_json":{"title":"Ministro s\u00e9rvio julgado por suspeita de ilegalidade em projeto ligado a Trump - Portal Tela Portugal","robots":{"index":"index","follow":"follow","max-snippet":"max-snippet:-1","max-image-preview":"max-image-preview:large","max-video-preview":"max-video-preview:-1"},"og_locale":"pt_PT","og_type":"article","og_title":"Ministro s\u00e9rvio julgado por suspeita de ilegalidade em projeto ligado a Trump - Portal Tela Portugal","og_description":"O ministro da Cultura da S\u00e9rvia, Nikola Selakovi\u0107, est\u00e1 a ser julgado por presun\u00e7\u00e3o de ilegalidade na aprova\u00e7\u00e3o de um projeto hoteleiro ligado a Jared Kushner, genro do presidente norte-americano, em antigos pr\u00e9dios do ex\u00e9rcito jugoslavo bombardeados pela NATO. O julgamento, que decorre num tribunal especial, ocorreu na presen\u00e7a de dezenas de manifestantes que o vaiaram e chamaram de ladr\u00f5es. Selakovi\u0107 renunciou \u00e0 imunidade ministerial, tornando-se no m\u00ednimo a primeira vez em d\u00e9cadas em que um ministro em fun\u00e7\u00f5es vai a tribunal na S\u00e9rvia. O plano de demolir o antigo quartel-general do ex\u00e9rcito para construir o hotel foi suspenso em maio, ap\u00f3s alega\u00e7\u00f5es de que o estatuto de edif\u00edcio protegido foi revogado com base num documento alegadamente falsificado. A Affinity Partners, empresa de Kushner, assinou em 2024 um contrato de arrendamento de 99 anos com o governo s\u00e9rvio para requalificar o local; a empresa anunciou a retirada do projeto em sinal de respeito pela cidade de Belgrado.","og_url":"https:\/\/portaltela.pt\/noticias\/2026\/02\/04\/ministro-servio-julgado-por-suspeita-de-ilegalidade-em-projeto-ligado-a-trump\/","og_site_name":"Portal Tela Portugal","article_published_time":"2026-02-04T14:16:12+00:00","author":"Telinha","twitter_card":"summary_large_image","twitter_misc":{"Escrito por":"Telinha","Tempo estimado de leitura":"1 minuto"},"schema":{"@context":"https:\/\/schema.org","@graph":[{"@type":"Article","@id":"https:\/\/portaltela.pt\/noticias\/2026\/02\/04\/ministro-servio-julgado-por-suspeita-de-ilegalidade-em-projeto-ligado-a-trump\/#article","isPartOf":{"@id":"https:\/\/portaltela.pt\/noticias\/2026\/02\/04\/ministro-servio-julgado-por-suspeita-de-ilegalidade-em-projeto-ligado-a-trump\/"},"author":{"name":"Telinha","@id":"https:\/\/portaltela.pt\/#\/schema\/person\/c4278d4a6028830caff9ee44b42d32ed"},"headline":"Ministro s\u00e9rvio julgado por suspeita de ilegalidade em projeto ligado a Trump","datePublished":"2026-02-04T14:16:12+00:00","mainEntityOfPage":{"@id":"https:\/\/portaltela.pt\/noticias\/2026\/02\/04\/ministro-servio-julgado-por-suspeita-de-ilegalidade-em-projeto-ligado-a-trump\/"},"wordCount":266,"image":{"@id":"https:\/\/portaltela.pt\/noticias\/2026\/02\/04\/ministro-servio-julgado-por-suspeita-de-ilegalidade-em-projeto-ligado-a-trump\/#primaryimage"},"thumbnailUrl":"https:\/\/portaltela.pt\/s.01k8rhncp4jt1\/2026\/02\/unnamed-file-1247.jpg","keywords":["abuso de poder","crime","falsifica\u00e7\u00e3o de documento","organiza\u00e7\u00e3o criminosa","pol\u00edtica","tribunal"],"articleSection":["Not\u00edcias"],"inLanguage":"pt-PT"},{"@type":"WebPage","@id":"https:\/\/portaltela.pt\/noticias\/2026\/02\/04\/ministro-servio-julgado-por-suspeita-de-ilegalidade-em-projeto-ligado-a-trump\/","url":"https:\/\/portaltela.pt\/noticias\/2026\/02\/04\/ministro-servio-julgado-por-suspeita-de-ilegalidade-em-projeto-ligado-a-trump\/","name":"Ministro s\u00e9rvio julgado por suspeita de ilegalidade em projeto ligado a Trump - Portal Tela Portugal","isPartOf":{"@id":"https:\/\/portaltela.pt\/#website"},"primaryImageOfPage":{"@id":"https:\/\/portaltela.pt\/noticias\/2026\/02\/04\/ministro-servio-julgado-por-suspeita-de-ilegalidade-em-projeto-ligado-a-trump\/#primaryimage"},"image":{"@id":"https:\/\/portaltela.pt\/noticias\/2026\/02\/04\/ministro-servio-julgado-por-suspeita-de-ilegalidade-em-projeto-ligado-a-trump\/#primaryimage"},"thumbnailUrl":"https:\/\/portaltela.pt\/s.01k8rhncp4jt1\/2026\/02\/unnamed-file-1247.jpg","datePublished":"2026-02-04T14:16:12+00:00","author":{"@id":"https:\/\/portaltela.pt\/#\/schema\/person\/c4278d4a6028830caff9ee44b42d32ed"},"breadcrumb":{"@id":"https:\/\/portaltela.pt\/noticias\/2026\/02\/04\/ministro-servio-julgado-por-suspeita-de-ilegalidade-em-projeto-ligado-a-trump\/#breadcrumb"},"inLanguage":"pt-PT","potentialAction":[{"@type":"ReadAction","target":["https:\/\/portaltela.pt\/noticias\/2026\/02\/04\/ministro-servio-julgado-por-suspeita-de-ilegalidade-em-projeto-ligado-a-trump\/"]}]},{"@type":"ImageObject","inLanguage":"pt-PT","@id":"https:\/\/portaltela.pt\/noticias\/2026\/02\/04\/ministro-servio-julgado-por-suspeita-de-ilegalidade-em-projeto-ligado-a-trump\/#primaryimage","url":"https:\/\/portaltela.pt\/s.01k8rhncp4jt1\/2026\/02\/unnamed-file-1247.jpg","contentUrl":"https:\/\/portaltela.pt\/s.01k8rhncp4jt1\/2026\/02\/unnamed-file-1247.jpg","width":796,"height":448,"caption":"Ministro s\u00e9rvio julgado por suspeita de ilegalidade em controverso projeto ligado a Trump"},{"@type":"BreadcrumbList","@id":"https:\/\/portaltela.pt\/noticias\/2026\/02\/04\/ministro-servio-julgado-por-suspeita-de-ilegalidade-em-projeto-ligado-a-trump\/#breadcrumb","itemListElement":[{"@type":"ListItem","position":1,"name":"In\u00edcio","item":"https:\/\/portaltela.pt\/"},{"@type":"ListItem","position":2,"name":"Ministro s\u00e9rvio julgado por suspeita de ilegalidade em projeto ligado a Trump"}]},{"@type":"WebSite","@id":"https:\/\/portaltela.pt\/#website","url":"https:\/\/portaltela.pt\/","name":"Portal Tela Portugal","description":"","potentialAction":[{"@type":"SearchAction","target":{"@type":"EntryPoint","urlTemplate":"https:\/\/portaltela.pt\/?s={search_term_string}"},"query-input":{"@type":"PropertyValueSpecification","valueRequired":true,"valueName":"search_term_string"}}],"inLanguage":"pt-PT"},{"@type":"Person","@id":"https:\/\/portaltela.pt\/#\/schema\/person\/c4278d4a6028830caff9ee44b42d32ed","name":"Telinha","image":{"@type":"ImageObject","inLanguage":"pt-PT","@id":"https:\/\/portaltela.pt\/s.01k8rhncp4jt1\/2025\/11\/talking-bot-125x125.png","url":"https:\/\/portaltela.pt\/s.01k8rhncp4jt1\/2025\/11\/talking-bot-125x125.png","contentUrl":"https:\/\/portaltela.pt\/s.01k8rhncp4jt1\/2025\/11\/talking-bot-125x125.png","caption":"Telinha"},"sameAs":["https:\/\/portaltela.pt\/"],"url":"https:\/\/portaltela.pt\/por\/367410592786\/"}]}},"_links":{"self":[{"href":"https:\/\/portaltela.pt\/api\/wp\/v2\/posts\/196889","targetHints":{"allow":["GET"]}}],"collection":[{"href":"https:\/\/portaltela.pt\/api\/wp\/v2\/posts"}],"about":[{"href":"https:\/\/portaltela.pt\/api\/wp\/v2\/types\/post"}],"author":[{"embeddable":true,"href":"https:\/\/portaltela.pt\/api\/wp\/v2\/users\/2"}],"replies":[{"embeddable":true,"href":"https:\/\/portaltela.pt\/api\/wp\/v2\/comments?post=196889"}],"version-history":[{"count":0,"href":"https:\/\/portaltela.pt\/api\/wp\/v2\/posts\/196889\/revisions"}],"wp:featuredmedia":[{"embeddable":true,"href":"https:\/\/portaltela.pt\/api\/wp\/v2\/media\/196903"}],"wp:attachment":[{"href":"https:\/\/portaltela.pt\/api\/wp\/v2\/media?parent=196889"}],"wp:term":[{"taxonomy":"category","embeddable":true,"href":"https:\/\/portaltela.pt\/api\/wp\/v2\/categories?post=196889"},{"taxonomy":"post_tag","embeddable":true,"href":"https:\/\/portaltela.pt\/api\/wp\/v2\/tags?post=196889"}],"curies":[{"name":"wp","href":"https:\/\/api.w.org\/{rel}","templated":true}]}}