{"id":196879,"date":"2026-02-04T11:15:00","date_gmt":"2026-02-04T14:15:00","guid":{"rendered":"https:\/\/portaltela.pt\/noticias\/2026\/02\/04\/alentejo-central-cria-fundo-solidario-e-envia-material-as-areas-atingidas\/"},"modified":"2026-02-04T11:15:00","modified_gmt":"2026-02-04T14:15:00","slug":"alentejo-central-cria-fundo-solidario-e-envia-material-as-areas-atingidas","status":"publish","type":"post","link":"https:\/\/portaltela.pt\/noticias\/2026\/02\/04\/alentejo-central-cria-fundo-solidario-e-envia-material-as-areas-atingidas\/","title":{"rendered":"Alentejo Central cria fundo solid\u00e1rio e envia material \u00e0s \u00e1reas atingidas"},"content":{"rendered":"<p>O Alentejo Central criou um fundo solid\u00e1rio para responder ao mau tempo. 14 munic\u00edpios que integram a CIMAC j\u00e1 reuniram 60 mil euros e v\u00e3o enviar 20 cami\u00f5es com bens para as zonas mais afetadas pela depress\u00e3o Kristin. A revela\u00e7\u00e3o foi feita hoje.<\/p>\n<p>Carlos Zorrinho, presidente da CIMAC e autarca de \u00c9vora, confirmou que a verba j\u00e1 existe e continua a receber subscri\u00e7\u00f5es. O objetivo \u00e9 articular o apoio com outras CIMs das zonas mais atingidas pela tempestade.<\/p>\n<p>Os munic\u00edpios tamb\u00e9m est\u00e3o a recolher materiais de constru\u00e7\u00e3o, como lonas, telhas e luvas, para envio agregado. O conjunto de bens dever\u00e1 perfazer a capacidade de 20 cami\u00f5es, com o apoio da Prote\u00e7\u00e3o Civil, bombeiros e juntas de freguesia.<\/p>\n<h3>Fundo solid\u00e1rio do Alentejo Central<\/h3>\n<p>Dois cami\u00f5es j\u00e1 partiram com material angariado. Nos pr\u00f3ximos dias, outros seguir\u00e3o conforme o material chegue ao ponto de carregamento e seja indicado o destino de entrega. A coopera\u00e7\u00e3o interna foi reativada a partir da pandemia.<\/p>\n<p>Zorrinho sublinhou a import\u00e2ncia de manter a rede de coopera\u00e7\u00e3o, que pode apoiar tamb\u00e9m munic\u00edpios de outras regi\u00f5es. A iniciativa visa responder aos fen\u00f3menos extremos e refor\u00e7ar a resili\u00eancia local.<\/p>\n<p>A CIMAC re\u00fane Alandroal, Arraiolos, Borba, Estremoz, \u00c9vora, Montemor-o-Novo, Mora, Mour\u00e3o, Portel, Redondo, Reguengos de Monsaraz, Vendas Novas, Viana do Alentejo e Vila Vi\u00e7osa.<\/p>\n<h3>Despesas, danos e resposta p\u00fablica<\/h3>\n<p>Desde a semana passada, j\u00e1 faleceram 10 pessoas em consequ\u00eancia do mau tempo. Cinco mortes est\u00e3o associadas diretamente \u00e0 depress\u00e3o Kristin; uma v\u00edtima foi anunciada pela C\u00e2mara da Marinha Grande, somando-se a quatro \u00f3bitos por quedas de telhados ou intoxica\u00e7\u00e3o com gerador.<\/p>\n<p>Os impactos incluem destrui\u00e7\u00e3o de casas, empresas e infraestruturas, quedas de \u00e1rvores, estradas cortadas e servi\u00e7os de transporte, bem como fecho de escolas, cortes de energia, \u00e1gua e comunica\u00e7\u00f5es. Leiria, Coimbra e Santar\u00e9m registam os maiores estragos.<\/p>\n<p>O Governo declarou calamidade para 68 concelhos at\u00e9 domingo e anunciou um pacote de apoio financeiro que pode chegar aos 2,5 mil milh\u00f5es de euros. Os dados oficiais indicam uma resposta r\u00e1pida e coordenada \u00e0s necessidades emergentes.<\/p>\n","protected":false},"excerpt":{"rendered":"<ul>\n<li>Os 14 munic\u00edpios do Alentejo Central criaram um fundo solid\u00e1rio j\u00e1 com 60 mil euros e v\u00e3o enviar 20 cami\u00f5es com bens para zonas afetadas pela depress\u00e3o Kristin.<\/li>\n<li>O material inclui lonas, telhas, luvas e outros itens; dois cami\u00f5es j\u00e1 partiram e os restantes devem seguir conforme recebimento de materiais e indica\u00e7\u00e3o de necessidades.<\/li>\n<li>A iniciativa conta com o apoio da Prote\u00e7\u00e3o Civil, bombeiros, juntas de freguesia e outras entidades, e envolve coordena\u00e7\u00e3o com CIM (comunidades intermunicipais) das regi\u00f5es mais afetadas.<\/li>\n<li>A CIMAC reativou a rede de coopera\u00e7\u00e3o interna, criada durante a pandemia, para apoiar tamb\u00e9m outros munic\u00edpios do pa\u00eds al\u00e9m dos da sua regi\u00e3o.<\/li>\n<li>Em termos de contexto, o temporal causou v\u00e1rias mortes e danos materiais em v\u00e1rias regi\u00f5es, com o Governo a decretar calamidade para 68 concelhos e a anunciar medidas de apoio de at\u00e9 2,5 mil milh\u00f5es de euros.<\/li>\n<\/ul>\n","protected":false},"author":2,"featured_media":196888,"comment_status":"closed","ping_status":"closed","sticky":false,"template":"","format":"standard","meta":{"footnotes":""},"categories":[1],"tags":[883,4687,5215,5348,2093,320],"class_list":["post-196879","post","type-post","status-publish","format-standard","has-post-thumbnail","hentry","category-noticias","tag-alentejo","tag-calamidade-publica","tag-catastrofes-naturais","tag-cimac","tag-municipios","tag-protecao-civil"],"yoast_head":"<!-- This site is optimized with the Yoast SEO plugin v27.2 - https:\/\/yoast.com\/product\/yoast-seo-wordpress\/ -->\n<title>Alentejo Central cria fundo solid\u00e1rio e envia material \u00e0s \u00e1reas atingidas - Portal Tela Portugal<\/title>\n<meta name=\"robots\" content=\"index, follow, max-snippet:-1, max-image-preview:large, max-video-preview:-1\" \/>\n<meta property=\"og:locale\" content=\"pt_PT\" \/>\n<meta property=\"og:type\" content=\"article\" \/>\n<meta property=\"og:title\" content=\"Alentejo Central cria fundo solid\u00e1rio e envia material \u00e0s \u00e1reas atingidas - Portal Tela Portugal\" \/>\n<meta property=\"og:description\" content=\"Os 14 munic\u00edpios do Alentejo Central criaram um fundo solid\u00e1rio j\u00e1 com 60 mil euros e v\u00e3o enviar 20 cami\u00f5es com bens para zonas afetadas pela depress\u00e3o Kristin. O material inclui lonas, telhas, luvas e outros itens; dois cami\u00f5es j\u00e1 partiram e os restantes devem seguir conforme recebimento de materiais e indica\u00e7\u00e3o de necessidades. A iniciativa conta com o apoio da Prote\u00e7\u00e3o Civil, bombeiros, juntas de freguesia e outras entidades, e envolve coordena\u00e7\u00e3o com CIM (comunidades intermunicipais) das regi\u00f5es mais afetadas. A CIMAC reativou a rede de coopera\u00e7\u00e3o interna, criada durante a pandemia, para apoiar tamb\u00e9m outros munic\u00edpios do pa\u00eds al\u00e9m dos da sua regi\u00e3o. Em termos de contexto, o temporal causou v\u00e1rias mortes e danos materiais em v\u00e1rias regi\u00f5es, com o Governo a decretar calamidade para 68 concelhos e a anunciar medidas de apoio de at\u00e9 2,5 mil milh\u00f5es de euros.\" \/>\n<meta property=\"og:url\" content=\"https:\/\/portaltela.pt\/noticias\/2026\/02\/04\/alentejo-central-cria-fundo-solidario-e-envia-material-as-areas-atingidas\/\" \/>\n<meta property=\"og:site_name\" content=\"Portal Tela Portugal\" \/>\n<meta property=\"article:published_time\" content=\"2026-02-04T14:15:00+00:00\" \/>\n<meta name=\"author\" content=\"Telinha\" \/>\n<meta name=\"twitter:card\" content=\"summary_large_image\" \/>\n<meta name=\"twitter:label1\" content=\"Escrito por\" \/>\n\t<meta name=\"twitter:data1\" content=\"Telinha\" \/>\n\t<meta name=\"twitter:label2\" content=\"Tempo estimado de leitura\" \/>\n\t<meta name=\"twitter:data2\" content=\"2 minutos\" \/>\n<script type=\"application\/ld+json\" class=\"yoast-schema-graph\">{\"@context\":\"https:\/\/schema.org\",\"@graph\":[{\"@type\":\"Article\",\"@id\":\"https:\/\/portaltela.pt\/noticias\/2026\/02\/04\/alentejo-central-cria-fundo-solidario-e-envia-material-as-areas-atingidas\/#article\",\"isPartOf\":{\"@id\":\"https:\/\/portaltela.pt\/noticias\/2026\/02\/04\/alentejo-central-cria-fundo-solidario-e-envia-material-as-areas-atingidas\/\"},\"author\":{\"name\":\"Telinha\",\"@id\":\"https:\/\/portaltela.pt\/#\/schema\/person\/c4278d4a6028830caff9ee44b42d32ed\"},\"headline\":\"Alentejo Central cria fundo solid\u00e1rio e envia material \u00e0s \u00e1reas atingidas\",\"datePublished\":\"2026-02-04T14:15:00+00:00\",\"mainEntityOfPage\":{\"@id\":\"https:\/\/portaltela.pt\/noticias\/2026\/02\/04\/alentejo-central-cria-fundo-solidario-e-envia-material-as-areas-atingidas\/\"},\"wordCount\":378,\"image\":{\"@id\":\"https:\/\/portaltela.pt\/noticias\/2026\/02\/04\/alentejo-central-cria-fundo-solidario-e-envia-material-as-areas-atingidas\/#primaryimage\"},\"thumbnailUrl\":\"https:\/\/portaltela.pt\/s.01k8rhncp4jt1\/2026\/02\/unnamed-file-1245.jpg\",\"keywords\":[\"Alentejo\",\"calamidade p\u00fablica\",\"cat\u00e1strofes naturais\",\"CIMAC\",\"munic\u00edpios\",\"prote\u00e7\u00e3o civil\"],\"articleSection\":[\"Not\u00edcias\"],\"inLanguage\":\"pt-PT\"},{\"@type\":\"WebPage\",\"@id\":\"https:\/\/portaltela.pt\/noticias\/2026\/02\/04\/alentejo-central-cria-fundo-solidario-e-envia-material-as-areas-atingidas\/\",\"url\":\"https:\/\/portaltela.pt\/noticias\/2026\/02\/04\/alentejo-central-cria-fundo-solidario-e-envia-material-as-areas-atingidas\/\",\"name\":\"Alentejo Central cria fundo solid\u00e1rio e envia material \u00e0s \u00e1reas atingidas - Portal Tela Portugal\",\"isPartOf\":{\"@id\":\"https:\/\/portaltela.pt\/#website\"},\"primaryImageOfPage\":{\"@id\":\"https:\/\/portaltela.pt\/noticias\/2026\/02\/04\/alentejo-central-cria-fundo-solidario-e-envia-material-as-areas-atingidas\/#primaryimage\"},\"image\":{\"@id\":\"https:\/\/portaltela.pt\/noticias\/2026\/02\/04\/alentejo-central-cria-fundo-solidario-e-envia-material-as-areas-atingidas\/#primaryimage\"},\"thumbnailUrl\":\"https:\/\/portaltela.pt\/s.01k8rhncp4jt1\/2026\/02\/unnamed-file-1245.jpg\",\"datePublished\":\"2026-02-04T14:15:00+00:00\",\"author\":{\"@id\":\"https:\/\/portaltela.pt\/#\/schema\/person\/c4278d4a6028830caff9ee44b42d32ed\"},\"breadcrumb\":{\"@id\":\"https:\/\/portaltela.pt\/noticias\/2026\/02\/04\/alentejo-central-cria-fundo-solidario-e-envia-material-as-areas-atingidas\/#breadcrumb\"},\"inLanguage\":\"pt-PT\",\"potentialAction\":[{\"@type\":\"ReadAction\",\"target\":[\"https:\/\/portaltela.pt\/noticias\/2026\/02\/04\/alentejo-central-cria-fundo-solidario-e-envia-material-as-areas-atingidas\/\"]}]},{\"@type\":\"ImageObject\",\"inLanguage\":\"pt-PT\",\"@id\":\"https:\/\/portaltela.pt\/noticias\/2026\/02\/04\/alentejo-central-cria-fundo-solidario-e-envia-material-as-areas-atingidas\/#primaryimage\",\"url\":\"https:\/\/portaltela.pt\/s.01k8rhncp4jt1\/2026\/02\/unnamed-file-1245.jpg\",\"contentUrl\":\"https:\/\/portaltela.pt\/s.01k8rhncp4jt1\/2026\/02\/unnamed-file-1245.jpg\",\"width\":796,\"height\":448,\"caption\":\"Mau tempo: Alentejo Central cria fundo solid\u00e1rio e envia material para \u00e1reas atingidas\"},{\"@type\":\"BreadcrumbList\",\"@id\":\"https:\/\/portaltela.pt\/noticias\/2026\/02\/04\/alentejo-central-cria-fundo-solidario-e-envia-material-as-areas-atingidas\/#breadcrumb\",\"itemListElement\":[{\"@type\":\"ListItem\",\"position\":1,\"name\":\"In\u00edcio\",\"item\":\"https:\/\/portaltela.pt\/\"},{\"@type\":\"ListItem\",\"position\":2,\"name\":\"Alentejo Central cria fundo solid\u00e1rio e envia material \u00e0s \u00e1reas atingidas\"}]},{\"@type\":\"WebSite\",\"@id\":\"https:\/\/portaltela.pt\/#website\",\"url\":\"https:\/\/portaltela.pt\/\",\"name\":\"Portal Tela Portugal\",\"description\":\"\",\"potentialAction\":[{\"@type\":\"SearchAction\",\"target\":{\"@type\":\"EntryPoint\",\"urlTemplate\":\"https:\/\/portaltela.pt\/?s={search_term_string}\"},\"query-input\":{\"@type\":\"PropertyValueSpecification\",\"valueRequired\":true,\"valueName\":\"search_term_string\"}}],\"inLanguage\":\"pt-PT\"},{\"@type\":\"Person\",\"@id\":\"https:\/\/portaltela.pt\/#\/schema\/person\/c4278d4a6028830caff9ee44b42d32ed\",\"name\":\"Telinha\",\"image\":{\"@type\":\"ImageObject\",\"inLanguage\":\"pt-PT\",\"@id\":\"https:\/\/portaltela.pt\/s.01k8rhncp4jt1\/2025\/11\/talking-bot-125x125.png\",\"url\":\"https:\/\/portaltela.pt\/s.01k8rhncp4jt1\/2025\/11\/talking-bot-125x125.png\",\"contentUrl\":\"https:\/\/portaltela.pt\/s.01k8rhncp4jt1\/2025\/11\/talking-bot-125x125.png\",\"caption\":\"Telinha\"},\"sameAs\":[\"https:\/\/portaltela.pt\/\"],\"url\":\"https:\/\/portaltela.pt\/por\/367410592786\/\"}]}<\/script>\n<!-- \/ Yoast SEO plugin. -->","yoast_head_json":{"title":"Alentejo Central cria fundo solid\u00e1rio e envia material \u00e0s \u00e1reas atingidas - Portal Tela Portugal","robots":{"index":"index","follow":"follow","max-snippet":"max-snippet:-1","max-image-preview":"max-image-preview:large","max-video-preview":"max-video-preview:-1"},"og_locale":"pt_PT","og_type":"article","og_title":"Alentejo Central cria fundo solid\u00e1rio e envia material \u00e0s \u00e1reas atingidas - Portal Tela Portugal","og_description":"Os 14 munic\u00edpios do Alentejo Central criaram um fundo solid\u00e1rio j\u00e1 com 60 mil euros e v\u00e3o enviar 20 cami\u00f5es com bens para zonas afetadas pela depress\u00e3o Kristin. O material inclui lonas, telhas, luvas e outros itens; dois cami\u00f5es j\u00e1 partiram e os restantes devem seguir conforme recebimento de materiais e indica\u00e7\u00e3o de necessidades. A iniciativa conta com o apoio da Prote\u00e7\u00e3o Civil, bombeiros, juntas de freguesia e outras entidades, e envolve coordena\u00e7\u00e3o com CIM (comunidades intermunicipais) das regi\u00f5es mais afetadas. A CIMAC reativou a rede de coopera\u00e7\u00e3o interna, criada durante a pandemia, para apoiar tamb\u00e9m outros munic\u00edpios do pa\u00eds al\u00e9m dos da sua regi\u00e3o. Em termos de contexto, o temporal causou v\u00e1rias mortes e danos materiais em v\u00e1rias regi\u00f5es, com o Governo a decretar calamidade para 68 concelhos e a anunciar medidas de apoio de at\u00e9 2,5 mil milh\u00f5es de euros.","og_url":"https:\/\/portaltela.pt\/noticias\/2026\/02\/04\/alentejo-central-cria-fundo-solidario-e-envia-material-as-areas-atingidas\/","og_site_name":"Portal Tela Portugal","article_published_time":"2026-02-04T14:15:00+00:00","author":"Telinha","twitter_card":"summary_large_image","twitter_misc":{"Escrito por":"Telinha","Tempo estimado de leitura":"2 minutos"},"schema":{"@context":"https:\/\/schema.org","@graph":[{"@type":"Article","@id":"https:\/\/portaltela.pt\/noticias\/2026\/02\/04\/alentejo-central-cria-fundo-solidario-e-envia-material-as-areas-atingidas\/#article","isPartOf":{"@id":"https:\/\/portaltela.pt\/noticias\/2026\/02\/04\/alentejo-central-cria-fundo-solidario-e-envia-material-as-areas-atingidas\/"},"author":{"name":"Telinha","@id":"https:\/\/portaltela.pt\/#\/schema\/person\/c4278d4a6028830caff9ee44b42d32ed"},"headline":"Alentejo Central cria fundo solid\u00e1rio e envia material \u00e0s \u00e1reas atingidas","datePublished":"2026-02-04T14:15:00+00:00","mainEntityOfPage":{"@id":"https:\/\/portaltela.pt\/noticias\/2026\/02\/04\/alentejo-central-cria-fundo-solidario-e-envia-material-as-areas-atingidas\/"},"wordCount":378,"image":{"@id":"https:\/\/portaltela.pt\/noticias\/2026\/02\/04\/alentejo-central-cria-fundo-solidario-e-envia-material-as-areas-atingidas\/#primaryimage"},"thumbnailUrl":"https:\/\/portaltela.pt\/s.01k8rhncp4jt1\/2026\/02\/unnamed-file-1245.jpg","keywords":["Alentejo","calamidade p\u00fablica","cat\u00e1strofes naturais","CIMAC","munic\u00edpios","prote\u00e7\u00e3o civil"],"articleSection":["Not\u00edcias"],"inLanguage":"pt-PT"},{"@type":"WebPage","@id":"https:\/\/portaltela.pt\/noticias\/2026\/02\/04\/alentejo-central-cria-fundo-solidario-e-envia-material-as-areas-atingidas\/","url":"https:\/\/portaltela.pt\/noticias\/2026\/02\/04\/alentejo-central-cria-fundo-solidario-e-envia-material-as-areas-atingidas\/","name":"Alentejo Central cria fundo solid\u00e1rio e envia material \u00e0s \u00e1reas atingidas - Portal Tela Portugal","isPartOf":{"@id":"https:\/\/portaltela.pt\/#website"},"primaryImageOfPage":{"@id":"https:\/\/portaltela.pt\/noticias\/2026\/02\/04\/alentejo-central-cria-fundo-solidario-e-envia-material-as-areas-atingidas\/#primaryimage"},"image":{"@id":"https:\/\/portaltela.pt\/noticias\/2026\/02\/04\/alentejo-central-cria-fundo-solidario-e-envia-material-as-areas-atingidas\/#primaryimage"},"thumbnailUrl":"https:\/\/portaltela.pt\/s.01k8rhncp4jt1\/2026\/02\/unnamed-file-1245.jpg","datePublished":"2026-02-04T14:15:00+00:00","author":{"@id":"https:\/\/portaltela.pt\/#\/schema\/person\/c4278d4a6028830caff9ee44b42d32ed"},"breadcrumb":{"@id":"https:\/\/portaltela.pt\/noticias\/2026\/02\/04\/alentejo-central-cria-fundo-solidario-e-envia-material-as-areas-atingidas\/#breadcrumb"},"inLanguage":"pt-PT","potentialAction":[{"@type":"ReadAction","target":["https:\/\/portaltela.pt\/noticias\/2026\/02\/04\/alentejo-central-cria-fundo-solidario-e-envia-material-as-areas-atingidas\/"]}]},{"@type":"ImageObject","inLanguage":"pt-PT","@id":"https:\/\/portaltela.pt\/noticias\/2026\/02\/04\/alentejo-central-cria-fundo-solidario-e-envia-material-as-areas-atingidas\/#primaryimage","url":"https:\/\/portaltela.pt\/s.01k8rhncp4jt1\/2026\/02\/unnamed-file-1245.jpg","contentUrl":"https:\/\/portaltela.pt\/s.01k8rhncp4jt1\/2026\/02\/unnamed-file-1245.jpg","width":796,"height":448,"caption":"Mau tempo: Alentejo Central cria fundo solid\u00e1rio e envia material para \u00e1reas atingidas"},{"@type":"BreadcrumbList","@id":"https:\/\/portaltela.pt\/noticias\/2026\/02\/04\/alentejo-central-cria-fundo-solidario-e-envia-material-as-areas-atingidas\/#breadcrumb","itemListElement":[{"@type":"ListItem","position":1,"name":"In\u00edcio","item":"https:\/\/portaltela.pt\/"},{"@type":"ListItem","position":2,"name":"Alentejo Central cria fundo solid\u00e1rio e envia material \u00e0s \u00e1reas atingidas"}]},{"@type":"WebSite","@id":"https:\/\/portaltela.pt\/#website","url":"https:\/\/portaltela.pt\/","name":"Portal Tela Portugal","description":"","potentialAction":[{"@type":"SearchAction","target":{"@type":"EntryPoint","urlTemplate":"https:\/\/portaltela.pt\/?s={search_term_string}"},"query-input":{"@type":"PropertyValueSpecification","valueRequired":true,"valueName":"search_term_string"}}],"inLanguage":"pt-PT"},{"@type":"Person","@id":"https:\/\/portaltela.pt\/#\/schema\/person\/c4278d4a6028830caff9ee44b42d32ed","name":"Telinha","image":{"@type":"ImageObject","inLanguage":"pt-PT","@id":"https:\/\/portaltela.pt\/s.01k8rhncp4jt1\/2025\/11\/talking-bot-125x125.png","url":"https:\/\/portaltela.pt\/s.01k8rhncp4jt1\/2025\/11\/talking-bot-125x125.png","contentUrl":"https:\/\/portaltela.pt\/s.01k8rhncp4jt1\/2025\/11\/talking-bot-125x125.png","caption":"Telinha"},"sameAs":["https:\/\/portaltela.pt\/"],"url":"https:\/\/portaltela.pt\/por\/367410592786\/"}]}},"_links":{"self":[{"href":"https:\/\/portaltela.pt\/api\/wp\/v2\/posts\/196879","targetHints":{"allow":["GET"]}}],"collection":[{"href":"https:\/\/portaltela.pt\/api\/wp\/v2\/posts"}],"about":[{"href":"https:\/\/portaltela.pt\/api\/wp\/v2\/types\/post"}],"author":[{"embeddable":true,"href":"https:\/\/portaltela.pt\/api\/wp\/v2\/users\/2"}],"replies":[{"embeddable":true,"href":"https:\/\/portaltela.pt\/api\/wp\/v2\/comments?post=196879"}],"version-history":[{"count":0,"href":"https:\/\/portaltela.pt\/api\/wp\/v2\/posts\/196879\/revisions"}],"wp:featuredmedia":[{"embeddable":true,"href":"https:\/\/portaltela.pt\/api\/wp\/v2\/media\/196888"}],"wp:attachment":[{"href":"https:\/\/portaltela.pt\/api\/wp\/v2\/media?parent=196879"}],"wp:term":[{"taxonomy":"category","embeddable":true,"href":"https:\/\/portaltela.pt\/api\/wp\/v2\/categories?post=196879"},{"taxonomy":"post_tag","embeddable":true,"href":"https:\/\/portaltela.pt\/api\/wp\/v2\/tags?post=196879"}],"curies":[{"name":"wp","href":"https:\/\/api.w.org\/{rel}","templated":true}]}}