{"id":196873,"date":"2026-02-04T11:10:00","date_gmt":"2026-02-04T14:10:00","guid":{"rendered":"https:\/\/portaltela.pt\/noticias\/2026\/02\/04\/cne-lei-permite-adiar-votacoes-em-situacoes-de-calamidade\/"},"modified":"2026-02-04T11:10:00","modified_gmt":"2026-02-04T14:10:00","slug":"cne-lei-permite-adiar-votacoes-em-situacoes-de-calamidade","status":"publish","type":"post","link":"https:\/\/portaltela.pt\/noticias\/politica\/2026\/02\/04\/cne-lei-permite-adiar-votacoes-em-situacoes-de-calamidade\/","title":{"rendered":"CNE: lei permite adiar vota\u00e7\u00f5es em situa\u00e7\u00f5es de calamidade"},"content":{"rendered":"<p>A Comiss\u00e3o Nacional de Elei\u00e7\u00f5es (CNE) informou que a lei permite adiar a segunda volta das elei\u00e7\u00f5es presidenciais, marcada para 8 de fevereiro, em zonas do pa\u00eds onde foi decretada situa\u00e7\u00e3o de calamidade. Ainda n\u00e3o houve decis\u00e3o neste sentido.<\/p>\n<p>Consoante a legisla\u00e7\u00e3o, os Presidentes de C\u00e2mara no territ\u00f3rio continental ou os Representantes da Rep\u00fablica nas Regi\u00f5es Aut\u00f3nomas podem reconhecer a impossibilidade de realizar a vota\u00e7\u00e3o nas assembleias ou sec\u00e7\u00f5es de voto afetadas, nos dias anteriores \u00e0 elei\u00e7\u00e3o ou no dia da vota\u00e7\u00e3o. O adiamento ocorre para o domingo seguinte, 15 de fevereiro.<\/p>\n<p>A nota da CNE foi publicada na noite de ter\u00e7a-feira, em pleno funcionamento de regi\u00f5es que continuam a recuperar da tempestade Kristin. Trata-se de uma previs\u00e3o legal de car\u00e1ter preventivo, sem qualquer indica\u00e7\u00e3o de adiamento espec\u00edfico j\u00e1 decidido.<\/p>\n<h3>Contexto de calamidade<\/h3>\n<p>Devido \u00e0s tempestades, algumas altera\u00e7\u00f5es de locais de voto foram necess\u00e1rias para assegurar o funcionamento normal do processo. A CNE recomenda aos eleitores que verifiquem o local de voto antes das elei\u00e7\u00f5es.<\/p>\n<h3>Confirma\u00e7\u00e3o do local de voto<\/h3>\n<p>Os eleitores podem confirmar o local de voto atrav\u00e9s de uma mensagem para o n\u00famero 3838 ou pelo site recenseamento. A autoridade eleitoral refor\u00e7a a import\u00e2ncia de confirmar o local atual antes do ato eleitoral.<\/p>\n","protected":false},"excerpt":{"rendered":"<ul>\n<li>A Comiss\u00e3o Nacional de Elei\u00e7\u00f5es (CNE): a lei permite adiar a vota\u00e7\u00e3o da segunda volta das elei\u00e7\u00f5es presidenciais para locais em calamidade, para o domingo seguinte (15 de fevereiro), caso se confirme a situa\u00e7\u00e3o.<\/li>\n<li>Ainda n\u00e3o foi tomada nenhuma decis\u00e3o de adiamento; a nota da CNE clarifica apenas a possibilidade prevista pela lei.<\/li>\n<li>A decis\u00e3o pode ser tomada pelos Presidentes de C\u00e2mara ou pelos Representantes da Rep\u00fablica nas regi\u00f5es aut\u00f3nomas, quando existirem calamidades no dia da elei\u00e7\u00e3o ou nos tr\u00eas dias anteriores.<\/li>\n<li>Em caso de adiamento, a vota\u00e7\u00e3o \u00e9 reagendada para o pr\u00f3ximo domingo.<\/li>\n<li>Devido \u00e0s tempestades, alguns locais de voto j\u00e1 foram alterados; os eleitores devem confirmar o local de voto antes das elei\u00e7\u00f5es atrav\u00e9s do n\u00famero 3838 ou do site recenseamento.<\/li>\n<\/ul>\n","protected":false},"author":2,"featured_media":196882,"comment_status":"closed","ping_status":"closed","sticky":false,"template":"","format":"standard","meta":{"footnotes":""},"categories":[1,5],"tags":[4687,68,1014,2974],"class_list":["post-196873","post","type-post","status-publish","format-standard","has-post-thumbnail","hentry","category-noticias","category-politica","tag-calamidade-publica","tag-eleicoes","tag-portugal","tag-regioes-autonomas"],"yoast_head":"<!-- This site is optimized with the Yoast SEO plugin v27.2 - https:\/\/yoast.com\/product\/yoast-seo-wordpress\/ -->\n<title>CNE: lei permite adiar vota\u00e7\u00f5es em situa\u00e7\u00f5es de calamidade - Portal Tela Portugal<\/title>\n<meta name=\"robots\" content=\"index, follow, max-snippet:-1, max-image-preview:large, max-video-preview:-1\" \/>\n<meta property=\"og:locale\" content=\"pt_PT\" \/>\n<meta property=\"og:type\" content=\"article\" \/>\n<meta property=\"og:title\" content=\"CNE: lei permite adiar vota\u00e7\u00f5es em situa\u00e7\u00f5es de calamidade - Portal Tela Portugal\" \/>\n<meta property=\"og:description\" content=\"A Comiss\u00e3o Nacional de Elei\u00e7\u00f5es (CNE): a lei permite adiar a vota\u00e7\u00e3o da segunda volta das elei\u00e7\u00f5es presidenciais para locais em calamidade, para o domingo seguinte (15 de fevereiro), caso se confirme a situa\u00e7\u00e3o. Ainda n\u00e3o foi tomada nenhuma decis\u00e3o de adiamento; a nota da CNE clarifica apenas a possibilidade prevista pela lei. A decis\u00e3o pode ser tomada pelos Presidentes de C\u00e2mara ou pelos Representantes da Rep\u00fablica nas regi\u00f5es aut\u00f3nomas, quando existirem calamidades no dia da elei\u00e7\u00e3o ou nos tr\u00eas dias anteriores. Em caso de adiamento, a vota\u00e7\u00e3o \u00e9 reagendada para o pr\u00f3ximo domingo. Devido \u00e0s tempestades, alguns locais de voto j\u00e1 foram alterados; os eleitores devem confirmar o local de voto antes das elei\u00e7\u00f5es atrav\u00e9s do n\u00famero 3838 ou do site recenseamento.\" \/>\n<meta property=\"og:url\" content=\"https:\/\/portaltela.pt\/noticias\/2026\/02\/04\/cne-lei-permite-adiar-votacoes-em-situacoes-de-calamidade\/\" \/>\n<meta property=\"og:site_name\" content=\"Portal Tela Portugal\" \/>\n<meta property=\"article:published_time\" content=\"2026-02-04T14:10:00+00:00\" \/>\n<meta name=\"author\" content=\"Telinha\" \/>\n<meta name=\"twitter:card\" content=\"summary_large_image\" \/>\n<meta name=\"twitter:label1\" content=\"Escrito por\" \/>\n\t<meta name=\"twitter:data1\" content=\"Telinha\" \/>\n\t<meta name=\"twitter:label2\" content=\"Tempo estimado de leitura\" \/>\n\t<meta name=\"twitter:data2\" content=\"1 minuto\" \/>\n<script type=\"application\/ld+json\" class=\"yoast-schema-graph\">{\"@context\":\"https:\/\/schema.org\",\"@graph\":[{\"@type\":\"Article\",\"@id\":\"https:\/\/portaltela.pt\/noticias\/2026\/02\/04\/cne-lei-permite-adiar-votacoes-em-situacoes-de-calamidade\/#article\",\"isPartOf\":{\"@id\":\"https:\/\/portaltela.pt\/noticias\/2026\/02\/04\/cne-lei-permite-adiar-votacoes-em-situacoes-de-calamidade\/\"},\"author\":{\"name\":\"Telinha\",\"@id\":\"https:\/\/portaltela.pt\/#\/schema\/person\/c4278d4a6028830caff9ee44b42d32ed\"},\"headline\":\"CNE: lei permite adiar vota\u00e7\u00f5es em situa\u00e7\u00f5es de calamidade\",\"datePublished\":\"2026-02-04T14:10:00+00:00\",\"mainEntityOfPage\":{\"@id\":\"https:\/\/portaltela.pt\/noticias\/2026\/02\/04\/cne-lei-permite-adiar-votacoes-em-situacoes-de-calamidade\/\"},\"wordCount\":243,\"image\":{\"@id\":\"https:\/\/portaltela.pt\/noticias\/2026\/02\/04\/cne-lei-permite-adiar-votacoes-em-situacoes-de-calamidade\/#primaryimage\"},\"thumbnailUrl\":\"https:\/\/portaltela.pt\/s.01k8rhncp4jt1\/2026\/02\/unnamed-file-1244.jpg\",\"keywords\":[\"calamidade p\u00fablica\",\"elei\u00e7\u00f5es\",\"Portugal\",\"Regi\u00f5es Aut\u00f3nomas\"],\"articleSection\":[\"Not\u00edcias\",\"Pol\u00edtica\"],\"inLanguage\":\"pt-PT\"},{\"@type\":\"WebPage\",\"@id\":\"https:\/\/portaltela.pt\/noticias\/2026\/02\/04\/cne-lei-permite-adiar-votacoes-em-situacoes-de-calamidade\/\",\"url\":\"https:\/\/portaltela.pt\/noticias\/2026\/02\/04\/cne-lei-permite-adiar-votacoes-em-situacoes-de-calamidade\/\",\"name\":\"CNE: lei permite adiar vota\u00e7\u00f5es em situa\u00e7\u00f5es de calamidade - Portal Tela Portugal\",\"isPartOf\":{\"@id\":\"https:\/\/portaltela.pt\/#website\"},\"primaryImageOfPage\":{\"@id\":\"https:\/\/portaltela.pt\/noticias\/2026\/02\/04\/cne-lei-permite-adiar-votacoes-em-situacoes-de-calamidade\/#primaryimage\"},\"image\":{\"@id\":\"https:\/\/portaltela.pt\/noticias\/2026\/02\/04\/cne-lei-permite-adiar-votacoes-em-situacoes-de-calamidade\/#primaryimage\"},\"thumbnailUrl\":\"https:\/\/portaltela.pt\/s.01k8rhncp4jt1\/2026\/02\/unnamed-file-1244.jpg\",\"datePublished\":\"2026-02-04T14:10:00+00:00\",\"author\":{\"@id\":\"https:\/\/portaltela.pt\/#\/schema\/person\/c4278d4a6028830caff9ee44b42d32ed\"},\"breadcrumb\":{\"@id\":\"https:\/\/portaltela.pt\/noticias\/2026\/02\/04\/cne-lei-permite-adiar-votacoes-em-situacoes-de-calamidade\/#breadcrumb\"},\"inLanguage\":\"pt-PT\",\"potentialAction\":[{\"@type\":\"ReadAction\",\"target\":[\"https:\/\/portaltela.pt\/noticias\/2026\/02\/04\/cne-lei-permite-adiar-votacoes-em-situacoes-de-calamidade\/\"]}]},{\"@type\":\"ImageObject\",\"inLanguage\":\"pt-PT\",\"@id\":\"https:\/\/portaltela.pt\/noticias\/2026\/02\/04\/cne-lei-permite-adiar-votacoes-em-situacoes-de-calamidade\/#primaryimage\",\"url\":\"https:\/\/portaltela.pt\/s.01k8rhncp4jt1\/2026\/02\/unnamed-file-1244.jpg\",\"contentUrl\":\"https:\/\/portaltela.pt\/s.01k8rhncp4jt1\/2026\/02\/unnamed-file-1244.jpg\",\"width\":796,\"height\":448,\"caption\":\"Photo\"},{\"@type\":\"BreadcrumbList\",\"@id\":\"https:\/\/portaltela.pt\/noticias\/2026\/02\/04\/cne-lei-permite-adiar-votacoes-em-situacoes-de-calamidade\/#breadcrumb\",\"itemListElement\":[{\"@type\":\"ListItem\",\"position\":1,\"name\":\"In\u00edcio\",\"item\":\"https:\/\/portaltela.pt\/\"},{\"@type\":\"ListItem\",\"position\":2,\"name\":\"CNE: lei permite adiar vota\u00e7\u00f5es em situa\u00e7\u00f5es de calamidade\"}]},{\"@type\":\"WebSite\",\"@id\":\"https:\/\/portaltela.pt\/#website\",\"url\":\"https:\/\/portaltela.pt\/\",\"name\":\"Portal Tela Portugal\",\"description\":\"\",\"potentialAction\":[{\"@type\":\"SearchAction\",\"target\":{\"@type\":\"EntryPoint\",\"urlTemplate\":\"https:\/\/portaltela.pt\/?s={search_term_string}\"},\"query-input\":{\"@type\":\"PropertyValueSpecification\",\"valueRequired\":true,\"valueName\":\"search_term_string\"}}],\"inLanguage\":\"pt-PT\"},{\"@type\":\"Person\",\"@id\":\"https:\/\/portaltela.pt\/#\/schema\/person\/c4278d4a6028830caff9ee44b42d32ed\",\"name\":\"Telinha\",\"image\":{\"@type\":\"ImageObject\",\"inLanguage\":\"pt-PT\",\"@id\":\"https:\/\/portaltela.pt\/s.01k8rhncp4jt1\/2025\/11\/talking-bot-125x125.png\",\"url\":\"https:\/\/portaltela.pt\/s.01k8rhncp4jt1\/2025\/11\/talking-bot-125x125.png\",\"contentUrl\":\"https:\/\/portaltela.pt\/s.01k8rhncp4jt1\/2025\/11\/talking-bot-125x125.png\",\"caption\":\"Telinha\"},\"sameAs\":[\"https:\/\/portaltela.pt\/\"],\"url\":\"https:\/\/portaltela.pt\/por\/367410592786\/\"}]}<\/script>\n<!-- \/ Yoast SEO plugin. -->","yoast_head_json":{"title":"CNE: lei permite adiar vota\u00e7\u00f5es em situa\u00e7\u00f5es de calamidade - Portal Tela Portugal","robots":{"index":"index","follow":"follow","max-snippet":"max-snippet:-1","max-image-preview":"max-image-preview:large","max-video-preview":"max-video-preview:-1"},"og_locale":"pt_PT","og_type":"article","og_title":"CNE: lei permite adiar vota\u00e7\u00f5es em situa\u00e7\u00f5es de calamidade - Portal Tela Portugal","og_description":"A Comiss\u00e3o Nacional de Elei\u00e7\u00f5es (CNE): a lei permite adiar a vota\u00e7\u00e3o da segunda volta das elei\u00e7\u00f5es presidenciais para locais em calamidade, para o domingo seguinte (15 de fevereiro), caso se confirme a situa\u00e7\u00e3o. Ainda n\u00e3o foi tomada nenhuma decis\u00e3o de adiamento; a nota da CNE clarifica apenas a possibilidade prevista pela lei. A decis\u00e3o pode ser tomada pelos Presidentes de C\u00e2mara ou pelos Representantes da Rep\u00fablica nas regi\u00f5es aut\u00f3nomas, quando existirem calamidades no dia da elei\u00e7\u00e3o ou nos tr\u00eas dias anteriores. Em caso de adiamento, a vota\u00e7\u00e3o \u00e9 reagendada para o pr\u00f3ximo domingo. Devido \u00e0s tempestades, alguns locais de voto j\u00e1 foram alterados; os eleitores devem confirmar o local de voto antes das elei\u00e7\u00f5es atrav\u00e9s do n\u00famero 3838 ou do site recenseamento.","og_url":"https:\/\/portaltela.pt\/noticias\/2026\/02\/04\/cne-lei-permite-adiar-votacoes-em-situacoes-de-calamidade\/","og_site_name":"Portal Tela Portugal","article_published_time":"2026-02-04T14:10:00+00:00","author":"Telinha","twitter_card":"summary_large_image","twitter_misc":{"Escrito por":"Telinha","Tempo estimado de leitura":"1 minuto"},"schema":{"@context":"https:\/\/schema.org","@graph":[{"@type":"Article","@id":"https:\/\/portaltela.pt\/noticias\/2026\/02\/04\/cne-lei-permite-adiar-votacoes-em-situacoes-de-calamidade\/#article","isPartOf":{"@id":"https:\/\/portaltela.pt\/noticias\/2026\/02\/04\/cne-lei-permite-adiar-votacoes-em-situacoes-de-calamidade\/"},"author":{"name":"Telinha","@id":"https:\/\/portaltela.pt\/#\/schema\/person\/c4278d4a6028830caff9ee44b42d32ed"},"headline":"CNE: lei permite adiar vota\u00e7\u00f5es em situa\u00e7\u00f5es de calamidade","datePublished":"2026-02-04T14:10:00+00:00","mainEntityOfPage":{"@id":"https:\/\/portaltela.pt\/noticias\/2026\/02\/04\/cne-lei-permite-adiar-votacoes-em-situacoes-de-calamidade\/"},"wordCount":243,"image":{"@id":"https:\/\/portaltela.pt\/noticias\/2026\/02\/04\/cne-lei-permite-adiar-votacoes-em-situacoes-de-calamidade\/#primaryimage"},"thumbnailUrl":"https:\/\/portaltela.pt\/s.01k8rhncp4jt1\/2026\/02\/unnamed-file-1244.jpg","keywords":["calamidade p\u00fablica","elei\u00e7\u00f5es","Portugal","Regi\u00f5es Aut\u00f3nomas"],"articleSection":["Not\u00edcias","Pol\u00edtica"],"inLanguage":"pt-PT"},{"@type":"WebPage","@id":"https:\/\/portaltela.pt\/noticias\/2026\/02\/04\/cne-lei-permite-adiar-votacoes-em-situacoes-de-calamidade\/","url":"https:\/\/portaltela.pt\/noticias\/2026\/02\/04\/cne-lei-permite-adiar-votacoes-em-situacoes-de-calamidade\/","name":"CNE: lei permite adiar vota\u00e7\u00f5es em situa\u00e7\u00f5es de calamidade - Portal Tela Portugal","isPartOf":{"@id":"https:\/\/portaltela.pt\/#website"},"primaryImageOfPage":{"@id":"https:\/\/portaltela.pt\/noticias\/2026\/02\/04\/cne-lei-permite-adiar-votacoes-em-situacoes-de-calamidade\/#primaryimage"},"image":{"@id":"https:\/\/portaltela.pt\/noticias\/2026\/02\/04\/cne-lei-permite-adiar-votacoes-em-situacoes-de-calamidade\/#primaryimage"},"thumbnailUrl":"https:\/\/portaltela.pt\/s.01k8rhncp4jt1\/2026\/02\/unnamed-file-1244.jpg","datePublished":"2026-02-04T14:10:00+00:00","author":{"@id":"https:\/\/portaltela.pt\/#\/schema\/person\/c4278d4a6028830caff9ee44b42d32ed"},"breadcrumb":{"@id":"https:\/\/portaltela.pt\/noticias\/2026\/02\/04\/cne-lei-permite-adiar-votacoes-em-situacoes-de-calamidade\/#breadcrumb"},"inLanguage":"pt-PT","potentialAction":[{"@type":"ReadAction","target":["https:\/\/portaltela.pt\/noticias\/2026\/02\/04\/cne-lei-permite-adiar-votacoes-em-situacoes-de-calamidade\/"]}]},{"@type":"ImageObject","inLanguage":"pt-PT","@id":"https:\/\/portaltela.pt\/noticias\/2026\/02\/04\/cne-lei-permite-adiar-votacoes-em-situacoes-de-calamidade\/#primaryimage","url":"https:\/\/portaltela.pt\/s.01k8rhncp4jt1\/2026\/02\/unnamed-file-1244.jpg","contentUrl":"https:\/\/portaltela.pt\/s.01k8rhncp4jt1\/2026\/02\/unnamed-file-1244.jpg","width":796,"height":448,"caption":"Photo"},{"@type":"BreadcrumbList","@id":"https:\/\/portaltela.pt\/noticias\/2026\/02\/04\/cne-lei-permite-adiar-votacoes-em-situacoes-de-calamidade\/#breadcrumb","itemListElement":[{"@type":"ListItem","position":1,"name":"In\u00edcio","item":"https:\/\/portaltela.pt\/"},{"@type":"ListItem","position":2,"name":"CNE: lei permite adiar vota\u00e7\u00f5es em situa\u00e7\u00f5es de calamidade"}]},{"@type":"WebSite","@id":"https:\/\/portaltela.pt\/#website","url":"https:\/\/portaltela.pt\/","name":"Portal Tela Portugal","description":"","potentialAction":[{"@type":"SearchAction","target":{"@type":"EntryPoint","urlTemplate":"https:\/\/portaltela.pt\/?s={search_term_string}"},"query-input":{"@type":"PropertyValueSpecification","valueRequired":true,"valueName":"search_term_string"}}],"inLanguage":"pt-PT"},{"@type":"Person","@id":"https:\/\/portaltela.pt\/#\/schema\/person\/c4278d4a6028830caff9ee44b42d32ed","name":"Telinha","image":{"@type":"ImageObject","inLanguage":"pt-PT","@id":"https:\/\/portaltela.pt\/s.01k8rhncp4jt1\/2025\/11\/talking-bot-125x125.png","url":"https:\/\/portaltela.pt\/s.01k8rhncp4jt1\/2025\/11\/talking-bot-125x125.png","contentUrl":"https:\/\/portaltela.pt\/s.01k8rhncp4jt1\/2025\/11\/talking-bot-125x125.png","caption":"Telinha"},"sameAs":["https:\/\/portaltela.pt\/"],"url":"https:\/\/portaltela.pt\/por\/367410592786\/"}]}},"_links":{"self":[{"href":"https:\/\/portaltela.pt\/api\/wp\/v2\/posts\/196873","targetHints":{"allow":["GET"]}}],"collection":[{"href":"https:\/\/portaltela.pt\/api\/wp\/v2\/posts"}],"about":[{"href":"https:\/\/portaltela.pt\/api\/wp\/v2\/types\/post"}],"author":[{"embeddable":true,"href":"https:\/\/portaltela.pt\/api\/wp\/v2\/users\/2"}],"replies":[{"embeddable":true,"href":"https:\/\/portaltela.pt\/api\/wp\/v2\/comments?post=196873"}],"version-history":[{"count":0,"href":"https:\/\/portaltela.pt\/api\/wp\/v2\/posts\/196873\/revisions"}],"wp:featuredmedia":[{"embeddable":true,"href":"https:\/\/portaltela.pt\/api\/wp\/v2\/media\/196882"}],"wp:attachment":[{"href":"https:\/\/portaltela.pt\/api\/wp\/v2\/media?parent=196873"}],"wp:term":[{"taxonomy":"category","embeddable":true,"href":"https:\/\/portaltela.pt\/api\/wp\/v2\/categories?post=196873"},{"taxonomy":"post_tag","embeddable":true,"href":"https:\/\/portaltela.pt\/api\/wp\/v2\/tags?post=196873"}],"curies":[{"name":"wp","href":"https:\/\/api.w.org\/{rel}","templated":true}]}}